{"id":30319,"date":"2026-02-03T08:29:44","date_gmt":"2026-02-03T07:29:44","guid":{"rendered":"https:\/\/veritasinfo.org\/?p=30319"},"modified":"2026-02-03T08:29:44","modified_gmt":"2026-02-03T07:29:44","slug":"26-vite-me-pare-ne-mitrovice-u-vrane-10-shqiptare","status":"publish","type":"post","link":"https:\/\/veritasinfo.org\/?p=30319&lang=sr","title":{"rendered":"26 vite m\u00eb par\u00eb n\u00eb Mitrovic\u00eb u vran\u00eb 10 shqiptar\u00eb"},"content":{"rendered":"<p>Pri\u0161tina, 3. februar 08:25<\/p>\n<p>Danas se navr\u0161ava 26 godina od masakra koji se dogodio noc\u0301u izme\u0111u 3. i 4. ove godine u severnoj Mitrovici.<\/p>\n<p>\u201e\u010cuvari mosta\u201c ubili su desetine Albanaca, uklju\u010dujuc\u0301i decu, \u017eene i starije osobe. Mnogo vi\u0161e je povre\u0111eno, a ubijeno je najmanje 12 Albanaca, koji su bili primorani da be\u017ee ju\u017eno od granice, ostavljajuc\u0301i svoje domove u plamenu.<\/p>\n<p>KMLDNJ pati jer se sva ova ubistva vr\u0161e u ime francuskih vojnika, KFOR-a i me\u0111unarodne policije.<\/p>\n<p>Izme\u0111u 3. i 4. ove godine ubijeni su Albanci Nezir Voca, Niman Sejdiu, Ba\u0161kim Rruked\u017ei, Sebiha Abra\u0161i, Selime Beri\u0161a, Muharem Sokoli, Nderim Ajeti, Nerimane D\u017eaka i Remzije Kanhasi.<\/p>\n<p>Prema re\u010dima svedoka, operativci su ubili rukovodioce Ministarstva unutra\u0161njih poslova Srbije, na \u010delu sa biv\u0161im komandantom Draganom Deliba\u0161ic\u0301em, Oliverom Ivanovic\u0301em i drugima.<\/p>\n<p>Osnovni sud u Mitrovici je 2014. godine proglasio Ivanovic\u0301a krivim za ubistvo i osudio ga na devet godina zatvora zbog zlo\u010dina nad Albancima tokom rata na Kosovu.<\/p>\n","protected":false},"excerpt":{"rendered":"<p>Pri\u0161tina, 3. februar 08:25 Danas se navr\u0161ava 26 godina od masakra koji se dogodio noc\u0301u izme\u0111u 3. i 4. ove godine u severnoj Mitrovici. \u201e\u010cuvari<\/p>\n","protected":false},"author":6,"featured_media":30317,"comment_status":"open","ping_status":"open","sticky":false,"template":"","format":"standard","meta":{"footnotes":""},"categories":[30],"tags":[],"class_list":["post-30319","post","type-post","status-publish","format-standard","has-post-thumbnail","hentry","category-drustvo"],"yoast_head":"<!-- This site is optimized with the Yoast SEO plugin v25.3.1 - https:\/\/yoast.com\/wordpress\/plugins\/seo\/ -->\n<title>26 vite m\u00eb par\u00eb n\u00eb Mitrovic\u00eb u vran\u00eb 10 shqiptar\u00eb -<\/title>\n<meta name=\"robots\" content=\"index, follow, max-snippet:-1, max-image-preview:large, max-video-preview:-1\" \/>\n<link rel=\"canonical\" href=\"https:\/\/veritasinfo.org\/?p=30319&lang=sr\" \/>\n<meta property=\"og:locale\" content=\"en_US\" \/>\n<meta property=\"og:type\" content=\"article\" \/>\n<meta property=\"og:title\" content=\"26 vite m\u00eb par\u00eb n\u00eb Mitrovic\u00eb u vran\u00eb 10 shqiptar\u00eb -\" \/>\n<meta property=\"og:description\" content=\"Pri\u0161tina, 3. februar 08:25 Danas se navr\u0161ava 26 godina od masakra koji se dogodio noc\u0301u izme\u0111u 3. i 4. ove godine u severnoj Mitrovici. \u201e\u010cuvari\" \/>\n<meta property=\"og:url\" content=\"https:\/\/veritasinfo.org\/?p=30319&amp;lang=sr\" \/>\n<meta property=\"article:published_time\" content=\"2026-02-03T07:29:44+00:00\" \/>\n<meta property=\"og:image\" content=\"https:\/\/veritasinfo.org\/wp-content\/uploads\/2026\/02\/Foto-nga-Kosova-Press.jpg\" \/>\n\t<meta property=\"og:image:width\" content=\"557\" \/>\n\t<meta property=\"og:image:height\" content=\"332\" \/>\n\t<meta property=\"og:image:type\" content=\"image\/jpeg\" \/>\n<meta name=\"author\" content=\"US5\" \/>\n<meta name=\"twitter:card\" content=\"summary_large_image\" \/>\n<meta name=\"twitter:label1\" content=\"Written by\" \/>\n\t<meta name=\"twitter:data1\" content=\"US5\" \/>\n<script type=\"application\/ld+json\" class=\"yoast-schema-graph\">{\"@context\":\"https:\/\/schema.org\",\"@graph\":[{\"@type\":\"WebPage\",\"@id\":\"https:\/\/veritasinfo.org\/?p=30319&lang=sr\",\"url\":\"https:\/\/veritasinfo.org\/?p=30319&lang=sr\",\"name\":\"26 vite m\u00eb par\u00eb n\u00eb Mitrovic\u00eb u vran\u00eb 10 shqiptar\u00eb -\",\"isPartOf\":{\"@id\":\"https:\/\/veritasinfo.org\/#website\"},\"primaryImageOfPage\":{\"@id\":\"https:\/\/veritasinfo.org\/?p=30319&lang=sr#primaryimage\"},\"image\":{\"@id\":\"https:\/\/veritasinfo.org\/?p=30319&lang=sr#primaryimage\"},\"thumbnailUrl\":\"https:\/\/veritasinfo.org\/wp-content\/uploads\/2026\/02\/Foto-nga-Kosova-Press.jpg\",\"datePublished\":\"2026-02-03T07:29:44+00:00\",\"author\":{\"@id\":\"https:\/\/veritasinfo.org\/#\/schema\/person\/bc442336e35414d04494ab8fb45db4c6\"},\"breadcrumb\":{\"@id\":\"https:\/\/veritasinfo.org\/?p=30319&lang=sr#breadcrumb\"},\"inLanguage\":\"en-US\",\"potentialAction\":[{\"@type\":\"ReadAction\",\"target\":[\"https:\/\/veritasinfo.org\/?p=30319&lang=sr\"]}]},{\"@type\":\"ImageObject\",\"inLanguage\":\"en-US\",\"@id\":\"https:\/\/veritasinfo.org\/?p=30319&lang=sr#primaryimage\",\"url\":\"https:\/\/veritasinfo.org\/wp-content\/uploads\/2026\/02\/Foto-nga-Kosova-Press.jpg\",\"contentUrl\":\"https:\/\/veritasinfo.org\/wp-content\/uploads\/2026\/02\/Foto-nga-Kosova-Press.jpg\",\"width\":557,\"height\":332},{\"@type\":\"BreadcrumbList\",\"@id\":\"https:\/\/veritasinfo.org\/?p=30319&lang=sr#breadcrumb\",\"itemListElement\":[{\"@type\":\"ListItem\",\"position\":1,\"name\":\"Home\",\"item\":\"https:\/\/veritasinfo.org\/\"},{\"@type\":\"ListItem\",\"position\":2,\"name\":\"26 vite m\u00eb par\u00eb n\u00eb Mitrovic\u00eb u vran\u00eb 10 shqiptar\u00eb\"}]},{\"@type\":\"WebSite\",\"@id\":\"https:\/\/veritasinfo.org\/#website\",\"url\":\"https:\/\/veritasinfo.org\/\",\"name\":\"\",\"description\":\"\",\"potentialAction\":[{\"@type\":\"SearchAction\",\"target\":{\"@type\":\"EntryPoint\",\"urlTemplate\":\"https:\/\/veritasinfo.org\/?s={search_term_string}\"},\"query-input\":{\"@type\":\"PropertyValueSpecification\",\"valueRequired\":true,\"valueName\":\"search_term_string\"}}],\"inLanguage\":\"en-US\"},{\"@type\":\"Person\",\"@id\":\"https:\/\/veritasinfo.org\/#\/schema\/person\/bc442336e35414d04494ab8fb45db4c6\",\"name\":\"US5\",\"image\":{\"@type\":\"ImageObject\",\"inLanguage\":\"en-US\",\"@id\":\"https:\/\/veritasinfo.org\/#\/schema\/person\/image\/\",\"url\":\"https:\/\/secure.gravatar.com\/avatar\/16a61e7272a0c5d001121ebb9e60e925d5816e4ac1e443ed3e640d9a6ae55d0c?s=96&d=mm&r=g\",\"contentUrl\":\"https:\/\/secure.gravatar.com\/avatar\/16a61e7272a0c5d001121ebb9e60e925d5816e4ac1e443ed3e640d9a6ae55d0c?s=96&d=mm&r=g\",\"caption\":\"US5\"},\"url\":\"https:\/\/veritasinfo.org\/?author=6\"}]}<\/script>\n<!-- \/ Yoast SEO plugin. -->","yoast_head_json":{"title":"26 vite m\u00eb par\u00eb n\u00eb Mitrovic\u00eb u vran\u00eb 10 shqiptar\u00eb -","robots":{"index":"index","follow":"follow","max-snippet":"max-snippet:-1","max-image-preview":"max-image-preview:large","max-video-preview":"max-video-preview:-1"},"canonical":"https:\/\/veritasinfo.org\/?p=30319&lang=sr","og_locale":"en_US","og_type":"article","og_title":"26 vite m\u00eb par\u00eb n\u00eb Mitrovic\u00eb u vran\u00eb 10 shqiptar\u00eb -","og_description":"Pri\u0161tina, 3. februar 08:25 Danas se navr\u0161ava 26 godina od masakra koji se dogodio noc\u0301u izme\u0111u 3. i 4. ove godine u severnoj Mitrovici. \u201e\u010cuvari","og_url":"https:\/\/veritasinfo.org\/?p=30319&lang=sr","article_published_time":"2026-02-03T07:29:44+00:00","og_image":[{"width":557,"height":332,"url":"https:\/\/veritasinfo.org\/wp-content\/uploads\/2026\/02\/Foto-nga-Kosova-Press.jpg","type":"image\/jpeg"}],"author":"US5","twitter_card":"summary_large_image","twitter_misc":{"Written by":"US5"},"schema":{"@context":"https:\/\/schema.org","@graph":[{"@type":"WebPage","@id":"https:\/\/veritasinfo.org\/?p=30319&lang=sr","url":"https:\/\/veritasinfo.org\/?p=30319&lang=sr","name":"26 vite m\u00eb par\u00eb n\u00eb Mitrovic\u00eb u vran\u00eb 10 shqiptar\u00eb -","isPartOf":{"@id":"https:\/\/veritasinfo.org\/#website"},"primaryImageOfPage":{"@id":"https:\/\/veritasinfo.org\/?p=30319&lang=sr#primaryimage"},"image":{"@id":"https:\/\/veritasinfo.org\/?p=30319&lang=sr#primaryimage"},"thumbnailUrl":"https:\/\/veritasinfo.org\/wp-content\/uploads\/2026\/02\/Foto-nga-Kosova-Press.jpg","datePublished":"2026-02-03T07:29:44+00:00","author":{"@id":"https:\/\/veritasinfo.org\/#\/schema\/person\/bc442336e35414d04494ab8fb45db4c6"},"breadcrumb":{"@id":"https:\/\/veritasinfo.org\/?p=30319&lang=sr#breadcrumb"},"inLanguage":"en-US","potentialAction":[{"@type":"ReadAction","target":["https:\/\/veritasinfo.org\/?p=30319&lang=sr"]}]},{"@type":"ImageObject","inLanguage":"en-US","@id":"https:\/\/veritasinfo.org\/?p=30319&lang=sr#primaryimage","url":"https:\/\/veritasinfo.org\/wp-content\/uploads\/2026\/02\/Foto-nga-Kosova-Press.jpg","contentUrl":"https:\/\/veritasinfo.org\/wp-content\/uploads\/2026\/02\/Foto-nga-Kosova-Press.jpg","width":557,"height":332},{"@type":"BreadcrumbList","@id":"https:\/\/veritasinfo.org\/?p=30319&lang=sr#breadcrumb","itemListElement":[{"@type":"ListItem","position":1,"name":"Home","item":"https:\/\/veritasinfo.org\/"},{"@type":"ListItem","position":2,"name":"26 vite m\u00eb par\u00eb n\u00eb Mitrovic\u00eb u vran\u00eb 10 shqiptar\u00eb"}]},{"@type":"WebSite","@id":"https:\/\/veritasinfo.org\/#website","url":"https:\/\/veritasinfo.org\/","name":"","description":"","potentialAction":[{"@type":"SearchAction","target":{"@type":"EntryPoint","urlTemplate":"https:\/\/veritasinfo.org\/?s={search_term_string}"},"query-input":{"@type":"PropertyValueSpecification","valueRequired":true,"valueName":"search_term_string"}}],"inLanguage":"en-US"},{"@type":"Person","@id":"https:\/\/veritasinfo.org\/#\/schema\/person\/bc442336e35414d04494ab8fb45db4c6","name":"US5","image":{"@type":"ImageObject","inLanguage":"en-US","@id":"https:\/\/veritasinfo.org\/#\/schema\/person\/image\/","url":"https:\/\/secure.gravatar.com\/avatar\/16a61e7272a0c5d001121ebb9e60e925d5816e4ac1e443ed3e640d9a6ae55d0c?s=96&d=mm&r=g","contentUrl":"https:\/\/secure.gravatar.com\/avatar\/16a61e7272a0c5d001121ebb9e60e925d5816e4ac1e443ed3e640d9a6ae55d0c?s=96&d=mm&r=g","caption":"US5"},"url":"https:\/\/veritasinfo.org\/?author=6"}]}},"featured_image_urls":{"full":["https:\/\/veritasinfo.org\/wp-content\/uploads\/2026\/02\/Foto-nga-Kosova-Press.jpg",557,332,false],"thumbnail":["https:\/\/veritasinfo.org\/wp-content\/uploads\/2026\/02\/Foto-nga-Kosova-Press-150x150.jpg",150,150,true],"medium":["https:\/\/veritasinfo.org\/wp-content\/uploads\/2026\/02\/Foto-nga-Kosova-Press-300x179.jpg",300,179,true],"medium_large":["https:\/\/veritasinfo.org\/wp-content\/uploads\/2026\/02\/Foto-nga-Kosova-Press.jpg",557,332,false],"large":["https:\/\/veritasinfo.org\/wp-content\/uploads\/2026\/02\/Foto-nga-Kosova-Press.jpg",557,332,false],"1536x1536":["https:\/\/veritasinfo.org\/wp-content\/uploads\/2026\/02\/Foto-nga-Kosova-Press.jpg",557,332,false],"2048x2048":["https:\/\/veritasinfo.org\/wp-content\/uploads\/2026\/02\/Foto-nga-Kosova-Press.jpg",557,332,false],"kreeti-slider-full":["https:\/\/veritasinfo.org\/wp-content\/uploads\/2026\/02\/Foto-nga-Kosova-Press.jpg",557,332,false],"kreeti-featured":["https:\/\/veritasinfo.org\/wp-content\/uploads\/2026\/02\/Foto-nga-Kosova-Press.jpg",557,332,false],"kreeti-medium":["https:\/\/veritasinfo.org\/wp-content\/uploads\/2026\/02\/Foto-nga-Kosova-Press.jpg",557,332,false],"kreeti-medium-square":["https:\/\/veritasinfo.org\/wp-content\/uploads\/2026\/02\/Foto-nga-Kosova-Press.jpg",350,209,false]},"author_info":{"info":["US5"]},"category_info":"<a href=\"https:\/\/veritasinfo.org\/?cat=30&#038;lang=sr\" rel=\"category\">Dru\u0161tvo<\/a>","tag_info":"Dru\u0161tvo","comment_count":"0","_links":{"self":[{"href":"https:\/\/veritasinfo.org\/index.php?rest_route=\/wp\/v2\/posts\/30319","targetHints":{"allow":["GET"]}}],"collection":[{"href":"https:\/\/veritasinfo.org\/index.php?rest_route=\/wp\/v2\/posts"}],"about":[{"href":"https:\/\/veritasinfo.org\/index.php?rest_route=\/wp\/v2\/types\/post"}],"author":[{"embeddable":true,"href":"https:\/\/veritasinfo.org\/index.php?rest_route=\/wp\/v2\/users\/6"}],"replies":[{"embeddable":true,"href":"https:\/\/veritasinfo.org\/index.php?rest_route=%2Fwp%2Fv2%2Fcomments&post=30319"}],"version-history":[{"count":1,"href":"https:\/\/veritasinfo.org\/index.php?rest_route=\/wp\/v2\/posts\/30319\/revisions"}],"predecessor-version":[{"id":30320,"href":"https:\/\/veritasinfo.org\/index.php?rest_route=\/wp\/v2\/posts\/30319\/revisions\/30320"}],"wp:featuredmedia":[{"embeddable":true,"href":"https:\/\/veritasinfo.org\/index.php?rest_route=\/wp\/v2\/media\/30317"}],"wp:attachment":[{"href":"https:\/\/veritasinfo.org\/index.php?rest_route=%2Fwp%2Fv2%2Fmedia&parent=30319"}],"wp:term":[{"taxonomy":"category","embeddable":true,"href":"https:\/\/veritasinfo.org\/index.php?rest_route=%2Fwp%2Fv2%2Fcategories&post=30319"},{"taxonomy":"post_tag","embeddable":true,"href":"https:\/\/veritasinfo.org\/index.php?rest_route=%2Fwp%2Fv2%2Ftags&post=30319"}],"curies":[{"name":"wp","href":"https:\/\/api.w.org\/{rel}","templated":true}]}}