{"id":30316,"date":"2026-02-03T08:26:35","date_gmt":"2026-02-03T07:26:35","guid":{"rendered":"https:\/\/veritasinfo.org\/?p=30316"},"modified":"2026-02-03T08:26:35","modified_gmt":"2026-02-03T07:26:35","slug":"26-vjet-nga-nata-e-tmerrit-ne-veri-te-mitrovices-ku-u-vrane-10-shqiptare","status":"publish","type":"post","link":"https:\/\/veritasinfo.org\/?p=30316","title":{"rendered":"26 vjet nga nata e tmerrit n\u00eb veri t\u00eb Mitrovic\u00ebs ku u vra*n\u00eb 10 shqiptar\u00eb"},"content":{"rendered":"<p>Prishtin\u00eb 3 Shkurt 08:25<\/p>\n<p>Sot sh\u00ebnohet 26-vjetori i masakr\u00ebs s\u00eb nat\u00ebs mes 3 dhe 4 shkurtit n\u00eb veri t\u00eb Mitrovic\u00ebs.<\/p>\n<p>\u2018Rojat e ur\u00ebs\u2019 pat\u00ebn vrar\u00eb dhjet\u00eb shqiptar\u00eb, n\u00eb mesin e tyre f\u00ebmij\u00eb, gra e pleq. U plagos\u00ebn edhe shum\u00eb t\u00eb tjer\u00eb, teksa u d\u00ebbuan rreth 12 mij\u00eb shqiptar\u00eb, t\u00eb cil\u00ebt u detyruan t\u00eb kalojn\u00eb n\u00eb jug t\u00eb qytetit duke l\u00ebn\u00eb prapa sht\u00ebpit\u00eb e tyre n\u00eb flak\u00eb.<\/p>\n<p>KMLDNJ pati th\u00ebn\u00eb se t\u00eb gjitha k\u00ebto vrasje jan\u00eb b\u00ebr\u00eb n\u00eb prani t\u00eb ushtar\u00ebve francez\u00eb t\u00eb KFOR-it dhe policis\u00eb nd\u00ebrkomb\u00ebtare.<\/p>\n<p>N\u00eb nat\u00ebn nd\u00ebrmjet 3 dhe 4 shkurtit jan\u00eb vrar\u00eb Nezir e Shqipe Voca, Niman Sejdiu, Bashkim Rrukeci, Sebiha Abrashi, Selime Berisha, Muharrem Sokoli, Nderim Ajeti, Nerimane Xhaka dhe Remzije Canhasi.<\/p>\n<p>Sipas d\u00ebshmitar\u00ebve, operacionin e vrasjeve e kishte udh\u00ebhequr MPB e Serbis\u00eb, n\u00eb krye ish-komandantin Dragan Delibashiq, Oliver Ivanoviq dhe t\u00eb tjer\u00eb.<\/p>\n<p>Gjykata Themelore n\u00eb Mitrovic\u00eb m\u00eb 2014 pati shpallur fajtor Ivanoviq me n\u00ebnt\u00eb vjet burg p\u00ebr krime lufte ndaj shqiptar\u00ebve gjat\u00eb dhe pas luft\u00ebs n\u00eb Kosov\u00eb.<\/p>\n","protected":false},"excerpt":{"rendered":"<p>Prishtin\u00eb 3 Shkurt 08:25 Sot sh\u00ebnohet 26-vjetori i masakr\u00ebs s\u00eb nat\u00ebs mes 3 dhe 4 shkurtit n\u00eb veri t\u00eb Mitrovic\u00ebs. \u2018Rojat e ur\u00ebs\u2019 pat\u00ebn vrar\u00eb<\/p>\n","protected":false},"author":6,"featured_media":30317,"comment_status":"open","ping_status":"open","sticky":false,"template":"","format":"standard","meta":{"footnotes":""},"categories":[60],"tags":[],"class_list":["post-30316","post","type-post","status-publish","format-standard","has-post-thumbnail","hentry","category-shoqerore-sq"],"yoast_head":"<!-- This site is optimized with the Yoast SEO plugin v25.3.1 - https:\/\/yoast.com\/wordpress\/plugins\/seo\/ -->\n<title>26 vjet nga nata e tmerrit n\u00eb veri t\u00eb Mitrovic\u00ebs ku u vra*n\u00eb 10 shqiptar\u00eb -<\/title>\n<meta name=\"robots\" content=\"index, follow, max-snippet:-1, max-image-preview:large, max-video-preview:-1\" \/>\n<link rel=\"canonical\" href=\"https:\/\/veritasinfo.org\/?p=30316\" \/>\n<meta property=\"og:locale\" content=\"en_US\" \/>\n<meta property=\"og:type\" content=\"article\" \/>\n<meta property=\"og:title\" content=\"26 vjet nga nata e tmerrit n\u00eb veri t\u00eb Mitrovic\u00ebs ku u vra*n\u00eb 10 shqiptar\u00eb -\" \/>\n<meta property=\"og:description\" content=\"Prishtin\u00eb 3 Shkurt 08:25 Sot sh\u00ebnohet 26-vjetori i masakr\u00ebs s\u00eb nat\u00ebs mes 3 dhe 4 shkurtit n\u00eb veri t\u00eb Mitrovic\u00ebs. \u2018Rojat e ur\u00ebs\u2019 pat\u00ebn vrar\u00eb\" \/>\n<meta property=\"og:url\" content=\"https:\/\/veritasinfo.org\/?p=30316\" \/>\n<meta property=\"article:published_time\" content=\"2026-02-03T07:26:35+00:00\" \/>\n<meta property=\"og:image\" content=\"https:\/\/veritasinfo.org\/wp-content\/uploads\/2026\/02\/Foto-nga-Kosova-Press.jpg\" \/>\n\t<meta property=\"og:image:width\" content=\"557\" \/>\n\t<meta property=\"og:image:height\" content=\"332\" \/>\n\t<meta property=\"og:image:type\" content=\"image\/jpeg\" \/>\n<meta name=\"author\" content=\"US5\" \/>\n<meta name=\"twitter:card\" content=\"summary_large_image\" \/>\n<meta name=\"twitter:label1\" content=\"Written by\" \/>\n\t<meta name=\"twitter:data1\" content=\"US5\" \/>\n<script type=\"application\/ld+json\" class=\"yoast-schema-graph\">{\"@context\":\"https:\/\/schema.org\",\"@graph\":[{\"@type\":\"WebPage\",\"@id\":\"https:\/\/veritasinfo.org\/?p=30316\",\"url\":\"https:\/\/veritasinfo.org\/?p=30316\",\"name\":\"26 vjet nga nata e tmerrit n\u00eb veri t\u00eb Mitrovic\u00ebs ku u vra*n\u00eb 10 shqiptar\u00eb -\",\"isPartOf\":{\"@id\":\"https:\/\/veritasinfo.org\/#website\"},\"primaryImageOfPage\":{\"@id\":\"https:\/\/veritasinfo.org\/?p=30316#primaryimage\"},\"image\":{\"@id\":\"https:\/\/veritasinfo.org\/?p=30316#primaryimage\"},\"thumbnailUrl\":\"https:\/\/veritasinfo.org\/wp-content\/uploads\/2026\/02\/Foto-nga-Kosova-Press.jpg\",\"datePublished\":\"2026-02-03T07:26:35+00:00\",\"author\":{\"@id\":\"https:\/\/veritasinfo.org\/#\/schema\/person\/bc442336e35414d04494ab8fb45db4c6\"},\"breadcrumb\":{\"@id\":\"https:\/\/veritasinfo.org\/?p=30316#breadcrumb\"},\"inLanguage\":\"en-US\",\"potentialAction\":[{\"@type\":\"ReadAction\",\"target\":[\"https:\/\/veritasinfo.org\/?p=30316\"]}]},{\"@type\":\"ImageObject\",\"inLanguage\":\"en-US\",\"@id\":\"https:\/\/veritasinfo.org\/?p=30316#primaryimage\",\"url\":\"https:\/\/veritasinfo.org\/wp-content\/uploads\/2026\/02\/Foto-nga-Kosova-Press.jpg\",\"contentUrl\":\"https:\/\/veritasinfo.org\/wp-content\/uploads\/2026\/02\/Foto-nga-Kosova-Press.jpg\",\"width\":557,\"height\":332},{\"@type\":\"BreadcrumbList\",\"@id\":\"https:\/\/veritasinfo.org\/?p=30316#breadcrumb\",\"itemListElement\":[{\"@type\":\"ListItem\",\"position\":1,\"name\":\"Home\",\"item\":\"https:\/\/veritasinfo.org\/\"},{\"@type\":\"ListItem\",\"position\":2,\"name\":\"26 vjet nga nata e tmerrit n\u00eb veri t\u00eb Mitrovic\u00ebs ku u vra*n\u00eb 10 shqiptar\u00eb\"}]},{\"@type\":\"WebSite\",\"@id\":\"https:\/\/veritasinfo.org\/#website\",\"url\":\"https:\/\/veritasinfo.org\/\",\"name\":\"\",\"description\":\"\",\"potentialAction\":[{\"@type\":\"SearchAction\",\"target\":{\"@type\":\"EntryPoint\",\"urlTemplate\":\"https:\/\/veritasinfo.org\/?s={search_term_string}\"},\"query-input\":{\"@type\":\"PropertyValueSpecification\",\"valueRequired\":true,\"valueName\":\"search_term_string\"}}],\"inLanguage\":\"en-US\"},{\"@type\":\"Person\",\"@id\":\"https:\/\/veritasinfo.org\/#\/schema\/person\/bc442336e35414d04494ab8fb45db4c6\",\"name\":\"US5\",\"image\":{\"@type\":\"ImageObject\",\"inLanguage\":\"en-US\",\"@id\":\"https:\/\/veritasinfo.org\/#\/schema\/person\/image\/\",\"url\":\"https:\/\/secure.gravatar.com\/avatar\/16a61e7272a0c5d001121ebb9e60e925d5816e4ac1e443ed3e640d9a6ae55d0c?s=96&d=mm&r=g\",\"contentUrl\":\"https:\/\/secure.gravatar.com\/avatar\/16a61e7272a0c5d001121ebb9e60e925d5816e4ac1e443ed3e640d9a6ae55d0c?s=96&d=mm&r=g\",\"caption\":\"US5\"},\"url\":\"https:\/\/veritasinfo.org\/?author=6\"}]}<\/script>\n<!-- \/ Yoast SEO plugin. -->","yoast_head_json":{"title":"26 vjet nga nata e tmerrit n\u00eb veri t\u00eb Mitrovic\u00ebs ku u vra*n\u00eb 10 shqiptar\u00eb -","robots":{"index":"index","follow":"follow","max-snippet":"max-snippet:-1","max-image-preview":"max-image-preview:large","max-video-preview":"max-video-preview:-1"},"canonical":"https:\/\/veritasinfo.org\/?p=30316","og_locale":"en_US","og_type":"article","og_title":"26 vjet nga nata e tmerrit n\u00eb veri t\u00eb Mitrovic\u00ebs ku u vra*n\u00eb 10 shqiptar\u00eb -","og_description":"Prishtin\u00eb 3 Shkurt 08:25 Sot sh\u00ebnohet 26-vjetori i masakr\u00ebs s\u00eb nat\u00ebs mes 3 dhe 4 shkurtit n\u00eb veri t\u00eb Mitrovic\u00ebs. \u2018Rojat e ur\u00ebs\u2019 pat\u00ebn vrar\u00eb","og_url":"https:\/\/veritasinfo.org\/?p=30316","article_published_time":"2026-02-03T07:26:35+00:00","og_image":[{"width":557,"height":332,"url":"https:\/\/veritasinfo.org\/wp-content\/uploads\/2026\/02\/Foto-nga-Kosova-Press.jpg","type":"image\/jpeg"}],"author":"US5","twitter_card":"summary_large_image","twitter_misc":{"Written by":"US5"},"schema":{"@context":"https:\/\/schema.org","@graph":[{"@type":"WebPage","@id":"https:\/\/veritasinfo.org\/?p=30316","url":"https:\/\/veritasinfo.org\/?p=30316","name":"26 vjet nga nata e tmerrit n\u00eb veri t\u00eb Mitrovic\u00ebs ku u vra*n\u00eb 10 shqiptar\u00eb -","isPartOf":{"@id":"https:\/\/veritasinfo.org\/#website"},"primaryImageOfPage":{"@id":"https:\/\/veritasinfo.org\/?p=30316#primaryimage"},"image":{"@id":"https:\/\/veritasinfo.org\/?p=30316#primaryimage"},"thumbnailUrl":"https:\/\/veritasinfo.org\/wp-content\/uploads\/2026\/02\/Foto-nga-Kosova-Press.jpg","datePublished":"2026-02-03T07:26:35+00:00","author":{"@id":"https:\/\/veritasinfo.org\/#\/schema\/person\/bc442336e35414d04494ab8fb45db4c6"},"breadcrumb":{"@id":"https:\/\/veritasinfo.org\/?p=30316#breadcrumb"},"inLanguage":"en-US","potentialAction":[{"@type":"ReadAction","target":["https:\/\/veritasinfo.org\/?p=30316"]}]},{"@type":"ImageObject","inLanguage":"en-US","@id":"https:\/\/veritasinfo.org\/?p=30316#primaryimage","url":"https:\/\/veritasinfo.org\/wp-content\/uploads\/2026\/02\/Foto-nga-Kosova-Press.jpg","contentUrl":"https:\/\/veritasinfo.org\/wp-content\/uploads\/2026\/02\/Foto-nga-Kosova-Press.jpg","width":557,"height":332},{"@type":"BreadcrumbList","@id":"https:\/\/veritasinfo.org\/?p=30316#breadcrumb","itemListElement":[{"@type":"ListItem","position":1,"name":"Home","item":"https:\/\/veritasinfo.org\/"},{"@type":"ListItem","position":2,"name":"26 vjet nga nata e tmerrit n\u00eb veri t\u00eb Mitrovic\u00ebs ku u vra*n\u00eb 10 shqiptar\u00eb"}]},{"@type":"WebSite","@id":"https:\/\/veritasinfo.org\/#website","url":"https:\/\/veritasinfo.org\/","name":"","description":"","potentialAction":[{"@type":"SearchAction","target":{"@type":"EntryPoint","urlTemplate":"https:\/\/veritasinfo.org\/?s={search_term_string}"},"query-input":{"@type":"PropertyValueSpecification","valueRequired":true,"valueName":"search_term_string"}}],"inLanguage":"en-US"},{"@type":"Person","@id":"https:\/\/veritasinfo.org\/#\/schema\/person\/bc442336e35414d04494ab8fb45db4c6","name":"US5","image":{"@type":"ImageObject","inLanguage":"en-US","@id":"https:\/\/veritasinfo.org\/#\/schema\/person\/image\/","url":"https:\/\/secure.gravatar.com\/avatar\/16a61e7272a0c5d001121ebb9e60e925d5816e4ac1e443ed3e640d9a6ae55d0c?s=96&d=mm&r=g","contentUrl":"https:\/\/secure.gravatar.com\/avatar\/16a61e7272a0c5d001121ebb9e60e925d5816e4ac1e443ed3e640d9a6ae55d0c?s=96&d=mm&r=g","caption":"US5"},"url":"https:\/\/veritasinfo.org\/?author=6"}]}},"featured_image_urls":{"full":["https:\/\/veritasinfo.org\/wp-content\/uploads\/2026\/02\/Foto-nga-Kosova-Press.jpg",557,332,false],"thumbnail":["https:\/\/veritasinfo.org\/wp-content\/uploads\/2026\/02\/Foto-nga-Kosova-Press-150x150.jpg",150,150,true],"medium":["https:\/\/veritasinfo.org\/wp-content\/uploads\/2026\/02\/Foto-nga-Kosova-Press-300x179.jpg",300,179,true],"medium_large":["https:\/\/veritasinfo.org\/wp-content\/uploads\/2026\/02\/Foto-nga-Kosova-Press.jpg",557,332,false],"large":["https:\/\/veritasinfo.org\/wp-content\/uploads\/2026\/02\/Foto-nga-Kosova-Press.jpg",557,332,false],"1536x1536":["https:\/\/veritasinfo.org\/wp-content\/uploads\/2026\/02\/Foto-nga-Kosova-Press.jpg",557,332,false],"2048x2048":["https:\/\/veritasinfo.org\/wp-content\/uploads\/2026\/02\/Foto-nga-Kosova-Press.jpg",557,332,false],"kreeti-slider-full":["https:\/\/veritasinfo.org\/wp-content\/uploads\/2026\/02\/Foto-nga-Kosova-Press.jpg",557,332,false],"kreeti-featured":["https:\/\/veritasinfo.org\/wp-content\/uploads\/2026\/02\/Foto-nga-Kosova-Press.jpg",557,332,false],"kreeti-medium":["https:\/\/veritasinfo.org\/wp-content\/uploads\/2026\/02\/Foto-nga-Kosova-Press.jpg",557,332,false],"kreeti-medium-square":["https:\/\/veritasinfo.org\/wp-content\/uploads\/2026\/02\/Foto-nga-Kosova-Press.jpg",350,209,false]},"author_info":{"info":["US5"]},"category_info":"<a href=\"https:\/\/veritasinfo.org\/?cat=60\" rel=\"category\">Shoq\u00ebrore<\/a>","tag_info":"Shoq\u00ebrore","comment_count":"0","_links":{"self":[{"href":"https:\/\/veritasinfo.org\/index.php?rest_route=\/wp\/v2\/posts\/30316","targetHints":{"allow":["GET"]}}],"collection":[{"href":"https:\/\/veritasinfo.org\/index.php?rest_route=\/wp\/v2\/posts"}],"about":[{"href":"https:\/\/veritasinfo.org\/index.php?rest_route=\/wp\/v2\/types\/post"}],"author":[{"embeddable":true,"href":"https:\/\/veritasinfo.org\/index.php?rest_route=\/wp\/v2\/users\/6"}],"replies":[{"embeddable":true,"href":"https:\/\/veritasinfo.org\/index.php?rest_route=%2Fwp%2Fv2%2Fcomments&post=30316"}],"version-history":[{"count":1,"href":"https:\/\/veritasinfo.org\/index.php?rest_route=\/wp\/v2\/posts\/30316\/revisions"}],"predecessor-version":[{"id":30318,"href":"https:\/\/veritasinfo.org\/index.php?rest_route=\/wp\/v2\/posts\/30316\/revisions\/30318"}],"wp:featuredmedia":[{"embeddable":true,"href":"https:\/\/veritasinfo.org\/index.php?rest_route=\/wp\/v2\/media\/30317"}],"wp:attachment":[{"href":"https:\/\/veritasinfo.org\/index.php?rest_route=%2Fwp%2Fv2%2Fmedia&parent=30316"}],"wp:term":[{"taxonomy":"category","embeddable":true,"href":"https:\/\/veritasinfo.org\/index.php?rest_route=%2Fwp%2Fv2%2Fcategories&post=30316"},{"taxonomy":"post_tag","embeddable":true,"href":"https:\/\/veritasinfo.org\/index.php?rest_route=%2Fwp%2Fv2%2Ftags&post=30316"}],"curies":[{"name":"wp","href":"https:\/\/api.w.org\/{rel}","templated":true}]}}