{"id":30307,"date":"2026-02-03T08:11:39","date_gmt":"2026-02-03T07:11:39","guid":{"rendered":"https:\/\/veritasinfo.org\/?p=30307"},"modified":"2026-02-03T08:11:39","modified_gmt":"2026-02-03T07:11:39","slug":"kraj-sudjenja-bivsim-liderima-ovk-zavrsne-reci-pocinju-sledece-nedelje","status":"publish","type":"post","link":"https:\/\/veritasinfo.org\/?p=30307&lang=sr","title":{"rendered":"Kraj su\u0111enja biv\u0161im liderima OVK, zavr\u0161ne re\u010di po\u010dinju sledec\u0301e nedelje"},"content":{"rendered":"<p>Pri\u0161tina, 3. februar 2026. 08:06<\/p>\n<p>Su\u0111enje koje je po\u010delo u aprilu 2023. godine protiv Ha\u0161ima Ta\u010dija, Kadrija Veseljija, Jakupa Krasnic\u0301ija i Red\u017eepa Selima sada je u zavr\u0161noj fazi.<\/p>\n<p>Od sledec\u0301eg ponedeljka, pa do sredine februara, strane c\u0301e po\u010deti sa zavr\u0161nim re\u010dima u ovom procesu, pre nego \u0161to sudsko vec\u0301e objavi presudu u ovom slu\u010daju, koji je najvec\u0301i u Specijalizovanim vec\u0301ima za Kosovo u Hagu.<\/p>\n<p>Prvi c\u0301e po\u010deti sa Tu\u017eila\u0161tvom, koje ima na raspolaganju 8 sati, zatim odbranom \u017ertava 3 sata, a nastavlja se sa odbranom optu\u017eenih 4 i po sata. Na kraju, predvi\u0111eno je da sami biv\u0161i vo\u0111e OVK govore ako \u017eele, svaki optu\u017eeni po 20 minuta.<\/p>\n<p>Advokat Fehmije Ga\u0161i-Bitic\u0301i ka\u017ee da je ovo va\u017ena faza, jer se razra\u0111uju dokazi koji su izvedeni u procesu.<\/p>\n<p>\u201eNadamo se da, po\u010dev\u0161i od dokaza koje je pru\u017eila odbrana na\u0161ih lidera u Hagu, kao \u0161to su dokazi veoma verodostojnih svedoka koji su uticajni na globalnom nivou, kao \u0161to su Vesli Klark, D\u017eejms Rubin, koji su imali veliku odgovornost u svojim zemljama, da do\u0111u i svedo\u010de o nevinosti na\u0161ih lidera, nadamo se i \u017eelimo da c\u0301e se desiti najbolje, da c\u0301e sud doneti osloba\u0111ajuc\u0301u presudu, ali opet, njihov je mandat da odlu\u010de.\u201c, rekla je Fehmije Ga\u0161i-Bitic\u0301i &#8211; advokat.<\/p>\n<p>U me\u0111uvremenu, Amer Aljaj iz Fonda za humanitarno pravo se nada da vec\u0301u nec\u0301e trebati previ\u0161e vremena da donese odluku.<\/p>\n<p>\u201eOvo je poslednja faza glavnog pretresa, nakon \u0161to se zavr\u0161e zavr\u0161ne re\u010di, vec\u0301e ima zakonske rokove za izricanje presude, ti rokovi su da se presuda izri\u010de u roku od 3 meseca i u slu\u010dajevima kada je vec\u0301u potrebno vreme u ozbiljnim slu\u010dajevima, mo\u017ee da zahteva dodatna 2 meseca, tako da se od zavr\u0161etka zavr\u0161nih re\u010di, presuda u ovom slu\u010daju mo\u017ee o\u010dekivati od 1 meseca do 5 meseci.\u201c, rekao je Amer Aljaj &#8211; FHP.<\/p>\n<p>Specijalizovana vec\u0301a za Kosovo su saop\u0161tila da su pripreme za zavr\u0161ne re\u010di u toku i da se raspored za strane mo\u017ee promeniti ako bilo kojoj strani bude potrebno manje ili vi\u0161e vremena nego \u0161to je predvi\u0111eno.<\/p>\n<p>Biv\u0161i lideri OVK su u pritvoru od 2020. godine, pod optu\u017ebom za ratne zlo\u010dine i zlo\u010dine protiv \u010dove\u010dnosti<\/p>\n","protected":false},"excerpt":{"rendered":"<p>Pri\u0161tina, 3. februar 2026. 08:06 Su\u0111enje koje je po\u010delo u aprilu 2023. godine protiv Ha\u0161ima Ta\u010dija, Kadrija Veseljija, Jakupa Krasnic\u0301ija i Red\u017eepa Selima sada je<\/p>\n","protected":false},"author":7,"featured_media":30305,"comment_status":"open","ping_status":"open","sticky":false,"template":"","format":"standard","meta":{"footnotes":""},"categories":[30],"tags":[],"class_list":["post-30307","post","type-post","status-publish","format-standard","has-post-thumbnail","hentry","category-drustvo"],"yoast_head":"<!-- This site is optimized with the Yoast SEO plugin v25.3.1 - https:\/\/yoast.com\/wordpress\/plugins\/seo\/ -->\n<title>Kraj su\u0111enja biv\u0161im liderima OVK, zavr\u0161ne re\u010di po\u010dinju sledec\u0301e nedelje -<\/title>\n<meta name=\"robots\" content=\"index, follow, max-snippet:-1, max-image-preview:large, max-video-preview:-1\" \/>\n<link rel=\"canonical\" href=\"https:\/\/veritasinfo.org\/?p=30307&lang=sr\" \/>\n<meta property=\"og:locale\" content=\"en_US\" \/>\n<meta property=\"og:type\" content=\"article\" \/>\n<meta property=\"og:title\" content=\"Kraj su\u0111enja biv\u0161im liderima OVK, zavr\u0161ne re\u010di po\u010dinju sledec\u0301e nedelje -\" \/>\n<meta property=\"og:description\" content=\"Pri\u0161tina, 3. februar 2026. 08:06 Su\u0111enje koje je po\u010delo u aprilu 2023. godine protiv Ha\u0161ima Ta\u010dija, Kadrija Veseljija, Jakupa Krasnic\u0301ija i Red\u017eepa Selima sada je\" \/>\n<meta property=\"og:url\" content=\"https:\/\/veritasinfo.org\/?p=30307&amp;lang=sr\" \/>\n<meta property=\"article:published_time\" content=\"2026-02-03T07:11:39+00:00\" \/>\n<meta property=\"og:image\" content=\"https:\/\/veritasinfo.org\/wp-content\/uploads\/2026\/02\/auto_auto_auto_thaci168433852517630625301767902730.jpg\" \/>\n\t<meta property=\"og:image:width\" content=\"900\" \/>\n\t<meta property=\"og:image:height\" content=\"506\" \/>\n\t<meta property=\"og:image:type\" content=\"image\/jpeg\" \/>\n<meta name=\"author\" content=\"US6\" \/>\n<meta name=\"twitter:card\" content=\"summary_large_image\" \/>\n<meta name=\"twitter:label1\" content=\"Written by\" \/>\n\t<meta name=\"twitter:data1\" content=\"US6\" \/>\n\t<meta name=\"twitter:label2\" content=\"Est. reading time\" \/>\n\t<meta name=\"twitter:data2\" content=\"2 minutes\" \/>\n<script type=\"application\/ld+json\" class=\"yoast-schema-graph\">{\"@context\":\"https:\/\/schema.org\",\"@graph\":[{\"@type\":\"WebPage\",\"@id\":\"https:\/\/veritasinfo.org\/?p=30307&lang=sr\",\"url\":\"https:\/\/veritasinfo.org\/?p=30307&lang=sr\",\"name\":\"Kraj su\u0111enja biv\u0161im liderima OVK, zavr\u0161ne re\u010di po\u010dinju sledec\u0301e nedelje -\",\"isPartOf\":{\"@id\":\"https:\/\/veritasinfo.org\/#website\"},\"primaryImageOfPage\":{\"@id\":\"https:\/\/veritasinfo.org\/?p=30307&lang=sr#primaryimage\"},\"image\":{\"@id\":\"https:\/\/veritasinfo.org\/?p=30307&lang=sr#primaryimage\"},\"thumbnailUrl\":\"https:\/\/veritasinfo.org\/wp-content\/uploads\/2026\/02\/auto_auto_auto_thaci168433852517630625301767902730.jpg\",\"datePublished\":\"2026-02-03T07:11:39+00:00\",\"author\":{\"@id\":\"https:\/\/veritasinfo.org\/#\/schema\/person\/fe199eede04c3937362892b7444747cc\"},\"breadcrumb\":{\"@id\":\"https:\/\/veritasinfo.org\/?p=30307&lang=sr#breadcrumb\"},\"inLanguage\":\"en-US\",\"potentialAction\":[{\"@type\":\"ReadAction\",\"target\":[\"https:\/\/veritasinfo.org\/?p=30307&lang=sr\"]}]},{\"@type\":\"ImageObject\",\"inLanguage\":\"en-US\",\"@id\":\"https:\/\/veritasinfo.org\/?p=30307&lang=sr#primaryimage\",\"url\":\"https:\/\/veritasinfo.org\/wp-content\/uploads\/2026\/02\/auto_auto_auto_thaci168433852517630625301767902730.jpg\",\"contentUrl\":\"https:\/\/veritasinfo.org\/wp-content\/uploads\/2026\/02\/auto_auto_auto_thaci168433852517630625301767902730.jpg\",\"width\":900,\"height\":506},{\"@type\":\"BreadcrumbList\",\"@id\":\"https:\/\/veritasinfo.org\/?p=30307&lang=sr#breadcrumb\",\"itemListElement\":[{\"@type\":\"ListItem\",\"position\":1,\"name\":\"Home\",\"item\":\"https:\/\/veritasinfo.org\/\"},{\"@type\":\"ListItem\",\"position\":2,\"name\":\"Kraj su\u0111enja biv\u0161im liderima OVK, zavr\u0161ne re\u010di po\u010dinju sledec\u0301e nedelje\"}]},{\"@type\":\"WebSite\",\"@id\":\"https:\/\/veritasinfo.org\/#website\",\"url\":\"https:\/\/veritasinfo.org\/\",\"name\":\"\",\"description\":\"\",\"potentialAction\":[{\"@type\":\"SearchAction\",\"target\":{\"@type\":\"EntryPoint\",\"urlTemplate\":\"https:\/\/veritasinfo.org\/?s={search_term_string}\"},\"query-input\":{\"@type\":\"PropertyValueSpecification\",\"valueRequired\":true,\"valueName\":\"search_term_string\"}}],\"inLanguage\":\"en-US\"},{\"@type\":\"Person\",\"@id\":\"https:\/\/veritasinfo.org\/#\/schema\/person\/fe199eede04c3937362892b7444747cc\",\"name\":\"US6\",\"image\":{\"@type\":\"ImageObject\",\"inLanguage\":\"en-US\",\"@id\":\"https:\/\/veritasinfo.org\/#\/schema\/person\/image\/\",\"url\":\"https:\/\/secure.gravatar.com\/avatar\/cb16c3c31c9d23b9b8c705964598220b3014e42ff51eb540ff23cefa3ae8c15f?s=96&d=mm&r=g\",\"contentUrl\":\"https:\/\/secure.gravatar.com\/avatar\/cb16c3c31c9d23b9b8c705964598220b3014e42ff51eb540ff23cefa3ae8c15f?s=96&d=mm&r=g\",\"caption\":\"US6\"},\"url\":\"https:\/\/veritasinfo.org\/?author=7\"}]}<\/script>\n<!-- \/ Yoast SEO plugin. -->","yoast_head_json":{"title":"Kraj su\u0111enja biv\u0161im liderima OVK, zavr\u0161ne re\u010di po\u010dinju sledec\u0301e nedelje -","robots":{"index":"index","follow":"follow","max-snippet":"max-snippet:-1","max-image-preview":"max-image-preview:large","max-video-preview":"max-video-preview:-1"},"canonical":"https:\/\/veritasinfo.org\/?p=30307&lang=sr","og_locale":"en_US","og_type":"article","og_title":"Kraj su\u0111enja biv\u0161im liderima OVK, zavr\u0161ne re\u010di po\u010dinju sledec\u0301e nedelje -","og_description":"Pri\u0161tina, 3. februar 2026. 08:06 Su\u0111enje koje je po\u010delo u aprilu 2023. godine protiv Ha\u0161ima Ta\u010dija, Kadrija Veseljija, Jakupa Krasnic\u0301ija i Red\u017eepa Selima sada je","og_url":"https:\/\/veritasinfo.org\/?p=30307&lang=sr","article_published_time":"2026-02-03T07:11:39+00:00","og_image":[{"width":900,"height":506,"url":"https:\/\/veritasinfo.org\/wp-content\/uploads\/2026\/02\/auto_auto_auto_thaci168433852517630625301767902730.jpg","type":"image\/jpeg"}],"author":"US6","twitter_card":"summary_large_image","twitter_misc":{"Written by":"US6","Est. reading time":"2 minutes"},"schema":{"@context":"https:\/\/schema.org","@graph":[{"@type":"WebPage","@id":"https:\/\/veritasinfo.org\/?p=30307&lang=sr","url":"https:\/\/veritasinfo.org\/?p=30307&lang=sr","name":"Kraj su\u0111enja biv\u0161im liderima OVK, zavr\u0161ne re\u010di po\u010dinju sledec\u0301e nedelje -","isPartOf":{"@id":"https:\/\/veritasinfo.org\/#website"},"primaryImageOfPage":{"@id":"https:\/\/veritasinfo.org\/?p=30307&lang=sr#primaryimage"},"image":{"@id":"https:\/\/veritasinfo.org\/?p=30307&lang=sr#primaryimage"},"thumbnailUrl":"https:\/\/veritasinfo.org\/wp-content\/uploads\/2026\/02\/auto_auto_auto_thaci168433852517630625301767902730.jpg","datePublished":"2026-02-03T07:11:39+00:00","author":{"@id":"https:\/\/veritasinfo.org\/#\/schema\/person\/fe199eede04c3937362892b7444747cc"},"breadcrumb":{"@id":"https:\/\/veritasinfo.org\/?p=30307&lang=sr#breadcrumb"},"inLanguage":"en-US","potentialAction":[{"@type":"ReadAction","target":["https:\/\/veritasinfo.org\/?p=30307&lang=sr"]}]},{"@type":"ImageObject","inLanguage":"en-US","@id":"https:\/\/veritasinfo.org\/?p=30307&lang=sr#primaryimage","url":"https:\/\/veritasinfo.org\/wp-content\/uploads\/2026\/02\/auto_auto_auto_thaci168433852517630625301767902730.jpg","contentUrl":"https:\/\/veritasinfo.org\/wp-content\/uploads\/2026\/02\/auto_auto_auto_thaci168433852517630625301767902730.jpg","width":900,"height":506},{"@type":"BreadcrumbList","@id":"https:\/\/veritasinfo.org\/?p=30307&lang=sr#breadcrumb","itemListElement":[{"@type":"ListItem","position":1,"name":"Home","item":"https:\/\/veritasinfo.org\/"},{"@type":"ListItem","position":2,"name":"Kraj su\u0111enja biv\u0161im liderima OVK, zavr\u0161ne re\u010di po\u010dinju sledec\u0301e nedelje"}]},{"@type":"WebSite","@id":"https:\/\/veritasinfo.org\/#website","url":"https:\/\/veritasinfo.org\/","name":"","description":"","potentialAction":[{"@type":"SearchAction","target":{"@type":"EntryPoint","urlTemplate":"https:\/\/veritasinfo.org\/?s={search_term_string}"},"query-input":{"@type":"PropertyValueSpecification","valueRequired":true,"valueName":"search_term_string"}}],"inLanguage":"en-US"},{"@type":"Person","@id":"https:\/\/veritasinfo.org\/#\/schema\/person\/fe199eede04c3937362892b7444747cc","name":"US6","image":{"@type":"ImageObject","inLanguage":"en-US","@id":"https:\/\/veritasinfo.org\/#\/schema\/person\/image\/","url":"https:\/\/secure.gravatar.com\/avatar\/cb16c3c31c9d23b9b8c705964598220b3014e42ff51eb540ff23cefa3ae8c15f?s=96&d=mm&r=g","contentUrl":"https:\/\/secure.gravatar.com\/avatar\/cb16c3c31c9d23b9b8c705964598220b3014e42ff51eb540ff23cefa3ae8c15f?s=96&d=mm&r=g","caption":"US6"},"url":"https:\/\/veritasinfo.org\/?author=7"}]}},"featured_image_urls":{"full":["https:\/\/veritasinfo.org\/wp-content\/uploads\/2026\/02\/auto_auto_auto_thaci168433852517630625301767902730.jpg",900,506,false],"thumbnail":["https:\/\/veritasinfo.org\/wp-content\/uploads\/2026\/02\/auto_auto_auto_thaci168433852517630625301767902730-150x150.jpg",150,150,true],"medium":["https:\/\/veritasinfo.org\/wp-content\/uploads\/2026\/02\/auto_auto_auto_thaci168433852517630625301767902730-300x169.jpg",300,169,true],"medium_large":["https:\/\/veritasinfo.org\/wp-content\/uploads\/2026\/02\/auto_auto_auto_thaci168433852517630625301767902730-768x432.jpg",640,360,true],"large":["https:\/\/veritasinfo.org\/wp-content\/uploads\/2026\/02\/auto_auto_auto_thaci168433852517630625301767902730.jpg",640,360,false],"1536x1536":["https:\/\/veritasinfo.org\/wp-content\/uploads\/2026\/02\/auto_auto_auto_thaci168433852517630625301767902730.jpg",900,506,false],"2048x2048":["https:\/\/veritasinfo.org\/wp-content\/uploads\/2026\/02\/auto_auto_auto_thaci168433852517630625301767902730.jpg",900,506,false],"kreeti-slider-full":["https:\/\/veritasinfo.org\/wp-content\/uploads\/2026\/02\/auto_auto_auto_thaci168433852517630625301767902730.jpg",900,506,false],"kreeti-featured":["https:\/\/veritasinfo.org\/wp-content\/uploads\/2026\/02\/auto_auto_auto_thaci168433852517630625301767902730.jpg",900,506,false],"kreeti-medium":["https:\/\/veritasinfo.org\/wp-content\/uploads\/2026\/02\/auto_auto_auto_thaci168433852517630625301767902730.jpg",720,405,false],"kreeti-medium-square":["https:\/\/veritasinfo.org\/wp-content\/uploads\/2026\/02\/auto_auto_auto_thaci168433852517630625301767902730.jpg",350,197,false]},"author_info":{"info":["US6"]},"category_info":"<a href=\"https:\/\/veritasinfo.org\/?cat=30&#038;lang=sr\" rel=\"category\">Dru\u0161tvo<\/a>","tag_info":"Dru\u0161tvo","comment_count":"0","_links":{"self":[{"href":"https:\/\/veritasinfo.org\/index.php?rest_route=\/wp\/v2\/posts\/30307","targetHints":{"allow":["GET"]}}],"collection":[{"href":"https:\/\/veritasinfo.org\/index.php?rest_route=\/wp\/v2\/posts"}],"about":[{"href":"https:\/\/veritasinfo.org\/index.php?rest_route=\/wp\/v2\/types\/post"}],"author":[{"embeddable":true,"href":"https:\/\/veritasinfo.org\/index.php?rest_route=\/wp\/v2\/users\/7"}],"replies":[{"embeddable":true,"href":"https:\/\/veritasinfo.org\/index.php?rest_route=%2Fwp%2Fv2%2Fcomments&post=30307"}],"version-history":[{"count":1,"href":"https:\/\/veritasinfo.org\/index.php?rest_route=\/wp\/v2\/posts\/30307\/revisions"}],"predecessor-version":[{"id":30308,"href":"https:\/\/veritasinfo.org\/index.php?rest_route=\/wp\/v2\/posts\/30307\/revisions\/30308"}],"wp:featuredmedia":[{"embeddable":true,"href":"https:\/\/veritasinfo.org\/index.php?rest_route=\/wp\/v2\/media\/30305"}],"wp:attachment":[{"href":"https:\/\/veritasinfo.org\/index.php?rest_route=%2Fwp%2Fv2%2Fmedia&parent=30307"}],"wp:term":[{"taxonomy":"category","embeddable":true,"href":"https:\/\/veritasinfo.org\/index.php?rest_route=%2Fwp%2Fv2%2Fcategories&post=30307"},{"taxonomy":"post_tag","embeddable":true,"href":"https:\/\/veritasinfo.org\/index.php?rest_route=%2Fwp%2Fv2%2Ftags&post=30307"}],"curies":[{"name":"wp","href":"https:\/\/api.w.org\/{rel}","templated":true}]}}