{"id":30300,"date":"2026-02-03T08:09:01","date_gmt":"2026-02-03T07:09:01","guid":{"rendered":"https:\/\/veritasinfo.org\/?p=30300"},"modified":"2026-02-03T08:09:01","modified_gmt":"2026-02-03T07:09:01","slug":"fundi-i-gjykimit-ndaj-ish-krereve-te-uck-se-javen-tjeter-nisin-fjalet-perfundimtare","status":"publish","type":"post","link":"https:\/\/veritasinfo.org\/?p=30300","title":{"rendered":"Fundi i gjykimit ndaj ish-krer\u00ebve t\u00eb U\u00c7K-s\u00eb, jav\u00ebn tjet\u00ebr nisin fjal\u00ebt p\u00ebrfundimtare"},"content":{"rendered":"<p>Prishtin\u00eb, 3 shkurt 2026 08:06<\/p>\n<p>Gjykimi i nisur n\u00eb prill t\u00eb 2023 ndaj Hashim Tha\u00e7it, Kadri Veselit, Jakup Krasniqit e Rexhep Selimit tashm\u00eb ka arritur n\u00eb faz\u00ebn e fundit.<\/p>\n<p>Nga e h\u00ebna tjet\u00ebr, e deri n\u00eb mesin e shkurtit, pal\u00ebt do t\u00eb nisin me fjal\u00ebt e fundit n\u00eb k\u00ebt\u00eb proces, para se trupi gjykues t\u00eb shpall\u00eb vendimit p\u00ebr k\u00ebt\u00eb rast, q\u00eb \u00ebsht\u00eb m\u00eb i madhi n\u00eb Dhomat e Specializuara p\u00ebr Kosov\u00ebn n\u00eb Hag\u00eb.<\/p>\n<p>T\u00eb par\u00ebt, do t\u00eb nisin Prokuroria q\u00eb ka n\u00eb dispozicion 8 or\u00eb, m\u00eb pas mbrojtja e viktimave 3 or\u00eb, duke vazhduar me ekipet mbrojt\u00ebse t\u00eb t\u00eb akuzuarve nga 4 or\u00eb e gjysm\u00eb. N\u00eb fund, edhe vet ish-krer\u00ebt e U\u00c7K-s\u00eb \u00ebsht\u00eb parapar\u00eb t\u00eb flasin n\u00ebse duan, secili i akuzuar nga 20 minuta.<\/p>\n<p>Avokatja Fehmije Gashi-Bytyqi thot\u00eb se kjo \u00ebsht\u00eb faz\u00eb e r\u00ebnd\u00ebsishme, meq\u00eb b\u00ebhet elaborim i provave q\u00eb jan\u00eb administruar n\u00eb proces.<\/p>\n<p>&#8220;Shpresojm\u00eb q\u00eb duke u nisur nga provat q\u00eb i ka ofruar mbrojtja e lider\u00ebve tan\u00eb n\u00eb Hag\u00eb sic kan\u00eb qen\u00eb prova t\u00eb d\u00ebshmitar\u00ebve tep\u00ebr kredibil t\u00eb d\u00ebshmitar\u00ebve q\u00eb jan\u00eb me ndikim n\u00eb nivel bot\u00ebror sic jan\u00eb \u00cbesly Clark, James Rubin, q\u00eb kan\u00eb pas nj\u00eb p\u00ebrgjegj\u00ebsi t\u00eb lart\u00eb n\u00eb shtetet e tyre t\u00eb vijn\u00eb dhe t\u00eb d\u00ebshmojn\u00eb n\u00eb pafaj\u00ebsin\u00eb e lider\u00ebve tan\u00eb shpresojm\u00eb dhe d\u00ebshirojm\u00eb q\u00eb t\u00eb ndodh\u00eb m\u00eb e mira, q\u00eb gjykata t\u00eb merr aktgjykim lirues mir\u00ebpo prap mandati \u00ebsht\u00eb i tyre do vendosin.\u201d, ka th\u00ebn\u00eb Fehmije Gashi-Bytyqi\u2013 Avokate.<\/p>\n<p>Nd\u00ebrkoh\u00eb, Amer Aliaj nga Fondi p\u00ebr t\u00eb Drejt\u00ebn Humanitare shpreson q\u00eb trupi gjykues t\u00eb mos marr shum\u00eb koh\u00eb deri n\u00eb marrjen e vendimit.<\/p>\n<p>&#8220;Kjo \u00ebsht\u00eb faza e fundit e shqyrtimit kryesor pasi t\u00eb p\u00ebrfundojn\u00eb fjal\u00ebt p\u00ebrfundimtare trupi gjykues ka afatet ligjore p\u00ebr shpalljen e aktgjykimit, ato afate jan\u00eb q\u00eb brenda 3 muajve t\u00eb shpallet aktgjykimi dhe n\u00eb rastet kur trupo gjykues i nevojitet koh\u00eb n\u00eb rastet vuliminoze mundet me kerku plus 2 muaj shtes\u00eb, pra q\u00eb nga p\u00ebrfundimi i fjal\u00ebve p\u00ebrfundimtare prej 1 muaj deri n\u00eb 5 muaj mund t\u00eb pritet shpallja e aktgjykimit n\u00eb k\u00ebt\u00eb rast.\u201d, ka th\u00ebn\u00eb Amer Aliaj \u2013 FDH.<\/p>\n<p>N\u00eb Dhomat e Specializuara p\u00ebr Kosov\u00ebn, kan\u00eb th\u00ebn\u00eb se p\u00ebrgatitjet p\u00ebr deklaratat p\u00ebrmbyll\u00ebse jan\u00eb n\u00eb vijim dhe se orari p\u00ebr pal\u00ebt mund t\u00eb ndryshoj\u00eb n\u00ebse ndonj\u00ebra pal\u00eb ka nevoj\u00eb p\u00ebr m\u00eb pak ose m\u00eb shum\u00eb koh\u00eb se sa \u00ebsht\u00eb e parashikuar.<\/p>\n<p>Ish-krer\u00ebt e U\u00c7K-s\u00eb, nga viti 2020 jan\u00eb n\u00ebn mas\u00ebn e paraburgimit, p\u00ebr akuzat p\u00ebr krime lufte e krime kund\u00ebr njer\u00ebzimit.<\/p>\n","protected":false},"excerpt":{"rendered":"<p>Prishtin\u00eb, 3 shkurt 2026 08:06 Gjykimi i nisur n\u00eb prill t\u00eb 2023 ndaj Hashim Tha\u00e7it, Kadri Veselit, Jakup Krasniqit e Rexhep Selimit tashm\u00eb ka arritur<\/p>\n","protected":false},"author":7,"featured_media":30305,"comment_status":"open","ping_status":"open","sticky":false,"template":"","format":"standard","meta":{"footnotes":""},"categories":[60],"tags":[],"class_list":["post-30300","post","type-post","status-publish","format-standard","has-post-thumbnail","hentry","category-shoqerore-sq"],"yoast_head":"<!-- This site is optimized with the Yoast SEO plugin v25.3.1 - https:\/\/yoast.com\/wordpress\/plugins\/seo\/ -->\n<title>Fundi i gjykimit ndaj ish-krer\u00ebve t\u00eb U\u00c7K-s\u00eb, jav\u00ebn tjet\u00ebr nisin fjal\u00ebt p\u00ebrfundimtare -<\/title>\n<meta name=\"robots\" content=\"index, follow, max-snippet:-1, max-image-preview:large, max-video-preview:-1\" \/>\n<link rel=\"canonical\" href=\"https:\/\/veritasinfo.org\/?p=30300\" \/>\n<meta property=\"og:locale\" content=\"en_US\" \/>\n<meta property=\"og:type\" content=\"article\" \/>\n<meta property=\"og:title\" content=\"Fundi i gjykimit ndaj ish-krer\u00ebve t\u00eb U\u00c7K-s\u00eb, jav\u00ebn tjet\u00ebr nisin fjal\u00ebt p\u00ebrfundimtare -\" \/>\n<meta property=\"og:description\" content=\"Prishtin\u00eb, 3 shkurt 2026 08:06 Gjykimi i nisur n\u00eb prill t\u00eb 2023 ndaj Hashim Tha\u00e7it, Kadri Veselit, Jakup Krasniqit e Rexhep Selimit tashm\u00eb ka arritur\" \/>\n<meta property=\"og:url\" content=\"https:\/\/veritasinfo.org\/?p=30300\" \/>\n<meta property=\"article:published_time\" content=\"2026-02-03T07:09:01+00:00\" \/>\n<meta property=\"og:image\" content=\"https:\/\/veritasinfo.org\/wp-content\/uploads\/2026\/02\/auto_auto_auto_thaci168433852517630625301767902730.jpg\" \/>\n\t<meta property=\"og:image:width\" content=\"900\" \/>\n\t<meta property=\"og:image:height\" content=\"506\" \/>\n\t<meta property=\"og:image:type\" content=\"image\/jpeg\" \/>\n<meta name=\"author\" content=\"US6\" \/>\n<meta name=\"twitter:card\" content=\"summary_large_image\" \/>\n<meta name=\"twitter:label1\" content=\"Written by\" \/>\n\t<meta name=\"twitter:data1\" content=\"US6\" \/>\n\t<meta name=\"twitter:label2\" content=\"Est. reading time\" \/>\n\t<meta name=\"twitter:data2\" content=\"2 minutes\" \/>\n<script type=\"application\/ld+json\" class=\"yoast-schema-graph\">{\"@context\":\"https:\/\/schema.org\",\"@graph\":[{\"@type\":\"WebPage\",\"@id\":\"https:\/\/veritasinfo.org\/?p=30300\",\"url\":\"https:\/\/veritasinfo.org\/?p=30300\",\"name\":\"Fundi i gjykimit ndaj ish-krer\u00ebve t\u00eb U\u00c7K-s\u00eb, jav\u00ebn tjet\u00ebr nisin fjal\u00ebt p\u00ebrfundimtare -\",\"isPartOf\":{\"@id\":\"https:\/\/veritasinfo.org\/#website\"},\"primaryImageOfPage\":{\"@id\":\"https:\/\/veritasinfo.org\/?p=30300#primaryimage\"},\"image\":{\"@id\":\"https:\/\/veritasinfo.org\/?p=30300#primaryimage\"},\"thumbnailUrl\":\"https:\/\/veritasinfo.org\/wp-content\/uploads\/2026\/02\/auto_auto_auto_thaci168433852517630625301767902730.jpg\",\"datePublished\":\"2026-02-03T07:09:01+00:00\",\"author\":{\"@id\":\"https:\/\/veritasinfo.org\/#\/schema\/person\/fe199eede04c3937362892b7444747cc\"},\"breadcrumb\":{\"@id\":\"https:\/\/veritasinfo.org\/?p=30300#breadcrumb\"},\"inLanguage\":\"en-US\",\"potentialAction\":[{\"@type\":\"ReadAction\",\"target\":[\"https:\/\/veritasinfo.org\/?p=30300\"]}]},{\"@type\":\"ImageObject\",\"inLanguage\":\"en-US\",\"@id\":\"https:\/\/veritasinfo.org\/?p=30300#primaryimage\",\"url\":\"https:\/\/veritasinfo.org\/wp-content\/uploads\/2026\/02\/auto_auto_auto_thaci168433852517630625301767902730.jpg\",\"contentUrl\":\"https:\/\/veritasinfo.org\/wp-content\/uploads\/2026\/02\/auto_auto_auto_thaci168433852517630625301767902730.jpg\",\"width\":900,\"height\":506},{\"@type\":\"BreadcrumbList\",\"@id\":\"https:\/\/veritasinfo.org\/?p=30300#breadcrumb\",\"itemListElement\":[{\"@type\":\"ListItem\",\"position\":1,\"name\":\"Home\",\"item\":\"https:\/\/veritasinfo.org\/\"},{\"@type\":\"ListItem\",\"position\":2,\"name\":\"Fundi i gjykimit ndaj ish-krer\u00ebve t\u00eb U\u00c7K-s\u00eb, jav\u00ebn tjet\u00ebr nisin fjal\u00ebt p\u00ebrfundimtare\"}]},{\"@type\":\"WebSite\",\"@id\":\"https:\/\/veritasinfo.org\/#website\",\"url\":\"https:\/\/veritasinfo.org\/\",\"name\":\"\",\"description\":\"\",\"potentialAction\":[{\"@type\":\"SearchAction\",\"target\":{\"@type\":\"EntryPoint\",\"urlTemplate\":\"https:\/\/veritasinfo.org\/?s={search_term_string}\"},\"query-input\":{\"@type\":\"PropertyValueSpecification\",\"valueRequired\":true,\"valueName\":\"search_term_string\"}}],\"inLanguage\":\"en-US\"},{\"@type\":\"Person\",\"@id\":\"https:\/\/veritasinfo.org\/#\/schema\/person\/fe199eede04c3937362892b7444747cc\",\"name\":\"US6\",\"image\":{\"@type\":\"ImageObject\",\"inLanguage\":\"en-US\",\"@id\":\"https:\/\/veritasinfo.org\/#\/schema\/person\/image\/\",\"url\":\"https:\/\/secure.gravatar.com\/avatar\/cb16c3c31c9d23b9b8c705964598220b3014e42ff51eb540ff23cefa3ae8c15f?s=96&d=mm&r=g\",\"contentUrl\":\"https:\/\/secure.gravatar.com\/avatar\/cb16c3c31c9d23b9b8c705964598220b3014e42ff51eb540ff23cefa3ae8c15f?s=96&d=mm&r=g\",\"caption\":\"US6\"},\"url\":\"https:\/\/veritasinfo.org\/?author=7\"}]}<\/script>\n<!-- \/ Yoast SEO plugin. -->","yoast_head_json":{"title":"Fundi i gjykimit ndaj ish-krer\u00ebve t\u00eb U\u00c7K-s\u00eb, jav\u00ebn tjet\u00ebr nisin fjal\u00ebt p\u00ebrfundimtare -","robots":{"index":"index","follow":"follow","max-snippet":"max-snippet:-1","max-image-preview":"max-image-preview:large","max-video-preview":"max-video-preview:-1"},"canonical":"https:\/\/veritasinfo.org\/?p=30300","og_locale":"en_US","og_type":"article","og_title":"Fundi i gjykimit ndaj ish-krer\u00ebve t\u00eb U\u00c7K-s\u00eb, jav\u00ebn tjet\u00ebr nisin fjal\u00ebt p\u00ebrfundimtare -","og_description":"Prishtin\u00eb, 3 shkurt 2026 08:06 Gjykimi i nisur n\u00eb prill t\u00eb 2023 ndaj Hashim Tha\u00e7it, Kadri Veselit, Jakup Krasniqit e Rexhep Selimit tashm\u00eb ka arritur","og_url":"https:\/\/veritasinfo.org\/?p=30300","article_published_time":"2026-02-03T07:09:01+00:00","og_image":[{"width":900,"height":506,"url":"https:\/\/veritasinfo.org\/wp-content\/uploads\/2026\/02\/auto_auto_auto_thaci168433852517630625301767902730.jpg","type":"image\/jpeg"}],"author":"US6","twitter_card":"summary_large_image","twitter_misc":{"Written by":"US6","Est. reading time":"2 minutes"},"schema":{"@context":"https:\/\/schema.org","@graph":[{"@type":"WebPage","@id":"https:\/\/veritasinfo.org\/?p=30300","url":"https:\/\/veritasinfo.org\/?p=30300","name":"Fundi i gjykimit ndaj ish-krer\u00ebve t\u00eb U\u00c7K-s\u00eb, jav\u00ebn tjet\u00ebr nisin fjal\u00ebt p\u00ebrfundimtare -","isPartOf":{"@id":"https:\/\/veritasinfo.org\/#website"},"primaryImageOfPage":{"@id":"https:\/\/veritasinfo.org\/?p=30300#primaryimage"},"image":{"@id":"https:\/\/veritasinfo.org\/?p=30300#primaryimage"},"thumbnailUrl":"https:\/\/veritasinfo.org\/wp-content\/uploads\/2026\/02\/auto_auto_auto_thaci168433852517630625301767902730.jpg","datePublished":"2026-02-03T07:09:01+00:00","author":{"@id":"https:\/\/veritasinfo.org\/#\/schema\/person\/fe199eede04c3937362892b7444747cc"},"breadcrumb":{"@id":"https:\/\/veritasinfo.org\/?p=30300#breadcrumb"},"inLanguage":"en-US","potentialAction":[{"@type":"ReadAction","target":["https:\/\/veritasinfo.org\/?p=30300"]}]},{"@type":"ImageObject","inLanguage":"en-US","@id":"https:\/\/veritasinfo.org\/?p=30300#primaryimage","url":"https:\/\/veritasinfo.org\/wp-content\/uploads\/2026\/02\/auto_auto_auto_thaci168433852517630625301767902730.jpg","contentUrl":"https:\/\/veritasinfo.org\/wp-content\/uploads\/2026\/02\/auto_auto_auto_thaci168433852517630625301767902730.jpg","width":900,"height":506},{"@type":"BreadcrumbList","@id":"https:\/\/veritasinfo.org\/?p=30300#breadcrumb","itemListElement":[{"@type":"ListItem","position":1,"name":"Home","item":"https:\/\/veritasinfo.org\/"},{"@type":"ListItem","position":2,"name":"Fundi i gjykimit ndaj ish-krer\u00ebve t\u00eb U\u00c7K-s\u00eb, jav\u00ebn tjet\u00ebr nisin fjal\u00ebt p\u00ebrfundimtare"}]},{"@type":"WebSite","@id":"https:\/\/veritasinfo.org\/#website","url":"https:\/\/veritasinfo.org\/","name":"","description":"","potentialAction":[{"@type":"SearchAction","target":{"@type":"EntryPoint","urlTemplate":"https:\/\/veritasinfo.org\/?s={search_term_string}"},"query-input":{"@type":"PropertyValueSpecification","valueRequired":true,"valueName":"search_term_string"}}],"inLanguage":"en-US"},{"@type":"Person","@id":"https:\/\/veritasinfo.org\/#\/schema\/person\/fe199eede04c3937362892b7444747cc","name":"US6","image":{"@type":"ImageObject","inLanguage":"en-US","@id":"https:\/\/veritasinfo.org\/#\/schema\/person\/image\/","url":"https:\/\/secure.gravatar.com\/avatar\/cb16c3c31c9d23b9b8c705964598220b3014e42ff51eb540ff23cefa3ae8c15f?s=96&d=mm&r=g","contentUrl":"https:\/\/secure.gravatar.com\/avatar\/cb16c3c31c9d23b9b8c705964598220b3014e42ff51eb540ff23cefa3ae8c15f?s=96&d=mm&r=g","caption":"US6"},"url":"https:\/\/veritasinfo.org\/?author=7"}]}},"featured_image_urls":{"full":["https:\/\/veritasinfo.org\/wp-content\/uploads\/2026\/02\/auto_auto_auto_thaci168433852517630625301767902730.jpg",900,506,false],"thumbnail":["https:\/\/veritasinfo.org\/wp-content\/uploads\/2026\/02\/auto_auto_auto_thaci168433852517630625301767902730-150x150.jpg",150,150,true],"medium":["https:\/\/veritasinfo.org\/wp-content\/uploads\/2026\/02\/auto_auto_auto_thaci168433852517630625301767902730-300x169.jpg",300,169,true],"medium_large":["https:\/\/veritasinfo.org\/wp-content\/uploads\/2026\/02\/auto_auto_auto_thaci168433852517630625301767902730-768x432.jpg",640,360,true],"large":["https:\/\/veritasinfo.org\/wp-content\/uploads\/2026\/02\/auto_auto_auto_thaci168433852517630625301767902730.jpg",640,360,false],"1536x1536":["https:\/\/veritasinfo.org\/wp-content\/uploads\/2026\/02\/auto_auto_auto_thaci168433852517630625301767902730.jpg",900,506,false],"2048x2048":["https:\/\/veritasinfo.org\/wp-content\/uploads\/2026\/02\/auto_auto_auto_thaci168433852517630625301767902730.jpg",900,506,false],"kreeti-slider-full":["https:\/\/veritasinfo.org\/wp-content\/uploads\/2026\/02\/auto_auto_auto_thaci168433852517630625301767902730.jpg",900,506,false],"kreeti-featured":["https:\/\/veritasinfo.org\/wp-content\/uploads\/2026\/02\/auto_auto_auto_thaci168433852517630625301767902730.jpg",900,506,false],"kreeti-medium":["https:\/\/veritasinfo.org\/wp-content\/uploads\/2026\/02\/auto_auto_auto_thaci168433852517630625301767902730.jpg",720,405,false],"kreeti-medium-square":["https:\/\/veritasinfo.org\/wp-content\/uploads\/2026\/02\/auto_auto_auto_thaci168433852517630625301767902730.jpg",350,197,false]},"author_info":{"info":["US6"]},"category_info":"<a href=\"https:\/\/veritasinfo.org\/?cat=60\" rel=\"category\">Shoq\u00ebrore<\/a>","tag_info":"Shoq\u00ebrore","comment_count":"0","_links":{"self":[{"href":"https:\/\/veritasinfo.org\/index.php?rest_route=\/wp\/v2\/posts\/30300","targetHints":{"allow":["GET"]}}],"collection":[{"href":"https:\/\/veritasinfo.org\/index.php?rest_route=\/wp\/v2\/posts"}],"about":[{"href":"https:\/\/veritasinfo.org\/index.php?rest_route=\/wp\/v2\/types\/post"}],"author":[{"embeddable":true,"href":"https:\/\/veritasinfo.org\/index.php?rest_route=\/wp\/v2\/users\/7"}],"replies":[{"embeddable":true,"href":"https:\/\/veritasinfo.org\/index.php?rest_route=%2Fwp%2Fv2%2Fcomments&post=30300"}],"version-history":[{"count":1,"href":"https:\/\/veritasinfo.org\/index.php?rest_route=\/wp\/v2\/posts\/30300\/revisions"}],"predecessor-version":[{"id":30306,"href":"https:\/\/veritasinfo.org\/index.php?rest_route=\/wp\/v2\/posts\/30300\/revisions\/30306"}],"wp:featuredmedia":[{"embeddable":true,"href":"https:\/\/veritasinfo.org\/index.php?rest_route=\/wp\/v2\/media\/30305"}],"wp:attachment":[{"href":"https:\/\/veritasinfo.org\/index.php?rest_route=%2Fwp%2Fv2%2Fmedia&parent=30300"}],"wp:term":[{"taxonomy":"category","embeddable":true,"href":"https:\/\/veritasinfo.org\/index.php?rest_route=%2Fwp%2Fv2%2Fcategories&post=30300"},{"taxonomy":"post_tag","embeddable":true,"href":"https:\/\/veritasinfo.org\/index.php?rest_route=%2Fwp%2Fv2%2Ftags&post=30300"}],"curies":[{"name":"wp","href":"https:\/\/api.w.org\/{rel}","templated":true}]}}