{"id":30299,"date":"2026-02-03T08:06:39","date_gmt":"2026-02-03T07:06:39","guid":{"rendered":"https:\/\/veritasinfo.org\/?p=30299"},"modified":"2026-02-03T08:06:39","modified_gmt":"2026-02-03T07:06:39","slug":"fondi-monetar-nderkombetar-nis-misionin-vjetor-ne-kosove","status":"publish","type":"post","link":"https:\/\/veritasinfo.org\/?p=30299","title":{"rendered":"Fondi Monetar Nd\u00ebrkomb\u00ebtar nis misionin vjetor n\u00eb Kosov\u00eb"},"content":{"rendered":"<p>Prishtin\u00eb 3 Shkurt 2026 08:05<\/p>\n<p>P\u00ebrfaq\u00ebsuesi Rajonal Rezident i Fondit Monetar Nd\u00ebrkomb\u00ebtar (FMN) p\u00ebr Ballkanin Per\u00ebndimor, Sebastian Sosa, ka njoftuar se nj\u00eb delegacion i FMN-s\u00eb do t\u00eb vizitoj\u00eb Kosov\u00ebn nga sot deri m\u00eb 13 shkurt, p\u00ebr t\u00eb zhvilluar konsultimet vjetore n\u00eb kuad\u00ebr t\u00eb Nenit IV me Republik\u00ebn e Kosov\u00ebs.<\/p>\n<p>Sipas njoftimit, misioni do t\u00eb udh\u00ebhiqet nga David Amaglobeli dhe ka p\u00ebr q\u00ebllim t\u00eb analizoj\u00eb zhvillimet e fundit makroekonomike n\u00eb vend, t\u00eb vler\u00ebsoj\u00eb perspektiv\u00ebn ekonomike dhe rreziqet e mundshme, si dhe t\u00eb diskutoj\u00eb politikat ekonomike dhe prioritetet reformuese me autoritetet vendore dhe pal\u00ebt ky\u00e7e t\u00eb interesit.<\/p>\n<p>FMN ka b\u00ebr\u00eb t\u00eb ditur se n\u00eb p\u00ebrfundim t\u00eb vizit\u00ebs, misioni planifikon t\u00eb publikoj\u00eb nj\u00eb komunikat\u00eb p\u00ebr media si dhe t\u00eb mbaj\u00eb nj\u00eb konferenc\u00eb, ku do t\u00eb prezantohen gjetjet dhe vler\u00ebsimet kryesore t\u00eb konsultimeve.<\/p>\n","protected":false},"excerpt":{"rendered":"<p>Prishtin\u00eb 3 Shkurt 2026 08:05 P\u00ebrfaq\u00ebsuesi Rajonal Rezident i Fondit Monetar Nd\u00ebrkomb\u00ebtar (FMN) p\u00ebr Ballkanin Per\u00ebndimor, Sebastian Sosa, ka njoftuar se nj\u00eb delegacion i FMN-s\u00eb<\/p>\n","protected":false},"author":6,"featured_media":30301,"comment_status":"open","ping_status":"open","sticky":false,"template":"","format":"standard","meta":{"footnotes":""},"categories":[60],"tags":[],"class_list":["post-30299","post","type-post","status-publish","format-standard","has-post-thumbnail","hentry","category-shoqerore-sq"],"yoast_head":"<!-- This site is optimized with the Yoast SEO plugin v25.3.1 - https:\/\/yoast.com\/wordpress\/plugins\/seo\/ -->\n<title>Fondi Monetar Nd\u00ebrkomb\u00ebtar nis misionin vjetor n\u00eb Kosov\u00eb -<\/title>\n<meta name=\"robots\" content=\"index, follow, max-snippet:-1, max-image-preview:large, max-video-preview:-1\" \/>\n<link rel=\"canonical\" href=\"https:\/\/veritasinfo.org\/?p=30299\" \/>\n<meta property=\"og:locale\" content=\"en_US\" \/>\n<meta property=\"og:type\" content=\"article\" \/>\n<meta property=\"og:title\" content=\"Fondi Monetar Nd\u00ebrkomb\u00ebtar nis misionin vjetor n\u00eb Kosov\u00eb -\" \/>\n<meta property=\"og:description\" content=\"Prishtin\u00eb 3 Shkurt 2026 08:05 P\u00ebrfaq\u00ebsuesi Rajonal Rezident i Fondit Monetar Nd\u00ebrkomb\u00ebtar (FMN) p\u00ebr Ballkanin Per\u00ebndimor, Sebastian Sosa, ka njoftuar se nj\u00eb delegacion i FMN-s\u00eb\" \/>\n<meta property=\"og:url\" content=\"https:\/\/veritasinfo.org\/?p=30299\" \/>\n<meta property=\"article:published_time\" content=\"2026-02-03T07:06:39+00:00\" \/>\n<meta property=\"og:image\" content=\"https:\/\/veritasinfo.org\/wp-content\/uploads\/2026\/02\/Fondi-Monetar-Nderkombetar-1.jpg\" \/>\n\t<meta property=\"og:image:width\" content=\"935\" \/>\n\t<meta property=\"og:image:height\" content=\"530\" \/>\n\t<meta property=\"og:image:type\" content=\"image\/jpeg\" \/>\n<meta name=\"author\" content=\"US5\" \/>\n<meta name=\"twitter:card\" content=\"summary_large_image\" \/>\n<meta name=\"twitter:label1\" content=\"Written by\" \/>\n\t<meta name=\"twitter:data1\" content=\"US5\" \/>\n<script type=\"application\/ld+json\" class=\"yoast-schema-graph\">{\"@context\":\"https:\/\/schema.org\",\"@graph\":[{\"@type\":\"WebPage\",\"@id\":\"https:\/\/veritasinfo.org\/?p=30299\",\"url\":\"https:\/\/veritasinfo.org\/?p=30299\",\"name\":\"Fondi Monetar Nd\u00ebrkomb\u00ebtar nis misionin vjetor n\u00eb Kosov\u00eb -\",\"isPartOf\":{\"@id\":\"https:\/\/veritasinfo.org\/#website\"},\"primaryImageOfPage\":{\"@id\":\"https:\/\/veritasinfo.org\/?p=30299#primaryimage\"},\"image\":{\"@id\":\"https:\/\/veritasinfo.org\/?p=30299#primaryimage\"},\"thumbnailUrl\":\"https:\/\/veritasinfo.org\/wp-content\/uploads\/2026\/02\/Fondi-Monetar-Nderkombetar-1.jpg\",\"datePublished\":\"2026-02-03T07:06:39+00:00\",\"author\":{\"@id\":\"https:\/\/veritasinfo.org\/#\/schema\/person\/bc442336e35414d04494ab8fb45db4c6\"},\"breadcrumb\":{\"@id\":\"https:\/\/veritasinfo.org\/?p=30299#breadcrumb\"},\"inLanguage\":\"en-US\",\"potentialAction\":[{\"@type\":\"ReadAction\",\"target\":[\"https:\/\/veritasinfo.org\/?p=30299\"]}]},{\"@type\":\"ImageObject\",\"inLanguage\":\"en-US\",\"@id\":\"https:\/\/veritasinfo.org\/?p=30299#primaryimage\",\"url\":\"https:\/\/veritasinfo.org\/wp-content\/uploads\/2026\/02\/Fondi-Monetar-Nderkombetar-1.jpg\",\"contentUrl\":\"https:\/\/veritasinfo.org\/wp-content\/uploads\/2026\/02\/Fondi-Monetar-Nderkombetar-1.jpg\",\"width\":935,\"height\":530},{\"@type\":\"BreadcrumbList\",\"@id\":\"https:\/\/veritasinfo.org\/?p=30299#breadcrumb\",\"itemListElement\":[{\"@type\":\"ListItem\",\"position\":1,\"name\":\"Home\",\"item\":\"https:\/\/veritasinfo.org\/\"},{\"@type\":\"ListItem\",\"position\":2,\"name\":\"Fondi Monetar Nd\u00ebrkomb\u00ebtar nis misionin vjetor n\u00eb Kosov\u00eb\"}]},{\"@type\":\"WebSite\",\"@id\":\"https:\/\/veritasinfo.org\/#website\",\"url\":\"https:\/\/veritasinfo.org\/\",\"name\":\"\",\"description\":\"\",\"potentialAction\":[{\"@type\":\"SearchAction\",\"target\":{\"@type\":\"EntryPoint\",\"urlTemplate\":\"https:\/\/veritasinfo.org\/?s={search_term_string}\"},\"query-input\":{\"@type\":\"PropertyValueSpecification\",\"valueRequired\":true,\"valueName\":\"search_term_string\"}}],\"inLanguage\":\"en-US\"},{\"@type\":\"Person\",\"@id\":\"https:\/\/veritasinfo.org\/#\/schema\/person\/bc442336e35414d04494ab8fb45db4c6\",\"name\":\"US5\",\"image\":{\"@type\":\"ImageObject\",\"inLanguage\":\"en-US\",\"@id\":\"https:\/\/veritasinfo.org\/#\/schema\/person\/image\/\",\"url\":\"https:\/\/secure.gravatar.com\/avatar\/16a61e7272a0c5d001121ebb9e60e925d5816e4ac1e443ed3e640d9a6ae55d0c?s=96&d=mm&r=g\",\"contentUrl\":\"https:\/\/secure.gravatar.com\/avatar\/16a61e7272a0c5d001121ebb9e60e925d5816e4ac1e443ed3e640d9a6ae55d0c?s=96&d=mm&r=g\",\"caption\":\"US5\"},\"url\":\"https:\/\/veritasinfo.org\/?author=6\"}]}<\/script>\n<!-- \/ Yoast SEO plugin. -->","yoast_head_json":{"title":"Fondi Monetar Nd\u00ebrkomb\u00ebtar nis misionin vjetor n\u00eb Kosov\u00eb -","robots":{"index":"index","follow":"follow","max-snippet":"max-snippet:-1","max-image-preview":"max-image-preview:large","max-video-preview":"max-video-preview:-1"},"canonical":"https:\/\/veritasinfo.org\/?p=30299","og_locale":"en_US","og_type":"article","og_title":"Fondi Monetar Nd\u00ebrkomb\u00ebtar nis misionin vjetor n\u00eb Kosov\u00eb -","og_description":"Prishtin\u00eb 3 Shkurt 2026 08:05 P\u00ebrfaq\u00ebsuesi Rajonal Rezident i Fondit Monetar Nd\u00ebrkomb\u00ebtar (FMN) p\u00ebr Ballkanin Per\u00ebndimor, Sebastian Sosa, ka njoftuar se nj\u00eb delegacion i FMN-s\u00eb","og_url":"https:\/\/veritasinfo.org\/?p=30299","article_published_time":"2026-02-03T07:06:39+00:00","og_image":[{"width":935,"height":530,"url":"https:\/\/veritasinfo.org\/wp-content\/uploads\/2026\/02\/Fondi-Monetar-Nderkombetar-1.jpg","type":"image\/jpeg"}],"author":"US5","twitter_card":"summary_large_image","twitter_misc":{"Written by":"US5"},"schema":{"@context":"https:\/\/schema.org","@graph":[{"@type":"WebPage","@id":"https:\/\/veritasinfo.org\/?p=30299","url":"https:\/\/veritasinfo.org\/?p=30299","name":"Fondi Monetar Nd\u00ebrkomb\u00ebtar nis misionin vjetor n\u00eb Kosov\u00eb -","isPartOf":{"@id":"https:\/\/veritasinfo.org\/#website"},"primaryImageOfPage":{"@id":"https:\/\/veritasinfo.org\/?p=30299#primaryimage"},"image":{"@id":"https:\/\/veritasinfo.org\/?p=30299#primaryimage"},"thumbnailUrl":"https:\/\/veritasinfo.org\/wp-content\/uploads\/2026\/02\/Fondi-Monetar-Nderkombetar-1.jpg","datePublished":"2026-02-03T07:06:39+00:00","author":{"@id":"https:\/\/veritasinfo.org\/#\/schema\/person\/bc442336e35414d04494ab8fb45db4c6"},"breadcrumb":{"@id":"https:\/\/veritasinfo.org\/?p=30299#breadcrumb"},"inLanguage":"en-US","potentialAction":[{"@type":"ReadAction","target":["https:\/\/veritasinfo.org\/?p=30299"]}]},{"@type":"ImageObject","inLanguage":"en-US","@id":"https:\/\/veritasinfo.org\/?p=30299#primaryimage","url":"https:\/\/veritasinfo.org\/wp-content\/uploads\/2026\/02\/Fondi-Monetar-Nderkombetar-1.jpg","contentUrl":"https:\/\/veritasinfo.org\/wp-content\/uploads\/2026\/02\/Fondi-Monetar-Nderkombetar-1.jpg","width":935,"height":530},{"@type":"BreadcrumbList","@id":"https:\/\/veritasinfo.org\/?p=30299#breadcrumb","itemListElement":[{"@type":"ListItem","position":1,"name":"Home","item":"https:\/\/veritasinfo.org\/"},{"@type":"ListItem","position":2,"name":"Fondi Monetar Nd\u00ebrkomb\u00ebtar nis misionin vjetor n\u00eb Kosov\u00eb"}]},{"@type":"WebSite","@id":"https:\/\/veritasinfo.org\/#website","url":"https:\/\/veritasinfo.org\/","name":"","description":"","potentialAction":[{"@type":"SearchAction","target":{"@type":"EntryPoint","urlTemplate":"https:\/\/veritasinfo.org\/?s={search_term_string}"},"query-input":{"@type":"PropertyValueSpecification","valueRequired":true,"valueName":"search_term_string"}}],"inLanguage":"en-US"},{"@type":"Person","@id":"https:\/\/veritasinfo.org\/#\/schema\/person\/bc442336e35414d04494ab8fb45db4c6","name":"US5","image":{"@type":"ImageObject","inLanguage":"en-US","@id":"https:\/\/veritasinfo.org\/#\/schema\/person\/image\/","url":"https:\/\/secure.gravatar.com\/avatar\/16a61e7272a0c5d001121ebb9e60e925d5816e4ac1e443ed3e640d9a6ae55d0c?s=96&d=mm&r=g","contentUrl":"https:\/\/secure.gravatar.com\/avatar\/16a61e7272a0c5d001121ebb9e60e925d5816e4ac1e443ed3e640d9a6ae55d0c?s=96&d=mm&r=g","caption":"US5"},"url":"https:\/\/veritasinfo.org\/?author=6"}]}},"featured_image_urls":{"full":["https:\/\/veritasinfo.org\/wp-content\/uploads\/2026\/02\/Fondi-Monetar-Nderkombetar-1.jpg",935,530,false],"thumbnail":["https:\/\/veritasinfo.org\/wp-content\/uploads\/2026\/02\/Fondi-Monetar-Nderkombetar-1-150x150.jpg",150,150,true],"medium":["https:\/\/veritasinfo.org\/wp-content\/uploads\/2026\/02\/Fondi-Monetar-Nderkombetar-1-300x170.jpg",300,170,true],"medium_large":["https:\/\/veritasinfo.org\/wp-content\/uploads\/2026\/02\/Fondi-Monetar-Nderkombetar-1-768x435.jpg",640,363,true],"large":["https:\/\/veritasinfo.org\/wp-content\/uploads\/2026\/02\/Fondi-Monetar-Nderkombetar-1.jpg",640,363,false],"1536x1536":["https:\/\/veritasinfo.org\/wp-content\/uploads\/2026\/02\/Fondi-Monetar-Nderkombetar-1.jpg",935,530,false],"2048x2048":["https:\/\/veritasinfo.org\/wp-content\/uploads\/2026\/02\/Fondi-Monetar-Nderkombetar-1.jpg",935,530,false],"kreeti-slider-full":["https:\/\/veritasinfo.org\/wp-content\/uploads\/2026\/02\/Fondi-Monetar-Nderkombetar-1.jpg",935,530,false],"kreeti-featured":["https:\/\/veritasinfo.org\/wp-content\/uploads\/2026\/02\/Fondi-Monetar-Nderkombetar-1.jpg",935,530,false],"kreeti-medium":["https:\/\/veritasinfo.org\/wp-content\/uploads\/2026\/02\/Fondi-Monetar-Nderkombetar-1.jpg",720,408,false],"kreeti-medium-square":["https:\/\/veritasinfo.org\/wp-content\/uploads\/2026\/02\/Fondi-Monetar-Nderkombetar-1.jpg",350,198,false]},"author_info":{"info":["US5"]},"category_info":"<a href=\"https:\/\/veritasinfo.org\/?cat=60\" rel=\"category\">Shoq\u00ebrore<\/a>","tag_info":"Shoq\u00ebrore","comment_count":"0","_links":{"self":[{"href":"https:\/\/veritasinfo.org\/index.php?rest_route=\/wp\/v2\/posts\/30299","targetHints":{"allow":["GET"]}}],"collection":[{"href":"https:\/\/veritasinfo.org\/index.php?rest_route=\/wp\/v2\/posts"}],"about":[{"href":"https:\/\/veritasinfo.org\/index.php?rest_route=\/wp\/v2\/types\/post"}],"author":[{"embeddable":true,"href":"https:\/\/veritasinfo.org\/index.php?rest_route=\/wp\/v2\/users\/6"}],"replies":[{"embeddable":true,"href":"https:\/\/veritasinfo.org\/index.php?rest_route=%2Fwp%2Fv2%2Fcomments&post=30299"}],"version-history":[{"count":1,"href":"https:\/\/veritasinfo.org\/index.php?rest_route=\/wp\/v2\/posts\/30299\/revisions"}],"predecessor-version":[{"id":30302,"href":"https:\/\/veritasinfo.org\/index.php?rest_route=\/wp\/v2\/posts\/30299\/revisions\/30302"}],"wp:featuredmedia":[{"embeddable":true,"href":"https:\/\/veritasinfo.org\/index.php?rest_route=\/wp\/v2\/media\/30301"}],"wp:attachment":[{"href":"https:\/\/veritasinfo.org\/index.php?rest_route=%2Fwp%2Fv2%2Fmedia&parent=30299"}],"wp:term":[{"taxonomy":"category","embeddable":true,"href":"https:\/\/veritasinfo.org\/index.php?rest_route=%2Fwp%2Fv2%2Fcategories&post=30299"},{"taxonomy":"post_tag","embeddable":true,"href":"https:\/\/veritasinfo.org\/index.php?rest_route=%2Fwp%2Fv2%2Ftags&post=30299"}],"curies":[{"name":"wp","href":"https:\/\/api.w.org\/{rel}","templated":true}]}}