{"id":30273,"date":"2026-02-02T18:38:04","date_gmt":"2026-02-02T17:38:04","guid":{"rendered":"https:\/\/veritasinfo.org\/?p=30273"},"modified":"2026-02-02T18:38:04","modified_gmt":"2026-02-02T17:38:04","slug":"mergim-berisha-transferohet-te-kaiserslautern","status":"publish","type":"post","link":"https:\/\/veritasinfo.org\/?p=30273","title":{"rendered":"M\u00ebrgim Berisha transferohet te Kaiserslautern"},"content":{"rendered":"<p>Prishtin\u00eb, 2 shkurt 2026 18:36<\/p>\n<p>Tanim\u00eb \u00ebsht\u00eb zyrtare, M\u00ebrgim Berisha \u00ebsht\u00eb b\u00ebr\u00eb me skuad\u00ebr t\u00eb re, por q\u00eb ka mbetur n\u00eb futbollin gjerman.<\/p>\n<p>Sulmuesi kosovar \u00ebsht\u00eb larguar nga Hoffenheim dhe karrier\u00ebn do ta vazhdoj n\u00eb Bundesliga 2 te Kaiserslautern.<\/p>\n<p>Hoffenheim ka ruajtur nj\u00eb pjes\u00eb t\u00eb madhe t\u00eb kartonit t\u00eb Berish\u00ebs nga shitja e ardhshme, derisa 27-vje\u00e7ari \u00ebsht\u00eb shprehur i lumtur p\u00ebr aventur\u00ebn e re.<\/p>\n<p>\u201cJam shum\u00eb mir\u00ebnjoh\u00ebs ndaj 1. FC Kaiserslautern q\u00eb m\u00eb dha mund\u00ebsin\u00eb t\u00eb provoj veten n\u00eb nj\u00eb klub ambicioz n\u00eb nj\u00eb mjedis shum\u00eb t\u00ebrheq\u00ebs&#8221;.<\/p>\n","protected":false},"excerpt":{"rendered":"<p>Prishtin\u00eb, 2 shkurt 2026 18:36 Tanim\u00eb \u00ebsht\u00eb zyrtare, M\u00ebrgim Berisha \u00ebsht\u00eb b\u00ebr\u00eb me skuad\u00ebr t\u00eb re, por q\u00eb ka mbetur n\u00eb futbollin gjerman. Sulmuesi kosovar<\/p>\n","protected":false},"author":7,"featured_media":30274,"comment_status":"open","ping_status":"open","sticky":false,"template":"","format":"standard","meta":{"footnotes":""},"categories":[5],"tags":[],"class_list":["post-30273","post","type-post","status-publish","format-standard","has-post-thumbnail","hentry","category-sport-sq"],"yoast_head":"<!-- This site is optimized with the Yoast SEO plugin v25.3.1 - https:\/\/yoast.com\/wordpress\/plugins\/seo\/ -->\n<title>M\u00ebrgim Berisha transferohet te Kaiserslautern -<\/title>\n<meta name=\"robots\" content=\"index, follow, max-snippet:-1, max-image-preview:large, max-video-preview:-1\" \/>\n<link rel=\"canonical\" href=\"https:\/\/veritasinfo.org\/?p=30273\" \/>\n<meta property=\"og:locale\" content=\"en_US\" \/>\n<meta property=\"og:type\" content=\"article\" \/>\n<meta property=\"og:title\" content=\"M\u00ebrgim Berisha transferohet te Kaiserslautern -\" \/>\n<meta property=\"og:description\" content=\"Prishtin\u00eb, 2 shkurt 2026 18:36 Tanim\u00eb \u00ebsht\u00eb zyrtare, M\u00ebrgim Berisha \u00ebsht\u00eb b\u00ebr\u00eb me skuad\u00ebr t\u00eb re, por q\u00eb ka mbetur n\u00eb futbollin gjerman. Sulmuesi kosovar\" \/>\n<meta property=\"og:url\" content=\"https:\/\/veritasinfo.org\/?p=30273\" \/>\n<meta property=\"article:published_time\" content=\"2026-02-02T17:38:04+00:00\" \/>\n<meta property=\"og:image\" content=\"https:\/\/veritasinfo.org\/wp-content\/uploads\/2026\/02\/1-7.jpg\" \/>\n\t<meta property=\"og:image:width\" content=\"957\" \/>\n\t<meta property=\"og:image:height\" content=\"524\" \/>\n\t<meta property=\"og:image:type\" content=\"image\/jpeg\" \/>\n<meta name=\"author\" content=\"US6\" \/>\n<meta name=\"twitter:card\" content=\"summary_large_image\" \/>\n<meta name=\"twitter:label1\" content=\"Written by\" \/>\n\t<meta name=\"twitter:data1\" content=\"US6\" \/>\n\t<meta name=\"twitter:label2\" content=\"Est. reading time\" \/>\n\t<meta name=\"twitter:data2\" content=\"1 minute\" \/>\n<script type=\"application\/ld+json\" class=\"yoast-schema-graph\">{\"@context\":\"https:\/\/schema.org\",\"@graph\":[{\"@type\":\"WebPage\",\"@id\":\"https:\/\/veritasinfo.org\/?p=30273\",\"url\":\"https:\/\/veritasinfo.org\/?p=30273\",\"name\":\"M\u00ebrgim Berisha transferohet te Kaiserslautern -\",\"isPartOf\":{\"@id\":\"https:\/\/veritasinfo.org\/#website\"},\"primaryImageOfPage\":{\"@id\":\"https:\/\/veritasinfo.org\/?p=30273#primaryimage\"},\"image\":{\"@id\":\"https:\/\/veritasinfo.org\/?p=30273#primaryimage\"},\"thumbnailUrl\":\"https:\/\/veritasinfo.org\/wp-content\/uploads\/2026\/02\/1-7.jpg\",\"datePublished\":\"2026-02-02T17:38:04+00:00\",\"author\":{\"@id\":\"https:\/\/veritasinfo.org\/#\/schema\/person\/fe199eede04c3937362892b7444747cc\"},\"breadcrumb\":{\"@id\":\"https:\/\/veritasinfo.org\/?p=30273#breadcrumb\"},\"inLanguage\":\"en-US\",\"potentialAction\":[{\"@type\":\"ReadAction\",\"target\":[\"https:\/\/veritasinfo.org\/?p=30273\"]}]},{\"@type\":\"ImageObject\",\"inLanguage\":\"en-US\",\"@id\":\"https:\/\/veritasinfo.org\/?p=30273#primaryimage\",\"url\":\"https:\/\/veritasinfo.org\/wp-content\/uploads\/2026\/02\/1-7.jpg\",\"contentUrl\":\"https:\/\/veritasinfo.org\/wp-content\/uploads\/2026\/02\/1-7.jpg\",\"width\":957,\"height\":524},{\"@type\":\"BreadcrumbList\",\"@id\":\"https:\/\/veritasinfo.org\/?p=30273#breadcrumb\",\"itemListElement\":[{\"@type\":\"ListItem\",\"position\":1,\"name\":\"Home\",\"item\":\"https:\/\/veritasinfo.org\/\"},{\"@type\":\"ListItem\",\"position\":2,\"name\":\"M\u00ebrgim Berisha transferohet te Kaiserslautern\"}]},{\"@type\":\"WebSite\",\"@id\":\"https:\/\/veritasinfo.org\/#website\",\"url\":\"https:\/\/veritasinfo.org\/\",\"name\":\"\",\"description\":\"\",\"potentialAction\":[{\"@type\":\"SearchAction\",\"target\":{\"@type\":\"EntryPoint\",\"urlTemplate\":\"https:\/\/veritasinfo.org\/?s={search_term_string}\"},\"query-input\":{\"@type\":\"PropertyValueSpecification\",\"valueRequired\":true,\"valueName\":\"search_term_string\"}}],\"inLanguage\":\"en-US\"},{\"@type\":\"Person\",\"@id\":\"https:\/\/veritasinfo.org\/#\/schema\/person\/fe199eede04c3937362892b7444747cc\",\"name\":\"US6\",\"image\":{\"@type\":\"ImageObject\",\"inLanguage\":\"en-US\",\"@id\":\"https:\/\/veritasinfo.org\/#\/schema\/person\/image\/\",\"url\":\"https:\/\/secure.gravatar.com\/avatar\/cb16c3c31c9d23b9b8c705964598220b3014e42ff51eb540ff23cefa3ae8c15f?s=96&d=mm&r=g\",\"contentUrl\":\"https:\/\/secure.gravatar.com\/avatar\/cb16c3c31c9d23b9b8c705964598220b3014e42ff51eb540ff23cefa3ae8c15f?s=96&d=mm&r=g\",\"caption\":\"US6\"},\"url\":\"https:\/\/veritasinfo.org\/?author=7\"}]}<\/script>\n<!-- \/ Yoast SEO plugin. -->","yoast_head_json":{"title":"M\u00ebrgim Berisha transferohet te Kaiserslautern -","robots":{"index":"index","follow":"follow","max-snippet":"max-snippet:-1","max-image-preview":"max-image-preview:large","max-video-preview":"max-video-preview:-1"},"canonical":"https:\/\/veritasinfo.org\/?p=30273","og_locale":"en_US","og_type":"article","og_title":"M\u00ebrgim Berisha transferohet te Kaiserslautern -","og_description":"Prishtin\u00eb, 2 shkurt 2026 18:36 Tanim\u00eb \u00ebsht\u00eb zyrtare, M\u00ebrgim Berisha \u00ebsht\u00eb b\u00ebr\u00eb me skuad\u00ebr t\u00eb re, por q\u00eb ka mbetur n\u00eb futbollin gjerman. Sulmuesi kosovar","og_url":"https:\/\/veritasinfo.org\/?p=30273","article_published_time":"2026-02-02T17:38:04+00:00","og_image":[{"width":957,"height":524,"url":"https:\/\/veritasinfo.org\/wp-content\/uploads\/2026\/02\/1-7.jpg","type":"image\/jpeg"}],"author":"US6","twitter_card":"summary_large_image","twitter_misc":{"Written by":"US6","Est. reading time":"1 minute"},"schema":{"@context":"https:\/\/schema.org","@graph":[{"@type":"WebPage","@id":"https:\/\/veritasinfo.org\/?p=30273","url":"https:\/\/veritasinfo.org\/?p=30273","name":"M\u00ebrgim Berisha transferohet te Kaiserslautern -","isPartOf":{"@id":"https:\/\/veritasinfo.org\/#website"},"primaryImageOfPage":{"@id":"https:\/\/veritasinfo.org\/?p=30273#primaryimage"},"image":{"@id":"https:\/\/veritasinfo.org\/?p=30273#primaryimage"},"thumbnailUrl":"https:\/\/veritasinfo.org\/wp-content\/uploads\/2026\/02\/1-7.jpg","datePublished":"2026-02-02T17:38:04+00:00","author":{"@id":"https:\/\/veritasinfo.org\/#\/schema\/person\/fe199eede04c3937362892b7444747cc"},"breadcrumb":{"@id":"https:\/\/veritasinfo.org\/?p=30273#breadcrumb"},"inLanguage":"en-US","potentialAction":[{"@type":"ReadAction","target":["https:\/\/veritasinfo.org\/?p=30273"]}]},{"@type":"ImageObject","inLanguage":"en-US","@id":"https:\/\/veritasinfo.org\/?p=30273#primaryimage","url":"https:\/\/veritasinfo.org\/wp-content\/uploads\/2026\/02\/1-7.jpg","contentUrl":"https:\/\/veritasinfo.org\/wp-content\/uploads\/2026\/02\/1-7.jpg","width":957,"height":524},{"@type":"BreadcrumbList","@id":"https:\/\/veritasinfo.org\/?p=30273#breadcrumb","itemListElement":[{"@type":"ListItem","position":1,"name":"Home","item":"https:\/\/veritasinfo.org\/"},{"@type":"ListItem","position":2,"name":"M\u00ebrgim Berisha transferohet te Kaiserslautern"}]},{"@type":"WebSite","@id":"https:\/\/veritasinfo.org\/#website","url":"https:\/\/veritasinfo.org\/","name":"","description":"","potentialAction":[{"@type":"SearchAction","target":{"@type":"EntryPoint","urlTemplate":"https:\/\/veritasinfo.org\/?s={search_term_string}"},"query-input":{"@type":"PropertyValueSpecification","valueRequired":true,"valueName":"search_term_string"}}],"inLanguage":"en-US"},{"@type":"Person","@id":"https:\/\/veritasinfo.org\/#\/schema\/person\/fe199eede04c3937362892b7444747cc","name":"US6","image":{"@type":"ImageObject","inLanguage":"en-US","@id":"https:\/\/veritasinfo.org\/#\/schema\/person\/image\/","url":"https:\/\/secure.gravatar.com\/avatar\/cb16c3c31c9d23b9b8c705964598220b3014e42ff51eb540ff23cefa3ae8c15f?s=96&d=mm&r=g","contentUrl":"https:\/\/secure.gravatar.com\/avatar\/cb16c3c31c9d23b9b8c705964598220b3014e42ff51eb540ff23cefa3ae8c15f?s=96&d=mm&r=g","caption":"US6"},"url":"https:\/\/veritasinfo.org\/?author=7"}]}},"featured_image_urls":{"full":["https:\/\/veritasinfo.org\/wp-content\/uploads\/2026\/02\/1-7.jpg",957,524,false],"thumbnail":["https:\/\/veritasinfo.org\/wp-content\/uploads\/2026\/02\/1-7-150x150.jpg",150,150,true],"medium":["https:\/\/veritasinfo.org\/wp-content\/uploads\/2026\/02\/1-7-300x164.jpg",300,164,true],"medium_large":["https:\/\/veritasinfo.org\/wp-content\/uploads\/2026\/02\/1-7-768x421.jpg",640,351,true],"large":["https:\/\/veritasinfo.org\/wp-content\/uploads\/2026\/02\/1-7.jpg",640,350,false],"1536x1536":["https:\/\/veritasinfo.org\/wp-content\/uploads\/2026\/02\/1-7.jpg",957,524,false],"2048x2048":["https:\/\/veritasinfo.org\/wp-content\/uploads\/2026\/02\/1-7.jpg",957,524,false],"kreeti-slider-full":["https:\/\/veritasinfo.org\/wp-content\/uploads\/2026\/02\/1-7.jpg",957,524,false],"kreeti-featured":["https:\/\/veritasinfo.org\/wp-content\/uploads\/2026\/02\/1-7.jpg",957,524,false],"kreeti-medium":["https:\/\/veritasinfo.org\/wp-content\/uploads\/2026\/02\/1-7.jpg",720,394,false],"kreeti-medium-square":["https:\/\/veritasinfo.org\/wp-content\/uploads\/2026\/02\/1-7.jpg",350,192,false]},"author_info":{"info":["US6"]},"category_info":"<a href=\"https:\/\/veritasinfo.org\/?cat=5\" rel=\"category\">Sport<\/a>","tag_info":"Sport","comment_count":"0","_links":{"self":[{"href":"https:\/\/veritasinfo.org\/index.php?rest_route=\/wp\/v2\/posts\/30273","targetHints":{"allow":["GET"]}}],"collection":[{"href":"https:\/\/veritasinfo.org\/index.php?rest_route=\/wp\/v2\/posts"}],"about":[{"href":"https:\/\/veritasinfo.org\/index.php?rest_route=\/wp\/v2\/types\/post"}],"author":[{"embeddable":true,"href":"https:\/\/veritasinfo.org\/index.php?rest_route=\/wp\/v2\/users\/7"}],"replies":[{"embeddable":true,"href":"https:\/\/veritasinfo.org\/index.php?rest_route=%2Fwp%2Fv2%2Fcomments&post=30273"}],"version-history":[{"count":1,"href":"https:\/\/veritasinfo.org\/index.php?rest_route=\/wp\/v2\/posts\/30273\/revisions"}],"predecessor-version":[{"id":30275,"href":"https:\/\/veritasinfo.org\/index.php?rest_route=\/wp\/v2\/posts\/30273\/revisions\/30275"}],"wp:featuredmedia":[{"embeddable":true,"href":"https:\/\/veritasinfo.org\/index.php?rest_route=\/wp\/v2\/media\/30274"}],"wp:attachment":[{"href":"https:\/\/veritasinfo.org\/index.php?rest_route=%2Fwp%2Fv2%2Fmedia&parent=30273"}],"wp:term":[{"taxonomy":"category","embeddable":true,"href":"https:\/\/veritasinfo.org\/index.php?rest_route=%2Fwp%2Fv2%2Fcategories&post=30273"},{"taxonomy":"post_tag","embeddable":true,"href":"https:\/\/veritasinfo.org\/index.php?rest_route=%2Fwp%2Fv2%2Ftags&post=30273"}],"curies":[{"name":"wp","href":"https:\/\/api.w.org\/{rel}","templated":true}]}}