{"id":30266,"date":"2026-02-02T17:47:17","date_gmt":"2026-02-02T16:47:17","guid":{"rendered":"https:\/\/veritasinfo.org\/?p=30266"},"modified":"2026-02-02T17:47:17","modified_gmt":"2026-02-02T16:47:17","slug":"alidemajeva-presuda-za-ratne-zlocine-porodice-zrtava-ce-se-zaliti","status":"publish","type":"post","link":"https:\/\/veritasinfo.org\/?p=30266&lang=sr","title":{"rendered":"Alidemajeva presuda za ratne zlo\u010dine, porodice \u017ertava c\u0301e se \u017ealiti"},"content":{"rendered":"<p>Pri\u0161tina, 2. februar 2026. 17:44<\/p>\n<p>Ro\u0111aci \u017ertava masakra u Izbici reagovali su nakon \u0161to je sud osudio Muhameta Alidemaja na 13 godina zatvora, opisujuc\u0301i to kao veoma nisku kaznu, uz upozorenje da c\u0301e iskoristiti svoje pravo na \u017ealbu.<\/p>\n<p>\u010clan porodice Islam Dani rekao je da je li\u010dno video i video da je naveo Srbe da u\u0111u u selo Izbica u Glogovcu. Odluka nam deluje veoma niska, ali sud je doneo odluku i \u0161ta mo\u017eemo rec\u0301i van suda. \u0160to se vi\u0161e \u017ealimo, to vi\u0161e posti\u017eemo svoj cilj, ostaje da se vidi. Krivi\u010dni zakon Jugoslavije to tako defini\u0161e, pada na maksimum. Jer za nas, \u010dak ni 15 godina obi\u010dno nije dovoljno&#8230; Li\u010dno ga nisam video da nekoga ubija. Video sam da je naveo Srbe da u\u0111u u selo Izbica. Ono \u0161to nisam video, ne mogu rec\u0301i da sam ga video da ubija. Ali tog dana u Izbici nije bilo ven\u010danja, tog dana su se \u010duli zvuci tenkova, topova, kala\u0161njikova, pu\u0161aka i 137 je masakrirano. Jo\u0161 dva puta posle toga, nas dvoje ili trinaestoro je ubijeno. I celo selo Izbica je spaljeno, i oplja\u010dkano je. Dvoje ljudi je izgorelo paralizovano u motoru traktora. Ne mo\u017ee da pobegne od odgovornosti, niti mo\u017ee da ka\u017ee da nisam bio tamo. Normalno, porodice koje su bile razdvojene, \u017eene razdvojene, on im je stavio no\u017e na grlo, oplja\u010dkao ih je, tukao ih je. \u201eOni su to dokazali na sudu\u201c, rekli su Dani.<br \/>\nOsnovni sud u Pri\u0161tini danas je osudio Muhameta Alidemaja, optu\u017eenog za ratne zlo\u010dine protiv civilnog stanovni\u0161tva tokom 1999. godine u selu Izbica, na 13 godina zatvora.<\/p>\n<p>Pro\u010ditajte tako\u0111e<br \/>\nPrema optu\u017enici, Alidemaj je, zajedno sa pripadnicima srpske policije i vojnih snaga, u\u010destvovao u ubistvu albanskih civila u masakru u Izbici koji se dogodio u martu 1999. godine. U ovom masakru je ubijeno i masakrirano 130 Albanaca.<\/p>\n","protected":false},"excerpt":{"rendered":"<p>Pri\u0161tina, 2. februar 2026. 17:44 Ro\u0111aci \u017ertava masakra u Izbici reagovali su nakon \u0161to je sud osudio Muhameta Alidemaja na 13 godina zatvora, opisujuc\u0301i to<\/p>\n","protected":false},"author":6,"featured_media":30264,"comment_status":"open","ping_status":"open","sticky":false,"template":"","format":"standard","meta":{"footnotes":""},"categories":[30],"tags":[],"class_list":["post-30266","post","type-post","status-publish","format-standard","has-post-thumbnail","hentry","category-drustvo"],"yoast_head":"<!-- This site is optimized with the Yoast SEO plugin v25.3.1 - https:\/\/yoast.com\/wordpress\/plugins\/seo\/ -->\n<title>Alidemajeva presuda za ratne zlo\u010dine, porodice \u017ertava c\u0301e se \u017ealiti -<\/title>\n<meta name=\"robots\" content=\"index, follow, max-snippet:-1, max-image-preview:large, max-video-preview:-1\" \/>\n<link rel=\"canonical\" href=\"https:\/\/veritasinfo.org\/?p=30266&lang=sr\" \/>\n<meta property=\"og:locale\" content=\"en_US\" \/>\n<meta property=\"og:type\" content=\"article\" \/>\n<meta property=\"og:title\" content=\"Alidemajeva presuda za ratne zlo\u010dine, porodice \u017ertava c\u0301e se \u017ealiti -\" \/>\n<meta property=\"og:description\" content=\"Pri\u0161tina, 2. februar 2026. 17:44 Ro\u0111aci \u017ertava masakra u Izbici reagovali su nakon \u0161to je sud osudio Muhameta Alidemaja na 13 godina zatvora, opisujuc\u0301i to\" \/>\n<meta property=\"og:url\" content=\"https:\/\/veritasinfo.org\/?p=30266&amp;lang=sr\" \/>\n<meta property=\"article:published_time\" content=\"2026-02-02T16:47:17+00:00\" \/>\n<meta property=\"og:image\" content=\"https:\/\/veritasinfo.org\/wp-content\/uploads\/2026\/02\/700696_asdasd.webp\" \/>\n\t<meta property=\"og:image:width\" content=\"900\" \/>\n\t<meta property=\"og:image:height\" content=\"506\" \/>\n\t<meta property=\"og:image:type\" content=\"image\/webp\" \/>\n<meta name=\"author\" content=\"US5\" \/>\n<meta name=\"twitter:card\" content=\"summary_large_image\" \/>\n<meta name=\"twitter:label1\" content=\"Written by\" \/>\n\t<meta name=\"twitter:data1\" content=\"US5\" \/>\n<script type=\"application\/ld+json\" class=\"yoast-schema-graph\">{\"@context\":\"https:\/\/schema.org\",\"@graph\":[{\"@type\":\"WebPage\",\"@id\":\"https:\/\/veritasinfo.org\/?p=30266&lang=sr\",\"url\":\"https:\/\/veritasinfo.org\/?p=30266&lang=sr\",\"name\":\"Alidemajeva presuda za ratne zlo\u010dine, porodice \u017ertava c\u0301e se \u017ealiti -\",\"isPartOf\":{\"@id\":\"https:\/\/veritasinfo.org\/#website\"},\"primaryImageOfPage\":{\"@id\":\"https:\/\/veritasinfo.org\/?p=30266&lang=sr#primaryimage\"},\"image\":{\"@id\":\"https:\/\/veritasinfo.org\/?p=30266&lang=sr#primaryimage\"},\"thumbnailUrl\":\"https:\/\/veritasinfo.org\/wp-content\/uploads\/2026\/02\/700696_asdasd.webp\",\"datePublished\":\"2026-02-02T16:47:17+00:00\",\"author\":{\"@id\":\"https:\/\/veritasinfo.org\/#\/schema\/person\/bc442336e35414d04494ab8fb45db4c6\"},\"breadcrumb\":{\"@id\":\"https:\/\/veritasinfo.org\/?p=30266&lang=sr#breadcrumb\"},\"inLanguage\":\"en-US\",\"potentialAction\":[{\"@type\":\"ReadAction\",\"target\":[\"https:\/\/veritasinfo.org\/?p=30266&lang=sr\"]}]},{\"@type\":\"ImageObject\",\"inLanguage\":\"en-US\",\"@id\":\"https:\/\/veritasinfo.org\/?p=30266&lang=sr#primaryimage\",\"url\":\"https:\/\/veritasinfo.org\/wp-content\/uploads\/2026\/02\/700696_asdasd.webp\",\"contentUrl\":\"https:\/\/veritasinfo.org\/wp-content\/uploads\/2026\/02\/700696_asdasd.webp\",\"width\":900,\"height\":506},{\"@type\":\"BreadcrumbList\",\"@id\":\"https:\/\/veritasinfo.org\/?p=30266&lang=sr#breadcrumb\",\"itemListElement\":[{\"@type\":\"ListItem\",\"position\":1,\"name\":\"Home\",\"item\":\"https:\/\/veritasinfo.org\/\"},{\"@type\":\"ListItem\",\"position\":2,\"name\":\"Alidemajeva presuda za ratne zlo\u010dine, porodice \u017ertava c\u0301e se \u017ealiti\"}]},{\"@type\":\"WebSite\",\"@id\":\"https:\/\/veritasinfo.org\/#website\",\"url\":\"https:\/\/veritasinfo.org\/\",\"name\":\"\",\"description\":\"\",\"potentialAction\":[{\"@type\":\"SearchAction\",\"target\":{\"@type\":\"EntryPoint\",\"urlTemplate\":\"https:\/\/veritasinfo.org\/?s={search_term_string}\"},\"query-input\":{\"@type\":\"PropertyValueSpecification\",\"valueRequired\":true,\"valueName\":\"search_term_string\"}}],\"inLanguage\":\"en-US\"},{\"@type\":\"Person\",\"@id\":\"https:\/\/veritasinfo.org\/#\/schema\/person\/bc442336e35414d04494ab8fb45db4c6\",\"name\":\"US5\",\"image\":{\"@type\":\"ImageObject\",\"inLanguage\":\"en-US\",\"@id\":\"https:\/\/veritasinfo.org\/#\/schema\/person\/image\/\",\"url\":\"https:\/\/secure.gravatar.com\/avatar\/16a61e7272a0c5d001121ebb9e60e925d5816e4ac1e443ed3e640d9a6ae55d0c?s=96&d=mm&r=g\",\"contentUrl\":\"https:\/\/secure.gravatar.com\/avatar\/16a61e7272a0c5d001121ebb9e60e925d5816e4ac1e443ed3e640d9a6ae55d0c?s=96&d=mm&r=g\",\"caption\":\"US5\"},\"url\":\"https:\/\/veritasinfo.org\/?author=6\"}]}<\/script>\n<!-- \/ Yoast SEO plugin. -->","yoast_head_json":{"title":"Alidemajeva presuda za ratne zlo\u010dine, porodice \u017ertava c\u0301e se \u017ealiti -","robots":{"index":"index","follow":"follow","max-snippet":"max-snippet:-1","max-image-preview":"max-image-preview:large","max-video-preview":"max-video-preview:-1"},"canonical":"https:\/\/veritasinfo.org\/?p=30266&lang=sr","og_locale":"en_US","og_type":"article","og_title":"Alidemajeva presuda za ratne zlo\u010dine, porodice \u017ertava c\u0301e se \u017ealiti -","og_description":"Pri\u0161tina, 2. februar 2026. 17:44 Ro\u0111aci \u017ertava masakra u Izbici reagovali su nakon \u0161to je sud osudio Muhameta Alidemaja na 13 godina zatvora, opisujuc\u0301i to","og_url":"https:\/\/veritasinfo.org\/?p=30266&lang=sr","article_published_time":"2026-02-02T16:47:17+00:00","og_image":[{"width":900,"height":506,"url":"https:\/\/veritasinfo.org\/wp-content\/uploads\/2026\/02\/700696_asdasd.webp","type":"image\/webp"}],"author":"US5","twitter_card":"summary_large_image","twitter_misc":{"Written by":"US5"},"schema":{"@context":"https:\/\/schema.org","@graph":[{"@type":"WebPage","@id":"https:\/\/veritasinfo.org\/?p=30266&lang=sr","url":"https:\/\/veritasinfo.org\/?p=30266&lang=sr","name":"Alidemajeva presuda za ratne zlo\u010dine, porodice \u017ertava c\u0301e se \u017ealiti -","isPartOf":{"@id":"https:\/\/veritasinfo.org\/#website"},"primaryImageOfPage":{"@id":"https:\/\/veritasinfo.org\/?p=30266&lang=sr#primaryimage"},"image":{"@id":"https:\/\/veritasinfo.org\/?p=30266&lang=sr#primaryimage"},"thumbnailUrl":"https:\/\/veritasinfo.org\/wp-content\/uploads\/2026\/02\/700696_asdasd.webp","datePublished":"2026-02-02T16:47:17+00:00","author":{"@id":"https:\/\/veritasinfo.org\/#\/schema\/person\/bc442336e35414d04494ab8fb45db4c6"},"breadcrumb":{"@id":"https:\/\/veritasinfo.org\/?p=30266&lang=sr#breadcrumb"},"inLanguage":"en-US","potentialAction":[{"@type":"ReadAction","target":["https:\/\/veritasinfo.org\/?p=30266&lang=sr"]}]},{"@type":"ImageObject","inLanguage":"en-US","@id":"https:\/\/veritasinfo.org\/?p=30266&lang=sr#primaryimage","url":"https:\/\/veritasinfo.org\/wp-content\/uploads\/2026\/02\/700696_asdasd.webp","contentUrl":"https:\/\/veritasinfo.org\/wp-content\/uploads\/2026\/02\/700696_asdasd.webp","width":900,"height":506},{"@type":"BreadcrumbList","@id":"https:\/\/veritasinfo.org\/?p=30266&lang=sr#breadcrumb","itemListElement":[{"@type":"ListItem","position":1,"name":"Home","item":"https:\/\/veritasinfo.org\/"},{"@type":"ListItem","position":2,"name":"Alidemajeva presuda za ratne zlo\u010dine, porodice \u017ertava c\u0301e se \u017ealiti"}]},{"@type":"WebSite","@id":"https:\/\/veritasinfo.org\/#website","url":"https:\/\/veritasinfo.org\/","name":"","description":"","potentialAction":[{"@type":"SearchAction","target":{"@type":"EntryPoint","urlTemplate":"https:\/\/veritasinfo.org\/?s={search_term_string}"},"query-input":{"@type":"PropertyValueSpecification","valueRequired":true,"valueName":"search_term_string"}}],"inLanguage":"en-US"},{"@type":"Person","@id":"https:\/\/veritasinfo.org\/#\/schema\/person\/bc442336e35414d04494ab8fb45db4c6","name":"US5","image":{"@type":"ImageObject","inLanguage":"en-US","@id":"https:\/\/veritasinfo.org\/#\/schema\/person\/image\/","url":"https:\/\/secure.gravatar.com\/avatar\/16a61e7272a0c5d001121ebb9e60e925d5816e4ac1e443ed3e640d9a6ae55d0c?s=96&d=mm&r=g","contentUrl":"https:\/\/secure.gravatar.com\/avatar\/16a61e7272a0c5d001121ebb9e60e925d5816e4ac1e443ed3e640d9a6ae55d0c?s=96&d=mm&r=g","caption":"US5"},"url":"https:\/\/veritasinfo.org\/?author=6"}]}},"featured_image_urls":{"full":["https:\/\/veritasinfo.org\/wp-content\/uploads\/2026\/02\/700696_asdasd.webp",900,506,false],"thumbnail":["https:\/\/veritasinfo.org\/wp-content\/uploads\/2026\/02\/700696_asdasd-150x150.webp",150,150,true],"medium":["https:\/\/veritasinfo.org\/wp-content\/uploads\/2026\/02\/700696_asdasd-300x169.webp",300,169,true],"medium_large":["https:\/\/veritasinfo.org\/wp-content\/uploads\/2026\/02\/700696_asdasd-768x432.webp",640,360,true],"large":["https:\/\/veritasinfo.org\/wp-content\/uploads\/2026\/02\/700696_asdasd.webp",640,360,false],"1536x1536":["https:\/\/veritasinfo.org\/wp-content\/uploads\/2026\/02\/700696_asdasd.webp",900,506,false],"2048x2048":["https:\/\/veritasinfo.org\/wp-content\/uploads\/2026\/02\/700696_asdasd.webp",900,506,false],"kreeti-slider-full":["https:\/\/veritasinfo.org\/wp-content\/uploads\/2026\/02\/700696_asdasd.webp",900,506,false],"kreeti-featured":["https:\/\/veritasinfo.org\/wp-content\/uploads\/2026\/02\/700696_asdasd.webp",900,506,false],"kreeti-medium":["https:\/\/veritasinfo.org\/wp-content\/uploads\/2026\/02\/700696_asdasd.webp",720,405,false],"kreeti-medium-square":["https:\/\/veritasinfo.org\/wp-content\/uploads\/2026\/02\/700696_asdasd.webp",350,197,false]},"author_info":{"info":["US5"]},"category_info":"<a href=\"https:\/\/veritasinfo.org\/?cat=30&#038;lang=sr\" rel=\"category\">Dru\u0161tvo<\/a>","tag_info":"Dru\u0161tvo","comment_count":"0","_links":{"self":[{"href":"https:\/\/veritasinfo.org\/index.php?rest_route=\/wp\/v2\/posts\/30266","targetHints":{"allow":["GET"]}}],"collection":[{"href":"https:\/\/veritasinfo.org\/index.php?rest_route=\/wp\/v2\/posts"}],"about":[{"href":"https:\/\/veritasinfo.org\/index.php?rest_route=\/wp\/v2\/types\/post"}],"author":[{"embeddable":true,"href":"https:\/\/veritasinfo.org\/index.php?rest_route=\/wp\/v2\/users\/6"}],"replies":[{"embeddable":true,"href":"https:\/\/veritasinfo.org\/index.php?rest_route=%2Fwp%2Fv2%2Fcomments&post=30266"}],"version-history":[{"count":1,"href":"https:\/\/veritasinfo.org\/index.php?rest_route=\/wp\/v2\/posts\/30266\/revisions"}],"predecessor-version":[{"id":30267,"href":"https:\/\/veritasinfo.org\/index.php?rest_route=\/wp\/v2\/posts\/30266\/revisions\/30267"}],"wp:featuredmedia":[{"embeddable":true,"href":"https:\/\/veritasinfo.org\/index.php?rest_route=\/wp\/v2\/media\/30264"}],"wp:attachment":[{"href":"https:\/\/veritasinfo.org\/index.php?rest_route=%2Fwp%2Fv2%2Fmedia&parent=30266"}],"wp:term":[{"taxonomy":"category","embeddable":true,"href":"https:\/\/veritasinfo.org\/index.php?rest_route=%2Fwp%2Fv2%2Fcategories&post=30266"},{"taxonomy":"post_tag","embeddable":true,"href":"https:\/\/veritasinfo.org\/index.php?rest_route=%2Fwp%2Fv2%2Ftags&post=30266"}],"curies":[{"name":"wp","href":"https:\/\/api.w.org\/{rel}","templated":true}]}}