{"id":30263,"date":"2026-02-02T17:45:39","date_gmt":"2026-02-02T16:45:39","guid":{"rendered":"https:\/\/veritasinfo.org\/?p=30263"},"modified":"2026-02-02T17:45:39","modified_gmt":"2026-02-02T16:45:39","slug":"denimi-i-alidemajt-per-krime-lufte-familjaret-e-viktimave-do-te-ankohen","status":"publish","type":"post","link":"https:\/\/veritasinfo.org\/?p=30263","title":{"rendered":"D\u00ebnimi i Alidemajt p\u00ebr krime lufte, familjar\u00ebt e viktimave do t\u00eb ankohen"},"content":{"rendered":"<p>Prishtin\u00eb 2 Shkurt 2026 17:44<\/p>\n<p>Familjar\u00ebt e viktimave t\u00eb masakr\u00ebs n\u00eb Izbic\u00eb, kan\u00eb reaguar pasi gjykata shqiptoi d\u00ebnim me 13 vjet burgim ndaj Muhamet Alidemajt, duke e cil\u00ebsuar si d\u00ebnim shum\u00eb i ul\u00ebt, derisa ka paralajm\u00ebruar se do t\u00eb ushtrojn\u00eb t\u00eb drejt\u00ebn e ankes\u00eb.<\/p>\n<p>Familjari Islam Dani ka th\u00ebn\u00eb se personalisht e ka par\u00eb e kam par\u00eb q\u00eb iu ka prir\u00eb serb\u00ebve p\u00ebr t\u00eb hyr\u00eb n\u00eb fshatin Izbic\u00eb t\u00eb Drenasit.Vendimi na duket shum\u00eb i ul\u00ebt, mir\u00ebpo gjykata ka marr\u00eb vendim edhe \u00e7ka kemi na me th\u00ebn\u00eb p\u00ebrtej gjykat\u00ebs. M\u00eb anku kemi me u anku, sa kemi me arrit q\u00ebllimin ton\u00eb, mbetet me u pa.. Kodi penal i Jugosllavis\u00eb e p\u00ebrcakton k\u00ebshtu, bie n\u00eb maksimum. Se p\u00ebr neve edhe 15 vjet normalisht q\u00eb \u00ebsht\u00eb pak\u2026 Un\u00eb personalisht nuk e kam par\u00eb q\u00eb e ka vrar\u00eb ask\u00ebnd. Un\u00eb e kam par\u00eb q\u00eb iu ka prir\u00eb serb\u00ebve me hy n\u00eb fshatin Izbic\u00eb. \u00c7ka s&#8217;e kam par\u00eb nuk mundem me than\u00eb q\u00eb e kam par\u00eb duke vrar\u00eb. Mir\u00ebpo at\u00eb dit\u00eb n\u00eb Izbic\u00eb nuk ka pasur dasm\u00eb, at\u00eb dit\u00eb jan\u00eb ndjer\u00eb krisma t\u00eb tenkave, topave, kallashave, pushk\u00ebve edhe jan\u00eb masakruar 137. Edhe dy her\u00eb mbasandaj na jan\u00eb vrar\u00eb ka dy-tremb\u00ebdhjet\u00eb. Edhe u djeg krejt fshati Izbic\u00eb, edhe u pla\u00e7kit. Jan\u00eb djeg dy t\u00eb paralizuar n\u00eb prokolica t\u00eb traktorit.  Nuk mundet me iu ik\u00eb ky prej p\u00ebrgjegj\u00ebsie, as s&#8217;mundet me th\u00ebn\u00eb q\u00eb s&#8217;kam qen\u00eb un\u00eb. Normalisht, familjet q\u00eb i kan\u00eb ndar\u00eb, grat\u00eb i kan\u00eb ndar\u00eb, iu ka shtir\u00eb thik\u00ebn n\u00eb fyt, i ka pla\u00e7kitur, i ka rrahur. Kan\u00eb d\u00ebshmuar k\u00ebto n\u00eb gjyq\u201d, tha Dani.<br \/>\nGjykata Themelore n\u00eb Prishtin\u00eb ka d\u00ebnuar sot me 13 vjet burgim, Muhamet Alidemajn, t\u00eb akuzuarin p\u00ebr krime lufte kund\u00ebr popullsis\u00eb civile gjat\u00eb 99-\u00ebs ne fshatin Izbic\u00eb.<\/p>\n<p>Lexo po ashtu<br \/>\nSipas aktakuz\u00ebs, Alidemaj kishte marr\u00eb pjes\u00eb bashk\u00eb me pjes\u00ebtar\u00eb t\u00eb forcave policore dhe ushtarake serbe n\u00eb vrasjen e civil\u00ebve shqiptar\u00eb n\u00eb masakr\u00ebn e Izbic\u00ebs q\u00eb kishte ndodhur n\u00eb mars 1999.N\u00eb k\u00ebt\u00eb masak\u00ebr ishin vrar\u00eb dhe masakruar 130 shqiptar\u00eb.<\/p>\n","protected":false},"excerpt":{"rendered":"<p>Prishtin\u00eb 2 Shkurt 2026 17:44 Familjar\u00ebt e viktimave t\u00eb masakr\u00ebs n\u00eb Izbic\u00eb, kan\u00eb reaguar pasi gjykata shqiptoi d\u00ebnim me 13 vjet burgim ndaj Muhamet Alidemajt,<\/p>\n","protected":false},"author":6,"featured_media":30264,"comment_status":"open","ping_status":"open","sticky":false,"template":"","format":"standard","meta":{"footnotes":""},"categories":[60],"tags":[],"class_list":["post-30263","post","type-post","status-publish","format-standard","has-post-thumbnail","hentry","category-shoqerore-sq"],"yoast_head":"<!-- This site is optimized with the Yoast SEO plugin v25.3.1 - https:\/\/yoast.com\/wordpress\/plugins\/seo\/ -->\n<title>D\u00ebnimi i Alidemajt p\u00ebr krime lufte, familjar\u00ebt e viktimave do t\u00eb ankohen -<\/title>\n<meta name=\"robots\" content=\"index, follow, max-snippet:-1, max-image-preview:large, max-video-preview:-1\" \/>\n<link rel=\"canonical\" href=\"https:\/\/veritasinfo.org\/?p=30263\" \/>\n<meta property=\"og:locale\" content=\"en_US\" \/>\n<meta property=\"og:type\" content=\"article\" \/>\n<meta property=\"og:title\" content=\"D\u00ebnimi i Alidemajt p\u00ebr krime lufte, familjar\u00ebt e viktimave do t\u00eb ankohen -\" \/>\n<meta property=\"og:description\" content=\"Prishtin\u00eb 2 Shkurt 2026 17:44 Familjar\u00ebt e viktimave t\u00eb masakr\u00ebs n\u00eb Izbic\u00eb, kan\u00eb reaguar pasi gjykata shqiptoi d\u00ebnim me 13 vjet burgim ndaj Muhamet Alidemajt,\" \/>\n<meta property=\"og:url\" content=\"https:\/\/veritasinfo.org\/?p=30263\" \/>\n<meta property=\"article:published_time\" content=\"2026-02-02T16:45:39+00:00\" \/>\n<meta property=\"og:image\" content=\"https:\/\/veritasinfo.org\/wp-content\/uploads\/2026\/02\/700696_asdasd.webp\" \/>\n\t<meta property=\"og:image:width\" content=\"900\" \/>\n\t<meta property=\"og:image:height\" content=\"506\" \/>\n\t<meta property=\"og:image:type\" content=\"image\/webp\" \/>\n<meta name=\"author\" content=\"US5\" \/>\n<meta name=\"twitter:card\" content=\"summary_large_image\" \/>\n<meta name=\"twitter:label1\" content=\"Written by\" \/>\n\t<meta name=\"twitter:data1\" content=\"US5\" \/>\n<script type=\"application\/ld+json\" class=\"yoast-schema-graph\">{\"@context\":\"https:\/\/schema.org\",\"@graph\":[{\"@type\":\"WebPage\",\"@id\":\"https:\/\/veritasinfo.org\/?p=30263\",\"url\":\"https:\/\/veritasinfo.org\/?p=30263\",\"name\":\"D\u00ebnimi i Alidemajt p\u00ebr krime lufte, familjar\u00ebt e viktimave do t\u00eb ankohen -\",\"isPartOf\":{\"@id\":\"https:\/\/veritasinfo.org\/#website\"},\"primaryImageOfPage\":{\"@id\":\"https:\/\/veritasinfo.org\/?p=30263#primaryimage\"},\"image\":{\"@id\":\"https:\/\/veritasinfo.org\/?p=30263#primaryimage\"},\"thumbnailUrl\":\"https:\/\/veritasinfo.org\/wp-content\/uploads\/2026\/02\/700696_asdasd.webp\",\"datePublished\":\"2026-02-02T16:45:39+00:00\",\"author\":{\"@id\":\"https:\/\/veritasinfo.org\/#\/schema\/person\/bc442336e35414d04494ab8fb45db4c6\"},\"breadcrumb\":{\"@id\":\"https:\/\/veritasinfo.org\/?p=30263#breadcrumb\"},\"inLanguage\":\"en-US\",\"potentialAction\":[{\"@type\":\"ReadAction\",\"target\":[\"https:\/\/veritasinfo.org\/?p=30263\"]}]},{\"@type\":\"ImageObject\",\"inLanguage\":\"en-US\",\"@id\":\"https:\/\/veritasinfo.org\/?p=30263#primaryimage\",\"url\":\"https:\/\/veritasinfo.org\/wp-content\/uploads\/2026\/02\/700696_asdasd.webp\",\"contentUrl\":\"https:\/\/veritasinfo.org\/wp-content\/uploads\/2026\/02\/700696_asdasd.webp\",\"width\":900,\"height\":506},{\"@type\":\"BreadcrumbList\",\"@id\":\"https:\/\/veritasinfo.org\/?p=30263#breadcrumb\",\"itemListElement\":[{\"@type\":\"ListItem\",\"position\":1,\"name\":\"Home\",\"item\":\"https:\/\/veritasinfo.org\/\"},{\"@type\":\"ListItem\",\"position\":2,\"name\":\"D\u00ebnimi i Alidemajt p\u00ebr krime lufte, familjar\u00ebt e viktimave do t\u00eb ankohen\"}]},{\"@type\":\"WebSite\",\"@id\":\"https:\/\/veritasinfo.org\/#website\",\"url\":\"https:\/\/veritasinfo.org\/\",\"name\":\"\",\"description\":\"\",\"potentialAction\":[{\"@type\":\"SearchAction\",\"target\":{\"@type\":\"EntryPoint\",\"urlTemplate\":\"https:\/\/veritasinfo.org\/?s={search_term_string}\"},\"query-input\":{\"@type\":\"PropertyValueSpecification\",\"valueRequired\":true,\"valueName\":\"search_term_string\"}}],\"inLanguage\":\"en-US\"},{\"@type\":\"Person\",\"@id\":\"https:\/\/veritasinfo.org\/#\/schema\/person\/bc442336e35414d04494ab8fb45db4c6\",\"name\":\"US5\",\"image\":{\"@type\":\"ImageObject\",\"inLanguage\":\"en-US\",\"@id\":\"https:\/\/veritasinfo.org\/#\/schema\/person\/image\/\",\"url\":\"https:\/\/secure.gravatar.com\/avatar\/16a61e7272a0c5d001121ebb9e60e925d5816e4ac1e443ed3e640d9a6ae55d0c?s=96&d=mm&r=g\",\"contentUrl\":\"https:\/\/secure.gravatar.com\/avatar\/16a61e7272a0c5d001121ebb9e60e925d5816e4ac1e443ed3e640d9a6ae55d0c?s=96&d=mm&r=g\",\"caption\":\"US5\"},\"url\":\"https:\/\/veritasinfo.org\/?author=6\"}]}<\/script>\n<!-- \/ Yoast SEO plugin. -->","yoast_head_json":{"title":"D\u00ebnimi i Alidemajt p\u00ebr krime lufte, familjar\u00ebt e viktimave do t\u00eb ankohen -","robots":{"index":"index","follow":"follow","max-snippet":"max-snippet:-1","max-image-preview":"max-image-preview:large","max-video-preview":"max-video-preview:-1"},"canonical":"https:\/\/veritasinfo.org\/?p=30263","og_locale":"en_US","og_type":"article","og_title":"D\u00ebnimi i Alidemajt p\u00ebr krime lufte, familjar\u00ebt e viktimave do t\u00eb ankohen -","og_description":"Prishtin\u00eb 2 Shkurt 2026 17:44 Familjar\u00ebt e viktimave t\u00eb masakr\u00ebs n\u00eb Izbic\u00eb, kan\u00eb reaguar pasi gjykata shqiptoi d\u00ebnim me 13 vjet burgim ndaj Muhamet Alidemajt,","og_url":"https:\/\/veritasinfo.org\/?p=30263","article_published_time":"2026-02-02T16:45:39+00:00","og_image":[{"width":900,"height":506,"url":"https:\/\/veritasinfo.org\/wp-content\/uploads\/2026\/02\/700696_asdasd.webp","type":"image\/webp"}],"author":"US5","twitter_card":"summary_large_image","twitter_misc":{"Written by":"US5"},"schema":{"@context":"https:\/\/schema.org","@graph":[{"@type":"WebPage","@id":"https:\/\/veritasinfo.org\/?p=30263","url":"https:\/\/veritasinfo.org\/?p=30263","name":"D\u00ebnimi i Alidemajt p\u00ebr krime lufte, familjar\u00ebt e viktimave do t\u00eb ankohen -","isPartOf":{"@id":"https:\/\/veritasinfo.org\/#website"},"primaryImageOfPage":{"@id":"https:\/\/veritasinfo.org\/?p=30263#primaryimage"},"image":{"@id":"https:\/\/veritasinfo.org\/?p=30263#primaryimage"},"thumbnailUrl":"https:\/\/veritasinfo.org\/wp-content\/uploads\/2026\/02\/700696_asdasd.webp","datePublished":"2026-02-02T16:45:39+00:00","author":{"@id":"https:\/\/veritasinfo.org\/#\/schema\/person\/bc442336e35414d04494ab8fb45db4c6"},"breadcrumb":{"@id":"https:\/\/veritasinfo.org\/?p=30263#breadcrumb"},"inLanguage":"en-US","potentialAction":[{"@type":"ReadAction","target":["https:\/\/veritasinfo.org\/?p=30263"]}]},{"@type":"ImageObject","inLanguage":"en-US","@id":"https:\/\/veritasinfo.org\/?p=30263#primaryimage","url":"https:\/\/veritasinfo.org\/wp-content\/uploads\/2026\/02\/700696_asdasd.webp","contentUrl":"https:\/\/veritasinfo.org\/wp-content\/uploads\/2026\/02\/700696_asdasd.webp","width":900,"height":506},{"@type":"BreadcrumbList","@id":"https:\/\/veritasinfo.org\/?p=30263#breadcrumb","itemListElement":[{"@type":"ListItem","position":1,"name":"Home","item":"https:\/\/veritasinfo.org\/"},{"@type":"ListItem","position":2,"name":"D\u00ebnimi i Alidemajt p\u00ebr krime lufte, familjar\u00ebt e viktimave do t\u00eb ankohen"}]},{"@type":"WebSite","@id":"https:\/\/veritasinfo.org\/#website","url":"https:\/\/veritasinfo.org\/","name":"","description":"","potentialAction":[{"@type":"SearchAction","target":{"@type":"EntryPoint","urlTemplate":"https:\/\/veritasinfo.org\/?s={search_term_string}"},"query-input":{"@type":"PropertyValueSpecification","valueRequired":true,"valueName":"search_term_string"}}],"inLanguage":"en-US"},{"@type":"Person","@id":"https:\/\/veritasinfo.org\/#\/schema\/person\/bc442336e35414d04494ab8fb45db4c6","name":"US5","image":{"@type":"ImageObject","inLanguage":"en-US","@id":"https:\/\/veritasinfo.org\/#\/schema\/person\/image\/","url":"https:\/\/secure.gravatar.com\/avatar\/16a61e7272a0c5d001121ebb9e60e925d5816e4ac1e443ed3e640d9a6ae55d0c?s=96&d=mm&r=g","contentUrl":"https:\/\/secure.gravatar.com\/avatar\/16a61e7272a0c5d001121ebb9e60e925d5816e4ac1e443ed3e640d9a6ae55d0c?s=96&d=mm&r=g","caption":"US5"},"url":"https:\/\/veritasinfo.org\/?author=6"}]}},"featured_image_urls":{"full":["https:\/\/veritasinfo.org\/wp-content\/uploads\/2026\/02\/700696_asdasd.webp",900,506,false],"thumbnail":["https:\/\/veritasinfo.org\/wp-content\/uploads\/2026\/02\/700696_asdasd-150x150.webp",150,150,true],"medium":["https:\/\/veritasinfo.org\/wp-content\/uploads\/2026\/02\/700696_asdasd-300x169.webp",300,169,true],"medium_large":["https:\/\/veritasinfo.org\/wp-content\/uploads\/2026\/02\/700696_asdasd-768x432.webp",640,360,true],"large":["https:\/\/veritasinfo.org\/wp-content\/uploads\/2026\/02\/700696_asdasd.webp",640,360,false],"1536x1536":["https:\/\/veritasinfo.org\/wp-content\/uploads\/2026\/02\/700696_asdasd.webp",900,506,false],"2048x2048":["https:\/\/veritasinfo.org\/wp-content\/uploads\/2026\/02\/700696_asdasd.webp",900,506,false],"kreeti-slider-full":["https:\/\/veritasinfo.org\/wp-content\/uploads\/2026\/02\/700696_asdasd.webp",900,506,false],"kreeti-featured":["https:\/\/veritasinfo.org\/wp-content\/uploads\/2026\/02\/700696_asdasd.webp",900,506,false],"kreeti-medium":["https:\/\/veritasinfo.org\/wp-content\/uploads\/2026\/02\/700696_asdasd.webp",720,405,false],"kreeti-medium-square":["https:\/\/veritasinfo.org\/wp-content\/uploads\/2026\/02\/700696_asdasd.webp",350,197,false]},"author_info":{"info":["US5"]},"category_info":"<a href=\"https:\/\/veritasinfo.org\/?cat=60\" rel=\"category\">Shoq\u00ebrore<\/a>","tag_info":"Shoq\u00ebrore","comment_count":"0","_links":{"self":[{"href":"https:\/\/veritasinfo.org\/index.php?rest_route=\/wp\/v2\/posts\/30263","targetHints":{"allow":["GET"]}}],"collection":[{"href":"https:\/\/veritasinfo.org\/index.php?rest_route=\/wp\/v2\/posts"}],"about":[{"href":"https:\/\/veritasinfo.org\/index.php?rest_route=\/wp\/v2\/types\/post"}],"author":[{"embeddable":true,"href":"https:\/\/veritasinfo.org\/index.php?rest_route=\/wp\/v2\/users\/6"}],"replies":[{"embeddable":true,"href":"https:\/\/veritasinfo.org\/index.php?rest_route=%2Fwp%2Fv2%2Fcomments&post=30263"}],"version-history":[{"count":1,"href":"https:\/\/veritasinfo.org\/index.php?rest_route=\/wp\/v2\/posts\/30263\/revisions"}],"predecessor-version":[{"id":30265,"href":"https:\/\/veritasinfo.org\/index.php?rest_route=\/wp\/v2\/posts\/30263\/revisions\/30265"}],"wp:featuredmedia":[{"embeddable":true,"href":"https:\/\/veritasinfo.org\/index.php?rest_route=\/wp\/v2\/media\/30264"}],"wp:attachment":[{"href":"https:\/\/veritasinfo.org\/index.php?rest_route=%2Fwp%2Fv2%2Fmedia&parent=30263"}],"wp:term":[{"taxonomy":"category","embeddable":true,"href":"https:\/\/veritasinfo.org\/index.php?rest_route=%2Fwp%2Fv2%2Fcategories&post=30263"},{"taxonomy":"post_tag","embeddable":true,"href":"https:\/\/veritasinfo.org\/index.php?rest_route=%2Fwp%2Fv2%2Ftags&post=30263"}],"curies":[{"name":"wp","href":"https:\/\/api.w.org\/{rel}","templated":true}]}}