{"id":30250,"date":"2026-02-02T15:41:03","date_gmt":"2026-02-02T14:41:03","guid":{"rendered":"https:\/\/veritasinfo.org\/?p=30250"},"modified":"2026-02-02T15:41:45","modified_gmt":"2026-02-02T14:41:45","slug":"viktimat-rrefejne-torturat-qe-ua-shkaktoi-gardianja-e-burgut-te-lipjanit","status":"publish","type":"post","link":"https:\/\/veritasinfo.org\/?p=30250","title":{"rendered":"Viktimat rr\u00ebfejn\u00eb torturat q\u00eb ua shkaktoi gardianja e burgut t\u00eb Lipjanit"},"content":{"rendered":"<p>Prishtin\u00eb 2 Shkurt 2026 15:39<\/p>\n<p>N\u00eb Gjykat\u00ebn Themelore n\u00eb Prishtin\u00eb, viktimat e s\u00eb akuzuar\u00ebs Nadica Cepkenovi\u0107 kan\u00eb rr\u00ebfyer p\u00ebr media pas seanc\u00ebs s\u00eb par\u00eb gjyq\u00ebsore, duke p\u00ebrshkruar dhun\u00eb sistematike, tortura fizike e psikike dhe kushte \u00e7njer\u00ebzore gjat\u00eb koh\u00ebs sa ishin t\u00eb burgosura n\u00eb paralelen p\u00ebr femra n\u00eb Lipjan n\u00eb vitet e luft\u00ebs.<\/p>\n<p>D\u00ebshmit\u00eb u dhan\u00eb pasi Cepkenovi\u0107, e cila akuzohet p\u00ebr krime lufte kund\u00ebr popullat\u00ebs civile, u deklarua e pafajshme n\u00eb seanc\u00ebn fillestare, nd\u00ebrsa viktimat than\u00eb se ballafaqimi pas m\u00eb shum\u00eb se dy dekadash ka rikthyer kujtime t\u00eb r\u00ebnda dhe traumatike.<\/p>\n<p>Jehona Krasniqi-Morina tha se p\u00ebrballja n\u00eb sall\u00ebn e gjyqit ishte e r\u00ebnd\u00eb emocionalisht.<\/p>\n<p>\u201cMe t\u00eb me kujtohen gjithmon\u00eb ve\u00e7 ngjarjet e k\u00ebqija, t\u00eb hidhura, dhun\u00eb sistematike t\u00eb vazhdueshme, qysh nga arrestimi deri n\u00eb dit\u00ebn e lirimit ton\u00eb. Momenti q\u00eb u ballafaquam pas gati tri dekadash n\u00eb gjykat\u00eb, nuk solli emocione t\u00eb mira, kuptohet. Ka qen\u00eb e dhunshme, shum\u00eb e dhunshme. Ka pasur presion psikik t\u00eb jasht\u00ebzakonsh\u00ebm, n\u00eb m\u00ebnyr\u00eb t\u00eb pand\u00ebrprer\u00eb, me t\u00eb gjitha t\u00eb burgosurat. Nuk ishte e vetmja. Jan\u00eb edhe disa t\u00eb tjera q\u00eb u p\u00ebrmend\u00ebn prej gardian\u00ebve dhe n\u00eb k\u00ebt\u00eb akuz\u00eb\u201d, tha ajo.<\/p>\n<p>Ajo shtoi se, sipas saj, p\u00ebrgjegj\u00ebsia duhet t\u00eb shtrihet te t\u00eb gjith\u00eb t\u00eb p\u00ebrfshir\u00ebt.<\/p>\n<p>\u201cP\u00ebr t\u2019u v\u00ebn\u00eb drejt\u00ebsia n\u00eb vend, duhet t\u00eb jen\u00eb t\u00eb gjitha sepse kan\u00eb qen\u00eb bashk\u00ebfajtore n\u00eb dhun\u00ebn sistematike, presionin shum\u00eb t\u00eb madh psikik e fizik, deri n\u00eb alivanosjes q\u00eb tha dhe prokurori i rastit. Mir\u00ebpo kjo \u00ebsht\u00eb nj\u00eb pik\u00eb kthese p\u00ebr ne, sepse pas dy dekadash e sa, \u00ebsht\u00eb nj\u00eb shenj\u00eb pozitive q\u00eb drejt\u00ebsia \u00eb, po don ta v\u00ebn\u00eb n\u00eb pah dhun\u00ebn e dikujt q\u00eb me t\u00eb v\u00ebrtet\u00eb ka b\u00ebr\u00eb presion t\u00eb jasht\u00ebzakonsh\u00ebm. Ai \u00ebsht\u00eb quajtur burg, po, mund t\u00eb krahasohet lirisht me kampet e nazizmit, se \u00e7far\u00eb kan\u00eb b\u00ebr\u00eb me t\u00eb burgosurit shqiptar\u00eb, pa dallim gjinie, si te femrat ashtu si te meshkujt. Por ne po flasim sot n\u00eb cil\u00ebsin\u00eb e viktimave femra, n\u00eb burgun e Lipjanit. Dhuna ka qen\u00eb e jasht\u00ebzakonshme, madje ndoshta nuk kemi mujt prej asaj q\u00eb ndjejm\u00eb brenda, ndoshta edhe me sqaru shum\u00eb, shum\u00eb n\u00eb detaje p\u00ebr shkak t\u00eb rrethanave q\u00eb mund t\u00eb preken s\u00ebrish familjet tona, mund t\u00eb preken familjar\u00ebt tan\u00eb, mund t\u00eb preken sot f\u00ebmij\u00ebt t\u00eb cil\u00ebt i kemi. Ne at\u00eb koh\u00eb kemi qen\u00eb 20-vje\u00e7are, 21-vje\u00e7are. D\u00ebgjoni, ka pasur forma m\u00eb \u00e7njer\u00ebzore t\u00eb mundshme karshi t\u00eb burgosurave shqiptare n\u00eb vitet e luft\u00ebs sa ishim\u201d, tha ajo.<\/p>\n<p>Edhe e mbijetuara tjet\u00ebr Mevlyde Saraqi tha se ishte arrestuar n\u00eb korrik t\u00eb vitit 1998 dhe se torturat kishin qen\u00eb t\u00eb vazhdueshme.<\/p>\n<p>\u201cT\u00eb gjitha ato q\u00eb ishim k\u00ebtu jemi viktima t\u00eb asaj kohe. Un\u00eb jam burgosur me 27 korrik t\u00eb vitit 1998 dhe pik\u00ebrisht nga kjo dhe shoqet e saj jemi torturuar 24 or\u00eb me zero. Torturat kan\u00eb qen\u00eb nga m\u00eb t\u00eb ndryshmet. Merreni me mend kur me konventa nd\u00ebrkomb\u00ebtare garantohet t\u00eb folurit e gjuh\u00ebs amtare, ne e kemi pasur t\u00eb ndaluar. Vet\u00ebm ajrin kemi mund ta thithim brenda dhom\u00ebs 6 metra katror\u00eb, asgj\u00eb tjet\u00ebr. E kemi pasur t\u00eb ndaluara vizitat, e kemi pasur t\u00eb ndaluara ushqimet. E kemi pasur t\u00eb ndaluar komunikimin me nj\u00ebra-tjetr\u00ebn. E kemi pasur t\u00eb ndaluar daljen p\u00ebr nevoja fiziologjike q\u00eb ka qen\u00eb e kurzuar p\u00ebr 16 or\u00eb n\u00eb dit\u00eb. Pastaj kemi pasur ato kampet e mesjet\u00ebs, q\u00eb e them, e them me zem\u00ebr t\u00eb plasur, sepse ne sikur nuk kemi jetuar n\u00eb Kosov\u00eb at\u00eb koh\u00eb. Ai ka qen\u00eb vet\u00ebm burg fizik n\u00eb Kosov\u00eb, sepse ka qen\u00eb burg hetues, burg i r\u00ebnd\u00eb, me t\u00eb gjitha k\u00ebto kriminele si soji i k\u00ebsaj sot.<\/p>\n<p>Paraqitjen e saj n\u00eb sall\u00ebn e gjyqit, Saraqi e p\u00ebrshkroi me at\u00eb t\u00eb burgut, duke e quajtur kriminele.<\/p>\n<p>\u201cPo me at\u00eb shikim q\u00eb \u00ebsht\u00eb futur atje dhe sot ka hyr\u00eb n\u00eb sall\u00eb, me at\u00eb injoranc\u00ebn e vet, me at\u00eb fytyr\u00ebn e krimineles, me at\u00eb fytyr\u00ebn e shpirtzezes, na ka shikuar t\u00eb gjitha me radh\u00eb. Dhe p\u00ebr mua \u00ebsht\u00eb nj\u00eb dit\u00eb e fitores sot, p\u00ebr faktin se ajo sot ndodhet n\u00eb pozit\u00ebn q\u00eb kemi qen\u00eb ne, por m\u00eb vjen keq q\u00eb ne paguajm\u00eb taksa, edhe ju gazetar\u00ebt dhe t\u00eb gjith\u00eb qytetar\u00ebt e Kosov\u00ebs, q\u00eb ajo t\u00eb ushqehet me taksat tona. Nj\u00eb kriminele e till\u00eb duhet t\u00eb d\u00ebnohet, t\u00eb d\u00ebnohen edhe ato t\u00eb tjera munges\u00eb, q\u00eb n\u00eb m\u00ebnyr\u00eb, p\u00ebr neve, grave e vajzave q\u00eb jemi burgosur n\u00eb rrethana t\u00eb jasht\u00ebzakonshme, q\u00eb kemi punuar p\u00ebr liri dhe pavar\u00ebsi t\u00eb Kosov\u00ebs, q\u00eb na kan\u00eb d\u00ebmtuar edhe gjymtyr\u00ebt, na kan\u00eb d\u00ebmtuar psikikisht, moralisht, na kan\u00eb p\u00ebrulur, na kan\u00eb shar\u00eb kombin, na kan\u00eb shar\u00eb ushtrin\u00eb \u00e7lirimtare t\u00eb Kosov\u00ebs, na kan\u00eb shar\u00eb n\u00ebnat shqiptare, djepin e f\u00ebmij\u00ebve shqiptar\u00eb dhe gjith\u00e7ka tjet\u00ebr\u201d, tha ajo.<\/p>\n<p>Ajo mes tjerash tha se n\u00eb cdo moment prisnin se cila nga to do t\u00eb vritet.<\/p>\n<p>\u201cNe nuk e kemi ditur kurr\u00eb hapet dera dhe cila prej neve do t\u00eb p\u00ebrfundoj\u00eb n\u00eb vrasje. Ne nuk kemi pasur orar t\u00eb jemi t\u00eb qeta, t\u00eb mendojm\u00eb shqip. Na kan\u00eb detyruar t\u00eb mendojm\u00eb gjuh\u00ebn e kriminelet. Ne kemi dal\u00eb n\u00eb sh\u00ebtitje t\u00eb p\u00ebrgjuara, me duar t\u00eb lidhura mbrapa dhe kur jemi kthyer prej sh\u00ebtitjes, lloj-lloj provokimesh kemi pasur. E mos t\u00eb flasim p\u00ebr rrahje, q\u00eb jan\u00eb rrahur disa nga koleget tona q\u00eb kan\u00eb qen\u00eb n\u00eb burg, klithmat e tyre, tmerri, dhuna q\u00eb \u00ebsht\u00eb d\u00ebgjuar, neve nuk na ka l\u00ebn\u00eb t\u00eb qet\u00eb\u201d, tha ajo.Edhe viktima tjet\u00ebr Zahrije Podrim\u00e7aku Subashi tha se gjat\u00eb q\u00ebndrimit n\u00eb burg ishte p\u00ebrballur vazhdimisht me tortura dhe presion ekstrem, duke theksuar nj\u00eb rast t\u00eb ve\u00e7ant\u00eb kur, sipas saj, ishte d\u00ebrguar n\u00eb nj\u00eb bodrum dhe ishte k\u00ebrc\u00ebnuar p\u00ebr jet\u00eb.<\/p>\n<p>\u201cJam arrestuar me 8 Qershor, \u201998-\u00ebn. Jam d\u00ebnuar 4 vite. I kam mbajt 3 vite burg.<\/p>\n<p>Kjo ka qen\u00eb nj\u00eb nd\u00ebr gardian\u00ebt, t\u00eb gjitha jan\u00eb sjell\u00eb keq, n\u00eb m\u00ebnyr\u00ebn ma t\u00eb tmerrshme, po kjo ka qen\u00eb ma kriminelja. E mbaj mend q\u00eb p\u00ebr \u00e7do muaj rregullisht, m\u00eb ka torturu, kurr pa ndal. Gjat\u00eb bombardimeve p\u00ebr \u00e7do dit\u00eb. E l\u00ebshojke magnetofonin me z\u00eb t\u00eb lart\u00eb, p\u00ebr mos me u ni brima. Edhe ka p\u00ebrdor dhun\u00eb t\u00eb vazhdueshme ndaj meje. Kam qen\u00eb prej femrave ma t\u00eb torturume n\u00eb burgjet serbe. Edhe fizikisht edhe psiqikisht\u201d, tha ajo.<\/p>\n<p>Ajo deklaroi se gjat\u00eb torturave ishte v\u00ebn\u00eb n\u00ebn presion q\u00eb t\u00eb shkelte fotografin\u00eb e Hashim Tha\u00e7it, duke treguar se kishte refuzuar edhe pse ishte k\u00ebrc\u00ebnuar r\u00ebnd\u00eb.<\/p>\n<p>Ajo tha se e akuzuara kishte hedhur fotografin\u00eb n\u00eb tok\u00eb dhe kishte tentuar ta detyronte ta shkelte. \u201c\u00cbsht\u00eb mundu me m\u2019shti me shkel fotografin\u00eb e Hashim Tha\u00e7it edhe nuk e kam shkel\u201d.<\/p>\n<p>\u201cSa q\u00eb kjo m\u00eb ka \u00e7u n\u00eb podrum, ka qen\u00eb nj\u00eb dhom\u00eb podrum me mjete lloj lloj makina t\u00eb ndryshme. Edhe m\u00eb ka than\u00eb, tha: \u201cKy \u00ebsht\u00eb vendi\u201d, tha \u201cKu i kemi gri shqiptar\u00ebt\u201d, tha \u201cEdhe ti n\u00ebp\u00ebr k\u00ebto ma\u00e7a sot ki me d\u00ebpertu\u201d.<\/p>\n<p>Edhe m\u00eb ka gju qysh m\u00eb ka ba nana e ka qit fotografin\u00eb e Hashim Thacit n\u00eb tok\u00eb, edhe m\u00eb kan\u00eb torturu sa kan\u00eb mujt. Deri sa s\u2019kam mujt me i p\u00ebrballu. \u00cbsht\u00eb mundu me m\u2019shti me shkel fotografin\u00eb e Hashim Thacit, edhe nuk e kam shkel. N\u00eb fund i kam than\u00eb: \u201cNxirre revolen vram, se nuk e shkeli se \u00ebsht\u00eb v\u00ebllai jem\u201d. Edhe e kom marr\u00eb fotografin\u00eb prej toke, e kam qit n\u00eb gjoks. Masandej u ka kthy kjo, iu ka kthy koleges vet, Sllogjana Arsiqit, edhe i ka than\u00eb tha: \u201cKjo \u00ebsht\u00eb kok\u00ebfort\u00eb\u201d, serbisht, tha \u201cleje\u201d, tha \u201ck\u00ebt\u00eb budallic\u00eb\u201d, tha \u201cse s\u2019pranon\u201d, tha \u201cve\u00e7 me mbyt\u201d\u201d, tha ajo.<\/p>\n<p>N\u00eb Gjykat\u00ebn Themelore n\u00eb Prishtin\u00eb \u00ebsht\u00eb mbajtur t\u00eb h\u00ebn\u00ebn seanca fillestare ndaj t\u00eb akuzuar\u00ebs Nadica Cepkenovi\u0107, e cila \u00ebsht\u00eb deklaruar e pafajshme p\u00ebr aktakuz\u00ebn e ngritur ndaj saj p\u00ebr krime lufte kund\u00ebr popullat\u00ebs civile.<\/p>\n<p>\u201cNuk jam fajtore\u201d, tha ajo gjat\u00eb seanc\u00ebs.<\/p>\n<p>Sipas aktakuz\u00ebs, CEPKENOVI\u0106, e lindur m\u00eb 8 janar 1963 n\u00eb Shkup dhe me vendbanim n\u00eb Pozharevac, gjat\u00eb luft\u00ebs n\u00eb Kosov\u00eb n\u00eb vitet 1998\u20131999, n\u00eb cil\u00ebsin\u00eb e ish-gardianes n\u00eb Burgun e Prishtin\u00ebs \u2013 paralelja p\u00ebr femra n\u00eb Lipjan, n\u00eb bashk\u00ebkryerje me Ljiljana SELI\u0106, Danica LUKI\u0106, Sladjana ARSI\u0106 dhe Biljana STOLI\u0106, dyshohet se ka shkelur rregullat e s\u00eb drejt\u00ebs nd\u00ebrkomb\u00ebtare duke maltretuar n\u00eb m\u00ebnyr\u00eb sistematike t\u00eb burgosurat shqiptare.<\/p>\n<p>N\u00eb aktakuz\u00eb p\u00ebrshkruhet se t\u00eb pandehurat dyshohet se i kan\u00eb torturuar viktimat n\u00eb m\u00ebnyr\u00eb \u00e7njer\u00ebzore me mjete t\u00eb ndryshme, p\u00ebrfshir\u00eb shkopinj gome, shqelma dhe grushte deri n\u00eb alivanosje, duke u shkaktuar l\u00ebndime trupore. Po ashtu, thuhet se ato kan\u00eb ushtruar dhun\u00eb psikike, kan\u00eb k\u00ebrc\u00ebnuar seriozisht p\u00ebr jet\u00eb dhe se, si pasoj\u00eb e rrahjeve t\u00eb vazhdueshme, viktimat kan\u00eb p\u00ebsuar ankth e frik\u00eb, nd\u00ebrsa u \u00ebsht\u00eb cenuar r\u00ebnd\u00eb dinjiteti njer\u00ebzor, pasoja q\u00eb sipas aktakuz\u00ebs vazhdojn\u00eb t\u2019i bartin edhe sot.<\/p>\n","protected":false},"excerpt":{"rendered":"<p>Prishtin\u00eb 2 Shkurt 2026 15:39 N\u00eb Gjykat\u00ebn Themelore n\u00eb Prishtin\u00eb, viktimat e s\u00eb akuzuar\u00ebs Nadica Cepkenovi\u0107 kan\u00eb rr\u00ebfyer p\u00ebr media pas seanc\u00ebs s\u00eb par\u00eb gjyq\u00ebsore,<\/p>\n","protected":false},"author":6,"featured_media":30251,"comment_status":"open","ping_status":"open","sticky":false,"template":"","format":"standard","meta":{"footnotes":""},"categories":[60],"tags":[],"class_list":["post-30250","post","type-post","status-publish","format-standard","has-post-thumbnail","hentry","category-shoqerore-sq"],"yoast_head":"<!-- This site is optimized with the Yoast SEO plugin v25.3.1 - https:\/\/yoast.com\/wordpress\/plugins\/seo\/ -->\n<title>Viktimat rr\u00ebfejn\u00eb torturat q\u00eb ua shkaktoi gardianja e burgut t\u00eb Lipjanit -<\/title>\n<meta name=\"robots\" content=\"index, follow, max-snippet:-1, max-image-preview:large, max-video-preview:-1\" \/>\n<link rel=\"canonical\" href=\"https:\/\/veritasinfo.org\/?p=30250\" \/>\n<meta property=\"og:locale\" content=\"en_US\" \/>\n<meta property=\"og:type\" content=\"article\" \/>\n<meta property=\"og:title\" content=\"Viktimat rr\u00ebfejn\u00eb torturat q\u00eb ua shkaktoi gardianja e burgut t\u00eb Lipjanit -\" \/>\n<meta property=\"og:description\" content=\"Prishtin\u00eb 2 Shkurt 2026 15:39 N\u00eb Gjykat\u00ebn Themelore n\u00eb Prishtin\u00eb, viktimat e s\u00eb akuzuar\u00ebs Nadica Cepkenovi\u0107 kan\u00eb rr\u00ebfyer p\u00ebr media pas seanc\u00ebs s\u00eb par\u00eb gjyq\u00ebsore,\" \/>\n<meta property=\"og:url\" content=\"https:\/\/veritasinfo.org\/?p=30250\" \/>\n<meta property=\"article:published_time\" content=\"2026-02-02T14:41:03+00:00\" \/>\n<meta property=\"article:modified_time\" content=\"2026-02-02T14:41:45+00:00\" \/>\n<meta property=\"og:image\" content=\"https:\/\/veritasinfo.org\/wp-content\/uploads\/2026\/02\/gaardianja-1536x1152-1.jpg\" \/>\n\t<meta property=\"og:image:width\" content=\"1536\" \/>\n\t<meta property=\"og:image:height\" content=\"1152\" \/>\n\t<meta property=\"og:image:type\" content=\"image\/jpeg\" \/>\n<meta name=\"author\" content=\"US5\" \/>\n<meta name=\"twitter:card\" content=\"summary_large_image\" \/>\n<meta name=\"twitter:label1\" content=\"Written by\" \/>\n\t<meta name=\"twitter:data1\" content=\"US5\" \/>\n\t<meta name=\"twitter:label2\" content=\"Est. reading time\" \/>\n\t<meta name=\"twitter:data2\" content=\"7 minutes\" \/>\n<script type=\"application\/ld+json\" class=\"yoast-schema-graph\">{\"@context\":\"https:\/\/schema.org\",\"@graph\":[{\"@type\":\"WebPage\",\"@id\":\"https:\/\/veritasinfo.org\/?p=30250\",\"url\":\"https:\/\/veritasinfo.org\/?p=30250\",\"name\":\"Viktimat rr\u00ebfejn\u00eb torturat q\u00eb ua shkaktoi gardianja e burgut t\u00eb Lipjanit -\",\"isPartOf\":{\"@id\":\"https:\/\/veritasinfo.org\/#website\"},\"primaryImageOfPage\":{\"@id\":\"https:\/\/veritasinfo.org\/?p=30250#primaryimage\"},\"image\":{\"@id\":\"https:\/\/veritasinfo.org\/?p=30250#primaryimage\"},\"thumbnailUrl\":\"https:\/\/veritasinfo.org\/wp-content\/uploads\/2026\/02\/gaardianja-1536x1152-1.jpg\",\"datePublished\":\"2026-02-02T14:41:03+00:00\",\"dateModified\":\"2026-02-02T14:41:45+00:00\",\"author\":{\"@id\":\"https:\/\/veritasinfo.org\/#\/schema\/person\/bc442336e35414d04494ab8fb45db4c6\"},\"breadcrumb\":{\"@id\":\"https:\/\/veritasinfo.org\/?p=30250#breadcrumb\"},\"inLanguage\":\"en-US\",\"potentialAction\":[{\"@type\":\"ReadAction\",\"target\":[\"https:\/\/veritasinfo.org\/?p=30250\"]}]},{\"@type\":\"ImageObject\",\"inLanguage\":\"en-US\",\"@id\":\"https:\/\/veritasinfo.org\/?p=30250#primaryimage\",\"url\":\"https:\/\/veritasinfo.org\/wp-content\/uploads\/2026\/02\/gaardianja-1536x1152-1.jpg\",\"contentUrl\":\"https:\/\/veritasinfo.org\/wp-content\/uploads\/2026\/02\/gaardianja-1536x1152-1.jpg\",\"width\":1536,\"height\":1152},{\"@type\":\"BreadcrumbList\",\"@id\":\"https:\/\/veritasinfo.org\/?p=30250#breadcrumb\",\"itemListElement\":[{\"@type\":\"ListItem\",\"position\":1,\"name\":\"Home\",\"item\":\"https:\/\/veritasinfo.org\/\"},{\"@type\":\"ListItem\",\"position\":2,\"name\":\"Viktimat rr\u00ebfejn\u00eb torturat q\u00eb ua shkaktoi gardianja e burgut t\u00eb Lipjanit\"}]},{\"@type\":\"WebSite\",\"@id\":\"https:\/\/veritasinfo.org\/#website\",\"url\":\"https:\/\/veritasinfo.org\/\",\"name\":\"\",\"description\":\"\",\"potentialAction\":[{\"@type\":\"SearchAction\",\"target\":{\"@type\":\"EntryPoint\",\"urlTemplate\":\"https:\/\/veritasinfo.org\/?s={search_term_string}\"},\"query-input\":{\"@type\":\"PropertyValueSpecification\",\"valueRequired\":true,\"valueName\":\"search_term_string\"}}],\"inLanguage\":\"en-US\"},{\"@type\":\"Person\",\"@id\":\"https:\/\/veritasinfo.org\/#\/schema\/person\/bc442336e35414d04494ab8fb45db4c6\",\"name\":\"US5\",\"image\":{\"@type\":\"ImageObject\",\"inLanguage\":\"en-US\",\"@id\":\"https:\/\/veritasinfo.org\/#\/schema\/person\/image\/\",\"url\":\"https:\/\/secure.gravatar.com\/avatar\/16a61e7272a0c5d001121ebb9e60e925d5816e4ac1e443ed3e640d9a6ae55d0c?s=96&d=mm&r=g\",\"contentUrl\":\"https:\/\/secure.gravatar.com\/avatar\/16a61e7272a0c5d001121ebb9e60e925d5816e4ac1e443ed3e640d9a6ae55d0c?s=96&d=mm&r=g\",\"caption\":\"US5\"},\"url\":\"https:\/\/veritasinfo.org\/?author=6\"}]}<\/script>\n<!-- \/ Yoast SEO plugin. -->","yoast_head_json":{"title":"Viktimat rr\u00ebfejn\u00eb torturat q\u00eb ua shkaktoi gardianja e burgut t\u00eb Lipjanit -","robots":{"index":"index","follow":"follow","max-snippet":"max-snippet:-1","max-image-preview":"max-image-preview:large","max-video-preview":"max-video-preview:-1"},"canonical":"https:\/\/veritasinfo.org\/?p=30250","og_locale":"en_US","og_type":"article","og_title":"Viktimat rr\u00ebfejn\u00eb torturat q\u00eb ua shkaktoi gardianja e burgut t\u00eb Lipjanit -","og_description":"Prishtin\u00eb 2 Shkurt 2026 15:39 N\u00eb Gjykat\u00ebn Themelore n\u00eb Prishtin\u00eb, viktimat e s\u00eb akuzuar\u00ebs Nadica Cepkenovi\u0107 kan\u00eb rr\u00ebfyer p\u00ebr media pas seanc\u00ebs s\u00eb par\u00eb gjyq\u00ebsore,","og_url":"https:\/\/veritasinfo.org\/?p=30250","article_published_time":"2026-02-02T14:41:03+00:00","article_modified_time":"2026-02-02T14:41:45+00:00","og_image":[{"width":1536,"height":1152,"url":"https:\/\/veritasinfo.org\/wp-content\/uploads\/2026\/02\/gaardianja-1536x1152-1.jpg","type":"image\/jpeg"}],"author":"US5","twitter_card":"summary_large_image","twitter_misc":{"Written by":"US5","Est. reading time":"7 minutes"},"schema":{"@context":"https:\/\/schema.org","@graph":[{"@type":"WebPage","@id":"https:\/\/veritasinfo.org\/?p=30250","url":"https:\/\/veritasinfo.org\/?p=30250","name":"Viktimat rr\u00ebfejn\u00eb torturat q\u00eb ua shkaktoi gardianja e burgut t\u00eb Lipjanit -","isPartOf":{"@id":"https:\/\/veritasinfo.org\/#website"},"primaryImageOfPage":{"@id":"https:\/\/veritasinfo.org\/?p=30250#primaryimage"},"image":{"@id":"https:\/\/veritasinfo.org\/?p=30250#primaryimage"},"thumbnailUrl":"https:\/\/veritasinfo.org\/wp-content\/uploads\/2026\/02\/gaardianja-1536x1152-1.jpg","datePublished":"2026-02-02T14:41:03+00:00","dateModified":"2026-02-02T14:41:45+00:00","author":{"@id":"https:\/\/veritasinfo.org\/#\/schema\/person\/bc442336e35414d04494ab8fb45db4c6"},"breadcrumb":{"@id":"https:\/\/veritasinfo.org\/?p=30250#breadcrumb"},"inLanguage":"en-US","potentialAction":[{"@type":"ReadAction","target":["https:\/\/veritasinfo.org\/?p=30250"]}]},{"@type":"ImageObject","inLanguage":"en-US","@id":"https:\/\/veritasinfo.org\/?p=30250#primaryimage","url":"https:\/\/veritasinfo.org\/wp-content\/uploads\/2026\/02\/gaardianja-1536x1152-1.jpg","contentUrl":"https:\/\/veritasinfo.org\/wp-content\/uploads\/2026\/02\/gaardianja-1536x1152-1.jpg","width":1536,"height":1152},{"@type":"BreadcrumbList","@id":"https:\/\/veritasinfo.org\/?p=30250#breadcrumb","itemListElement":[{"@type":"ListItem","position":1,"name":"Home","item":"https:\/\/veritasinfo.org\/"},{"@type":"ListItem","position":2,"name":"Viktimat rr\u00ebfejn\u00eb torturat q\u00eb ua shkaktoi gardianja e burgut t\u00eb Lipjanit"}]},{"@type":"WebSite","@id":"https:\/\/veritasinfo.org\/#website","url":"https:\/\/veritasinfo.org\/","name":"","description":"","potentialAction":[{"@type":"SearchAction","target":{"@type":"EntryPoint","urlTemplate":"https:\/\/veritasinfo.org\/?s={search_term_string}"},"query-input":{"@type":"PropertyValueSpecification","valueRequired":true,"valueName":"search_term_string"}}],"inLanguage":"en-US"},{"@type":"Person","@id":"https:\/\/veritasinfo.org\/#\/schema\/person\/bc442336e35414d04494ab8fb45db4c6","name":"US5","image":{"@type":"ImageObject","inLanguage":"en-US","@id":"https:\/\/veritasinfo.org\/#\/schema\/person\/image\/","url":"https:\/\/secure.gravatar.com\/avatar\/16a61e7272a0c5d001121ebb9e60e925d5816e4ac1e443ed3e640d9a6ae55d0c?s=96&d=mm&r=g","contentUrl":"https:\/\/secure.gravatar.com\/avatar\/16a61e7272a0c5d001121ebb9e60e925d5816e4ac1e443ed3e640d9a6ae55d0c?s=96&d=mm&r=g","caption":"US5"},"url":"https:\/\/veritasinfo.org\/?author=6"}]}},"featured_image_urls":{"full":["https:\/\/veritasinfo.org\/wp-content\/uploads\/2026\/02\/gaardianja-1536x1152-1.jpg",1536,1152,false],"thumbnail":["https:\/\/veritasinfo.org\/wp-content\/uploads\/2026\/02\/gaardianja-1536x1152-1-150x150.jpg",150,150,true],"medium":["https:\/\/veritasinfo.org\/wp-content\/uploads\/2026\/02\/gaardianja-1536x1152-1-300x225.jpg",300,225,true],"medium_large":["https:\/\/veritasinfo.org\/wp-content\/uploads\/2026\/02\/gaardianja-1536x1152-1-768x576.jpg",640,480,true],"large":["https:\/\/veritasinfo.org\/wp-content\/uploads\/2026\/02\/gaardianja-1536x1152-1-1024x768.jpg",640,480,true],"1536x1536":["https:\/\/veritasinfo.org\/wp-content\/uploads\/2026\/02\/gaardianja-1536x1152-1.jpg",1536,1152,false],"2048x2048":["https:\/\/veritasinfo.org\/wp-content\/uploads\/2026\/02\/gaardianja-1536x1152-1.jpg",1536,1152,false],"kreeti-slider-full":["https:\/\/veritasinfo.org\/wp-content\/uploads\/2026\/02\/gaardianja-1536x1152-1.jpg",960,720,false],"kreeti-featured":["https:\/\/veritasinfo.org\/wp-content\/uploads\/2026\/02\/gaardianja-1536x1152-1.jpg",1024,768,false],"kreeti-medium":["https:\/\/veritasinfo.org\/wp-content\/uploads\/2026\/02\/gaardianja-1536x1152-1.jpg",707,530,false],"kreeti-medium-square":["https:\/\/veritasinfo.org\/wp-content\/uploads\/2026\/02\/gaardianja-1536x1152-1.jpg",350,263,false]},"author_info":{"info":["US5"]},"category_info":"<a href=\"https:\/\/veritasinfo.org\/?cat=60\" rel=\"category\">Shoq\u00ebrore<\/a>","tag_info":"Shoq\u00ebrore","comment_count":"0","_links":{"self":[{"href":"https:\/\/veritasinfo.org\/index.php?rest_route=\/wp\/v2\/posts\/30250","targetHints":{"allow":["GET"]}}],"collection":[{"href":"https:\/\/veritasinfo.org\/index.php?rest_route=\/wp\/v2\/posts"}],"about":[{"href":"https:\/\/veritasinfo.org\/index.php?rest_route=\/wp\/v2\/types\/post"}],"author":[{"embeddable":true,"href":"https:\/\/veritasinfo.org\/index.php?rest_route=\/wp\/v2\/users\/6"}],"replies":[{"embeddable":true,"href":"https:\/\/veritasinfo.org\/index.php?rest_route=%2Fwp%2Fv2%2Fcomments&post=30250"}],"version-history":[{"count":2,"href":"https:\/\/veritasinfo.org\/index.php?rest_route=\/wp\/v2\/posts\/30250\/revisions"}],"predecessor-version":[{"id":30253,"href":"https:\/\/veritasinfo.org\/index.php?rest_route=\/wp\/v2\/posts\/30250\/revisions\/30253"}],"wp:featuredmedia":[{"embeddable":true,"href":"https:\/\/veritasinfo.org\/index.php?rest_route=\/wp\/v2\/media\/30251"}],"wp:attachment":[{"href":"https:\/\/veritasinfo.org\/index.php?rest_route=%2Fwp%2Fv2%2Fmedia&parent=30250"}],"wp:term":[{"taxonomy":"category","embeddable":true,"href":"https:\/\/veritasinfo.org\/index.php?rest_route=%2Fwp%2Fv2%2Fcategories&post=30250"},{"taxonomy":"post_tag","embeddable":true,"href":"https:\/\/veritasinfo.org\/index.php?rest_route=%2Fwp%2Fv2%2Ftags&post=30250"}],"curies":[{"name":"wp","href":"https:\/\/api.w.org\/{rel}","templated":true}]}}