{"id":30235,"date":"2026-02-02T15:05:15","date_gmt":"2026-02-02T14:05:15","guid":{"rendered":"https:\/\/veritasinfo.org\/?p=30235"},"modified":"2026-02-02T15:05:15","modified_gmt":"2026-02-02T14:05:15","slug":"kryeprokurori-dhe-dy-drejtues-te-larte-nisin-nje-vizite-zyrtare-ne-washington","status":"publish","type":"post","link":"https:\/\/veritasinfo.org\/?p=30235","title":{"rendered":"Kryeprokurori dhe dy drejtues t\u00eb lart\u00eb nisin nj\u00eb vizit\u00eb zyrtare, n\u00eb Washington"},"content":{"rendered":"<p>Prishtin\u00eb 2 Shkurt 2026 15:04<\/p>\n<p>Kryeprokurori i Prokuroris\u00eb Speciale t\u00eb Republik\u00ebs s\u00eb Kosov\u00ebs, z. Blerim Isufaj, drejtori i p\u00ebrgjithsh\u00ebm i Sekretariatit t\u00eb K\u00ebshillit Prokurorial t\u00eb Kosov\u00ebs, z. Sami Istrefi dhe prokurori special, z. Naim Abazi, me ftes\u00eb t\u00eb institucioneve t\u00eb Shteteve t\u00eb Bashkuara t\u00eb Amerik\u00ebs, nisin nj\u00eb vizit\u00eb zyrtare n\u00eb Washington, ku do t\u00eb marrin pjes\u00eb n\u00eb aktivitete zyrtare dhe do t\u00eb zhvillojn\u00eb takime t\u00eb r\u00ebnd\u00ebsishme.<\/p>\n<p>Gjat\u00eb q\u00ebndrimit t\u00eb tyre n\u00eb SHBA, do t\u00eb marrin pjes\u00eb n\u00eb ceremonit\u00eb e organizuara me rastin e Lutjeve t\u00eb M\u00ebngjesit (National Prayer Breakfast), nj\u00eb ngjarje tradicionale me karakter institucional dhe nd\u00ebrkomb\u00ebtar, e cila mbledh p\u00ebrfaq\u00ebsues t\u00eb lart\u00eb t\u00eb institucioneve shtet\u00ebrore nga vende t\u00eb ndryshme.<\/p>\n<p>N\u00eb kuad\u00ebr t\u00eb k\u00ebsaj vizite zyrtare, p\u00ebrfaq\u00ebsuesit e sistemit prokurorial t\u00eb Republik\u00ebs s\u00eb Kosov\u00ebs do t\u00eb zhvillojn\u00eb takime me zyrtar\u00eb t\u00eb lart\u00eb amerikan\u00eb, ku pritet t\u00eb diskutohen mund\u00ebsit\u00eb p\u00ebr avancimin e bashk\u00ebpunimit profesional dhe krijimin e partneriteteve nd\u00ebrshtet\u00ebrore, n\u00eb funksion t\u00eb rritjes s\u00eb efikasitetit n\u00eb ushtrimin e detyrave dhe kompetencave p\u00ebrkat\u00ebse, si dhe forcimin e sundimit t\u00eb ligjit n\u00eb Republik\u00ebn e Kosov\u00ebs.<\/p>\n","protected":false},"excerpt":{"rendered":"<p>Prishtin\u00eb 2 Shkurt 2026 15:04 Kryeprokurori i Prokuroris\u00eb Speciale t\u00eb Republik\u00ebs s\u00eb Kosov\u00ebs, z. Blerim Isufaj, drejtori i p\u00ebrgjithsh\u00ebm i Sekretariatit t\u00eb K\u00ebshillit Prokurorial t\u00eb<\/p>\n","protected":false},"author":6,"featured_media":30236,"comment_status":"open","ping_status":"open","sticky":false,"template":"","format":"standard","meta":{"footnotes":""},"categories":[60],"tags":[],"class_list":["post-30235","post","type-post","status-publish","format-standard","has-post-thumbnail","hentry","category-shoqerore-sq"],"yoast_head":"<!-- This site is optimized with the Yoast SEO plugin v25.3.1 - https:\/\/yoast.com\/wordpress\/plugins\/seo\/ -->\n<title>Kryeprokurori dhe dy drejtues t\u00eb lart\u00eb nisin nj\u00eb vizit\u00eb zyrtare, n\u00eb Washington -<\/title>\n<meta name=\"robots\" content=\"index, follow, max-snippet:-1, max-image-preview:large, max-video-preview:-1\" \/>\n<link rel=\"canonical\" href=\"https:\/\/veritasinfo.org\/?p=30235\" \/>\n<meta property=\"og:locale\" content=\"en_US\" \/>\n<meta property=\"og:type\" content=\"article\" \/>\n<meta property=\"og:title\" content=\"Kryeprokurori dhe dy drejtues t\u00eb lart\u00eb nisin nj\u00eb vizit\u00eb zyrtare, n\u00eb Washington -\" \/>\n<meta property=\"og:description\" content=\"Prishtin\u00eb 2 Shkurt 2026 15:04 Kryeprokurori i Prokuroris\u00eb Speciale t\u00eb Republik\u00ebs s\u00eb Kosov\u00ebs, z. Blerim Isufaj, drejtori i p\u00ebrgjithsh\u00ebm i Sekretariatit t\u00eb K\u00ebshillit Prokurorial t\u00eb\" \/>\n<meta property=\"og:url\" content=\"https:\/\/veritasinfo.org\/?p=30235\" \/>\n<meta property=\"article:published_time\" content=\"2026-02-02T14:05:15+00:00\" \/>\n<meta property=\"og:image\" content=\"https:\/\/veritasinfo.org\/wp-content\/uploads\/2026\/02\/Screenshot-2026-02-02-142551.png\" \/>\n\t<meta property=\"og:image:width\" content=\"580\" \/>\n\t<meta property=\"og:image:height\" content=\"484\" \/>\n\t<meta property=\"og:image:type\" content=\"image\/png\" \/>\n<meta name=\"author\" content=\"US5\" \/>\n<meta name=\"twitter:card\" content=\"summary_large_image\" \/>\n<meta name=\"twitter:label1\" content=\"Written by\" \/>\n\t<meta name=\"twitter:data1\" content=\"US5\" \/>\n<script type=\"application\/ld+json\" class=\"yoast-schema-graph\">{\"@context\":\"https:\/\/schema.org\",\"@graph\":[{\"@type\":\"WebPage\",\"@id\":\"https:\/\/veritasinfo.org\/?p=30235\",\"url\":\"https:\/\/veritasinfo.org\/?p=30235\",\"name\":\"Kryeprokurori dhe dy drejtues t\u00eb lart\u00eb nisin nj\u00eb vizit\u00eb zyrtare, n\u00eb Washington -\",\"isPartOf\":{\"@id\":\"https:\/\/veritasinfo.org\/#website\"},\"primaryImageOfPage\":{\"@id\":\"https:\/\/veritasinfo.org\/?p=30235#primaryimage\"},\"image\":{\"@id\":\"https:\/\/veritasinfo.org\/?p=30235#primaryimage\"},\"thumbnailUrl\":\"https:\/\/veritasinfo.org\/wp-content\/uploads\/2026\/02\/Screenshot-2026-02-02-142551.png\",\"datePublished\":\"2026-02-02T14:05:15+00:00\",\"author\":{\"@id\":\"https:\/\/veritasinfo.org\/#\/schema\/person\/bc442336e35414d04494ab8fb45db4c6\"},\"breadcrumb\":{\"@id\":\"https:\/\/veritasinfo.org\/?p=30235#breadcrumb\"},\"inLanguage\":\"en-US\",\"potentialAction\":[{\"@type\":\"ReadAction\",\"target\":[\"https:\/\/veritasinfo.org\/?p=30235\"]}]},{\"@type\":\"ImageObject\",\"inLanguage\":\"en-US\",\"@id\":\"https:\/\/veritasinfo.org\/?p=30235#primaryimage\",\"url\":\"https:\/\/veritasinfo.org\/wp-content\/uploads\/2026\/02\/Screenshot-2026-02-02-142551.png\",\"contentUrl\":\"https:\/\/veritasinfo.org\/wp-content\/uploads\/2026\/02\/Screenshot-2026-02-02-142551.png\",\"width\":580,\"height\":484},{\"@type\":\"BreadcrumbList\",\"@id\":\"https:\/\/veritasinfo.org\/?p=30235#breadcrumb\",\"itemListElement\":[{\"@type\":\"ListItem\",\"position\":1,\"name\":\"Home\",\"item\":\"https:\/\/veritasinfo.org\/\"},{\"@type\":\"ListItem\",\"position\":2,\"name\":\"Kryeprokurori dhe dy drejtues t\u00eb lart\u00eb nisin nj\u00eb vizit\u00eb zyrtare, n\u00eb Washington\"}]},{\"@type\":\"WebSite\",\"@id\":\"https:\/\/veritasinfo.org\/#website\",\"url\":\"https:\/\/veritasinfo.org\/\",\"name\":\"\",\"description\":\"\",\"potentialAction\":[{\"@type\":\"SearchAction\",\"target\":{\"@type\":\"EntryPoint\",\"urlTemplate\":\"https:\/\/veritasinfo.org\/?s={search_term_string}\"},\"query-input\":{\"@type\":\"PropertyValueSpecification\",\"valueRequired\":true,\"valueName\":\"search_term_string\"}}],\"inLanguage\":\"en-US\"},{\"@type\":\"Person\",\"@id\":\"https:\/\/veritasinfo.org\/#\/schema\/person\/bc442336e35414d04494ab8fb45db4c6\",\"name\":\"US5\",\"image\":{\"@type\":\"ImageObject\",\"inLanguage\":\"en-US\",\"@id\":\"https:\/\/veritasinfo.org\/#\/schema\/person\/image\/\",\"url\":\"https:\/\/secure.gravatar.com\/avatar\/16a61e7272a0c5d001121ebb9e60e925d5816e4ac1e443ed3e640d9a6ae55d0c?s=96&d=mm&r=g\",\"contentUrl\":\"https:\/\/secure.gravatar.com\/avatar\/16a61e7272a0c5d001121ebb9e60e925d5816e4ac1e443ed3e640d9a6ae55d0c?s=96&d=mm&r=g\",\"caption\":\"US5\"},\"url\":\"https:\/\/veritasinfo.org\/?author=6\"}]}<\/script>\n<!-- \/ Yoast SEO plugin. -->","yoast_head_json":{"title":"Kryeprokurori dhe dy drejtues t\u00eb lart\u00eb nisin nj\u00eb vizit\u00eb zyrtare, n\u00eb Washington -","robots":{"index":"index","follow":"follow","max-snippet":"max-snippet:-1","max-image-preview":"max-image-preview:large","max-video-preview":"max-video-preview:-1"},"canonical":"https:\/\/veritasinfo.org\/?p=30235","og_locale":"en_US","og_type":"article","og_title":"Kryeprokurori dhe dy drejtues t\u00eb lart\u00eb nisin nj\u00eb vizit\u00eb zyrtare, n\u00eb Washington -","og_description":"Prishtin\u00eb 2 Shkurt 2026 15:04 Kryeprokurori i Prokuroris\u00eb Speciale t\u00eb Republik\u00ebs s\u00eb Kosov\u00ebs, z. Blerim Isufaj, drejtori i p\u00ebrgjithsh\u00ebm i Sekretariatit t\u00eb K\u00ebshillit Prokurorial t\u00eb","og_url":"https:\/\/veritasinfo.org\/?p=30235","article_published_time":"2026-02-02T14:05:15+00:00","og_image":[{"width":580,"height":484,"url":"https:\/\/veritasinfo.org\/wp-content\/uploads\/2026\/02\/Screenshot-2026-02-02-142551.png","type":"image\/png"}],"author":"US5","twitter_card":"summary_large_image","twitter_misc":{"Written by":"US5"},"schema":{"@context":"https:\/\/schema.org","@graph":[{"@type":"WebPage","@id":"https:\/\/veritasinfo.org\/?p=30235","url":"https:\/\/veritasinfo.org\/?p=30235","name":"Kryeprokurori dhe dy drejtues t\u00eb lart\u00eb nisin nj\u00eb vizit\u00eb zyrtare, n\u00eb Washington -","isPartOf":{"@id":"https:\/\/veritasinfo.org\/#website"},"primaryImageOfPage":{"@id":"https:\/\/veritasinfo.org\/?p=30235#primaryimage"},"image":{"@id":"https:\/\/veritasinfo.org\/?p=30235#primaryimage"},"thumbnailUrl":"https:\/\/veritasinfo.org\/wp-content\/uploads\/2026\/02\/Screenshot-2026-02-02-142551.png","datePublished":"2026-02-02T14:05:15+00:00","author":{"@id":"https:\/\/veritasinfo.org\/#\/schema\/person\/bc442336e35414d04494ab8fb45db4c6"},"breadcrumb":{"@id":"https:\/\/veritasinfo.org\/?p=30235#breadcrumb"},"inLanguage":"en-US","potentialAction":[{"@type":"ReadAction","target":["https:\/\/veritasinfo.org\/?p=30235"]}]},{"@type":"ImageObject","inLanguage":"en-US","@id":"https:\/\/veritasinfo.org\/?p=30235#primaryimage","url":"https:\/\/veritasinfo.org\/wp-content\/uploads\/2026\/02\/Screenshot-2026-02-02-142551.png","contentUrl":"https:\/\/veritasinfo.org\/wp-content\/uploads\/2026\/02\/Screenshot-2026-02-02-142551.png","width":580,"height":484},{"@type":"BreadcrumbList","@id":"https:\/\/veritasinfo.org\/?p=30235#breadcrumb","itemListElement":[{"@type":"ListItem","position":1,"name":"Home","item":"https:\/\/veritasinfo.org\/"},{"@type":"ListItem","position":2,"name":"Kryeprokurori dhe dy drejtues t\u00eb lart\u00eb nisin nj\u00eb vizit\u00eb zyrtare, n\u00eb Washington"}]},{"@type":"WebSite","@id":"https:\/\/veritasinfo.org\/#website","url":"https:\/\/veritasinfo.org\/","name":"","description":"","potentialAction":[{"@type":"SearchAction","target":{"@type":"EntryPoint","urlTemplate":"https:\/\/veritasinfo.org\/?s={search_term_string}"},"query-input":{"@type":"PropertyValueSpecification","valueRequired":true,"valueName":"search_term_string"}}],"inLanguage":"en-US"},{"@type":"Person","@id":"https:\/\/veritasinfo.org\/#\/schema\/person\/bc442336e35414d04494ab8fb45db4c6","name":"US5","image":{"@type":"ImageObject","inLanguage":"en-US","@id":"https:\/\/veritasinfo.org\/#\/schema\/person\/image\/","url":"https:\/\/secure.gravatar.com\/avatar\/16a61e7272a0c5d001121ebb9e60e925d5816e4ac1e443ed3e640d9a6ae55d0c?s=96&d=mm&r=g","contentUrl":"https:\/\/secure.gravatar.com\/avatar\/16a61e7272a0c5d001121ebb9e60e925d5816e4ac1e443ed3e640d9a6ae55d0c?s=96&d=mm&r=g","caption":"US5"},"url":"https:\/\/veritasinfo.org\/?author=6"}]}},"featured_image_urls":{"full":["https:\/\/veritasinfo.org\/wp-content\/uploads\/2026\/02\/Screenshot-2026-02-02-142551.png",580,484,false],"thumbnail":["https:\/\/veritasinfo.org\/wp-content\/uploads\/2026\/02\/Screenshot-2026-02-02-142551-150x150.png",150,150,true],"medium":["https:\/\/veritasinfo.org\/wp-content\/uploads\/2026\/02\/Screenshot-2026-02-02-142551-300x250.png",300,250,true],"medium_large":["https:\/\/veritasinfo.org\/wp-content\/uploads\/2026\/02\/Screenshot-2026-02-02-142551.png",580,484,false],"large":["https:\/\/veritasinfo.org\/wp-content\/uploads\/2026\/02\/Screenshot-2026-02-02-142551.png",580,484,false],"1536x1536":["https:\/\/veritasinfo.org\/wp-content\/uploads\/2026\/02\/Screenshot-2026-02-02-142551.png",580,484,false],"2048x2048":["https:\/\/veritasinfo.org\/wp-content\/uploads\/2026\/02\/Screenshot-2026-02-02-142551.png",580,484,false],"kreeti-slider-full":["https:\/\/veritasinfo.org\/wp-content\/uploads\/2026\/02\/Screenshot-2026-02-02-142551.png",580,484,false],"kreeti-featured":["https:\/\/veritasinfo.org\/wp-content\/uploads\/2026\/02\/Screenshot-2026-02-02-142551.png",580,484,false],"kreeti-medium":["https:\/\/veritasinfo.org\/wp-content\/uploads\/2026\/02\/Screenshot-2026-02-02-142551.png",580,484,false],"kreeti-medium-square":["https:\/\/veritasinfo.org\/wp-content\/uploads\/2026\/02\/Screenshot-2026-02-02-142551.png",350,292,false]},"author_info":{"info":["US5"]},"category_info":"<a href=\"https:\/\/veritasinfo.org\/?cat=60\" rel=\"category\">Shoq\u00ebrore<\/a>","tag_info":"Shoq\u00ebrore","comment_count":"0","_links":{"self":[{"href":"https:\/\/veritasinfo.org\/index.php?rest_route=\/wp\/v2\/posts\/30235","targetHints":{"allow":["GET"]}}],"collection":[{"href":"https:\/\/veritasinfo.org\/index.php?rest_route=\/wp\/v2\/posts"}],"about":[{"href":"https:\/\/veritasinfo.org\/index.php?rest_route=\/wp\/v2\/types\/post"}],"author":[{"embeddable":true,"href":"https:\/\/veritasinfo.org\/index.php?rest_route=\/wp\/v2\/users\/6"}],"replies":[{"embeddable":true,"href":"https:\/\/veritasinfo.org\/index.php?rest_route=%2Fwp%2Fv2%2Fcomments&post=30235"}],"version-history":[{"count":1,"href":"https:\/\/veritasinfo.org\/index.php?rest_route=\/wp\/v2\/posts\/30235\/revisions"}],"predecessor-version":[{"id":30237,"href":"https:\/\/veritasinfo.org\/index.php?rest_route=\/wp\/v2\/posts\/30235\/revisions\/30237"}],"wp:featuredmedia":[{"embeddable":true,"href":"https:\/\/veritasinfo.org\/index.php?rest_route=\/wp\/v2\/media\/30236"}],"wp:attachment":[{"href":"https:\/\/veritasinfo.org\/index.php?rest_route=%2Fwp%2Fv2%2Fmedia&parent=30235"}],"wp:term":[{"taxonomy":"category","embeddable":true,"href":"https:\/\/veritasinfo.org\/index.php?rest_route=%2Fwp%2Fv2%2Fcategories&post=30235"},{"taxonomy":"post_tag","embeddable":true,"href":"https:\/\/veritasinfo.org\/index.php?rest_route=%2Fwp%2Fv2%2Ftags&post=30235"}],"curies":[{"name":"wp","href":"https:\/\/api.w.org\/{rel}","templated":true}]}}