{"id":30230,"date":"2026-02-02T14:22:46","date_gmt":"2026-02-02T13:22:46","guid":{"rendered":"https:\/\/veritasinfo.org\/?p=30230"},"modified":"2026-02-02T15:32:25","modified_gmt":"2026-02-02T14:32:25","slug":"deklarohet-e-pafajshme-ish-gardiania-e-burgut-te-lipjanit-qe-akuzohet-per-krime-lufte","status":"publish","type":"post","link":"https:\/\/veritasinfo.org\/?p=30230","title":{"rendered":"Deklarohet e pafajshme ish-gardiania e burgut t\u00eb Lipjanit q\u00eb akuzohet p\u00ebr krime lufte"},"content":{"rendered":"<p>Prishtin\u00eb 2 Shkurt 2026 14:22<\/p>\n<p>\u00cbsht\u00eb deklaruar e pafajshme e akuzuara Nadica Cvetkoviq lidhur me akuz\u00ebn se n\u00eb cil\u00ebsin\u00eb e gardianes n\u00eb Burgun e Prishtin\u00ebs dhe paralelen n\u00eb Lipjan ka kryer krime lufte.<\/p>\n<p>Deklarimin rreth faj\u00ebsis\u00eb e ka b\u00ebr\u00eb, pasi prokurori special Atdhe Dema e ka lexuar akuz\u00ebn me t\u00eb cil\u00ebn e akuzuara ngarkohet.<\/p>\n<p>N\u00eb aktakuz\u00ebn e siguruar nga KOHA thuhet se Cvetkoviq bashk\u00eb me kat\u00ebr zyrtare t\u00eb tjera t\u00eb burgut, i kan\u00eb keqtrajtuar t\u00eb burgosurat deri n\u00eb alivanosje.<\/p>\n<p>\u201c&#8230; duke vepruar me dashje dhe duke shkelur rregullat e t\u00eb drejt\u00ebs nd\u00ebrkomb\u00ebtare gjat\u00eb konfliktit t\u00eb armatosur, p\u00ebrkat\u00ebsisht koh\u00ebs s\u00eb luft\u00ebs, gjat\u00eb gjith\u00eb k\u00ebsaj periudhe kohore n\u00eb m\u00ebnyr\u00eb sistematike i kishin maltretuar t\u00eb burgosurat shqiptare, duke i torturuar n\u00eb m\u00ebnyr\u00eb \u00e7njer\u00ebzore me mjete t\u00eb ndryshme si shkop gome, shqelma e grushte, deri n\u00eb alivanosje, duke u shkaktuar l\u00ebndime trupore, ashtu si\u00e7 e shpjegojn\u00eb vet viktimat, se pas k\u00ebtyre rrahjeve kishin pasur dhimbje t\u00eb m\u00ebdha n\u00eb gjith\u00eb trupin, dhun\u00eb psikike, i kan\u00eb kanosur seriozisht p\u00ebr jet\u00eb e si pasoj\u00eb e k\u00ebsaj dhe rrahjeve t\u00eb vazhdueshme kan\u00eb p\u00ebsuar gjendje ankthi dhe frik\u00eb, \u00ebsht\u00eb cenuar r\u00ebnd dinjiteti njer\u00ebzor pasoja t\u00eb cilat i bartin edhe m\u00eb tej viktimat, veprime k\u00ebto t\u00eb sanksionuara sipas ligjeve vendore, zakoneve t\u00eb luft\u00ebs dhe Konventave Nd\u00ebrkomb\u00ebtare t\u00eb Gjenev\u00ebs dhe Protokolleve Shtes\u00eb\u201d, thuhet n\u00eb aktakuz\u00eb.<\/p>\n<p>N\u00eb aktakuz\u00eb jan\u00eb p\u00ebrfshit\u00eb edhe deklaratat e t\u00eb d\u00ebmtuarave. <\/p>\n<p>Nd\u00ebr to \u00ebsht\u00eb edhe Flora Brovina. Ajo thuhet n\u00eb procesverbalin p\u00ebr identifikimin e t\u00eb dyshuarit t\u00eb dat\u00ebs 25\/07\/2024, e ka identifikuar t\u00eb pandehur\u00ebn Cvetkoviq. <\/p>\n<p>\u201cGjat\u00eb q\u00ebndrimit n\u00eb burgun p\u00ebr femra n\u00eb Lipjan t\u00eb gjitha gardianet serbe e kishin rrahur pasi q\u00eb i detyronin t\u00eb thoshin \u2018Rr\u00ebnoft\u00eb Serbia\u2019 dhe e d\u00ebmtuara nuk mundte t\u00eb b\u00ebrtiste e pas k\u00ebsaj e godisnin me shufra. Nd\u00ebr gardianet q\u00eb e kishin rrahur kishin qen\u00eb Pipi, Bili dhe mund\u00eb t\u00eb thot\u00eb se t\u00eb gjitha gardianet serbe e kishin rrahur e maltretuar at\u00eb dhe t\u00eb gjitha t\u00eb burgosurat tjera shqiptare\u201d, thuhet n\u00eb pjes\u00ebn p\u00ebr deklarat\u00ebn e Brtovin\u00ebs. <\/p>\n<p>Torturat nga e akuzuara i ka p\u00ebrshkruar n\u00eb deklarat\u00eb edhe e d\u00ebmtuara Zahrie Podrimqaku.<\/p>\n<p>\u201cTutje deklaron se Nadica e kishte maltretuar fizikisht deri n\u00eb alivanosje duke e goditur me pendrek (shuf\u00ebr gome), n\u00eb pjes\u00ebn e belit rreth veshkave. Tutje, deklaron p\u00ebr kushtet \u00e7njer\u00ebzore n\u00eb dhomat e burgut, duke treguar se kishte qen\u00eb e mbajtur n\u00eb disa dhoma s\u00eb bashku m\u00eb t\u00eb burgosurat tjera, disa prej t\u00eb cilave ishin torturuar r\u00ebnd\u00eb\u201d, thuhet n\u00eb aktakuz\u00eb.<\/p>\n<p>Pas torturave e d\u00ebmtuara Behare Kryeziu, ka th\u00ebn\u00eb se e kishin d\u00ebrguar n\u00eb nj\u00eb dhom\u00eb me Podrimqakun, e cila thuhet se ishte n\u00eb gjendje t\u00eb r\u00ebnd\u00eb sh\u00ebndet\u00ebsore pas torturave t\u00eb p\u00ebrjetuara.<\/p>\n<p>Kryeziu citohet t\u00eb ket\u00eb th\u00ebn\u00eb se at\u00eb e kan\u00eb rrahur vet\u00ebm pse n\u00eb sh\u00ebtitoren e burgut kishte komunikuar m\u00eb t\u00eb burgosur\u00ebn tjet\u00ebr, Leonora Morina, duke e pyetur n\u00ebse kishte cigare.<\/p>\n<p>\u201cTutje me sa i kujtohej ishte muaji qershor kur n\u00eb sh\u00ebtitoren e burgut me gjeste kishte komunikuar me Leonoren, duke e pyetur se a kishte cigare, ku k\u00ebt\u00eb komunikim e kishin v\u00ebrejtur gardianet Suzana dhe Nadica Cvetkoviq dhe si shkak i k\u00ebtij komunikimi, Nadica e kishte rrahur me pendrek (shuf\u00ebr gome) duke e goditur n\u00eb shpin\u00eb, kofsh\u00eb dhe k\u00ebmb\u00eb, duke i shkaktuar l\u00ebndime t\u00eb r\u00ebnda, rrahje kjo q\u00eb kishte zgjatur rreth 3-4 minuta. Gjat\u00eb koh\u00ebs sa Nadica e rrihte at\u00eb, ajo komunikonte me gardianet tjera q\u00eb ishin duke i rrahur t\u00eb burgosurat tjera duke i th\u00ebn\u00eb nj\u00ebra-tjetr\u00ebs se nuk po i rrahin sa duhet, ku n\u00eb t\u00eb nj\u00ebjt\u00ebn koh\u00eb Suzana me nj\u00eb gardiane tjet\u00ebr e rrihnin Leonoren\u201d, thuhet n\u00eb aktakuz\u00eb.<\/p>\n<p>M\u00eb 16 janar PSRK-ja ngriti aktakuz\u00eb kund\u00ebr Nadica Cvetkoviq p\u00ebr vepr\u00ebn penale \u201cKrime lufte kund\u00ebr popullat\u00ebs civile\u201d.<\/p>\n","protected":false},"excerpt":{"rendered":"<p>Prishtin\u00eb 2 Shkurt 2026 14:22 \u00cbsht\u00eb deklaruar e pafajshme e akuzuara Nadica Cvetkoviq lidhur me akuz\u00ebn se n\u00eb cil\u00ebsin\u00eb e gardianes n\u00eb Burgun e Prishtin\u00ebs<\/p>\n","protected":false},"author":6,"featured_media":30231,"comment_status":"open","ping_status":"open","sticky":false,"template":"","format":"standard","meta":{"footnotes":""},"categories":[60],"tags":[],"class_list":["post-30230","post","type-post","status-publish","format-standard","has-post-thumbnail","hentry","category-shoqerore-sq"],"yoast_head":"<!-- This site is optimized with the Yoast SEO plugin v25.3.1 - https:\/\/yoast.com\/wordpress\/plugins\/seo\/ -->\n<title>Deklarohet e pafajshme ish-gardiania e burgut t\u00eb Lipjanit q\u00eb akuzohet p\u00ebr krime lufte -<\/title>\n<meta name=\"robots\" content=\"index, follow, max-snippet:-1, max-image-preview:large, max-video-preview:-1\" \/>\n<link rel=\"canonical\" href=\"https:\/\/veritasinfo.org\/?p=30230\" \/>\n<meta property=\"og:locale\" content=\"en_US\" \/>\n<meta property=\"og:type\" content=\"article\" \/>\n<meta property=\"og:title\" content=\"Deklarohet e pafajshme ish-gardiania e burgut t\u00eb Lipjanit q\u00eb akuzohet p\u00ebr krime lufte -\" \/>\n<meta property=\"og:description\" content=\"Prishtin\u00eb 2 Shkurt 2026 14:22 \u00cbsht\u00eb deklaruar e pafajshme e akuzuara Nadica Cvetkoviq lidhur me akuz\u00ebn se n\u00eb cil\u00ebsin\u00eb e gardianes n\u00eb Burgun e Prishtin\u00ebs\" \/>\n<meta property=\"og:url\" content=\"https:\/\/veritasinfo.org\/?p=30230\" \/>\n<meta property=\"article:published_time\" content=\"2026-02-02T13:22:46+00:00\" \/>\n<meta property=\"article:modified_time\" content=\"2026-02-02T14:32:25+00:00\" \/>\n<meta property=\"og:image\" content=\"https:\/\/veritasinfo.org\/wp-content\/uploads\/2026\/02\/0da0ea5c-c8e4-4d13-804d-904291da981e.webp\" \/>\n\t<meta property=\"og:image:width\" content=\"1260\" \/>\n\t<meta property=\"og:image:height\" content=\"712\" \/>\n\t<meta property=\"og:image:type\" content=\"image\/webp\" \/>\n<meta name=\"author\" content=\"US5\" \/>\n<meta name=\"twitter:card\" content=\"summary_large_image\" \/>\n<meta name=\"twitter:label1\" content=\"Written by\" \/>\n\t<meta name=\"twitter:data1\" content=\"US5\" \/>\n\t<meta name=\"twitter:label2\" content=\"Est. reading time\" \/>\n\t<meta name=\"twitter:data2\" content=\"1 minute\" \/>\n<script type=\"application\/ld+json\" class=\"yoast-schema-graph\">{\"@context\":\"https:\/\/schema.org\",\"@graph\":[{\"@type\":\"WebPage\",\"@id\":\"https:\/\/veritasinfo.org\/?p=30230\",\"url\":\"https:\/\/veritasinfo.org\/?p=30230\",\"name\":\"Deklarohet e pafajshme ish-gardiania e burgut t\u00eb Lipjanit q\u00eb akuzohet p\u00ebr krime lufte -\",\"isPartOf\":{\"@id\":\"https:\/\/veritasinfo.org\/#website\"},\"primaryImageOfPage\":{\"@id\":\"https:\/\/veritasinfo.org\/?p=30230#primaryimage\"},\"image\":{\"@id\":\"https:\/\/veritasinfo.org\/?p=30230#primaryimage\"},\"thumbnailUrl\":\"https:\/\/veritasinfo.org\/wp-content\/uploads\/2026\/02\/0da0ea5c-c8e4-4d13-804d-904291da981e.webp\",\"datePublished\":\"2026-02-02T13:22:46+00:00\",\"dateModified\":\"2026-02-02T14:32:25+00:00\",\"author\":{\"@id\":\"https:\/\/veritasinfo.org\/#\/schema\/person\/bc442336e35414d04494ab8fb45db4c6\"},\"breadcrumb\":{\"@id\":\"https:\/\/veritasinfo.org\/?p=30230#breadcrumb\"},\"inLanguage\":\"en-US\",\"potentialAction\":[{\"@type\":\"ReadAction\",\"target\":[\"https:\/\/veritasinfo.org\/?p=30230\"]}]},{\"@type\":\"ImageObject\",\"inLanguage\":\"en-US\",\"@id\":\"https:\/\/veritasinfo.org\/?p=30230#primaryimage\",\"url\":\"https:\/\/veritasinfo.org\/wp-content\/uploads\/2026\/02\/0da0ea5c-c8e4-4d13-804d-904291da981e.webp\",\"contentUrl\":\"https:\/\/veritasinfo.org\/wp-content\/uploads\/2026\/02\/0da0ea5c-c8e4-4d13-804d-904291da981e.webp\",\"width\":1260,\"height\":712},{\"@type\":\"BreadcrumbList\",\"@id\":\"https:\/\/veritasinfo.org\/?p=30230#breadcrumb\",\"itemListElement\":[{\"@type\":\"ListItem\",\"position\":1,\"name\":\"Home\",\"item\":\"https:\/\/veritasinfo.org\/\"},{\"@type\":\"ListItem\",\"position\":2,\"name\":\"Deklarohet e pafajshme ish-gardiania e burgut t\u00eb Lipjanit q\u00eb akuzohet p\u00ebr krime lufte\"}]},{\"@type\":\"WebSite\",\"@id\":\"https:\/\/veritasinfo.org\/#website\",\"url\":\"https:\/\/veritasinfo.org\/\",\"name\":\"\",\"description\":\"\",\"potentialAction\":[{\"@type\":\"SearchAction\",\"target\":{\"@type\":\"EntryPoint\",\"urlTemplate\":\"https:\/\/veritasinfo.org\/?s={search_term_string}\"},\"query-input\":{\"@type\":\"PropertyValueSpecification\",\"valueRequired\":true,\"valueName\":\"search_term_string\"}}],\"inLanguage\":\"en-US\"},{\"@type\":\"Person\",\"@id\":\"https:\/\/veritasinfo.org\/#\/schema\/person\/bc442336e35414d04494ab8fb45db4c6\",\"name\":\"US5\",\"image\":{\"@type\":\"ImageObject\",\"inLanguage\":\"en-US\",\"@id\":\"https:\/\/veritasinfo.org\/#\/schema\/person\/image\/\",\"url\":\"https:\/\/secure.gravatar.com\/avatar\/16a61e7272a0c5d001121ebb9e60e925d5816e4ac1e443ed3e640d9a6ae55d0c?s=96&d=mm&r=g\",\"contentUrl\":\"https:\/\/secure.gravatar.com\/avatar\/16a61e7272a0c5d001121ebb9e60e925d5816e4ac1e443ed3e640d9a6ae55d0c?s=96&d=mm&r=g\",\"caption\":\"US5\"},\"url\":\"https:\/\/veritasinfo.org\/?author=6\"}]}<\/script>\n<!-- \/ Yoast SEO plugin. -->","yoast_head_json":{"title":"Deklarohet e pafajshme ish-gardiania e burgut t\u00eb Lipjanit q\u00eb akuzohet p\u00ebr krime lufte -","robots":{"index":"index","follow":"follow","max-snippet":"max-snippet:-1","max-image-preview":"max-image-preview:large","max-video-preview":"max-video-preview:-1"},"canonical":"https:\/\/veritasinfo.org\/?p=30230","og_locale":"en_US","og_type":"article","og_title":"Deklarohet e pafajshme ish-gardiania e burgut t\u00eb Lipjanit q\u00eb akuzohet p\u00ebr krime lufte -","og_description":"Prishtin\u00eb 2 Shkurt 2026 14:22 \u00cbsht\u00eb deklaruar e pafajshme e akuzuara Nadica Cvetkoviq lidhur me akuz\u00ebn se n\u00eb cil\u00ebsin\u00eb e gardianes n\u00eb Burgun e Prishtin\u00ebs","og_url":"https:\/\/veritasinfo.org\/?p=30230","article_published_time":"2026-02-02T13:22:46+00:00","article_modified_time":"2026-02-02T14:32:25+00:00","og_image":[{"width":1260,"height":712,"url":"https:\/\/veritasinfo.org\/wp-content\/uploads\/2026\/02\/0da0ea5c-c8e4-4d13-804d-904291da981e.webp","type":"image\/webp"}],"author":"US5","twitter_card":"summary_large_image","twitter_misc":{"Written by":"US5","Est. reading time":"1 minute"},"schema":{"@context":"https:\/\/schema.org","@graph":[{"@type":"WebPage","@id":"https:\/\/veritasinfo.org\/?p=30230","url":"https:\/\/veritasinfo.org\/?p=30230","name":"Deklarohet e pafajshme ish-gardiania e burgut t\u00eb Lipjanit q\u00eb akuzohet p\u00ebr krime lufte -","isPartOf":{"@id":"https:\/\/veritasinfo.org\/#website"},"primaryImageOfPage":{"@id":"https:\/\/veritasinfo.org\/?p=30230#primaryimage"},"image":{"@id":"https:\/\/veritasinfo.org\/?p=30230#primaryimage"},"thumbnailUrl":"https:\/\/veritasinfo.org\/wp-content\/uploads\/2026\/02\/0da0ea5c-c8e4-4d13-804d-904291da981e.webp","datePublished":"2026-02-02T13:22:46+00:00","dateModified":"2026-02-02T14:32:25+00:00","author":{"@id":"https:\/\/veritasinfo.org\/#\/schema\/person\/bc442336e35414d04494ab8fb45db4c6"},"breadcrumb":{"@id":"https:\/\/veritasinfo.org\/?p=30230#breadcrumb"},"inLanguage":"en-US","potentialAction":[{"@type":"ReadAction","target":["https:\/\/veritasinfo.org\/?p=30230"]}]},{"@type":"ImageObject","inLanguage":"en-US","@id":"https:\/\/veritasinfo.org\/?p=30230#primaryimage","url":"https:\/\/veritasinfo.org\/wp-content\/uploads\/2026\/02\/0da0ea5c-c8e4-4d13-804d-904291da981e.webp","contentUrl":"https:\/\/veritasinfo.org\/wp-content\/uploads\/2026\/02\/0da0ea5c-c8e4-4d13-804d-904291da981e.webp","width":1260,"height":712},{"@type":"BreadcrumbList","@id":"https:\/\/veritasinfo.org\/?p=30230#breadcrumb","itemListElement":[{"@type":"ListItem","position":1,"name":"Home","item":"https:\/\/veritasinfo.org\/"},{"@type":"ListItem","position":2,"name":"Deklarohet e pafajshme ish-gardiania e burgut t\u00eb Lipjanit q\u00eb akuzohet p\u00ebr krime lufte"}]},{"@type":"WebSite","@id":"https:\/\/veritasinfo.org\/#website","url":"https:\/\/veritasinfo.org\/","name":"","description":"","potentialAction":[{"@type":"SearchAction","target":{"@type":"EntryPoint","urlTemplate":"https:\/\/veritasinfo.org\/?s={search_term_string}"},"query-input":{"@type":"PropertyValueSpecification","valueRequired":true,"valueName":"search_term_string"}}],"inLanguage":"en-US"},{"@type":"Person","@id":"https:\/\/veritasinfo.org\/#\/schema\/person\/bc442336e35414d04494ab8fb45db4c6","name":"US5","image":{"@type":"ImageObject","inLanguage":"en-US","@id":"https:\/\/veritasinfo.org\/#\/schema\/person\/image\/","url":"https:\/\/secure.gravatar.com\/avatar\/16a61e7272a0c5d001121ebb9e60e925d5816e4ac1e443ed3e640d9a6ae55d0c?s=96&d=mm&r=g","contentUrl":"https:\/\/secure.gravatar.com\/avatar\/16a61e7272a0c5d001121ebb9e60e925d5816e4ac1e443ed3e640d9a6ae55d0c?s=96&d=mm&r=g","caption":"US5"},"url":"https:\/\/veritasinfo.org\/?author=6"}]}},"featured_image_urls":{"full":["https:\/\/veritasinfo.org\/wp-content\/uploads\/2026\/02\/0da0ea5c-c8e4-4d13-804d-904291da981e.webp",1260,712,false],"thumbnail":["https:\/\/veritasinfo.org\/wp-content\/uploads\/2026\/02\/0da0ea5c-c8e4-4d13-804d-904291da981e-150x150.webp",150,150,true],"medium":["https:\/\/veritasinfo.org\/wp-content\/uploads\/2026\/02\/0da0ea5c-c8e4-4d13-804d-904291da981e-300x170.webp",300,170,true],"medium_large":["https:\/\/veritasinfo.org\/wp-content\/uploads\/2026\/02\/0da0ea5c-c8e4-4d13-804d-904291da981e-768x434.webp",640,362,true],"large":["https:\/\/veritasinfo.org\/wp-content\/uploads\/2026\/02\/0da0ea5c-c8e4-4d13-804d-904291da981e-1024x579.webp",640,362,true],"1536x1536":["https:\/\/veritasinfo.org\/wp-content\/uploads\/2026\/02\/0da0ea5c-c8e4-4d13-804d-904291da981e.webp",1260,712,false],"2048x2048":["https:\/\/veritasinfo.org\/wp-content\/uploads\/2026\/02\/0da0ea5c-c8e4-4d13-804d-904291da981e.webp",1260,712,false],"kreeti-slider-full":["https:\/\/veritasinfo.org\/wp-content\/uploads\/2026\/02\/0da0ea5c-c8e4-4d13-804d-904291da981e.webp",1260,712,false],"kreeti-featured":["https:\/\/veritasinfo.org\/wp-content\/uploads\/2026\/02\/0da0ea5c-c8e4-4d13-804d-904291da981e.webp",1024,579,false],"kreeti-medium":["https:\/\/veritasinfo.org\/wp-content\/uploads\/2026\/02\/0da0ea5c-c8e4-4d13-804d-904291da981e.webp",720,407,false],"kreeti-medium-square":["https:\/\/veritasinfo.org\/wp-content\/uploads\/2026\/02\/0da0ea5c-c8e4-4d13-804d-904291da981e.webp",350,198,false]},"author_info":{"info":["US5"]},"category_info":"<a href=\"https:\/\/veritasinfo.org\/?cat=60\" rel=\"category\">Shoq\u00ebrore<\/a>","tag_info":"Shoq\u00ebrore","comment_count":"0","_links":{"self":[{"href":"https:\/\/veritasinfo.org\/index.php?rest_route=\/wp\/v2\/posts\/30230","targetHints":{"allow":["GET"]}}],"collection":[{"href":"https:\/\/veritasinfo.org\/index.php?rest_route=\/wp\/v2\/posts"}],"about":[{"href":"https:\/\/veritasinfo.org\/index.php?rest_route=\/wp\/v2\/types\/post"}],"author":[{"embeddable":true,"href":"https:\/\/veritasinfo.org\/index.php?rest_route=\/wp\/v2\/users\/6"}],"replies":[{"embeddable":true,"href":"https:\/\/veritasinfo.org\/index.php?rest_route=%2Fwp%2Fv2%2Fcomments&post=30230"}],"version-history":[{"count":2,"href":"https:\/\/veritasinfo.org\/index.php?rest_route=\/wp\/v2\/posts\/30230\/revisions"}],"predecessor-version":[{"id":30248,"href":"https:\/\/veritasinfo.org\/index.php?rest_route=\/wp\/v2\/posts\/30230\/revisions\/30248"}],"wp:featuredmedia":[{"embeddable":true,"href":"https:\/\/veritasinfo.org\/index.php?rest_route=\/wp\/v2\/media\/30231"}],"wp:attachment":[{"href":"https:\/\/veritasinfo.org\/index.php?rest_route=%2Fwp%2Fv2%2Fmedia&parent=30230"}],"wp:term":[{"taxonomy":"category","embeddable":true,"href":"https:\/\/veritasinfo.org\/index.php?rest_route=%2Fwp%2Fv2%2Fcategories&post=30230"},{"taxonomy":"post_tag","embeddable":true,"href":"https:\/\/veritasinfo.org\/index.php?rest_route=%2Fwp%2Fv2%2Ftags&post=30230"}],"curies":[{"name":"wp","href":"https:\/\/api.w.org\/{rel}","templated":true}]}}