{"id":30224,"date":"2026-02-02T13:55:18","date_gmt":"2026-02-02T12:55:18","guid":{"rendered":"https:\/\/veritasinfo.org\/?p=30224"},"modified":"2026-02-02T13:55:18","modified_gmt":"2026-02-02T12:55:18","slug":"te-akuzuarit-per-krime-lufte-ne-izbice-muhamet-alidemaj-ne-rigjykim-i-ulet-denimi","status":"publish","type":"post","link":"https:\/\/veritasinfo.org\/?p=30224","title":{"rendered":"T\u00eb akuzuarit p\u00ebr krime lufte n\u00eb Izbic\u00eb, Muhamet Alidemaj, n\u00eb rigjykim i ulet d\u00ebnimi"},"content":{"rendered":"<p>Prishtin\u00eb 2 Shkurt 2026 13:54<\/p>\n<p>Gjykata Themelore e Prishtin\u00ebs edhe n\u00eb rigjykim e ka d\u00ebnuar me 13 vjet burgim t\u00eb akuzuarin p\u00ebr krime lufte n\u00eb Izbic\u00eb Muhamet Alidemajt.<\/p>\n<p>\u201c&#8230; \u00cbsht\u00eb fajtor se ka kryer vepr\u00ebn penale t\u00eb bashk\u00ebkryerjes \u2018Krim i luft\u00ebs kund\u00ebr popullsis\u00eb civile\u2019 t\u00eb sanksionuar sipas nenit 142 lidhur me nenin 22 t\u00eb ish-ligjit penal t\u00eb Republik\u00ebs Socialiste Federative t\u00eb Jugosllavis\u00eb &#8230; t\u00eb akuzuarin Muhamet Alidemaj e shpall fajtor dhe e gjykon me d\u00ebnim me burgim n\u00eb koh\u00ebzgjatje prej 13 vjet\u00ebsh\u201d, ka th\u00ebn\u00eb kryetari i trupit gjykues, Vesel Ismaili, n\u00eb seanc\u00ebn e mbajtur t\u00eb h\u00ebn\u00ebn ku \u00ebsht\u00eb shpallur aktgjykimi. <\/p>\n<p>Ismaili ka theksuar se n\u00eb d\u00ebnim do t\u2019i llogaritet edhe koha e kaluar n\u00ebn mas\u00ebn e paraburgimit, nga 31 marsi i viti 2021.<\/p>\n<p>Gjykata Themelore n\u00eb Prishtin\u00eb m\u00eb 12 korrik 2024 e pati shpallur Alidemajn fajtor dhe e pati d\u00ebnuar me 15 vjet burgim. <\/p>\n<p>Por, Gjykata e Apelit e ka kthyer rastin n\u00eb rigjykim. <\/p>\n<p>N\u00eb aktgjykimin e shkall\u00ebs s\u00eb dyt\u00eb thuhej se n\u00eb t\u00eb mungojn\u00eb arsyet p\u00ebr faktet vendimtare q\u00eb nuk jan\u00eb vler\u00ebsuar n\u00eb m\u00ebnyr\u00eb t\u00eb plot\u00eb.<\/p>\n<p>Sipas aktakuz\u00ebs, i pandehuri m\u00eb 28 maj t\u00eb vitit 1999, n\u00eb bashk\u00ebkryerje me persona t\u00eb tjer\u00eb t\u00eb forcave serbe, ka marr\u00eb pjes\u00eb n\u00eb masakr\u00ebn e Izbic\u00ebs t\u00eb Komun\u00ebs s\u00eb Skenderajt.<\/p>\n","protected":false},"excerpt":{"rendered":"<p>Prishtin\u00eb 2 Shkurt 2026 13:54 Gjykata Themelore e Prishtin\u00ebs edhe n\u00eb rigjykim e ka d\u00ebnuar me 13 vjet burgim t\u00eb akuzuarin p\u00ebr krime lufte n\u00eb<\/p>\n","protected":false},"author":6,"featured_media":30225,"comment_status":"open","ping_status":"open","sticky":false,"template":"","format":"standard","meta":{"footnotes":""},"categories":[60],"tags":[],"class_list":["post-30224","post","type-post","status-publish","format-standard","has-post-thumbnail","hentry","category-shoqerore-sq"],"yoast_head":"<!-- This site is optimized with the Yoast SEO plugin v25.3.1 - https:\/\/yoast.com\/wordpress\/plugins\/seo\/ -->\n<title>T\u00eb akuzuarit p\u00ebr krime lufte n\u00eb Izbic\u00eb, Muhamet Alidemaj, n\u00eb rigjykim i ulet d\u00ebnimi -<\/title>\n<meta name=\"robots\" content=\"index, follow, max-snippet:-1, max-image-preview:large, max-video-preview:-1\" \/>\n<link rel=\"canonical\" href=\"https:\/\/veritasinfo.org\/?p=30224\" \/>\n<meta property=\"og:locale\" content=\"en_US\" \/>\n<meta property=\"og:type\" content=\"article\" \/>\n<meta property=\"og:title\" content=\"T\u00eb akuzuarit p\u00ebr krime lufte n\u00eb Izbic\u00eb, Muhamet Alidemaj, n\u00eb rigjykim i ulet d\u00ebnimi -\" \/>\n<meta property=\"og:description\" content=\"Prishtin\u00eb 2 Shkurt 2026 13:54 Gjykata Themelore e Prishtin\u00ebs edhe n\u00eb rigjykim e ka d\u00ebnuar me 13 vjet burgim t\u00eb akuzuarin p\u00ebr krime lufte n\u00eb\" \/>\n<meta property=\"og:url\" content=\"https:\/\/veritasinfo.org\/?p=30224\" \/>\n<meta property=\"article:published_time\" content=\"2026-02-02T12:55:18+00:00\" \/>\n<meta property=\"og:image\" content=\"https:\/\/veritasinfo.org\/wp-content\/uploads\/2026\/02\/e0e5903c-a067-4f71-9407-e9e19d483cfc.webp\" \/>\n\t<meta property=\"og:image:width\" content=\"1360\" \/>\n\t<meta property=\"og:image:height\" content=\"870\" \/>\n\t<meta property=\"og:image:type\" content=\"image\/webp\" \/>\n<meta name=\"author\" content=\"US5\" \/>\n<meta name=\"twitter:card\" content=\"summary_large_image\" \/>\n<meta name=\"twitter:label1\" content=\"Written by\" \/>\n\t<meta name=\"twitter:data1\" content=\"US5\" \/>\n\t<meta name=\"twitter:label2\" content=\"Est. reading time\" \/>\n\t<meta name=\"twitter:data2\" content=\"1 minute\" \/>\n<script type=\"application\/ld+json\" class=\"yoast-schema-graph\">{\"@context\":\"https:\/\/schema.org\",\"@graph\":[{\"@type\":\"WebPage\",\"@id\":\"https:\/\/veritasinfo.org\/?p=30224\",\"url\":\"https:\/\/veritasinfo.org\/?p=30224\",\"name\":\"T\u00eb akuzuarit p\u00ebr krime lufte n\u00eb Izbic\u00eb, Muhamet Alidemaj, n\u00eb rigjykim i ulet d\u00ebnimi -\",\"isPartOf\":{\"@id\":\"https:\/\/veritasinfo.org\/#website\"},\"primaryImageOfPage\":{\"@id\":\"https:\/\/veritasinfo.org\/?p=30224#primaryimage\"},\"image\":{\"@id\":\"https:\/\/veritasinfo.org\/?p=30224#primaryimage\"},\"thumbnailUrl\":\"https:\/\/veritasinfo.org\/wp-content\/uploads\/2026\/02\/e0e5903c-a067-4f71-9407-e9e19d483cfc.webp\",\"datePublished\":\"2026-02-02T12:55:18+00:00\",\"author\":{\"@id\":\"https:\/\/veritasinfo.org\/#\/schema\/person\/bc442336e35414d04494ab8fb45db4c6\"},\"breadcrumb\":{\"@id\":\"https:\/\/veritasinfo.org\/?p=30224#breadcrumb\"},\"inLanguage\":\"en-US\",\"potentialAction\":[{\"@type\":\"ReadAction\",\"target\":[\"https:\/\/veritasinfo.org\/?p=30224\"]}]},{\"@type\":\"ImageObject\",\"inLanguage\":\"en-US\",\"@id\":\"https:\/\/veritasinfo.org\/?p=30224#primaryimage\",\"url\":\"https:\/\/veritasinfo.org\/wp-content\/uploads\/2026\/02\/e0e5903c-a067-4f71-9407-e9e19d483cfc.webp\",\"contentUrl\":\"https:\/\/veritasinfo.org\/wp-content\/uploads\/2026\/02\/e0e5903c-a067-4f71-9407-e9e19d483cfc.webp\",\"width\":1360,\"height\":870},{\"@type\":\"BreadcrumbList\",\"@id\":\"https:\/\/veritasinfo.org\/?p=30224#breadcrumb\",\"itemListElement\":[{\"@type\":\"ListItem\",\"position\":1,\"name\":\"Home\",\"item\":\"https:\/\/veritasinfo.org\/\"},{\"@type\":\"ListItem\",\"position\":2,\"name\":\"T\u00eb akuzuarit p\u00ebr krime lufte n\u00eb Izbic\u00eb, Muhamet Alidemaj, n\u00eb rigjykim i ulet d\u00ebnimi\"}]},{\"@type\":\"WebSite\",\"@id\":\"https:\/\/veritasinfo.org\/#website\",\"url\":\"https:\/\/veritasinfo.org\/\",\"name\":\"\",\"description\":\"\",\"potentialAction\":[{\"@type\":\"SearchAction\",\"target\":{\"@type\":\"EntryPoint\",\"urlTemplate\":\"https:\/\/veritasinfo.org\/?s={search_term_string}\"},\"query-input\":{\"@type\":\"PropertyValueSpecification\",\"valueRequired\":true,\"valueName\":\"search_term_string\"}}],\"inLanguage\":\"en-US\"},{\"@type\":\"Person\",\"@id\":\"https:\/\/veritasinfo.org\/#\/schema\/person\/bc442336e35414d04494ab8fb45db4c6\",\"name\":\"US5\",\"image\":{\"@type\":\"ImageObject\",\"inLanguage\":\"en-US\",\"@id\":\"https:\/\/veritasinfo.org\/#\/schema\/person\/image\/\",\"url\":\"https:\/\/secure.gravatar.com\/avatar\/16a61e7272a0c5d001121ebb9e60e925d5816e4ac1e443ed3e640d9a6ae55d0c?s=96&d=mm&r=g\",\"contentUrl\":\"https:\/\/secure.gravatar.com\/avatar\/16a61e7272a0c5d001121ebb9e60e925d5816e4ac1e443ed3e640d9a6ae55d0c?s=96&d=mm&r=g\",\"caption\":\"US5\"},\"url\":\"https:\/\/veritasinfo.org\/?author=6\"}]}<\/script>\n<!-- \/ Yoast SEO plugin. -->","yoast_head_json":{"title":"T\u00eb akuzuarit p\u00ebr krime lufte n\u00eb Izbic\u00eb, Muhamet Alidemaj, n\u00eb rigjykim i ulet d\u00ebnimi -","robots":{"index":"index","follow":"follow","max-snippet":"max-snippet:-1","max-image-preview":"max-image-preview:large","max-video-preview":"max-video-preview:-1"},"canonical":"https:\/\/veritasinfo.org\/?p=30224","og_locale":"en_US","og_type":"article","og_title":"T\u00eb akuzuarit p\u00ebr krime lufte n\u00eb Izbic\u00eb, Muhamet Alidemaj, n\u00eb rigjykim i ulet d\u00ebnimi -","og_description":"Prishtin\u00eb 2 Shkurt 2026 13:54 Gjykata Themelore e Prishtin\u00ebs edhe n\u00eb rigjykim e ka d\u00ebnuar me 13 vjet burgim t\u00eb akuzuarin p\u00ebr krime lufte n\u00eb","og_url":"https:\/\/veritasinfo.org\/?p=30224","article_published_time":"2026-02-02T12:55:18+00:00","og_image":[{"width":1360,"height":870,"url":"https:\/\/veritasinfo.org\/wp-content\/uploads\/2026\/02\/e0e5903c-a067-4f71-9407-e9e19d483cfc.webp","type":"image\/webp"}],"author":"US5","twitter_card":"summary_large_image","twitter_misc":{"Written by":"US5","Est. reading time":"1 minute"},"schema":{"@context":"https:\/\/schema.org","@graph":[{"@type":"WebPage","@id":"https:\/\/veritasinfo.org\/?p=30224","url":"https:\/\/veritasinfo.org\/?p=30224","name":"T\u00eb akuzuarit p\u00ebr krime lufte n\u00eb Izbic\u00eb, Muhamet Alidemaj, n\u00eb rigjykim i ulet d\u00ebnimi -","isPartOf":{"@id":"https:\/\/veritasinfo.org\/#website"},"primaryImageOfPage":{"@id":"https:\/\/veritasinfo.org\/?p=30224#primaryimage"},"image":{"@id":"https:\/\/veritasinfo.org\/?p=30224#primaryimage"},"thumbnailUrl":"https:\/\/veritasinfo.org\/wp-content\/uploads\/2026\/02\/e0e5903c-a067-4f71-9407-e9e19d483cfc.webp","datePublished":"2026-02-02T12:55:18+00:00","author":{"@id":"https:\/\/veritasinfo.org\/#\/schema\/person\/bc442336e35414d04494ab8fb45db4c6"},"breadcrumb":{"@id":"https:\/\/veritasinfo.org\/?p=30224#breadcrumb"},"inLanguage":"en-US","potentialAction":[{"@type":"ReadAction","target":["https:\/\/veritasinfo.org\/?p=30224"]}]},{"@type":"ImageObject","inLanguage":"en-US","@id":"https:\/\/veritasinfo.org\/?p=30224#primaryimage","url":"https:\/\/veritasinfo.org\/wp-content\/uploads\/2026\/02\/e0e5903c-a067-4f71-9407-e9e19d483cfc.webp","contentUrl":"https:\/\/veritasinfo.org\/wp-content\/uploads\/2026\/02\/e0e5903c-a067-4f71-9407-e9e19d483cfc.webp","width":1360,"height":870},{"@type":"BreadcrumbList","@id":"https:\/\/veritasinfo.org\/?p=30224#breadcrumb","itemListElement":[{"@type":"ListItem","position":1,"name":"Home","item":"https:\/\/veritasinfo.org\/"},{"@type":"ListItem","position":2,"name":"T\u00eb akuzuarit p\u00ebr krime lufte n\u00eb Izbic\u00eb, Muhamet Alidemaj, n\u00eb rigjykim i ulet d\u00ebnimi"}]},{"@type":"WebSite","@id":"https:\/\/veritasinfo.org\/#website","url":"https:\/\/veritasinfo.org\/","name":"","description":"","potentialAction":[{"@type":"SearchAction","target":{"@type":"EntryPoint","urlTemplate":"https:\/\/veritasinfo.org\/?s={search_term_string}"},"query-input":{"@type":"PropertyValueSpecification","valueRequired":true,"valueName":"search_term_string"}}],"inLanguage":"en-US"},{"@type":"Person","@id":"https:\/\/veritasinfo.org\/#\/schema\/person\/bc442336e35414d04494ab8fb45db4c6","name":"US5","image":{"@type":"ImageObject","inLanguage":"en-US","@id":"https:\/\/veritasinfo.org\/#\/schema\/person\/image\/","url":"https:\/\/secure.gravatar.com\/avatar\/16a61e7272a0c5d001121ebb9e60e925d5816e4ac1e443ed3e640d9a6ae55d0c?s=96&d=mm&r=g","contentUrl":"https:\/\/secure.gravatar.com\/avatar\/16a61e7272a0c5d001121ebb9e60e925d5816e4ac1e443ed3e640d9a6ae55d0c?s=96&d=mm&r=g","caption":"US5"},"url":"https:\/\/veritasinfo.org\/?author=6"}]}},"featured_image_urls":{"full":["https:\/\/veritasinfo.org\/wp-content\/uploads\/2026\/02\/e0e5903c-a067-4f71-9407-e9e19d483cfc.webp",1360,870,false],"thumbnail":["https:\/\/veritasinfo.org\/wp-content\/uploads\/2026\/02\/e0e5903c-a067-4f71-9407-e9e19d483cfc-150x150.webp",150,150,true],"medium":["https:\/\/veritasinfo.org\/wp-content\/uploads\/2026\/02\/e0e5903c-a067-4f71-9407-e9e19d483cfc-300x192.webp",300,192,true],"medium_large":["https:\/\/veritasinfo.org\/wp-content\/uploads\/2026\/02\/e0e5903c-a067-4f71-9407-e9e19d483cfc-768x491.webp",640,409,true],"large":["https:\/\/veritasinfo.org\/wp-content\/uploads\/2026\/02\/e0e5903c-a067-4f71-9407-e9e19d483cfc-1024x655.webp",640,409,true],"1536x1536":["https:\/\/veritasinfo.org\/wp-content\/uploads\/2026\/02\/e0e5903c-a067-4f71-9407-e9e19d483cfc.webp",1360,870,false],"2048x2048":["https:\/\/veritasinfo.org\/wp-content\/uploads\/2026\/02\/e0e5903c-a067-4f71-9407-e9e19d483cfc.webp",1360,870,false],"kreeti-slider-full":["https:\/\/veritasinfo.org\/wp-content\/uploads\/2026\/02\/e0e5903c-a067-4f71-9407-e9e19d483cfc.webp",1126,720,false],"kreeti-featured":["https:\/\/veritasinfo.org\/wp-content\/uploads\/2026\/02\/e0e5903c-a067-4f71-9407-e9e19d483cfc.webp",1024,655,false],"kreeti-medium":["https:\/\/veritasinfo.org\/wp-content\/uploads\/2026\/02\/e0e5903c-a067-4f71-9407-e9e19d483cfc.webp",720,461,false],"kreeti-medium-square":["https:\/\/veritasinfo.org\/wp-content\/uploads\/2026\/02\/e0e5903c-a067-4f71-9407-e9e19d483cfc.webp",350,224,false]},"author_info":{"info":["US5"]},"category_info":"<a href=\"https:\/\/veritasinfo.org\/?cat=60\" rel=\"category\">Shoq\u00ebrore<\/a>","tag_info":"Shoq\u00ebrore","comment_count":"0","_links":{"self":[{"href":"https:\/\/veritasinfo.org\/index.php?rest_route=\/wp\/v2\/posts\/30224","targetHints":{"allow":["GET"]}}],"collection":[{"href":"https:\/\/veritasinfo.org\/index.php?rest_route=\/wp\/v2\/posts"}],"about":[{"href":"https:\/\/veritasinfo.org\/index.php?rest_route=\/wp\/v2\/types\/post"}],"author":[{"embeddable":true,"href":"https:\/\/veritasinfo.org\/index.php?rest_route=\/wp\/v2\/users\/6"}],"replies":[{"embeddable":true,"href":"https:\/\/veritasinfo.org\/index.php?rest_route=%2Fwp%2Fv2%2Fcomments&post=30224"}],"version-history":[{"count":1,"href":"https:\/\/veritasinfo.org\/index.php?rest_route=\/wp\/v2\/posts\/30224\/revisions"}],"predecessor-version":[{"id":30226,"href":"https:\/\/veritasinfo.org\/index.php?rest_route=\/wp\/v2\/posts\/30224\/revisions\/30226"}],"wp:featuredmedia":[{"embeddable":true,"href":"https:\/\/veritasinfo.org\/index.php?rest_route=\/wp\/v2\/media\/30225"}],"wp:attachment":[{"href":"https:\/\/veritasinfo.org\/index.php?rest_route=%2Fwp%2Fv2%2Fmedia&parent=30224"}],"wp:term":[{"taxonomy":"category","embeddable":true,"href":"https:\/\/veritasinfo.org\/index.php?rest_route=%2Fwp%2Fv2%2Fcategories&post=30224"},{"taxonomy":"post_tag","embeddable":true,"href":"https:\/\/veritasinfo.org\/index.php?rest_route=%2Fwp%2Fv2%2Ftags&post=30224"}],"curies":[{"name":"wp","href":"https:\/\/api.w.org\/{rel}","templated":true}]}}