{"id":30190,"date":"2026-02-02T10:27:06","date_gmt":"2026-02-02T09:27:06","guid":{"rendered":"https:\/\/veritasinfo.org\/?p=30190"},"modified":"2026-02-02T10:27:06","modified_gmt":"2026-02-02T09:27:06","slug":"shota-me-program-artistik-per-18-vjetorin","status":"publish","type":"post","link":"https:\/\/veritasinfo.org\/?p=30190","title":{"rendered":"Shota\u201d me program artistik p\u00ebr 18-vjetorin"},"content":{"rendered":"<p>Prishtin\u00eb 2 Shkurt 2026 10:26<\/p>\n<p>Ansambli Komb\u00ebtar i K\u00ebng\u00ebve dhe Valleve \u201cShota\u201d do t\u00eb sh\u00ebnoj\u00eb 18-vjetorin e Pavar\u00ebsis\u00eb s\u00eb Republik\u00ebs s\u00eb Kosov\u00ebs me nj\u00eb program t\u00eb pasur artistik, i cili do t\u00eb sjell\u00eb n\u00eb sken\u00eb vlerat e artit, tradit\u00ebs dhe krenaris\u00eb son\u00eb komb\u00ebtare.<\/p>\n<p>Nga sot e deri m\u00eb 9 shkurt 2026, zhvillohet programi edukativo\u2013arg\u00ebtues me nx\u00ebn\u00ebs, i realizuar n\u00eb ambientet e Ansamblit \u201cShota\u201d, si pjes\u00eb e aktiviteteve p\u00ebr fest\u00ebn e Pavar\u00ebsis\u00eb.<\/p>\n<p>M\u00eb 16 shkurt nga ora 19:00, mbahet koncert festiv n\u00eb Sht\u00ebpin\u00eb e Kultur\u00ebs \u201cXhemali Berisha\u201d \u2013 Prizren.<\/p>\n<p>Nd\u00ebrsa 17 shkurti vjen me nj\u00eb program artistik p\u00ebr sh\u00ebnimin e Dit\u00ebs s\u00eb Pavar\u00ebsis\u00eb s\u00eb Kosov\u00ebs.<\/p>\n<p>Ky ansamb\u00ebl vazhdon t\u00eb jet\u00eb z\u00eb dhe shpirt i festave komb\u00ebtare, duke p\u00ebrcjell\u00eb mesazhin e liris\u00eb, unitetit dhe identitetit shqiptar.<\/p>\n","protected":false},"excerpt":{"rendered":"<p>Prishtin\u00eb 2 Shkurt 2026 10:26 Ansambli Komb\u00ebtar i K\u00ebng\u00ebve dhe Valleve \u201cShota\u201d do t\u00eb sh\u00ebnoj\u00eb 18-vjetorin e Pavar\u00ebsis\u00eb s\u00eb Republik\u00ebs s\u00eb Kosov\u00ebs me nj\u00eb program<\/p>\n","protected":false},"author":6,"featured_media":30191,"comment_status":"open","ping_status":"open","sticky":false,"template":"","format":"standard","meta":{"footnotes":""},"categories":[54],"tags":[],"class_list":["post-30190","post","type-post","status-publish","format-standard","has-post-thumbnail","hentry","category-kulture-sq"],"yoast_head":"<!-- This site is optimized with the Yoast SEO plugin v25.3.1 - https:\/\/yoast.com\/wordpress\/plugins\/seo\/ -->\n<title>Shota\u201d me program artistik p\u00ebr 18-vjetorin -<\/title>\n<meta name=\"robots\" content=\"index, follow, max-snippet:-1, max-image-preview:large, max-video-preview:-1\" \/>\n<link rel=\"canonical\" href=\"https:\/\/veritasinfo.org\/?p=30190\" \/>\n<meta property=\"og:locale\" content=\"en_US\" \/>\n<meta property=\"og:type\" content=\"article\" \/>\n<meta property=\"og:title\" content=\"Shota\u201d me program artistik p\u00ebr 18-vjetorin -\" \/>\n<meta property=\"og:description\" content=\"Prishtin\u00eb 2 Shkurt 2026 10:26 Ansambli Komb\u00ebtar i K\u00ebng\u00ebve dhe Valleve \u201cShota\u201d do t\u00eb sh\u00ebnoj\u00eb 18-vjetorin e Pavar\u00ebsis\u00eb s\u00eb Republik\u00ebs s\u00eb Kosov\u00ebs me nj\u00eb program\" \/>\n<meta property=\"og:url\" content=\"https:\/\/veritasinfo.org\/?p=30190\" \/>\n<meta property=\"article:published_time\" content=\"2026-02-02T09:27:06+00:00\" \/>\n<meta property=\"og:image\" content=\"https:\/\/veritasinfo.org\/wp-content\/uploads\/2026\/02\/715943-5PM1LGyiVd.jpg\" \/>\n\t<meta property=\"og:image:width\" content=\"780\" \/>\n\t<meta property=\"og:image:height\" content=\"500\" \/>\n\t<meta property=\"og:image:type\" content=\"image\/jpeg\" \/>\n<meta name=\"author\" content=\"US5\" \/>\n<meta name=\"twitter:card\" content=\"summary_large_image\" \/>\n<meta name=\"twitter:label1\" content=\"Written by\" \/>\n\t<meta name=\"twitter:data1\" content=\"US5\" \/>\n<script type=\"application\/ld+json\" class=\"yoast-schema-graph\">{\"@context\":\"https:\/\/schema.org\",\"@graph\":[{\"@type\":\"WebPage\",\"@id\":\"https:\/\/veritasinfo.org\/?p=30190\",\"url\":\"https:\/\/veritasinfo.org\/?p=30190\",\"name\":\"Shota\u201d me program artistik p\u00ebr 18-vjetorin -\",\"isPartOf\":{\"@id\":\"https:\/\/veritasinfo.org\/#website\"},\"primaryImageOfPage\":{\"@id\":\"https:\/\/veritasinfo.org\/?p=30190#primaryimage\"},\"image\":{\"@id\":\"https:\/\/veritasinfo.org\/?p=30190#primaryimage\"},\"thumbnailUrl\":\"https:\/\/veritasinfo.org\/wp-content\/uploads\/2026\/02\/715943-5PM1LGyiVd.jpg\",\"datePublished\":\"2026-02-02T09:27:06+00:00\",\"author\":{\"@id\":\"https:\/\/veritasinfo.org\/#\/schema\/person\/bc442336e35414d04494ab8fb45db4c6\"},\"breadcrumb\":{\"@id\":\"https:\/\/veritasinfo.org\/?p=30190#breadcrumb\"},\"inLanguage\":\"en-US\",\"potentialAction\":[{\"@type\":\"ReadAction\",\"target\":[\"https:\/\/veritasinfo.org\/?p=30190\"]}]},{\"@type\":\"ImageObject\",\"inLanguage\":\"en-US\",\"@id\":\"https:\/\/veritasinfo.org\/?p=30190#primaryimage\",\"url\":\"https:\/\/veritasinfo.org\/wp-content\/uploads\/2026\/02\/715943-5PM1LGyiVd.jpg\",\"contentUrl\":\"https:\/\/veritasinfo.org\/wp-content\/uploads\/2026\/02\/715943-5PM1LGyiVd.jpg\",\"width\":780,\"height\":500},{\"@type\":\"BreadcrumbList\",\"@id\":\"https:\/\/veritasinfo.org\/?p=30190#breadcrumb\",\"itemListElement\":[{\"@type\":\"ListItem\",\"position\":1,\"name\":\"Home\",\"item\":\"https:\/\/veritasinfo.org\/\"},{\"@type\":\"ListItem\",\"position\":2,\"name\":\"Shota\u201d me program artistik p\u00ebr 18-vjetorin\"}]},{\"@type\":\"WebSite\",\"@id\":\"https:\/\/veritasinfo.org\/#website\",\"url\":\"https:\/\/veritasinfo.org\/\",\"name\":\"\",\"description\":\"\",\"potentialAction\":[{\"@type\":\"SearchAction\",\"target\":{\"@type\":\"EntryPoint\",\"urlTemplate\":\"https:\/\/veritasinfo.org\/?s={search_term_string}\"},\"query-input\":{\"@type\":\"PropertyValueSpecification\",\"valueRequired\":true,\"valueName\":\"search_term_string\"}}],\"inLanguage\":\"en-US\"},{\"@type\":\"Person\",\"@id\":\"https:\/\/veritasinfo.org\/#\/schema\/person\/bc442336e35414d04494ab8fb45db4c6\",\"name\":\"US5\",\"image\":{\"@type\":\"ImageObject\",\"inLanguage\":\"en-US\",\"@id\":\"https:\/\/veritasinfo.org\/#\/schema\/person\/image\/\",\"url\":\"https:\/\/secure.gravatar.com\/avatar\/16a61e7272a0c5d001121ebb9e60e925d5816e4ac1e443ed3e640d9a6ae55d0c?s=96&d=mm&r=g\",\"contentUrl\":\"https:\/\/secure.gravatar.com\/avatar\/16a61e7272a0c5d001121ebb9e60e925d5816e4ac1e443ed3e640d9a6ae55d0c?s=96&d=mm&r=g\",\"caption\":\"US5\"},\"url\":\"https:\/\/veritasinfo.org\/?author=6\"}]}<\/script>\n<!-- \/ Yoast SEO plugin. -->","yoast_head_json":{"title":"Shota\u201d me program artistik p\u00ebr 18-vjetorin -","robots":{"index":"index","follow":"follow","max-snippet":"max-snippet:-1","max-image-preview":"max-image-preview:large","max-video-preview":"max-video-preview:-1"},"canonical":"https:\/\/veritasinfo.org\/?p=30190","og_locale":"en_US","og_type":"article","og_title":"Shota\u201d me program artistik p\u00ebr 18-vjetorin -","og_description":"Prishtin\u00eb 2 Shkurt 2026 10:26 Ansambli Komb\u00ebtar i K\u00ebng\u00ebve dhe Valleve \u201cShota\u201d do t\u00eb sh\u00ebnoj\u00eb 18-vjetorin e Pavar\u00ebsis\u00eb s\u00eb Republik\u00ebs s\u00eb Kosov\u00ebs me nj\u00eb program","og_url":"https:\/\/veritasinfo.org\/?p=30190","article_published_time":"2026-02-02T09:27:06+00:00","og_image":[{"width":780,"height":500,"url":"https:\/\/veritasinfo.org\/wp-content\/uploads\/2026\/02\/715943-5PM1LGyiVd.jpg","type":"image\/jpeg"}],"author":"US5","twitter_card":"summary_large_image","twitter_misc":{"Written by":"US5"},"schema":{"@context":"https:\/\/schema.org","@graph":[{"@type":"WebPage","@id":"https:\/\/veritasinfo.org\/?p=30190","url":"https:\/\/veritasinfo.org\/?p=30190","name":"Shota\u201d me program artistik p\u00ebr 18-vjetorin -","isPartOf":{"@id":"https:\/\/veritasinfo.org\/#website"},"primaryImageOfPage":{"@id":"https:\/\/veritasinfo.org\/?p=30190#primaryimage"},"image":{"@id":"https:\/\/veritasinfo.org\/?p=30190#primaryimage"},"thumbnailUrl":"https:\/\/veritasinfo.org\/wp-content\/uploads\/2026\/02\/715943-5PM1LGyiVd.jpg","datePublished":"2026-02-02T09:27:06+00:00","author":{"@id":"https:\/\/veritasinfo.org\/#\/schema\/person\/bc442336e35414d04494ab8fb45db4c6"},"breadcrumb":{"@id":"https:\/\/veritasinfo.org\/?p=30190#breadcrumb"},"inLanguage":"en-US","potentialAction":[{"@type":"ReadAction","target":["https:\/\/veritasinfo.org\/?p=30190"]}]},{"@type":"ImageObject","inLanguage":"en-US","@id":"https:\/\/veritasinfo.org\/?p=30190#primaryimage","url":"https:\/\/veritasinfo.org\/wp-content\/uploads\/2026\/02\/715943-5PM1LGyiVd.jpg","contentUrl":"https:\/\/veritasinfo.org\/wp-content\/uploads\/2026\/02\/715943-5PM1LGyiVd.jpg","width":780,"height":500},{"@type":"BreadcrumbList","@id":"https:\/\/veritasinfo.org\/?p=30190#breadcrumb","itemListElement":[{"@type":"ListItem","position":1,"name":"Home","item":"https:\/\/veritasinfo.org\/"},{"@type":"ListItem","position":2,"name":"Shota\u201d me program artistik p\u00ebr 18-vjetorin"}]},{"@type":"WebSite","@id":"https:\/\/veritasinfo.org\/#website","url":"https:\/\/veritasinfo.org\/","name":"","description":"","potentialAction":[{"@type":"SearchAction","target":{"@type":"EntryPoint","urlTemplate":"https:\/\/veritasinfo.org\/?s={search_term_string}"},"query-input":{"@type":"PropertyValueSpecification","valueRequired":true,"valueName":"search_term_string"}}],"inLanguage":"en-US"},{"@type":"Person","@id":"https:\/\/veritasinfo.org\/#\/schema\/person\/bc442336e35414d04494ab8fb45db4c6","name":"US5","image":{"@type":"ImageObject","inLanguage":"en-US","@id":"https:\/\/veritasinfo.org\/#\/schema\/person\/image\/","url":"https:\/\/secure.gravatar.com\/avatar\/16a61e7272a0c5d001121ebb9e60e925d5816e4ac1e443ed3e640d9a6ae55d0c?s=96&d=mm&r=g","contentUrl":"https:\/\/secure.gravatar.com\/avatar\/16a61e7272a0c5d001121ebb9e60e925d5816e4ac1e443ed3e640d9a6ae55d0c?s=96&d=mm&r=g","caption":"US5"},"url":"https:\/\/veritasinfo.org\/?author=6"}]}},"featured_image_urls":{"full":["https:\/\/veritasinfo.org\/wp-content\/uploads\/2026\/02\/715943-5PM1LGyiVd.jpg",780,500,false],"thumbnail":["https:\/\/veritasinfo.org\/wp-content\/uploads\/2026\/02\/715943-5PM1LGyiVd-150x150.jpg",150,150,true],"medium":["https:\/\/veritasinfo.org\/wp-content\/uploads\/2026\/02\/715943-5PM1LGyiVd-300x192.jpg",300,192,true],"medium_large":["https:\/\/veritasinfo.org\/wp-content\/uploads\/2026\/02\/715943-5PM1LGyiVd-768x492.jpg",640,410,true],"large":["https:\/\/veritasinfo.org\/wp-content\/uploads\/2026\/02\/715943-5PM1LGyiVd.jpg",640,410,false],"1536x1536":["https:\/\/veritasinfo.org\/wp-content\/uploads\/2026\/02\/715943-5PM1LGyiVd.jpg",780,500,false],"2048x2048":["https:\/\/veritasinfo.org\/wp-content\/uploads\/2026\/02\/715943-5PM1LGyiVd.jpg",780,500,false],"kreeti-slider-full":["https:\/\/veritasinfo.org\/wp-content\/uploads\/2026\/02\/715943-5PM1LGyiVd.jpg",780,500,false],"kreeti-featured":["https:\/\/veritasinfo.org\/wp-content\/uploads\/2026\/02\/715943-5PM1LGyiVd.jpg",780,500,false],"kreeti-medium":["https:\/\/veritasinfo.org\/wp-content\/uploads\/2026\/02\/715943-5PM1LGyiVd.jpg",720,462,false],"kreeti-medium-square":["https:\/\/veritasinfo.org\/wp-content\/uploads\/2026\/02\/715943-5PM1LGyiVd.jpg",350,224,false]},"author_info":{"info":["US5"]},"category_info":"<a href=\"https:\/\/veritasinfo.org\/?cat=54\" rel=\"category\">Kultur\u00eb<\/a>","tag_info":"Kultur\u00eb","comment_count":"0","_links":{"self":[{"href":"https:\/\/veritasinfo.org\/index.php?rest_route=\/wp\/v2\/posts\/30190","targetHints":{"allow":["GET"]}}],"collection":[{"href":"https:\/\/veritasinfo.org\/index.php?rest_route=\/wp\/v2\/posts"}],"about":[{"href":"https:\/\/veritasinfo.org\/index.php?rest_route=\/wp\/v2\/types\/post"}],"author":[{"embeddable":true,"href":"https:\/\/veritasinfo.org\/index.php?rest_route=\/wp\/v2\/users\/6"}],"replies":[{"embeddable":true,"href":"https:\/\/veritasinfo.org\/index.php?rest_route=%2Fwp%2Fv2%2Fcomments&post=30190"}],"version-history":[{"count":1,"href":"https:\/\/veritasinfo.org\/index.php?rest_route=\/wp\/v2\/posts\/30190\/revisions"}],"predecessor-version":[{"id":30192,"href":"https:\/\/veritasinfo.org\/index.php?rest_route=\/wp\/v2\/posts\/30190\/revisions\/30192"}],"wp:featuredmedia":[{"embeddable":true,"href":"https:\/\/veritasinfo.org\/index.php?rest_route=\/wp\/v2\/media\/30191"}],"wp:attachment":[{"href":"https:\/\/veritasinfo.org\/index.php?rest_route=%2Fwp%2Fv2%2Fmedia&parent=30190"}],"wp:term":[{"taxonomy":"category","embeddable":true,"href":"https:\/\/veritasinfo.org\/index.php?rest_route=%2Fwp%2Fv2%2Fcategories&post=30190"},{"taxonomy":"post_tag","embeddable":true,"href":"https:\/\/veritasinfo.org\/index.php?rest_route=%2Fwp%2Fv2%2Ftags&post=30190"}],"curies":[{"name":"wp","href":"https:\/\/api.w.org\/{rel}","templated":true}]}}