{"id":3019,"date":"2025-07-08T23:56:09","date_gmt":"2025-07-08T21:56:09","guid":{"rendered":"https:\/\/veritasinfo.org\/?p=3019"},"modified":"2025-07-08T23:56:09","modified_gmt":"2025-07-08T21:56:09","slug":"ky-eshte-zjarrfikesi-qe-humbi-jeten-ne-krye-te-detyres-si-pasoje-e-aksidentit-ne-gjakove","status":"publish","type":"post","link":"https:\/\/veritasinfo.org\/?p=3019","title":{"rendered":"Ky \u00ebsht\u00eb zjarrfik\u00ebsi q\u00eb humbi jet\u00ebn n\u00eb krye t\u00eb detyr\u00ebs si pasoj\u00eb e aksidentit n\u00eb Gjakov\u00eb"},"content":{"rendered":"<p style=\"font-weight: 400;\">Prishtin\u00eb, 8 Korrik 2025<\/p>\n<p style=\"font-style: inherit; font-weight: 400;\">Ka vdekur n\u00eb Qendr\u00ebn Klinike Universitare t\u00eb Kosov\u00ebs, zjarrfik\u00ebsi dhe shefi i Operativ\u00ebs n\u00eb Brigad\u00ebn e Zjarrfik\u00ebsve t\u00eb Gjakov\u00ebs, i cili u aksidentua sot rreth or\u00ebs 15:30 n\u00eb fshatin Mej\u00eb, nd\u00ebrsa ishte n\u00eb krye t\u00eb detyr\u00ebs.<\/p>\n<p style=\"font-style: inherit; font-weight: 400;\">Lajmin p\u00ebr vdekjen e tij e kan\u00eb konfirmuar Brigada e Zjarrfik\u00ebsve n\u00eb Gjakov\u00eb.<\/p>\n<p style=\"font-style: inherit; font-weight: 400;\">Ai ishte duke u trajtuar n\u00eb QKUK, megjithat\u00eb humbi betej\u00ebn pas l\u00ebndimeve t\u00eb marra nga aksidenti.<\/p>\n<p style=\"font-style: inherit; font-weight: 400;\">Kryetari i Sindikat\u00ebs s\u00eb Zjarrfik\u00ebsve, Muharrem Beka, ka th\u00ebn\u00eb se i ndjeri vdiq n\u00eb krye t\u00eb detyr\u00ebs.<\/p>\n<p style=\"font-style: inherit; font-weight: 400;\">\u201cMe pik\u00ebllim t\u00eb thell\u00eb mor\u00ebm lajmin p\u00ebr ndarjen nga jeta t\u00eb Komandantit t\u00eb Togut, Kaqun Lima, i cili nd\u00ebrroi jet\u00eb n\u00eb krye t\u00eb detyr\u00ebs duke sh\u00ebrbyer me guxim e p\u00ebrkushtim p\u00ebr mbrojtjen e jet\u00ebve dhe pasuris\u00eb s\u00eb qytetar\u00ebve. N\u00eb em\u00ebr te Sindikat\u00ebs se Zjarrfik\u00ebsve t\u00eb Kosov\u00ebs, n\u00eb k\u00ebto momente t\u00eb v\u00ebshtira shprehim ngush\u00ebllimet m\u00eb t\u00eb sinqerta familjes Lima, shok\u00ebve, miqve, koleg\u00ebve t\u00eb Sh\u00ebrbimit te Zjarrfik\u00ebs dhe Shp\u00ebtimit n\u00eb Gjakov\u00eb dhe gjith\u00eb Zjarrfik\u00ebsve n\u00eb Kosov\u00eb.\u00a0\u00a0Kujtimi i tij do t\u00eb mbetet gjithmon\u00eb i gjall\u00eb, si shembull i sakrific\u00ebs dhe humanizmit. Me nderim t\u00eb thell\u00eb p\u00ebr jet\u00ebn e humbur n\u00eb detyr\u00eb duke ndihmuar qytetar\u00ebt e vendit ton\u00eb\u201d, ka shkruar ai.<\/p>\n<p style=\"font-style: inherit; font-weight: 400;\">Edhe Komuna e Gjakov\u00ebs ka shprehur ngush\u00ebllime p\u00ebr vdekjen e tij.<\/p>\n<p style=\"font-style: inherit; font-weight: 400;\">\u201cMe hidh\u00ebrim t\u00eb thell\u00eb, mor\u00ebm lajmin p\u00ebr humbjen e shefit t\u00eb operativ\u00ebs n\u00eb brigad\u00ebn e zjarrfik\u00ebsve t\u00eb Gjakov\u00ebs, Kaqun Lima, i cili dha jet\u00ebn gjat\u00eb nj\u00eb aksidenti automobilistik n\u00eb orarin e pun\u00ebs, duke u p\u00ebrkushtuar deri n\u00eb fund detyr\u00ebs s\u00eb tij p\u00ebr t\u00eb shp\u00ebtuar t\u00eb tjer\u00ebt. Kaquni ishte nj\u00eb shembull i v\u00ebrtet\u00eb i trim\u00ebris\u00eb, p\u00ebrkushtimit dhe sakrific\u00ebs. Me kuraj\u00ebn dhe dedikimin e tij, ai ishte pjes\u00eb e historis\u00eb s\u00eb k\u00ebsaj brigade teksa la pas nj\u00eb trash\u00ebgimi t\u00eb ndershme n\u00eb sh\u00ebrbim t\u00eb komunitetit. Veprat e tij heroike dhe zem\u00ebrgjer\u00ebsia do t\u00eb kujtohen p\u00ebr gjithmon\u00eb nga t\u00eb gjith\u00eb ata q\u00eb e njoh\u00ebn dhe e respektuan. N\u00eb k\u00ebto \u00e7aste t\u00eb v\u00ebshtira, mendimet dhe lutjet tona jan\u00eb af\u00ebr familjes s\u00eb tij, me lutjen q\u00eb t\u00eb gjejn\u00eb forc\u00eb p\u00ebr ta p\u00ebrballuar k\u00ebt\u00eb humbje t\u00eb madh\u201d, kan\u00eb shkruar n\u00eb nj\u00eb postim n\u00eb Facebook.<\/p>\n","protected":false},"excerpt":{"rendered":"<p>Prishtin\u00eb, 8 Korrik 2025 Ka vdekur n\u00eb Qendr\u00ebn Klinike Universitare t\u00eb Kosov\u00ebs, zjarrfik\u00ebsi dhe shefi i Operativ\u00ebs n\u00eb Brigad\u00ebn e Zjarrfik\u00ebsve t\u00eb Gjakov\u00ebs, i cili<\/p>\n","protected":false},"author":1,"featured_media":3020,"comment_status":"open","ping_status":"open","sticky":false,"template":"","format":"standard","meta":{"footnotes":""},"categories":[60],"tags":[],"class_list":["post-3019","post","type-post","status-publish","format-standard","has-post-thumbnail","hentry","category-shoqerore-sq"],"yoast_head":"<!-- This site is optimized with the Yoast SEO plugin v25.3.1 - https:\/\/yoast.com\/wordpress\/plugins\/seo\/ -->\n<title>Ky \u00ebsht\u00eb zjarrfik\u00ebsi q\u00eb humbi jet\u00ebn n\u00eb krye t\u00eb detyr\u00ebs si pasoj\u00eb e aksidentit n\u00eb Gjakov\u00eb -<\/title>\n<meta name=\"robots\" content=\"index, follow, max-snippet:-1, max-image-preview:large, max-video-preview:-1\" \/>\n<link rel=\"canonical\" href=\"https:\/\/veritasinfo.org\/?p=3019\" \/>\n<meta property=\"og:locale\" content=\"en_US\" \/>\n<meta property=\"og:type\" content=\"article\" \/>\n<meta property=\"og:title\" content=\"Ky \u00ebsht\u00eb zjarrfik\u00ebsi q\u00eb humbi jet\u00ebn n\u00eb krye t\u00eb detyr\u00ebs si pasoj\u00eb e aksidentit n\u00eb Gjakov\u00eb -\" \/>\n<meta property=\"og:description\" content=\"Prishtin\u00eb, 8 Korrik 2025 Ka vdekur n\u00eb Qendr\u00ebn Klinike Universitare t\u00eb Kosov\u00ebs, zjarrfik\u00ebsi dhe shefi i Operativ\u00ebs n\u00eb Brigad\u00ebn e Zjarrfik\u00ebsve t\u00eb Gjakov\u00ebs, i cili\" \/>\n<meta property=\"og:url\" content=\"https:\/\/veritasinfo.org\/?p=3019\" \/>\n<meta property=\"article:published_time\" content=\"2025-07-08T21:56:09+00:00\" \/>\n<meta property=\"og:image\" content=\"https:\/\/veritasinfo.org\/wp-content\/uploads\/2025\/07\/kanun.jpg\" \/>\n\t<meta property=\"og:image:width\" content=\"812\" \/>\n\t<meta property=\"og:image:height\" content=\"604\" \/>\n\t<meta property=\"og:image:type\" content=\"image\/jpeg\" \/>\n<meta name=\"author\" content=\"admin\" \/>\n<meta name=\"twitter:card\" content=\"summary_large_image\" \/>\n<meta name=\"twitter:label1\" content=\"Written by\" \/>\n\t<meta name=\"twitter:data1\" content=\"admin\" \/>\n\t<meta name=\"twitter:label2\" content=\"Est. reading time\" \/>\n\t<meta name=\"twitter:data2\" content=\"2 minutes\" \/>\n<script type=\"application\/ld+json\" class=\"yoast-schema-graph\">{\"@context\":\"https:\/\/schema.org\",\"@graph\":[{\"@type\":\"WebPage\",\"@id\":\"https:\/\/veritasinfo.org\/?p=3019\",\"url\":\"https:\/\/veritasinfo.org\/?p=3019\",\"name\":\"Ky \u00ebsht\u00eb zjarrfik\u00ebsi q\u00eb humbi jet\u00ebn n\u00eb krye t\u00eb detyr\u00ebs si pasoj\u00eb e aksidentit n\u00eb Gjakov\u00eb -\",\"isPartOf\":{\"@id\":\"https:\/\/veritasinfo.org\/#website\"},\"primaryImageOfPage\":{\"@id\":\"https:\/\/veritasinfo.org\/?p=3019#primaryimage\"},\"image\":{\"@id\":\"https:\/\/veritasinfo.org\/?p=3019#primaryimage\"},\"thumbnailUrl\":\"https:\/\/veritasinfo.org\/wp-content\/uploads\/2025\/07\/kanun.jpg\",\"datePublished\":\"2025-07-08T21:56:09+00:00\",\"author\":{\"@id\":\"https:\/\/veritasinfo.org\/#\/schema\/person\/7701f8c088bece422266b100a712374f\"},\"breadcrumb\":{\"@id\":\"https:\/\/veritasinfo.org\/?p=3019#breadcrumb\"},\"inLanguage\":\"en-US\",\"potentialAction\":[{\"@type\":\"ReadAction\",\"target\":[\"https:\/\/veritasinfo.org\/?p=3019\"]}]},{\"@type\":\"ImageObject\",\"inLanguage\":\"en-US\",\"@id\":\"https:\/\/veritasinfo.org\/?p=3019#primaryimage\",\"url\":\"https:\/\/veritasinfo.org\/wp-content\/uploads\/2025\/07\/kanun.jpg\",\"contentUrl\":\"https:\/\/veritasinfo.org\/wp-content\/uploads\/2025\/07\/kanun.jpg\",\"width\":812,\"height\":604},{\"@type\":\"BreadcrumbList\",\"@id\":\"https:\/\/veritasinfo.org\/?p=3019#breadcrumb\",\"itemListElement\":[{\"@type\":\"ListItem\",\"position\":1,\"name\":\"Home\",\"item\":\"https:\/\/veritasinfo.org\/\"},{\"@type\":\"ListItem\",\"position\":2,\"name\":\"Ky \u00ebsht\u00eb zjarrfik\u00ebsi q\u00eb humbi jet\u00ebn n\u00eb krye t\u00eb detyr\u00ebs si pasoj\u00eb e aksidentit n\u00eb Gjakov\u00eb\"}]},{\"@type\":\"WebSite\",\"@id\":\"https:\/\/veritasinfo.org\/#website\",\"url\":\"https:\/\/veritasinfo.org\/\",\"name\":\"\",\"description\":\"\",\"potentialAction\":[{\"@type\":\"SearchAction\",\"target\":{\"@type\":\"EntryPoint\",\"urlTemplate\":\"https:\/\/veritasinfo.org\/?s={search_term_string}\"},\"query-input\":{\"@type\":\"PropertyValueSpecification\",\"valueRequired\":true,\"valueName\":\"search_term_string\"}}],\"inLanguage\":\"en-US\"},{\"@type\":\"Person\",\"@id\":\"https:\/\/veritasinfo.org\/#\/schema\/person\/7701f8c088bece422266b100a712374f\",\"name\":\"admin\",\"image\":{\"@type\":\"ImageObject\",\"inLanguage\":\"en-US\",\"@id\":\"https:\/\/veritasinfo.org\/#\/schema\/person\/image\/\",\"url\":\"https:\/\/secure.gravatar.com\/avatar\/ea53aa3bf6c9a12d5fde8ce4deff43fef3885ae33cf60184161a50d6987cfd2f?s=96&d=mm&r=g\",\"contentUrl\":\"https:\/\/secure.gravatar.com\/avatar\/ea53aa3bf6c9a12d5fde8ce4deff43fef3885ae33cf60184161a50d6987cfd2f?s=96&d=mm&r=g\",\"caption\":\"admin\"},\"sameAs\":[\"https:\/\/veritasinfo.org\"],\"url\":\"https:\/\/veritasinfo.org\/?author=1\"}]}<\/script>\n<!-- \/ Yoast SEO plugin. -->","yoast_head_json":{"title":"Ky \u00ebsht\u00eb zjarrfik\u00ebsi q\u00eb humbi jet\u00ebn n\u00eb krye t\u00eb detyr\u00ebs si pasoj\u00eb e aksidentit n\u00eb Gjakov\u00eb -","robots":{"index":"index","follow":"follow","max-snippet":"max-snippet:-1","max-image-preview":"max-image-preview:large","max-video-preview":"max-video-preview:-1"},"canonical":"https:\/\/veritasinfo.org\/?p=3019","og_locale":"en_US","og_type":"article","og_title":"Ky \u00ebsht\u00eb zjarrfik\u00ebsi q\u00eb humbi jet\u00ebn n\u00eb krye t\u00eb detyr\u00ebs si pasoj\u00eb e aksidentit n\u00eb Gjakov\u00eb -","og_description":"Prishtin\u00eb, 8 Korrik 2025 Ka vdekur n\u00eb Qendr\u00ebn Klinike Universitare t\u00eb Kosov\u00ebs, zjarrfik\u00ebsi dhe shefi i Operativ\u00ebs n\u00eb Brigad\u00ebn e Zjarrfik\u00ebsve t\u00eb Gjakov\u00ebs, i cili","og_url":"https:\/\/veritasinfo.org\/?p=3019","article_published_time":"2025-07-08T21:56:09+00:00","og_image":[{"width":812,"height":604,"url":"https:\/\/veritasinfo.org\/wp-content\/uploads\/2025\/07\/kanun.jpg","type":"image\/jpeg"}],"author":"admin","twitter_card":"summary_large_image","twitter_misc":{"Written by":"admin","Est. reading time":"2 minutes"},"schema":{"@context":"https:\/\/schema.org","@graph":[{"@type":"WebPage","@id":"https:\/\/veritasinfo.org\/?p=3019","url":"https:\/\/veritasinfo.org\/?p=3019","name":"Ky \u00ebsht\u00eb zjarrfik\u00ebsi q\u00eb humbi jet\u00ebn n\u00eb krye t\u00eb detyr\u00ebs si pasoj\u00eb e aksidentit n\u00eb Gjakov\u00eb -","isPartOf":{"@id":"https:\/\/veritasinfo.org\/#website"},"primaryImageOfPage":{"@id":"https:\/\/veritasinfo.org\/?p=3019#primaryimage"},"image":{"@id":"https:\/\/veritasinfo.org\/?p=3019#primaryimage"},"thumbnailUrl":"https:\/\/veritasinfo.org\/wp-content\/uploads\/2025\/07\/kanun.jpg","datePublished":"2025-07-08T21:56:09+00:00","author":{"@id":"https:\/\/veritasinfo.org\/#\/schema\/person\/7701f8c088bece422266b100a712374f"},"breadcrumb":{"@id":"https:\/\/veritasinfo.org\/?p=3019#breadcrumb"},"inLanguage":"en-US","potentialAction":[{"@type":"ReadAction","target":["https:\/\/veritasinfo.org\/?p=3019"]}]},{"@type":"ImageObject","inLanguage":"en-US","@id":"https:\/\/veritasinfo.org\/?p=3019#primaryimage","url":"https:\/\/veritasinfo.org\/wp-content\/uploads\/2025\/07\/kanun.jpg","contentUrl":"https:\/\/veritasinfo.org\/wp-content\/uploads\/2025\/07\/kanun.jpg","width":812,"height":604},{"@type":"BreadcrumbList","@id":"https:\/\/veritasinfo.org\/?p=3019#breadcrumb","itemListElement":[{"@type":"ListItem","position":1,"name":"Home","item":"https:\/\/veritasinfo.org\/"},{"@type":"ListItem","position":2,"name":"Ky \u00ebsht\u00eb zjarrfik\u00ebsi q\u00eb humbi jet\u00ebn n\u00eb krye t\u00eb detyr\u00ebs si pasoj\u00eb e aksidentit n\u00eb Gjakov\u00eb"}]},{"@type":"WebSite","@id":"https:\/\/veritasinfo.org\/#website","url":"https:\/\/veritasinfo.org\/","name":"","description":"","potentialAction":[{"@type":"SearchAction","target":{"@type":"EntryPoint","urlTemplate":"https:\/\/veritasinfo.org\/?s={search_term_string}"},"query-input":{"@type":"PropertyValueSpecification","valueRequired":true,"valueName":"search_term_string"}}],"inLanguage":"en-US"},{"@type":"Person","@id":"https:\/\/veritasinfo.org\/#\/schema\/person\/7701f8c088bece422266b100a712374f","name":"admin","image":{"@type":"ImageObject","inLanguage":"en-US","@id":"https:\/\/veritasinfo.org\/#\/schema\/person\/image\/","url":"https:\/\/secure.gravatar.com\/avatar\/ea53aa3bf6c9a12d5fde8ce4deff43fef3885ae33cf60184161a50d6987cfd2f?s=96&d=mm&r=g","contentUrl":"https:\/\/secure.gravatar.com\/avatar\/ea53aa3bf6c9a12d5fde8ce4deff43fef3885ae33cf60184161a50d6987cfd2f?s=96&d=mm&r=g","caption":"admin"},"sameAs":["https:\/\/veritasinfo.org"],"url":"https:\/\/veritasinfo.org\/?author=1"}]}},"featured_image_urls":{"full":["https:\/\/veritasinfo.org\/wp-content\/uploads\/2025\/07\/kanun.jpg",812,604,false],"thumbnail":["https:\/\/veritasinfo.org\/wp-content\/uploads\/2025\/07\/kanun-150x150.jpg",150,150,true],"medium":["https:\/\/veritasinfo.org\/wp-content\/uploads\/2025\/07\/kanun-300x223.jpg",300,223,true],"medium_large":["https:\/\/veritasinfo.org\/wp-content\/uploads\/2025\/07\/kanun-768x571.jpg",640,476,true],"large":["https:\/\/veritasinfo.org\/wp-content\/uploads\/2025\/07\/kanun.jpg",640,476,false],"1536x1536":["https:\/\/veritasinfo.org\/wp-content\/uploads\/2025\/07\/kanun.jpg",812,604,false],"2048x2048":["https:\/\/veritasinfo.org\/wp-content\/uploads\/2025\/07\/kanun.jpg",812,604,false],"kreeti-slider-full":["https:\/\/veritasinfo.org\/wp-content\/uploads\/2025\/07\/kanun.jpg",812,604,false],"kreeti-featured":["https:\/\/veritasinfo.org\/wp-content\/uploads\/2025\/07\/kanun.jpg",812,604,false],"kreeti-medium":["https:\/\/veritasinfo.org\/wp-content\/uploads\/2025\/07\/kanun.jpg",713,530,false],"kreeti-medium-square":["https:\/\/veritasinfo.org\/wp-content\/uploads\/2025\/07\/kanun.jpg",350,260,false]},"author_info":{"info":["admin"]},"category_info":"<a href=\"https:\/\/veritasinfo.org\/?cat=60\" rel=\"category\">Shoq\u00ebrore<\/a>","tag_info":"Shoq\u00ebrore","comment_count":"0","_links":{"self":[{"href":"https:\/\/veritasinfo.org\/index.php?rest_route=\/wp\/v2\/posts\/3019","targetHints":{"allow":["GET"]}}],"collection":[{"href":"https:\/\/veritasinfo.org\/index.php?rest_route=\/wp\/v2\/posts"}],"about":[{"href":"https:\/\/veritasinfo.org\/index.php?rest_route=\/wp\/v2\/types\/post"}],"author":[{"embeddable":true,"href":"https:\/\/veritasinfo.org\/index.php?rest_route=\/wp\/v2\/users\/1"}],"replies":[{"embeddable":true,"href":"https:\/\/veritasinfo.org\/index.php?rest_route=%2Fwp%2Fv2%2Fcomments&post=3019"}],"version-history":[{"count":1,"href":"https:\/\/veritasinfo.org\/index.php?rest_route=\/wp\/v2\/posts\/3019\/revisions"}],"predecessor-version":[{"id":3021,"href":"https:\/\/veritasinfo.org\/index.php?rest_route=\/wp\/v2\/posts\/3019\/revisions\/3021"}],"wp:featuredmedia":[{"embeddable":true,"href":"https:\/\/veritasinfo.org\/index.php?rest_route=\/wp\/v2\/media\/3020"}],"wp:attachment":[{"href":"https:\/\/veritasinfo.org\/index.php?rest_route=%2Fwp%2Fv2%2Fmedia&parent=3019"}],"wp:term":[{"taxonomy":"category","embeddable":true,"href":"https:\/\/veritasinfo.org\/index.php?rest_route=%2Fwp%2Fv2%2Fcategories&post=3019"},{"taxonomy":"post_tag","embeddable":true,"href":"https:\/\/veritasinfo.org\/index.php?rest_route=%2Fwp%2Fv2%2Ftags&post=3019"}],"curies":[{"name":"wp","href":"https:\/\/api.w.org\/{rel}","templated":true}]}}