{"id":30185,"date":"2026-02-02T09:45:28","date_gmt":"2026-02-02T08:45:28","guid":{"rendered":"https:\/\/veritasinfo.org\/?p=30185"},"modified":"2026-02-02T09:45:28","modified_gmt":"2026-02-02T08:45:28","slug":"19-vjet-nga-propozimi-i-planit-te-ahtisaarit","status":"publish","type":"post","link":"https:\/\/veritasinfo.org\/?p=30185","title":{"rendered":"\u200b19-vjet nga propozimi i Planit t\u00eb Ahtisaarit"},"content":{"rendered":"<p>Prishtin\u00eb 2 Shkurt 2026 09:44<\/p>\n<p>M\u00eb 2 shkurt 2007 emisari special p\u00ebr statusin e Kosov\u00ebs, Martti Ahtisaari, dor\u00ebzoi propozimin e tij n\u00eb Prishtin\u00eb dhe Beograd.<\/p>\n<p>Kjo ishte edhe nisma e krijimit t\u00eb shtetit t\u00eb pavarur t\u00eb Kosov\u00ebs. Edhe pse plani u dor\u00ebzua, gjat\u00eb gjith\u00eb koh\u00ebs mendohej se diplomati finlandez do t\u00eb propozoj\u00eb pavar\u00ebsi t\u00eb kusht\u00ebzuar, por pa e p\u00ebrmendur fjal\u00ebn pavar\u00ebsi.<\/p>\n<p>Ky dokument s\u00eb pari iu dor\u00ebzua Beogradit, e pak or\u00eb m\u00eb von\u00eb Ahtisaari mb\u00ebrriti edhe n\u00eb Kosov\u00eb.<\/p>\n<p>Sipas Ahtisaarit dhe ekipit t\u00eb tij, synimi i propozimit t\u00eb gjithansh\u00ebm p\u00ebr marr\u00ebveshjen mbi statusin e Kosov\u00ebs ishte t\u00eb p\u00ebrcaktoj\u00eb k\u00ebrkesat e nevojshme p\u00ebr nj\u00eb Kosov\u00eb t\u00eb ardhshme q\u00eb \u00ebsht\u00eb e mundshme, e mb\u00ebshtetshme dhe e stabilizuar.<\/p>\n<p>Plani p\u00ebrfshinte masa t\u00eb holl\u00ebsishme p\u00ebr t\u00eb siguruar inkurajimin dhe mbrojtjen e t\u00eb drejtave t\u00eb bashk\u00ebsive dhe an\u00ebtar\u00ebve t\u00eb tyre, decentralizimin efektiv t\u00eb qeveris\u00eb dhe ruajtjen e mbrojtjen e trash\u00ebgimis\u00eb kulturore e fetare.<\/p>\n<p>P\u00ebr m\u00eb tep\u00ebr, marr\u00ebveshja p\u00ebrshkruante masa kushtetuese, ekonomike dhe sigurie, t\u00eb cilat s\u00eb bashku synonin t\u00eb kontribuojn\u00eb n\u00eb zhvillimin a nj\u00eb Kosove shum\u00eb-etnike, demokratike dhe t\u00eb lul\u00ebzuar.<\/p>\n<p>Nj\u00eb element i r\u00ebnd\u00ebsish\u00ebm i marr\u00ebveshjes ishte mandati q\u00eb i jepej prezenc\u00ebs nd\u00ebrkomb\u00ebtare civile dhe ushtarake n\u00eb Kosov\u00eb p\u00ebr t\u00eb mbik\u00ebqyrur zbatimin e marr\u00ebveshjes dhe p\u00ebr t\u00eb ndihmuar autoritetet kompetente vendore n\u00eb sigurimin e paqes dhe stabilitetit n\u00eb Kosov\u00eb.<\/p>\n<p>Plani i Ahtisaarit g\u00ebzoi asokohe mb\u00ebshtetjen e autoriteteve kosovare, nd\u00ebrsa u kund\u00ebrshtua nga Qeveria e Serbis\u00eb, e cila e cil\u00ebsonte propozimin si t\u00eb d\u00ebmsh\u00ebm p\u00ebr shkak se, si\u00e7 thuhej, prek sovranitetin e shtetit serb.<\/p>\n<p>Ndon\u00ebse fjala \u201cpavar\u00ebsi\u201d nuk p\u00ebrmendej n\u00eb draft-dokumentin n\u00eb fjal\u00eb, udh\u00ebheq\u00ebsit kosovar\u00eb pat\u00ebn shprehur bindjen se \u201cprocesi nd\u00ebrkomb\u00ebtar p\u00ebr zgjidhjen e statusit t\u00eb Kosov\u00ebs i udh\u00ebhequr nga presidenti Ahtisaari do t\u00eb p\u00ebrfundonte shpejt me pavar\u00ebsimin e Kosov\u00ebs\u201d.<\/p>\n<p>Bindja e tyre do t\u00eb realizohej pjes\u00ebrisht m\u00eb se dy jav\u00eb pas takimit t\u00eb fundit t\u00eb nivelit t\u00eb lart\u00eb midis Prishtin\u00ebs dhe Beogradit. Negociatat e nd\u00ebrmjet\u00ebsuara Ahtisaari, t\u00eb cilat kishin filluar n\u00eb korrik 2006 n\u00eb Vjen\u00eb, u p\u00ebrmbyll\u00ebn po n\u00eb kryeqytetin austriak m\u00eb 10 mars, me mbledhjen e fundit nd\u00ebrmjet pal\u00ebve.<\/p>\n<p>M\u00eb 26 mars, Ahtisaari ia dor\u00ebzoi sekretarit t\u00eb p\u00ebrgjithsh\u00ebm t\u00eb Kombeve t\u00eb Bashkuara raportin final dhe rekomandimin q\u00eb Kosova t\u00eb fitoj\u00eb nj\u00eb pavar\u00ebsi t\u00eb mbik\u00ebqyrur.<\/p>\n<p>Presidenti Fatmir Sejdiu dhe kryeministri, Agim \u00c7eku, t\u00eb cil\u00ebt at\u00ebkoh\u00eb udh\u00ebhiqnin Kosov\u00ebn e pat\u00ebn cil\u00ebsuar 26 marsin dit\u00eb historike p\u00ebr Kosov\u00ebn.<\/p>\n<p>\u201cPavar\u00ebsia e Kosov\u00ebs, e cila fillimisht pas planit t\u00eb Ahtisaarit do t\u00eb ket\u00eb mbik\u00ebqyrje nd\u00ebrkomb\u00ebtare, do t\u00eb jet\u00eb n\u00eb sh\u00ebrbim t\u00eb paqes\u201d, pati deklaruar Sejdiu.<\/p>\n<p>Nd\u00ebrsa, \u00c7eku- kreu i ekzekutivit kosovar at\u00ebkoh\u00eb pat theksuar: \u201cLetra propozon pavar\u00ebsi p\u00ebr Kosov\u00ebn t\u00eb mbik\u00ebqyrur n\u00eb faz\u00ebn e par\u00eb q\u00eb \u00ebsht\u00eb n\u00eb p\u00ebrputhje me vullnetin e popullit t\u00eb Kosov\u00ebs\u201d.<\/p>\n<p>Diametralisht t\u00eb kund\u00ebrta ishin reagimet e Beogradit zyrtar dhe ato t\u00eb serb\u00ebve lokal\u00eb n\u00eb Kosov\u00eb. Refuzimi i tyre p\u00ebr ta pranuar planin Ahtisaari u p\u00ebrkrah nga aleati serb-Rusia.<\/p>\n<p>Pik\u00ebpamjet e ndryshme t\u00eb pal\u00ebve ndaj planit Ahtisaari \u00e7uan n\u00eb d\u00ebrgimin e nj\u00eb misioni fakt-mbledh\u00ebs t\u00eb Kombeve t\u00eb Bashkuara n\u00eb Kosov\u00eb, q\u00eb kishte p\u00ebr detyr\u00eb shqyrtimin e rrethanave p\u00ebr zbatimin e planit Ahtisaari, shkruan KP.<\/p>\n<p>Delegacioni nisi vizit\u00ebn e tij m\u00eb 27 prill p\u00ebr ta p\u00ebrfunduar me vler\u00ebsimet e tij q\u00eb do t\u2019i paraqiteshin K\u00ebshillit t\u00eb Sigurimit t\u00eb Kombeve t\u00eb Bashkuara. Ky mekaniz\u00ebm, pavar\u00ebsisht insistimit t\u00eb p\u00ebrkrah\u00ebsve t\u00eb planit Ahtisaari, nuk arriti t\u00eb gjej\u00eb konsensus p\u00ebr zgjidhjen e statusit t\u00eb Kosov\u00ebs.<\/p>\n<p>Rusia-kund\u00ebrshtuesi kryesor i planit, p\u00ebrdori m\u00eb von\u00eb veto ndaj nj\u00eb propozim-rezolute t\u00eb an\u00ebtar\u00ebve evropian\u00eb t\u00eb K\u00ebshillit, Gjermanis\u00eb dhe Shteteve t\u00eb Bashkuara e cila parashihej t\u00eb z\u00ebvend\u00ebsonte Rezolut\u00ebn 1244 t\u00eb K\u00ebshillit t\u00eb Sigurimit, t\u2019ia hapte rrug\u00ebn hyrjes n\u00eb fuqi t\u00eb planit Ahtisaari dhe p\u00ebrfundimit brenda 120 dit\u00ebve t\u00eb misionit t\u00eb OKB-s\u00eb n\u00eb Kosov\u00eb.<\/p>\n<p>T\u00eb pasuksesshme rezultuan edhe bisedimet Prishtin\u00eb \u2013 Beograd, t\u00eb zhvilluara deri n\u00eb dhjetor 2007, n\u00ebn nd\u00ebrmjet\u00ebsimin e \u201ctreshes\u201d nd\u00ebrkomb\u00ebtare, e p\u00ebrb\u00ebr\u00eb nga amerikani Frank Wisner, gjermani, Wolfgang Ischinger dhe rusi Alexander Botsan-Kharcenko.<\/p>\n<p>M\u00eb 17 shkurt 2008, Kosova do ta merrte n\u00eb duart e veta fatin e saj duke e shpallur n\u00eb koordimin me bashk\u00ebsin\u00eb nd\u00ebrkomb\u00ebtare veten shtet i pavarur.<\/p>\n","protected":false},"excerpt":{"rendered":"<p>Prishtin\u00eb 2 Shkurt 2026 09:44 M\u00eb 2 shkurt 2007 emisari special p\u00ebr statusin e Kosov\u00ebs, Martti Ahtisaari, dor\u00ebzoi propozimin e tij n\u00eb Prishtin\u00eb dhe Beograd.<\/p>\n","protected":false},"author":6,"featured_media":30186,"comment_status":"open","ping_status":"open","sticky":false,"template":"","format":"standard","meta":{"footnotes":""},"categories":[58],"tags":[],"class_list":["post-30185","post","type-post","status-publish","format-standard","has-post-thumbnail","hentry","category-politike-sq"],"yoast_head":"<!-- This site is optimized with the Yoast SEO plugin v25.3.1 - https:\/\/yoast.com\/wordpress\/plugins\/seo\/ -->\n<title>\u200b19-vjet nga propozimi i Planit t\u00eb Ahtisaarit -<\/title>\n<meta name=\"robots\" content=\"index, follow, max-snippet:-1, max-image-preview:large, max-video-preview:-1\" \/>\n<link rel=\"canonical\" href=\"https:\/\/veritasinfo.org\/?p=30185\" \/>\n<meta property=\"og:locale\" content=\"en_US\" \/>\n<meta property=\"og:type\" content=\"article\" \/>\n<meta property=\"og:title\" content=\"\u200b19-vjet nga propozimi i Planit t\u00eb Ahtisaarit -\" \/>\n<meta property=\"og:description\" content=\"Prishtin\u00eb 2 Shkurt 2026 09:44 M\u00eb 2 shkurt 2007 emisari special p\u00ebr statusin e Kosov\u00ebs, Martti Ahtisaari, dor\u00ebzoi propozimin e tij n\u00eb Prishtin\u00eb dhe Beograd.\" \/>\n<meta property=\"og:url\" content=\"https:\/\/veritasinfo.org\/?p=30185\" \/>\n<meta property=\"article:published_time\" content=\"2026-02-02T08:45:28+00:00\" \/>\n<meta property=\"og:image\" content=\"https:\/\/veritasinfo.org\/wp-content\/uploads\/2026\/02\/IMG-20260202-WA0003.jpg\" \/>\n\t<meta property=\"og:image:width\" content=\"600\" \/>\n\t<meta property=\"og:image:height\" content=\"375\" \/>\n\t<meta property=\"og:image:type\" content=\"image\/jpeg\" \/>\n<meta name=\"author\" content=\"US5\" \/>\n<meta name=\"twitter:card\" content=\"summary_large_image\" \/>\n<meta name=\"twitter:label1\" content=\"Written by\" \/>\n\t<meta name=\"twitter:data1\" content=\"US5\" \/>\n<script type=\"application\/ld+json\" class=\"yoast-schema-graph\">{\"@context\":\"https:\/\/schema.org\",\"@graph\":[{\"@type\":\"WebPage\",\"@id\":\"https:\/\/veritasinfo.org\/?p=30185\",\"url\":\"https:\/\/veritasinfo.org\/?p=30185\",\"name\":\"\u200b19-vjet nga propozimi i Planit t\u00eb Ahtisaarit -\",\"isPartOf\":{\"@id\":\"https:\/\/veritasinfo.org\/#website\"},\"primaryImageOfPage\":{\"@id\":\"https:\/\/veritasinfo.org\/?p=30185#primaryimage\"},\"image\":{\"@id\":\"https:\/\/veritasinfo.org\/?p=30185#primaryimage\"},\"thumbnailUrl\":\"https:\/\/veritasinfo.org\/wp-content\/uploads\/2026\/02\/IMG-20260202-WA0003.jpg\",\"datePublished\":\"2026-02-02T08:45:28+00:00\",\"author\":{\"@id\":\"https:\/\/veritasinfo.org\/#\/schema\/person\/bc442336e35414d04494ab8fb45db4c6\"},\"breadcrumb\":{\"@id\":\"https:\/\/veritasinfo.org\/?p=30185#breadcrumb\"},\"inLanguage\":\"en-US\",\"potentialAction\":[{\"@type\":\"ReadAction\",\"target\":[\"https:\/\/veritasinfo.org\/?p=30185\"]}]},{\"@type\":\"ImageObject\",\"inLanguage\":\"en-US\",\"@id\":\"https:\/\/veritasinfo.org\/?p=30185#primaryimage\",\"url\":\"https:\/\/veritasinfo.org\/wp-content\/uploads\/2026\/02\/IMG-20260202-WA0003.jpg\",\"contentUrl\":\"https:\/\/veritasinfo.org\/wp-content\/uploads\/2026\/02\/IMG-20260202-WA0003.jpg\",\"width\":600,\"height\":375},{\"@type\":\"BreadcrumbList\",\"@id\":\"https:\/\/veritasinfo.org\/?p=30185#breadcrumb\",\"itemListElement\":[{\"@type\":\"ListItem\",\"position\":1,\"name\":\"Home\",\"item\":\"https:\/\/veritasinfo.org\/\"},{\"@type\":\"ListItem\",\"position\":2,\"name\":\"\u200b19-vjet nga propozimi i Planit t\u00eb Ahtisaarit\"}]},{\"@type\":\"WebSite\",\"@id\":\"https:\/\/veritasinfo.org\/#website\",\"url\":\"https:\/\/veritasinfo.org\/\",\"name\":\"\",\"description\":\"\",\"potentialAction\":[{\"@type\":\"SearchAction\",\"target\":{\"@type\":\"EntryPoint\",\"urlTemplate\":\"https:\/\/veritasinfo.org\/?s={search_term_string}\"},\"query-input\":{\"@type\":\"PropertyValueSpecification\",\"valueRequired\":true,\"valueName\":\"search_term_string\"}}],\"inLanguage\":\"en-US\"},{\"@type\":\"Person\",\"@id\":\"https:\/\/veritasinfo.org\/#\/schema\/person\/bc442336e35414d04494ab8fb45db4c6\",\"name\":\"US5\",\"image\":{\"@type\":\"ImageObject\",\"inLanguage\":\"en-US\",\"@id\":\"https:\/\/veritasinfo.org\/#\/schema\/person\/image\/\",\"url\":\"https:\/\/secure.gravatar.com\/avatar\/16a61e7272a0c5d001121ebb9e60e925d5816e4ac1e443ed3e640d9a6ae55d0c?s=96&d=mm&r=g\",\"contentUrl\":\"https:\/\/secure.gravatar.com\/avatar\/16a61e7272a0c5d001121ebb9e60e925d5816e4ac1e443ed3e640d9a6ae55d0c?s=96&d=mm&r=g\",\"caption\":\"US5\"},\"url\":\"https:\/\/veritasinfo.org\/?author=6\"}]}<\/script>\n<!-- \/ Yoast SEO plugin. -->","yoast_head_json":{"title":"\u200b19-vjet nga propozimi i Planit t\u00eb Ahtisaarit -","robots":{"index":"index","follow":"follow","max-snippet":"max-snippet:-1","max-image-preview":"max-image-preview:large","max-video-preview":"max-video-preview:-1"},"canonical":"https:\/\/veritasinfo.org\/?p=30185","og_locale":"en_US","og_type":"article","og_title":"\u200b19-vjet nga propozimi i Planit t\u00eb Ahtisaarit -","og_description":"Prishtin\u00eb 2 Shkurt 2026 09:44 M\u00eb 2 shkurt 2007 emisari special p\u00ebr statusin e Kosov\u00ebs, Martti Ahtisaari, dor\u00ebzoi propozimin e tij n\u00eb Prishtin\u00eb dhe Beograd.","og_url":"https:\/\/veritasinfo.org\/?p=30185","article_published_time":"2026-02-02T08:45:28+00:00","og_image":[{"width":600,"height":375,"url":"https:\/\/veritasinfo.org\/wp-content\/uploads\/2026\/02\/IMG-20260202-WA0003.jpg","type":"image\/jpeg"}],"author":"US5","twitter_card":"summary_large_image","twitter_misc":{"Written by":"US5"},"schema":{"@context":"https:\/\/schema.org","@graph":[{"@type":"WebPage","@id":"https:\/\/veritasinfo.org\/?p=30185","url":"https:\/\/veritasinfo.org\/?p=30185","name":"\u200b19-vjet nga propozimi i Planit t\u00eb Ahtisaarit -","isPartOf":{"@id":"https:\/\/veritasinfo.org\/#website"},"primaryImageOfPage":{"@id":"https:\/\/veritasinfo.org\/?p=30185#primaryimage"},"image":{"@id":"https:\/\/veritasinfo.org\/?p=30185#primaryimage"},"thumbnailUrl":"https:\/\/veritasinfo.org\/wp-content\/uploads\/2026\/02\/IMG-20260202-WA0003.jpg","datePublished":"2026-02-02T08:45:28+00:00","author":{"@id":"https:\/\/veritasinfo.org\/#\/schema\/person\/bc442336e35414d04494ab8fb45db4c6"},"breadcrumb":{"@id":"https:\/\/veritasinfo.org\/?p=30185#breadcrumb"},"inLanguage":"en-US","potentialAction":[{"@type":"ReadAction","target":["https:\/\/veritasinfo.org\/?p=30185"]}]},{"@type":"ImageObject","inLanguage":"en-US","@id":"https:\/\/veritasinfo.org\/?p=30185#primaryimage","url":"https:\/\/veritasinfo.org\/wp-content\/uploads\/2026\/02\/IMG-20260202-WA0003.jpg","contentUrl":"https:\/\/veritasinfo.org\/wp-content\/uploads\/2026\/02\/IMG-20260202-WA0003.jpg","width":600,"height":375},{"@type":"BreadcrumbList","@id":"https:\/\/veritasinfo.org\/?p=30185#breadcrumb","itemListElement":[{"@type":"ListItem","position":1,"name":"Home","item":"https:\/\/veritasinfo.org\/"},{"@type":"ListItem","position":2,"name":"\u200b19-vjet nga propozimi i Planit t\u00eb Ahtisaarit"}]},{"@type":"WebSite","@id":"https:\/\/veritasinfo.org\/#website","url":"https:\/\/veritasinfo.org\/","name":"","description":"","potentialAction":[{"@type":"SearchAction","target":{"@type":"EntryPoint","urlTemplate":"https:\/\/veritasinfo.org\/?s={search_term_string}"},"query-input":{"@type":"PropertyValueSpecification","valueRequired":true,"valueName":"search_term_string"}}],"inLanguage":"en-US"},{"@type":"Person","@id":"https:\/\/veritasinfo.org\/#\/schema\/person\/bc442336e35414d04494ab8fb45db4c6","name":"US5","image":{"@type":"ImageObject","inLanguage":"en-US","@id":"https:\/\/veritasinfo.org\/#\/schema\/person\/image\/","url":"https:\/\/secure.gravatar.com\/avatar\/16a61e7272a0c5d001121ebb9e60e925d5816e4ac1e443ed3e640d9a6ae55d0c?s=96&d=mm&r=g","contentUrl":"https:\/\/secure.gravatar.com\/avatar\/16a61e7272a0c5d001121ebb9e60e925d5816e4ac1e443ed3e640d9a6ae55d0c?s=96&d=mm&r=g","caption":"US5"},"url":"https:\/\/veritasinfo.org\/?author=6"}]}},"featured_image_urls":{"full":["https:\/\/veritasinfo.org\/wp-content\/uploads\/2026\/02\/IMG-20260202-WA0003.jpg",600,375,false],"thumbnail":["https:\/\/veritasinfo.org\/wp-content\/uploads\/2026\/02\/IMG-20260202-WA0003-150x150.jpg",150,150,true],"medium":["https:\/\/veritasinfo.org\/wp-content\/uploads\/2026\/02\/IMG-20260202-WA0003-300x188.jpg",300,188,true],"medium_large":["https:\/\/veritasinfo.org\/wp-content\/uploads\/2026\/02\/IMG-20260202-WA0003.jpg",600,375,false],"large":["https:\/\/veritasinfo.org\/wp-content\/uploads\/2026\/02\/IMG-20260202-WA0003.jpg",600,375,false],"1536x1536":["https:\/\/veritasinfo.org\/wp-content\/uploads\/2026\/02\/IMG-20260202-WA0003.jpg",600,375,false],"2048x2048":["https:\/\/veritasinfo.org\/wp-content\/uploads\/2026\/02\/IMG-20260202-WA0003.jpg",600,375,false],"kreeti-slider-full":["https:\/\/veritasinfo.org\/wp-content\/uploads\/2026\/02\/IMG-20260202-WA0003.jpg",600,375,false],"kreeti-featured":["https:\/\/veritasinfo.org\/wp-content\/uploads\/2026\/02\/IMG-20260202-WA0003.jpg",600,375,false],"kreeti-medium":["https:\/\/veritasinfo.org\/wp-content\/uploads\/2026\/02\/IMG-20260202-WA0003.jpg",600,375,false],"kreeti-medium-square":["https:\/\/veritasinfo.org\/wp-content\/uploads\/2026\/02\/IMG-20260202-WA0003.jpg",350,219,false]},"author_info":{"info":["US5"]},"category_info":"<a href=\"https:\/\/veritasinfo.org\/?cat=58\" rel=\"category\">Politik\u00eb<\/a>","tag_info":"Politik\u00eb","comment_count":"0","_links":{"self":[{"href":"https:\/\/veritasinfo.org\/index.php?rest_route=\/wp\/v2\/posts\/30185","targetHints":{"allow":["GET"]}}],"collection":[{"href":"https:\/\/veritasinfo.org\/index.php?rest_route=\/wp\/v2\/posts"}],"about":[{"href":"https:\/\/veritasinfo.org\/index.php?rest_route=\/wp\/v2\/types\/post"}],"author":[{"embeddable":true,"href":"https:\/\/veritasinfo.org\/index.php?rest_route=\/wp\/v2\/users\/6"}],"replies":[{"embeddable":true,"href":"https:\/\/veritasinfo.org\/index.php?rest_route=%2Fwp%2Fv2%2Fcomments&post=30185"}],"version-history":[{"count":1,"href":"https:\/\/veritasinfo.org\/index.php?rest_route=\/wp\/v2\/posts\/30185\/revisions"}],"predecessor-version":[{"id":30187,"href":"https:\/\/veritasinfo.org\/index.php?rest_route=\/wp\/v2\/posts\/30185\/revisions\/30187"}],"wp:featuredmedia":[{"embeddable":true,"href":"https:\/\/veritasinfo.org\/index.php?rest_route=\/wp\/v2\/media\/30186"}],"wp:attachment":[{"href":"https:\/\/veritasinfo.org\/index.php?rest_route=%2Fwp%2Fv2%2Fmedia&parent=30185"}],"wp:term":[{"taxonomy":"category","embeddable":true,"href":"https:\/\/veritasinfo.org\/index.php?rest_route=%2Fwp%2Fv2%2Fcategories&post=30185"},{"taxonomy":"post_tag","embeddable":true,"href":"https:\/\/veritasinfo.org\/index.php?rest_route=%2Fwp%2Fv2%2Ftags&post=30185"}],"curies":[{"name":"wp","href":"https:\/\/api.w.org\/{rel}","templated":true}]}}