{"id":30169,"date":"2026-02-02T08:40:07","date_gmt":"2026-02-02T07:40:07","guid":{"rendered":"https:\/\/veritasinfo.org\/?p=30169"},"modified":"2026-02-02T08:40:07","modified_gmt":"2026-02-02T07:40:07","slug":"36-vjet-nga-nisma-per-pajtimin-e-gjaqeve","status":"publish","type":"post","link":"https:\/\/veritasinfo.org\/?p=30169","title":{"rendered":"36-vjet nga nisma p\u00ebr pajtimin e gjaqeve"},"content":{"rendered":"<p>Prishtin\u00eb 2 Shkurt 2026 08:38<\/p>\n<p>M\u00eb 2 shkurt 1990 me nism\u00ebn e Anton \u00c7ett\u00ebs nisi n\u00eb Kosov\u00eb aksioni atdhetar e humanitar i faljes s\u00eb gjaqeve, q\u00eb mori p\u00ebrmasa t\u00eb gjera, duke u p\u00ebrhapur anemban\u00eb vendit.<\/p>\n<p>Ky konsiderohet edhe si viti m\u00eb i organizuar dhe frytdh\u00ebn\u00ebs i kombit shqiptar q\u00eb hyri n\u00eb histori si vit i bashkimit e i pajtimit t\u00eb popullit shqiptar kudo q\u00eb jetonte, brenda trojeve etnike dhe m\u00ebrgat\u00eb.<\/p>\n<p>Nuk kishte kaluar shum\u00eb koh\u00eb nga formimi i L\u00ebvizjes Gjith\u00ebkomb\u00ebtare si p\u00ebrgjigje ndaj Sllobodan Millosheviqit p\u00ebr vet\u00eb em\u00ebrimin si \u2018kral\u2019 i t\u00eb gjith\u00eb serb\u00ebve n\u00eb Fush\u00eb-Kosov\u00eb, mbylljes s\u00eb shkollave, helmimit, mbylljen e universitetit, gazetave e mjeteve tjera t\u00eb informimit, zgjimi i vet\u00ebdijes komb\u00ebtare ishte i paevituesh\u00ebm.<\/p>\n<p>Kjo l\u00ebvizje u em\u00ebrua si Lidhja Demokratike e Kosov\u00ebs dhe kryetar u zgjodh Ibrahim Rugova. Rugova kishte pran\u00eb vetes edhe njer\u00ebz t\u00eb njohur si atdhetar. Askush nuk luftonte p\u00ebr bajraktariz\u00ebm, por p\u00ebr atdheun, shkruan KosovaPress.<\/p>\n<p>Kjo rini e sh\u00ebndosh\u00eb, pa hezitim, timonin e pajtimit ia dhuroi Anton \u00c7ett\u00ebs dhe profesor\u00ebve tjer\u00eb nga Instituti Albanologjik, intelektual\u00ebve kudo q\u00eb gjendeshin, akademik\u00ebve, pun\u00ebtor\u00ebve e fshatar\u00ebve, aktivist\u00ebve nga mbar\u00eb trojet tona etnike.<\/p>\n<p>Njer\u00ebzit n\u00eb at\u00eb koh\u00eb n\u00eb krye me Anton \u00c7ett\u00ebn, marshonin para qindra ekipe profesor\u00ebsh, student\u00ebsh, aktivist\u00ebsh, k\u00ebng\u00ebtar\u00ebsh e poet\u00ebsh\u2026pajtonin popullin, pajtonin ata q\u00eb deri dje ishin armiq, p\u00ebr t\u2019u b\u00ebr\u00eb miq e v\u00ebllez\u00ebr. Heronjt\u00eb e k\u00ebtij aksioni komb\u00ebtar, padyshim ishin ata q\u00eb falnin.<\/p>\n<p>Faleshin p\u00ebr hatrin e atdheut. N\u00eb k\u00ebto tubime madh\u00ebshtore q\u00eb organizoheshin anemban\u00eb Kosov\u00ebs e trojeve tjera etnike, si n\u00eb Ka\u00e7anik e Lug t\u00eb Drinit, Rrafsh t\u00eb Dukagjinit e n\u00b4Verra t\u00eb Lluk\u00ebs, n\u00eb Shal\u00eb e n\u00eb Karadak, n\u00eb Llap, Drenic\u00eb e Gollak, n\u00eb Has, Rek\u00eb, Podrime, Lapush\u00eb, Podgur e Rugov\u00eb, Rrafsh i Kosov\u00ebs dhe kudo, e kudo n\u00eb viset tjera, tregonte se p\u00ebr popullin ton\u00eb e atdheun kishte krisur ora e madhe e historis\u00eb son\u00eb. Fryma e faljes dhe e pajtimit t\u00eb gjaqeve, e nisur at\u00ebher\u00eb, mbetet e gjall\u00eb edhe sot, n\u00eb disa raste.<\/p>\n","protected":false},"excerpt":{"rendered":"<p>Prishtin\u00eb 2 Shkurt 2026 08:38 M\u00eb 2 shkurt 1990 me nism\u00ebn e Anton \u00c7ett\u00ebs nisi n\u00eb Kosov\u00eb aksioni atdhetar e humanitar i faljes s\u00eb gjaqeve,<\/p>\n","protected":false},"author":6,"featured_media":30170,"comment_status":"open","ping_status":"open","sticky":false,"template":"","format":"standard","meta":{"footnotes":""},"categories":[60],"tags":[],"class_list":["post-30169","post","type-post","status-publish","format-standard","has-post-thumbnail","hentry","category-shoqerore-sq"],"yoast_head":"<!-- This site is optimized with the Yoast SEO plugin v25.3.1 - https:\/\/yoast.com\/wordpress\/plugins\/seo\/ -->\n<title>36-vjet nga nisma p\u00ebr pajtimin e gjaqeve -<\/title>\n<meta name=\"robots\" content=\"index, follow, max-snippet:-1, max-image-preview:large, max-video-preview:-1\" \/>\n<link rel=\"canonical\" href=\"https:\/\/veritasinfo.org\/?p=30169\" \/>\n<meta property=\"og:locale\" content=\"en_US\" \/>\n<meta property=\"og:type\" content=\"article\" \/>\n<meta property=\"og:title\" content=\"36-vjet nga nisma p\u00ebr pajtimin e gjaqeve -\" \/>\n<meta property=\"og:description\" content=\"Prishtin\u00eb 2 Shkurt 2026 08:38 M\u00eb 2 shkurt 1990 me nism\u00ebn e Anton \u00c7ett\u00ebs nisi n\u00eb Kosov\u00eb aksioni atdhetar e humanitar i faljes s\u00eb gjaqeve,\" \/>\n<meta property=\"og:url\" content=\"https:\/\/veritasinfo.org\/?p=30169\" \/>\n<meta property=\"article:published_time\" content=\"2026-02-02T07:40:07+00:00\" \/>\n<meta property=\"og:image\" content=\"https:\/\/veritasinfo.org\/wp-content\/uploads\/2026\/02\/IMG-20260202-WA0002.jpg\" \/>\n\t<meta property=\"og:image:width\" content=\"600\" \/>\n\t<meta property=\"og:image:height\" content=\"401\" \/>\n\t<meta property=\"og:image:type\" content=\"image\/jpeg\" \/>\n<meta name=\"author\" content=\"US5\" \/>\n<meta name=\"twitter:card\" content=\"summary_large_image\" \/>\n<meta name=\"twitter:label1\" content=\"Written by\" \/>\n\t<meta name=\"twitter:data1\" content=\"US5\" \/>\n\t<meta name=\"twitter:label2\" content=\"Est. reading time\" \/>\n\t<meta name=\"twitter:data2\" content=\"1 minute\" \/>\n<script type=\"application\/ld+json\" class=\"yoast-schema-graph\">{\"@context\":\"https:\/\/schema.org\",\"@graph\":[{\"@type\":\"WebPage\",\"@id\":\"https:\/\/veritasinfo.org\/?p=30169\",\"url\":\"https:\/\/veritasinfo.org\/?p=30169\",\"name\":\"36-vjet nga nisma p\u00ebr pajtimin e gjaqeve -\",\"isPartOf\":{\"@id\":\"https:\/\/veritasinfo.org\/#website\"},\"primaryImageOfPage\":{\"@id\":\"https:\/\/veritasinfo.org\/?p=30169#primaryimage\"},\"image\":{\"@id\":\"https:\/\/veritasinfo.org\/?p=30169#primaryimage\"},\"thumbnailUrl\":\"https:\/\/veritasinfo.org\/wp-content\/uploads\/2026\/02\/IMG-20260202-WA0002.jpg\",\"datePublished\":\"2026-02-02T07:40:07+00:00\",\"author\":{\"@id\":\"https:\/\/veritasinfo.org\/#\/schema\/person\/bc442336e35414d04494ab8fb45db4c6\"},\"breadcrumb\":{\"@id\":\"https:\/\/veritasinfo.org\/?p=30169#breadcrumb\"},\"inLanguage\":\"en-US\",\"potentialAction\":[{\"@type\":\"ReadAction\",\"target\":[\"https:\/\/veritasinfo.org\/?p=30169\"]}]},{\"@type\":\"ImageObject\",\"inLanguage\":\"en-US\",\"@id\":\"https:\/\/veritasinfo.org\/?p=30169#primaryimage\",\"url\":\"https:\/\/veritasinfo.org\/wp-content\/uploads\/2026\/02\/IMG-20260202-WA0002.jpg\",\"contentUrl\":\"https:\/\/veritasinfo.org\/wp-content\/uploads\/2026\/02\/IMG-20260202-WA0002.jpg\",\"width\":600,\"height\":401},{\"@type\":\"BreadcrumbList\",\"@id\":\"https:\/\/veritasinfo.org\/?p=30169#breadcrumb\",\"itemListElement\":[{\"@type\":\"ListItem\",\"position\":1,\"name\":\"Home\",\"item\":\"https:\/\/veritasinfo.org\/\"},{\"@type\":\"ListItem\",\"position\":2,\"name\":\"36-vjet nga nisma p\u00ebr pajtimin e gjaqeve\"}]},{\"@type\":\"WebSite\",\"@id\":\"https:\/\/veritasinfo.org\/#website\",\"url\":\"https:\/\/veritasinfo.org\/\",\"name\":\"\",\"description\":\"\",\"potentialAction\":[{\"@type\":\"SearchAction\",\"target\":{\"@type\":\"EntryPoint\",\"urlTemplate\":\"https:\/\/veritasinfo.org\/?s={search_term_string}\"},\"query-input\":{\"@type\":\"PropertyValueSpecification\",\"valueRequired\":true,\"valueName\":\"search_term_string\"}}],\"inLanguage\":\"en-US\"},{\"@type\":\"Person\",\"@id\":\"https:\/\/veritasinfo.org\/#\/schema\/person\/bc442336e35414d04494ab8fb45db4c6\",\"name\":\"US5\",\"image\":{\"@type\":\"ImageObject\",\"inLanguage\":\"en-US\",\"@id\":\"https:\/\/veritasinfo.org\/#\/schema\/person\/image\/\",\"url\":\"https:\/\/secure.gravatar.com\/avatar\/16a61e7272a0c5d001121ebb9e60e925d5816e4ac1e443ed3e640d9a6ae55d0c?s=96&d=mm&r=g\",\"contentUrl\":\"https:\/\/secure.gravatar.com\/avatar\/16a61e7272a0c5d001121ebb9e60e925d5816e4ac1e443ed3e640d9a6ae55d0c?s=96&d=mm&r=g\",\"caption\":\"US5\"},\"url\":\"https:\/\/veritasinfo.org\/?author=6\"}]}<\/script>\n<!-- \/ Yoast SEO plugin. -->","yoast_head_json":{"title":"36-vjet nga nisma p\u00ebr pajtimin e gjaqeve -","robots":{"index":"index","follow":"follow","max-snippet":"max-snippet:-1","max-image-preview":"max-image-preview:large","max-video-preview":"max-video-preview:-1"},"canonical":"https:\/\/veritasinfo.org\/?p=30169","og_locale":"en_US","og_type":"article","og_title":"36-vjet nga nisma p\u00ebr pajtimin e gjaqeve -","og_description":"Prishtin\u00eb 2 Shkurt 2026 08:38 M\u00eb 2 shkurt 1990 me nism\u00ebn e Anton \u00c7ett\u00ebs nisi n\u00eb Kosov\u00eb aksioni atdhetar e humanitar i faljes s\u00eb gjaqeve,","og_url":"https:\/\/veritasinfo.org\/?p=30169","article_published_time":"2026-02-02T07:40:07+00:00","og_image":[{"width":600,"height":401,"url":"https:\/\/veritasinfo.org\/wp-content\/uploads\/2026\/02\/IMG-20260202-WA0002.jpg","type":"image\/jpeg"}],"author":"US5","twitter_card":"summary_large_image","twitter_misc":{"Written by":"US5","Est. reading time":"1 minute"},"schema":{"@context":"https:\/\/schema.org","@graph":[{"@type":"WebPage","@id":"https:\/\/veritasinfo.org\/?p=30169","url":"https:\/\/veritasinfo.org\/?p=30169","name":"36-vjet nga nisma p\u00ebr pajtimin e gjaqeve -","isPartOf":{"@id":"https:\/\/veritasinfo.org\/#website"},"primaryImageOfPage":{"@id":"https:\/\/veritasinfo.org\/?p=30169#primaryimage"},"image":{"@id":"https:\/\/veritasinfo.org\/?p=30169#primaryimage"},"thumbnailUrl":"https:\/\/veritasinfo.org\/wp-content\/uploads\/2026\/02\/IMG-20260202-WA0002.jpg","datePublished":"2026-02-02T07:40:07+00:00","author":{"@id":"https:\/\/veritasinfo.org\/#\/schema\/person\/bc442336e35414d04494ab8fb45db4c6"},"breadcrumb":{"@id":"https:\/\/veritasinfo.org\/?p=30169#breadcrumb"},"inLanguage":"en-US","potentialAction":[{"@type":"ReadAction","target":["https:\/\/veritasinfo.org\/?p=30169"]}]},{"@type":"ImageObject","inLanguage":"en-US","@id":"https:\/\/veritasinfo.org\/?p=30169#primaryimage","url":"https:\/\/veritasinfo.org\/wp-content\/uploads\/2026\/02\/IMG-20260202-WA0002.jpg","contentUrl":"https:\/\/veritasinfo.org\/wp-content\/uploads\/2026\/02\/IMG-20260202-WA0002.jpg","width":600,"height":401},{"@type":"BreadcrumbList","@id":"https:\/\/veritasinfo.org\/?p=30169#breadcrumb","itemListElement":[{"@type":"ListItem","position":1,"name":"Home","item":"https:\/\/veritasinfo.org\/"},{"@type":"ListItem","position":2,"name":"36-vjet nga nisma p\u00ebr pajtimin e gjaqeve"}]},{"@type":"WebSite","@id":"https:\/\/veritasinfo.org\/#website","url":"https:\/\/veritasinfo.org\/","name":"","description":"","potentialAction":[{"@type":"SearchAction","target":{"@type":"EntryPoint","urlTemplate":"https:\/\/veritasinfo.org\/?s={search_term_string}"},"query-input":{"@type":"PropertyValueSpecification","valueRequired":true,"valueName":"search_term_string"}}],"inLanguage":"en-US"},{"@type":"Person","@id":"https:\/\/veritasinfo.org\/#\/schema\/person\/bc442336e35414d04494ab8fb45db4c6","name":"US5","image":{"@type":"ImageObject","inLanguage":"en-US","@id":"https:\/\/veritasinfo.org\/#\/schema\/person\/image\/","url":"https:\/\/secure.gravatar.com\/avatar\/16a61e7272a0c5d001121ebb9e60e925d5816e4ac1e443ed3e640d9a6ae55d0c?s=96&d=mm&r=g","contentUrl":"https:\/\/secure.gravatar.com\/avatar\/16a61e7272a0c5d001121ebb9e60e925d5816e4ac1e443ed3e640d9a6ae55d0c?s=96&d=mm&r=g","caption":"US5"},"url":"https:\/\/veritasinfo.org\/?author=6"}]}},"featured_image_urls":{"full":["https:\/\/veritasinfo.org\/wp-content\/uploads\/2026\/02\/IMG-20260202-WA0002.jpg",600,401,false],"thumbnail":["https:\/\/veritasinfo.org\/wp-content\/uploads\/2026\/02\/IMG-20260202-WA0002-150x150.jpg",150,150,true],"medium":["https:\/\/veritasinfo.org\/wp-content\/uploads\/2026\/02\/IMG-20260202-WA0002-300x201.jpg",300,201,true],"medium_large":["https:\/\/veritasinfo.org\/wp-content\/uploads\/2026\/02\/IMG-20260202-WA0002.jpg",600,401,false],"large":["https:\/\/veritasinfo.org\/wp-content\/uploads\/2026\/02\/IMG-20260202-WA0002.jpg",600,401,false],"1536x1536":["https:\/\/veritasinfo.org\/wp-content\/uploads\/2026\/02\/IMG-20260202-WA0002.jpg",600,401,false],"2048x2048":["https:\/\/veritasinfo.org\/wp-content\/uploads\/2026\/02\/IMG-20260202-WA0002.jpg",600,401,false],"kreeti-slider-full":["https:\/\/veritasinfo.org\/wp-content\/uploads\/2026\/02\/IMG-20260202-WA0002.jpg",600,401,false],"kreeti-featured":["https:\/\/veritasinfo.org\/wp-content\/uploads\/2026\/02\/IMG-20260202-WA0002.jpg",600,401,false],"kreeti-medium":["https:\/\/veritasinfo.org\/wp-content\/uploads\/2026\/02\/IMG-20260202-WA0002.jpg",600,401,false],"kreeti-medium-square":["https:\/\/veritasinfo.org\/wp-content\/uploads\/2026\/02\/IMG-20260202-WA0002.jpg",350,234,false]},"author_info":{"info":["US5"]},"category_info":"<a href=\"https:\/\/veritasinfo.org\/?cat=60\" rel=\"category\">Shoq\u00ebrore<\/a>","tag_info":"Shoq\u00ebrore","comment_count":"0","_links":{"self":[{"href":"https:\/\/veritasinfo.org\/index.php?rest_route=\/wp\/v2\/posts\/30169","targetHints":{"allow":["GET"]}}],"collection":[{"href":"https:\/\/veritasinfo.org\/index.php?rest_route=\/wp\/v2\/posts"}],"about":[{"href":"https:\/\/veritasinfo.org\/index.php?rest_route=\/wp\/v2\/types\/post"}],"author":[{"embeddable":true,"href":"https:\/\/veritasinfo.org\/index.php?rest_route=\/wp\/v2\/users\/6"}],"replies":[{"embeddable":true,"href":"https:\/\/veritasinfo.org\/index.php?rest_route=%2Fwp%2Fv2%2Fcomments&post=30169"}],"version-history":[{"count":1,"href":"https:\/\/veritasinfo.org\/index.php?rest_route=\/wp\/v2\/posts\/30169\/revisions"}],"predecessor-version":[{"id":30171,"href":"https:\/\/veritasinfo.org\/index.php?rest_route=\/wp\/v2\/posts\/30169\/revisions\/30171"}],"wp:featuredmedia":[{"embeddable":true,"href":"https:\/\/veritasinfo.org\/index.php?rest_route=\/wp\/v2\/media\/30170"}],"wp:attachment":[{"href":"https:\/\/veritasinfo.org\/index.php?rest_route=%2Fwp%2Fv2%2Fmedia&parent=30169"}],"wp:term":[{"taxonomy":"category","embeddable":true,"href":"https:\/\/veritasinfo.org\/index.php?rest_route=%2Fwp%2Fv2%2Fcategories&post=30169"},{"taxonomy":"post_tag","embeddable":true,"href":"https:\/\/veritasinfo.org\/index.php?rest_route=%2Fwp%2Fv2%2Ftags&post=30169"}],"curies":[{"name":"wp","href":"https:\/\/api.w.org\/{rel}","templated":true}]}}