{"id":30147,"date":"2026-02-02T07:15:55","date_gmt":"2026-02-02T06:15:55","guid":{"rendered":"https:\/\/veritasinfo.org\/?p=30147"},"modified":"2026-02-02T07:17:05","modified_gmt":"2026-02-02T06:17:05","slug":"rrefimi-i-ish-ushtarit-te-uck-se-qe-u-mbajt-rob-40-dite-nga-serbia","status":"publish","type":"post","link":"https:\/\/veritasinfo.org\/?p=30147","title":{"rendered":"Rr\u00ebfimi i ish-ushtarit t\u00eb U\u00c7K-s\u00eb q\u00eb u mbajt rob 40 dit\u00eb nga Serbia"},"content":{"rendered":"<p>Prishtin\u00eb, 2 shkurt 2026 07:12<\/p>\n<p>Karavanit t\u00eb 150 ushtar\u00ebve t\u00eb liris\u00eb, po i printe Muj\u00eb Krasniqi, i njohur si komandant \u201cKapu\u00e7i\u201d.<\/p>\n<p>13 dhjetori i vitit 1998 i gjeti n\u00eb Cahan t\u00eb Krum\u00ebs, e mbr\u00ebmjen e asaj t\u00eb diele, mor\u00ebn rrug\u00ebn p\u00ebr n\u00eb Kosov\u00eb.<\/p>\n<p>Ata gjat\u00eb k\u00ebtij rrug\u00ebtimi u p\u00ebrball\u00ebn me nj\u00eb prit nga forcat serbe.<\/p>\n<p>Nga d\u00ebshmor\u00ebt e par\u00eb q\u00eb ran\u00eb n\u00eb k\u00ebt\u00eb betej\u00eb, ishte Veli Ballazhi. Por, kush\u00ebriri i tij, Sameti, nuk e pati k\u00ebt\u00eb fat. Ky i fundit, ishte n\u00eb mesin e 8 ushtar\u00ebve t\u00eb U\u00c7K-s\u00eb, t\u00eb cil\u00ebt u zun\u00eb rob nga forcat serbe.<\/p>\n<p>Sameti tregon se motivi p\u00ebr t\u2019iu bashkuar U\u00c7K-s\u00eb lindi nga gjendja e r\u00ebnd\u00eb n\u00eb Kosov\u00eb dhe nga luftimet q\u00eb nis\u00ebn n\u00eb Drenic\u00eb, duke e shtyr\u00eb at\u00eb dhe bashk\u00ebluft\u00ebtar\u00ebt t\u00eb shkonin n\u00eb Shqip\u00ebri p\u00ebr t\u2019u trajnuar dhe p\u00ebr t\u2019u radhitur n\u00eb radh\u00ebt e rezistenc\u00ebs.<\/p>\n<p>Ai tregon se grupi q\u00eb u kap\u00ebn rob u mbajt i ndar\u00eb n\u00eb burgje t\u00eb ndryshme n\u00eb Serbi p\u00ebr rreth 40 dit\u00eb, duke p\u00ebrjetuar kushte t\u00eb r\u00ebnda dhe pasiguri t\u00eb vazhdueshme p\u00ebr fatin e tyre.<\/p>\n<p>Lirimi i tyre u b\u00eb p\u00ebrmes nj\u00eb marr\u00ebveshjeje k\u00ebmbimi, me nd\u00ebrmjet\u00ebsimin e OSBE-s\u00eb.<\/p>\n<p>Kjo ndodhi pasi n\u00eb nj\u00eb betej\u00eb n\u00eb Shal\u00eb t\u00eb Bajgor\u00ebs, U\u00c7K-ja kishte z\u00ebn\u00eb rob 8 oficer\u00eb serb dhe p\u00ebrmes OSBE-s\u00eb ata ishin shk\u00ebmbyer me ushtar\u00ebt e U\u00c7K-s\u00eb.<\/p>\n<p>Pavar\u00ebsisht vuajtjeve dhe pasojave fizike nga plag\u00ebt e luft\u00ebs, Ballazhi thekson se besimi n\u00eb liri nuk u shua asnj\u00ebher\u00eb.<\/p>\n<p>\u201cNe u betuam: ose vdekje, ose liri\u201d, shprehet ai, duke shtuar se edhe n\u00eb momentet m\u00eb t\u00eb v\u00ebshtira besonin se Kosova do t\u00eb ishte e lir\u00eb, edhe n\u00ebse jo p\u00ebr veten e tyre.<\/p>\n<p>Sot, rr\u00ebfimi i Samet Ballazhit mbetet nj\u00eb d\u00ebshmi e gjall\u00eb e sakrific\u00ebs, q\u00ebndres\u00ebs dhe idealit p\u00ebr liri.<\/p>\n<p>Historia e tij kujton se liria dhe pavar\u00ebsia e Kosov\u00ebs nuk erdh\u00ebn leht\u00eb, por u nd\u00ebrtuan mbi dhimbje, p\u00ebrkushtim dhe besim t\u00eb pal\u00ebkundur n\u00eb t\u00eb ardhmen.<\/p>\n<p>&nbsp;<\/p>\n","protected":false},"excerpt":{"rendered":"<p>Prishtin\u00eb, 2 shkurt 2026 07:12 Karavanit t\u00eb 150 ushtar\u00ebve t\u00eb liris\u00eb, po i printe Muj\u00eb Krasniqi, i njohur si komandant \u201cKapu\u00e7i\u201d. 13 dhjetori i vitit<\/p>\n","protected":false},"author":7,"featured_media":30148,"comment_status":"open","ping_status":"open","sticky":false,"template":"","format":"standard","meta":{"footnotes":""},"categories":[60],"tags":[],"class_list":["post-30147","post","type-post","status-publish","format-standard","has-post-thumbnail","hentry","category-shoqerore-sq"],"yoast_head":"<!-- This site is optimized with the Yoast SEO plugin v25.3.1 - https:\/\/yoast.com\/wordpress\/plugins\/seo\/ -->\n<title>Rr\u00ebfimi i ish-ushtarit t\u00eb U\u00c7K-s\u00eb q\u00eb u mbajt rob 40 dit\u00eb nga Serbia -<\/title>\n<meta name=\"robots\" content=\"index, follow, max-snippet:-1, max-image-preview:large, max-video-preview:-1\" \/>\n<link rel=\"canonical\" href=\"https:\/\/veritasinfo.org\/?p=30147\" \/>\n<meta property=\"og:locale\" content=\"en_US\" \/>\n<meta property=\"og:type\" content=\"article\" \/>\n<meta property=\"og:title\" content=\"Rr\u00ebfimi i ish-ushtarit t\u00eb U\u00c7K-s\u00eb q\u00eb u mbajt rob 40 dit\u00eb nga Serbia -\" \/>\n<meta property=\"og:description\" content=\"Prishtin\u00eb, 2 shkurt 2026 07:12 Karavanit t\u00eb 150 ushtar\u00ebve t\u00eb liris\u00eb, po i printe Muj\u00eb Krasniqi, i njohur si komandant \u201cKapu\u00e7i\u201d. 13 dhjetori i vitit\" \/>\n<meta property=\"og:url\" content=\"https:\/\/veritasinfo.org\/?p=30147\" \/>\n<meta property=\"article:published_time\" content=\"2026-02-02T06:15:55+00:00\" \/>\n<meta property=\"article:modified_time\" content=\"2026-02-02T06:17:05+00:00\" \/>\n<meta property=\"og:image\" content=\"https:\/\/veritasinfo.org\/wp-content\/uploads\/2026\/02\/image.webp\" \/>\n\t<meta property=\"og:image:width\" content=\"1245\" \/>\n\t<meta property=\"og:image:height\" content=\"700\" \/>\n\t<meta property=\"og:image:type\" content=\"image\/webp\" \/>\n<meta name=\"author\" content=\"US6\" \/>\n<meta name=\"twitter:card\" content=\"summary_large_image\" \/>\n<meta name=\"twitter:label1\" content=\"Written by\" \/>\n\t<meta name=\"twitter:data1\" content=\"US6\" \/>\n\t<meta name=\"twitter:label2\" content=\"Est. reading time\" \/>\n\t<meta name=\"twitter:data2\" content=\"2 minutes\" \/>\n<script type=\"application\/ld+json\" class=\"yoast-schema-graph\">{\"@context\":\"https:\/\/schema.org\",\"@graph\":[{\"@type\":\"WebPage\",\"@id\":\"https:\/\/veritasinfo.org\/?p=30147\",\"url\":\"https:\/\/veritasinfo.org\/?p=30147\",\"name\":\"Rr\u00ebfimi i ish-ushtarit t\u00eb U\u00c7K-s\u00eb q\u00eb u mbajt rob 40 dit\u00eb nga Serbia -\",\"isPartOf\":{\"@id\":\"https:\/\/veritasinfo.org\/#website\"},\"primaryImageOfPage\":{\"@id\":\"https:\/\/veritasinfo.org\/?p=30147#primaryimage\"},\"image\":{\"@id\":\"https:\/\/veritasinfo.org\/?p=30147#primaryimage\"},\"thumbnailUrl\":\"https:\/\/veritasinfo.org\/wp-content\/uploads\/2026\/02\/image.webp\",\"datePublished\":\"2026-02-02T06:15:55+00:00\",\"dateModified\":\"2026-02-02T06:17:05+00:00\",\"author\":{\"@id\":\"https:\/\/veritasinfo.org\/#\/schema\/person\/fe199eede04c3937362892b7444747cc\"},\"breadcrumb\":{\"@id\":\"https:\/\/veritasinfo.org\/?p=30147#breadcrumb\"},\"inLanguage\":\"en-US\",\"potentialAction\":[{\"@type\":\"ReadAction\",\"target\":[\"https:\/\/veritasinfo.org\/?p=30147\"]}]},{\"@type\":\"ImageObject\",\"inLanguage\":\"en-US\",\"@id\":\"https:\/\/veritasinfo.org\/?p=30147#primaryimage\",\"url\":\"https:\/\/veritasinfo.org\/wp-content\/uploads\/2026\/02\/image.webp\",\"contentUrl\":\"https:\/\/veritasinfo.org\/wp-content\/uploads\/2026\/02\/image.webp\",\"width\":1245,\"height\":700},{\"@type\":\"BreadcrumbList\",\"@id\":\"https:\/\/veritasinfo.org\/?p=30147#breadcrumb\",\"itemListElement\":[{\"@type\":\"ListItem\",\"position\":1,\"name\":\"Home\",\"item\":\"https:\/\/veritasinfo.org\/\"},{\"@type\":\"ListItem\",\"position\":2,\"name\":\"Rr\u00ebfimi i ish-ushtarit t\u00eb U\u00c7K-s\u00eb q\u00eb u mbajt rob 40 dit\u00eb nga Serbia\"}]},{\"@type\":\"WebSite\",\"@id\":\"https:\/\/veritasinfo.org\/#website\",\"url\":\"https:\/\/veritasinfo.org\/\",\"name\":\"\",\"description\":\"\",\"potentialAction\":[{\"@type\":\"SearchAction\",\"target\":{\"@type\":\"EntryPoint\",\"urlTemplate\":\"https:\/\/veritasinfo.org\/?s={search_term_string}\"},\"query-input\":{\"@type\":\"PropertyValueSpecification\",\"valueRequired\":true,\"valueName\":\"search_term_string\"}}],\"inLanguage\":\"en-US\"},{\"@type\":\"Person\",\"@id\":\"https:\/\/veritasinfo.org\/#\/schema\/person\/fe199eede04c3937362892b7444747cc\",\"name\":\"US6\",\"image\":{\"@type\":\"ImageObject\",\"inLanguage\":\"en-US\",\"@id\":\"https:\/\/veritasinfo.org\/#\/schema\/person\/image\/\",\"url\":\"https:\/\/secure.gravatar.com\/avatar\/cb16c3c31c9d23b9b8c705964598220b3014e42ff51eb540ff23cefa3ae8c15f?s=96&d=mm&r=g\",\"contentUrl\":\"https:\/\/secure.gravatar.com\/avatar\/cb16c3c31c9d23b9b8c705964598220b3014e42ff51eb540ff23cefa3ae8c15f?s=96&d=mm&r=g\",\"caption\":\"US6\"},\"url\":\"https:\/\/veritasinfo.org\/?author=7\"}]}<\/script>\n<!-- \/ Yoast SEO plugin. -->","yoast_head_json":{"title":"Rr\u00ebfimi i ish-ushtarit t\u00eb U\u00c7K-s\u00eb q\u00eb u mbajt rob 40 dit\u00eb nga Serbia -","robots":{"index":"index","follow":"follow","max-snippet":"max-snippet:-1","max-image-preview":"max-image-preview:large","max-video-preview":"max-video-preview:-1"},"canonical":"https:\/\/veritasinfo.org\/?p=30147","og_locale":"en_US","og_type":"article","og_title":"Rr\u00ebfimi i ish-ushtarit t\u00eb U\u00c7K-s\u00eb q\u00eb u mbajt rob 40 dit\u00eb nga Serbia -","og_description":"Prishtin\u00eb, 2 shkurt 2026 07:12 Karavanit t\u00eb 150 ushtar\u00ebve t\u00eb liris\u00eb, po i printe Muj\u00eb Krasniqi, i njohur si komandant \u201cKapu\u00e7i\u201d. 13 dhjetori i vitit","og_url":"https:\/\/veritasinfo.org\/?p=30147","article_published_time":"2026-02-02T06:15:55+00:00","article_modified_time":"2026-02-02T06:17:05+00:00","og_image":[{"width":1245,"height":700,"url":"https:\/\/veritasinfo.org\/wp-content\/uploads\/2026\/02\/image.webp","type":"image\/webp"}],"author":"US6","twitter_card":"summary_large_image","twitter_misc":{"Written by":"US6","Est. reading time":"2 minutes"},"schema":{"@context":"https:\/\/schema.org","@graph":[{"@type":"WebPage","@id":"https:\/\/veritasinfo.org\/?p=30147","url":"https:\/\/veritasinfo.org\/?p=30147","name":"Rr\u00ebfimi i ish-ushtarit t\u00eb U\u00c7K-s\u00eb q\u00eb u mbajt rob 40 dit\u00eb nga Serbia -","isPartOf":{"@id":"https:\/\/veritasinfo.org\/#website"},"primaryImageOfPage":{"@id":"https:\/\/veritasinfo.org\/?p=30147#primaryimage"},"image":{"@id":"https:\/\/veritasinfo.org\/?p=30147#primaryimage"},"thumbnailUrl":"https:\/\/veritasinfo.org\/wp-content\/uploads\/2026\/02\/image.webp","datePublished":"2026-02-02T06:15:55+00:00","dateModified":"2026-02-02T06:17:05+00:00","author":{"@id":"https:\/\/veritasinfo.org\/#\/schema\/person\/fe199eede04c3937362892b7444747cc"},"breadcrumb":{"@id":"https:\/\/veritasinfo.org\/?p=30147#breadcrumb"},"inLanguage":"en-US","potentialAction":[{"@type":"ReadAction","target":["https:\/\/veritasinfo.org\/?p=30147"]}]},{"@type":"ImageObject","inLanguage":"en-US","@id":"https:\/\/veritasinfo.org\/?p=30147#primaryimage","url":"https:\/\/veritasinfo.org\/wp-content\/uploads\/2026\/02\/image.webp","contentUrl":"https:\/\/veritasinfo.org\/wp-content\/uploads\/2026\/02\/image.webp","width":1245,"height":700},{"@type":"BreadcrumbList","@id":"https:\/\/veritasinfo.org\/?p=30147#breadcrumb","itemListElement":[{"@type":"ListItem","position":1,"name":"Home","item":"https:\/\/veritasinfo.org\/"},{"@type":"ListItem","position":2,"name":"Rr\u00ebfimi i ish-ushtarit t\u00eb U\u00c7K-s\u00eb q\u00eb u mbajt rob 40 dit\u00eb nga Serbia"}]},{"@type":"WebSite","@id":"https:\/\/veritasinfo.org\/#website","url":"https:\/\/veritasinfo.org\/","name":"","description":"","potentialAction":[{"@type":"SearchAction","target":{"@type":"EntryPoint","urlTemplate":"https:\/\/veritasinfo.org\/?s={search_term_string}"},"query-input":{"@type":"PropertyValueSpecification","valueRequired":true,"valueName":"search_term_string"}}],"inLanguage":"en-US"},{"@type":"Person","@id":"https:\/\/veritasinfo.org\/#\/schema\/person\/fe199eede04c3937362892b7444747cc","name":"US6","image":{"@type":"ImageObject","inLanguage":"en-US","@id":"https:\/\/veritasinfo.org\/#\/schema\/person\/image\/","url":"https:\/\/secure.gravatar.com\/avatar\/cb16c3c31c9d23b9b8c705964598220b3014e42ff51eb540ff23cefa3ae8c15f?s=96&d=mm&r=g","contentUrl":"https:\/\/secure.gravatar.com\/avatar\/cb16c3c31c9d23b9b8c705964598220b3014e42ff51eb540ff23cefa3ae8c15f?s=96&d=mm&r=g","caption":"US6"},"url":"https:\/\/veritasinfo.org\/?author=7"}]}},"featured_image_urls":{"full":["https:\/\/veritasinfo.org\/wp-content\/uploads\/2026\/02\/image.webp",1245,700,false],"thumbnail":["https:\/\/veritasinfo.org\/wp-content\/uploads\/2026\/02\/image-150x150.webp",150,150,true],"medium":["https:\/\/veritasinfo.org\/wp-content\/uploads\/2026\/02\/image-300x169.webp",300,169,true],"medium_large":["https:\/\/veritasinfo.org\/wp-content\/uploads\/2026\/02\/image-768x432.webp",640,360,true],"large":["https:\/\/veritasinfo.org\/wp-content\/uploads\/2026\/02\/image-1024x576.webp",640,360,true],"1536x1536":["https:\/\/veritasinfo.org\/wp-content\/uploads\/2026\/02\/image.webp",1245,700,false],"2048x2048":["https:\/\/veritasinfo.org\/wp-content\/uploads\/2026\/02\/image.webp",1245,700,false],"kreeti-slider-full":["https:\/\/veritasinfo.org\/wp-content\/uploads\/2026\/02\/image.webp",1245,700,false],"kreeti-featured":["https:\/\/veritasinfo.org\/wp-content\/uploads\/2026\/02\/image.webp",1024,576,false],"kreeti-medium":["https:\/\/veritasinfo.org\/wp-content\/uploads\/2026\/02\/image.webp",720,405,false],"kreeti-medium-square":["https:\/\/veritasinfo.org\/wp-content\/uploads\/2026\/02\/image.webp",350,197,false]},"author_info":{"info":["US6"]},"category_info":"<a href=\"https:\/\/veritasinfo.org\/?cat=60\" rel=\"category\">Shoq\u00ebrore<\/a>","tag_info":"Shoq\u00ebrore","comment_count":"0","_links":{"self":[{"href":"https:\/\/veritasinfo.org\/index.php?rest_route=\/wp\/v2\/posts\/30147","targetHints":{"allow":["GET"]}}],"collection":[{"href":"https:\/\/veritasinfo.org\/index.php?rest_route=\/wp\/v2\/posts"}],"about":[{"href":"https:\/\/veritasinfo.org\/index.php?rest_route=\/wp\/v2\/types\/post"}],"author":[{"embeddable":true,"href":"https:\/\/veritasinfo.org\/index.php?rest_route=\/wp\/v2\/users\/7"}],"replies":[{"embeddable":true,"href":"https:\/\/veritasinfo.org\/index.php?rest_route=%2Fwp%2Fv2%2Fcomments&post=30147"}],"version-history":[{"count":3,"href":"https:\/\/veritasinfo.org\/index.php?rest_route=\/wp\/v2\/posts\/30147\/revisions"}],"predecessor-version":[{"id":30151,"href":"https:\/\/veritasinfo.org\/index.php?rest_route=\/wp\/v2\/posts\/30147\/revisions\/30151"}],"wp:featuredmedia":[{"embeddable":true,"href":"https:\/\/veritasinfo.org\/index.php?rest_route=\/wp\/v2\/media\/30148"}],"wp:attachment":[{"href":"https:\/\/veritasinfo.org\/index.php?rest_route=%2Fwp%2Fv2%2Fmedia&parent=30147"}],"wp:term":[{"taxonomy":"category","embeddable":true,"href":"https:\/\/veritasinfo.org\/index.php?rest_route=%2Fwp%2Fv2%2Fcategories&post=30147"},{"taxonomy":"post_tag","embeddable":true,"href":"https:\/\/veritasinfo.org\/index.php?rest_route=%2Fwp%2Fv2%2Ftags&post=30147"}],"curies":[{"name":"wp","href":"https:\/\/api.w.org\/{rel}","templated":true}]}}