{"id":30079,"date":"2026-02-01T14:40:01","date_gmt":"2026-02-01T13:40:01","guid":{"rendered":"https:\/\/veritasinfo.org\/?p=30079"},"modified":"2026-02-01T14:40:01","modified_gmt":"2026-02-01T13:40:01","slug":"shaip-kamberi-kritikon-vuciqin-paralajmeron-tensione-per-shqiptaret-e-lugines","status":"publish","type":"post","link":"https:\/\/veritasinfo.org\/?p=30079","title":{"rendered":"Shaip Kamberi kritikon Vu\u00e7iqin, paralajm\u00ebron tensione p\u00ebr shqiptar\u00ebt e Lugin\u00ebs"},"content":{"rendered":"<p>Preshev\u00eb, 1 shkurt 2026 14:39<\/p>\n<p>Deputeti shqiptar n\u00eb Kuvendin e Serbis\u00eb, Shaip Kamberi, n\u00eb nj\u00eb prononcim p\u00ebr \u201cBota sot\u201d kritikoi vendimin e presidentit t\u00eb Serbis\u00eb, Aleksander Vu\u00e7iq p\u00ebr rikthimin e sh\u00ebrbimit t\u00eb detyruesh\u00ebm ushtarak, duke th\u00ebn\u00eb se ai reflekton m\u00eb shum\u00eb frik\u00eb dhe pasiguri politike sesa nevoj\u00eb reale p\u00ebr mbrojtje.<\/p>\n<p>Kamberi thekson se Vu\u00e7iq p\u00ebrdor sh\u00ebrbimin ushtarak p\u00ebr t\u00eb mobilizuar nacionalizmin, p\u00ebr t\u00eb paraqitur veten si mbrojt\u00ebs i shtetit dhe p\u00ebr t\u00eb forcuar kontrollin mbi shoq\u00ebrin\u00eb, ve\u00e7an\u00ebrisht mbi t\u00eb rinjt\u00eb, duke e kthyer k\u00ebt\u00eb n\u00eb mjet disiplinimi politik dhe ideologjik.<\/p>\n<p>\u201cVendimi i presidentit Vu\u00e7iq p\u00ebr ta rikthyer sh\u00ebrbimin e detyruesh\u00ebm ushtarak nuk mund t\u00eb shihet i shk\u00ebputur nga konteksti politik dhe i siguris\u00eb n\u00eb t\u00eb cilin ndodhet Serbia sot. Ky \u00ebsht\u00eb nj\u00eb hap q\u00eb reflekton m\u00eb shum\u00eb frik\u00eb dhe pasiguri t\u00eb pushtetit sesa nj\u00eb nevoj\u00eb reale p\u00ebr mbrojtje. Serbia sot, nuk \u00ebsht\u00eb e k\u00ebrc\u00ebnuar nga askush. Aq m\u00eb keq projekti i saj \u201cBota serbe\u201d k\u00ebrc\u00ebnon fqinj\u00ebt e saj.<\/p>\n<p>Vu\u00e7iq e ka p\u00ebrmendur k\u00ebt\u00eb ide, zakonisht n\u00eb momente tensioni politik t\u00eb brendsh\u00ebm ose t\u00eb jasht\u00ebm. Q\u00ebllimi i tij \u00ebsht\u00eb i dyfisht\u00eb: nga nj\u00ebra an\u00eb, t\u00eb mobilizoj\u00eb ndjenjat nacionaliste dhe t\u00eb paraqitet si \u201cmbrojt\u00ebs i shtetit\u201d, nd\u00ebrsa nga ana tjet\u00ebr, t\u00eb forcoj\u00eb kontrollin mbi shoq\u00ebrin\u00eb, ve\u00e7an\u00ebrisht mbi t\u00eb rinjt\u00eb. Sh\u00ebrbimi i detyruesh\u00ebm ushtarak p\u00ebrdoret k\u00ebtu si mjet disiplinimi politik dhe ideologjik\u201d, ka th\u00ebn\u00eb ai.<\/p>\n<p>Po ashtu, Shaip Kamberi tha se vendimi p\u00ebr sh\u00ebrbimin ushtarak shkakton shqet\u00ebsime p\u00ebr shqiptar\u00ebt e Lugin\u00ebs s\u00eb Preshev\u00ebs, pasi historikisht ata jan\u00eb diskriminuar n\u00eb institucionet shtet\u00ebrore, p\u00ebrfshir\u00eb ushtrin\u00eb.<\/p>\n<p>\u201cP\u00ebr shqiptar\u00ebt e Lugin\u00ebs s\u00eb Preshev\u00ebs, ky vendim hap shqet\u00ebsime serioze. Historikisht, shqiptar\u00ebt n\u00eb Serbi kan\u00eb qen\u00eb t\u00eb diskriminuar n\u00eb institucionet shtet\u00ebrore, p\u00ebrfshir\u00eb edhe ushtrin\u00eb. Detyrimi p\u00ebr t\u00eb sh\u00ebrbyer n\u00eb nj\u00eb ushtri q\u00eb nuk i njeh dhe nuk i respekton t\u00eb drejtat e tyre komb\u00ebtare, gjuh\u00ebsore dhe kulturore \u00ebsht\u00eb i papranuesh\u00ebm. Ekziston rreziku real q\u00eb t\u00eb rinjt\u00eb shqiptar\u00eb t\u00eb trajtohen n\u00eb m\u00ebnyr\u00eb selektive\u201d,\u00a0ka n\u00ebnviziuar ai.<\/p>\n<p>Gjithashtu,\u00a0Kamberi kujtoi vrasjen e 135 t\u00eb rinjve shqiptar\u00eb q\u00eb sh\u00ebrbyen n\u00eb ish-APJ gjat\u00eb viteve \u201980, ngjarje q\u00eb nuk u hetua kurr\u00eb, duke e b\u00ebr\u00eb rikthimin e sh\u00ebrbimit ushtarak nj\u00eb burim frike dhe tensioni p\u00ebr komunitetin.<\/p>\n<p>Ai k\u00ebrkoi q\u00eb Serbia t\u00eb investoj\u00eb n\u00eb demokraci, barazi dhe respektimin e t\u00eb drejtave t\u00eb pakicave, duke paralajm\u00ebruar se pa k\u00ebto reforma, \u00e7do sh\u00ebrbim ushtarak i detyruesh\u00ebm do t\u00eb jet\u00eb burim padrejt\u00ebsie, ve\u00e7an\u00ebrisht p\u00ebr shqiptar\u00ebt e Lugin\u00ebs.<\/p>\n<p class=\" aBigClassNameToAvoidCollisionInText\">\u201cN\u00eb an\u00ebn tjet\u00ebr kjo \u00ebsht\u00eb nj\u00eb tem\u00eb thell\u00ebsisht e dhimbshme dhe e ndjeshme p\u00ebr shqiptar\u00ebt, p\u00ebr shkak t\u00eb vrasjes s\u00eb 135 t\u00eb rinjve shqiptar\u00eb q\u00eb sh\u00ebrbyen n\u00eb ish APJ gjat\u00eb viteve \u201980, rrethana q\u00eb kurr\u00eb nuk u sqaruan dhe p\u00ebr t\u00eb cilat askush nuk u mbajt p\u00ebrgjegj\u00ebs. Pik\u00ebrisht p\u00ebr k\u00ebt\u00eb kam iniciuar n\u00eb Parlament krijimin e nj\u00eb Komisioni hetimor, sepse k\u00ebto krime ende r\u00ebndojn\u00eb kujtes\u00ebn kolektive t\u00eb shqiptar\u00ebve dhe prodhojn\u00eb frik\u00eb reale te t\u00eb rinjt\u00eb dhe familjet e tyre, t\u00eb cil\u00ebt sot, me rikthimin e sh\u00ebrbimit t\u00eb detyruesh\u00ebm ushtarak, ndihen s\u00ebrish t\u00eb k\u00ebrc\u00ebnuar nga nj\u00eb sistem q\u00eb nuk u ka garantuar kurr\u00eb siguri, barazi dhe drejt\u00ebsi.<\/p>\n<p>N\u00eb vend q\u00eb t\u00eb investoj\u00eb n\u00eb militarizim, Serbia duhet t\u00eb investoj\u00eb n\u00eb demokraci, barazi dhe respektim t\u00eb t\u00eb drejtave t\u00eb pakicave. \u00cbsht\u00eb i vetmi shtet i Ballkanit Per\u00ebnimor\u00eb q\u00eb n\u00eb rrug\u00ebtimin e vet europian nuk po b\u00ebn progres. Aq m\u00eb keq ajo po shkon mbrapa me sistem t\u00eb kontrollit t\u00eb p\u00ebrgjithsh\u00ebm t\u00eb shoq\u00ebris\u00eb nga nj\u00eb parti. Pa k\u00ebt\u00eb, \u00e7do sh\u00ebrbim i detyruesh\u00ebm ushtarak do t\u00eb mbetet nj\u00eb burim i ri tensioni dhe padrejt\u00ebsie, ve\u00e7an\u00ebrisht p\u00ebr shqiptar\u00ebt e Lugin\u00ebs s\u00eb Preshev\u00ebs\u201d, ka p\u00ebrfunduar Kamberi.<\/p>\n<p>&nbsp;<\/p>\n","protected":false},"excerpt":{"rendered":"<p>Preshev\u00eb, 1 shkurt 2026 14:39 Deputeti shqiptar n\u00eb Kuvendin e Serbis\u00eb, Shaip Kamberi, n\u00eb nj\u00eb prononcim p\u00ebr \u201cBota sot\u201d kritikoi vendimin e presidentit t\u00eb Serbis\u00eb,<\/p>\n","protected":false},"author":7,"featured_media":30080,"comment_status":"open","ping_status":"open","sticky":false,"template":"","format":"standard","meta":{"footnotes":""},"categories":[58],"tags":[],"class_list":["post-30079","post","type-post","status-publish","format-standard","has-post-thumbnail","hentry","category-politike-sq"],"yoast_head":"<!-- This site is optimized with the Yoast SEO plugin v25.3.1 - https:\/\/yoast.com\/wordpress\/plugins\/seo\/ -->\n<title>Shaip Kamberi kritikon Vu\u00e7iqin, paralajm\u00ebron tensione p\u00ebr shqiptar\u00ebt e Lugin\u00ebs -<\/title>\n<meta name=\"robots\" content=\"index, follow, max-snippet:-1, max-image-preview:large, max-video-preview:-1\" \/>\n<link rel=\"canonical\" href=\"https:\/\/veritasinfo.org\/?p=30079\" \/>\n<meta property=\"og:locale\" content=\"en_US\" \/>\n<meta property=\"og:type\" content=\"article\" \/>\n<meta property=\"og:title\" content=\"Shaip Kamberi kritikon Vu\u00e7iqin, paralajm\u00ebron tensione p\u00ebr shqiptar\u00ebt e Lugin\u00ebs -\" \/>\n<meta property=\"og:description\" content=\"Preshev\u00eb, 1 shkurt 2026 14:39 Deputeti shqiptar n\u00eb Kuvendin e Serbis\u00eb, Shaip Kamberi, n\u00eb nj\u00eb prononcim p\u00ebr \u201cBota sot\u201d kritikoi vendimin e presidentit t\u00eb Serbis\u00eb,\" \/>\n<meta property=\"og:url\" content=\"https:\/\/veritasinfo.org\/?p=30079\" \/>\n<meta property=\"article:published_time\" content=\"2026-02-01T13:40:01+00:00\" \/>\n<meta property=\"og:image\" content=\"https:\/\/veritasinfo.org\/wp-content\/uploads\/2026\/02\/1-2.jpg\" \/>\n\t<meta property=\"og:image:width\" content=\"850\" \/>\n\t<meta property=\"og:image:height\" content=\"511\" \/>\n\t<meta property=\"og:image:type\" content=\"image\/jpeg\" \/>\n<meta name=\"author\" content=\"US6\" \/>\n<meta name=\"twitter:card\" content=\"summary_large_image\" \/>\n<meta name=\"twitter:label1\" content=\"Written by\" \/>\n\t<meta name=\"twitter:data1\" content=\"US6\" \/>\n\t<meta name=\"twitter:label2\" content=\"Est. reading time\" \/>\n\t<meta name=\"twitter:data2\" content=\"3 minutes\" \/>\n<script type=\"application\/ld+json\" class=\"yoast-schema-graph\">{\"@context\":\"https:\/\/schema.org\",\"@graph\":[{\"@type\":\"WebPage\",\"@id\":\"https:\/\/veritasinfo.org\/?p=30079\",\"url\":\"https:\/\/veritasinfo.org\/?p=30079\",\"name\":\"Shaip Kamberi kritikon Vu\u00e7iqin, paralajm\u00ebron tensione p\u00ebr shqiptar\u00ebt e Lugin\u00ebs -\",\"isPartOf\":{\"@id\":\"https:\/\/veritasinfo.org\/#website\"},\"primaryImageOfPage\":{\"@id\":\"https:\/\/veritasinfo.org\/?p=30079#primaryimage\"},\"image\":{\"@id\":\"https:\/\/veritasinfo.org\/?p=30079#primaryimage\"},\"thumbnailUrl\":\"https:\/\/veritasinfo.org\/wp-content\/uploads\/2026\/02\/1-2.jpg\",\"datePublished\":\"2026-02-01T13:40:01+00:00\",\"author\":{\"@id\":\"https:\/\/veritasinfo.org\/#\/schema\/person\/fe199eede04c3937362892b7444747cc\"},\"breadcrumb\":{\"@id\":\"https:\/\/veritasinfo.org\/?p=30079#breadcrumb\"},\"inLanguage\":\"en-US\",\"potentialAction\":[{\"@type\":\"ReadAction\",\"target\":[\"https:\/\/veritasinfo.org\/?p=30079\"]}]},{\"@type\":\"ImageObject\",\"inLanguage\":\"en-US\",\"@id\":\"https:\/\/veritasinfo.org\/?p=30079#primaryimage\",\"url\":\"https:\/\/veritasinfo.org\/wp-content\/uploads\/2026\/02\/1-2.jpg\",\"contentUrl\":\"https:\/\/veritasinfo.org\/wp-content\/uploads\/2026\/02\/1-2.jpg\",\"width\":850,\"height\":511},{\"@type\":\"BreadcrumbList\",\"@id\":\"https:\/\/veritasinfo.org\/?p=30079#breadcrumb\",\"itemListElement\":[{\"@type\":\"ListItem\",\"position\":1,\"name\":\"Home\",\"item\":\"https:\/\/veritasinfo.org\/\"},{\"@type\":\"ListItem\",\"position\":2,\"name\":\"Shaip Kamberi kritikon Vu\u00e7iqin, paralajm\u00ebron tensione p\u00ebr shqiptar\u00ebt e Lugin\u00ebs\"}]},{\"@type\":\"WebSite\",\"@id\":\"https:\/\/veritasinfo.org\/#website\",\"url\":\"https:\/\/veritasinfo.org\/\",\"name\":\"\",\"description\":\"\",\"potentialAction\":[{\"@type\":\"SearchAction\",\"target\":{\"@type\":\"EntryPoint\",\"urlTemplate\":\"https:\/\/veritasinfo.org\/?s={search_term_string}\"},\"query-input\":{\"@type\":\"PropertyValueSpecification\",\"valueRequired\":true,\"valueName\":\"search_term_string\"}}],\"inLanguage\":\"en-US\"},{\"@type\":\"Person\",\"@id\":\"https:\/\/veritasinfo.org\/#\/schema\/person\/fe199eede04c3937362892b7444747cc\",\"name\":\"US6\",\"image\":{\"@type\":\"ImageObject\",\"inLanguage\":\"en-US\",\"@id\":\"https:\/\/veritasinfo.org\/#\/schema\/person\/image\/\",\"url\":\"https:\/\/secure.gravatar.com\/avatar\/cb16c3c31c9d23b9b8c705964598220b3014e42ff51eb540ff23cefa3ae8c15f?s=96&d=mm&r=g\",\"contentUrl\":\"https:\/\/secure.gravatar.com\/avatar\/cb16c3c31c9d23b9b8c705964598220b3014e42ff51eb540ff23cefa3ae8c15f?s=96&d=mm&r=g\",\"caption\":\"US6\"},\"url\":\"https:\/\/veritasinfo.org\/?author=7\"}]}<\/script>\n<!-- \/ Yoast SEO plugin. -->","yoast_head_json":{"title":"Shaip Kamberi kritikon Vu\u00e7iqin, paralajm\u00ebron tensione p\u00ebr shqiptar\u00ebt e Lugin\u00ebs -","robots":{"index":"index","follow":"follow","max-snippet":"max-snippet:-1","max-image-preview":"max-image-preview:large","max-video-preview":"max-video-preview:-1"},"canonical":"https:\/\/veritasinfo.org\/?p=30079","og_locale":"en_US","og_type":"article","og_title":"Shaip Kamberi kritikon Vu\u00e7iqin, paralajm\u00ebron tensione p\u00ebr shqiptar\u00ebt e Lugin\u00ebs -","og_description":"Preshev\u00eb, 1 shkurt 2026 14:39 Deputeti shqiptar n\u00eb Kuvendin e Serbis\u00eb, Shaip Kamberi, n\u00eb nj\u00eb prononcim p\u00ebr \u201cBota sot\u201d kritikoi vendimin e presidentit t\u00eb Serbis\u00eb,","og_url":"https:\/\/veritasinfo.org\/?p=30079","article_published_time":"2026-02-01T13:40:01+00:00","og_image":[{"width":850,"height":511,"url":"https:\/\/veritasinfo.org\/wp-content\/uploads\/2026\/02\/1-2.jpg","type":"image\/jpeg"}],"author":"US6","twitter_card":"summary_large_image","twitter_misc":{"Written by":"US6","Est. reading time":"3 minutes"},"schema":{"@context":"https:\/\/schema.org","@graph":[{"@type":"WebPage","@id":"https:\/\/veritasinfo.org\/?p=30079","url":"https:\/\/veritasinfo.org\/?p=30079","name":"Shaip Kamberi kritikon Vu\u00e7iqin, paralajm\u00ebron tensione p\u00ebr shqiptar\u00ebt e Lugin\u00ebs -","isPartOf":{"@id":"https:\/\/veritasinfo.org\/#website"},"primaryImageOfPage":{"@id":"https:\/\/veritasinfo.org\/?p=30079#primaryimage"},"image":{"@id":"https:\/\/veritasinfo.org\/?p=30079#primaryimage"},"thumbnailUrl":"https:\/\/veritasinfo.org\/wp-content\/uploads\/2026\/02\/1-2.jpg","datePublished":"2026-02-01T13:40:01+00:00","author":{"@id":"https:\/\/veritasinfo.org\/#\/schema\/person\/fe199eede04c3937362892b7444747cc"},"breadcrumb":{"@id":"https:\/\/veritasinfo.org\/?p=30079#breadcrumb"},"inLanguage":"en-US","potentialAction":[{"@type":"ReadAction","target":["https:\/\/veritasinfo.org\/?p=30079"]}]},{"@type":"ImageObject","inLanguage":"en-US","@id":"https:\/\/veritasinfo.org\/?p=30079#primaryimage","url":"https:\/\/veritasinfo.org\/wp-content\/uploads\/2026\/02\/1-2.jpg","contentUrl":"https:\/\/veritasinfo.org\/wp-content\/uploads\/2026\/02\/1-2.jpg","width":850,"height":511},{"@type":"BreadcrumbList","@id":"https:\/\/veritasinfo.org\/?p=30079#breadcrumb","itemListElement":[{"@type":"ListItem","position":1,"name":"Home","item":"https:\/\/veritasinfo.org\/"},{"@type":"ListItem","position":2,"name":"Shaip Kamberi kritikon Vu\u00e7iqin, paralajm\u00ebron tensione p\u00ebr shqiptar\u00ebt e Lugin\u00ebs"}]},{"@type":"WebSite","@id":"https:\/\/veritasinfo.org\/#website","url":"https:\/\/veritasinfo.org\/","name":"","description":"","potentialAction":[{"@type":"SearchAction","target":{"@type":"EntryPoint","urlTemplate":"https:\/\/veritasinfo.org\/?s={search_term_string}"},"query-input":{"@type":"PropertyValueSpecification","valueRequired":true,"valueName":"search_term_string"}}],"inLanguage":"en-US"},{"@type":"Person","@id":"https:\/\/veritasinfo.org\/#\/schema\/person\/fe199eede04c3937362892b7444747cc","name":"US6","image":{"@type":"ImageObject","inLanguage":"en-US","@id":"https:\/\/veritasinfo.org\/#\/schema\/person\/image\/","url":"https:\/\/secure.gravatar.com\/avatar\/cb16c3c31c9d23b9b8c705964598220b3014e42ff51eb540ff23cefa3ae8c15f?s=96&d=mm&r=g","contentUrl":"https:\/\/secure.gravatar.com\/avatar\/cb16c3c31c9d23b9b8c705964598220b3014e42ff51eb540ff23cefa3ae8c15f?s=96&d=mm&r=g","caption":"US6"},"url":"https:\/\/veritasinfo.org\/?author=7"}]}},"featured_image_urls":{"full":["https:\/\/veritasinfo.org\/wp-content\/uploads\/2026\/02\/1-2.jpg",850,511,false],"thumbnail":["https:\/\/veritasinfo.org\/wp-content\/uploads\/2026\/02\/1-2-150x150.jpg",150,150,true],"medium":["https:\/\/veritasinfo.org\/wp-content\/uploads\/2026\/02\/1-2-300x180.jpg",300,180,true],"medium_large":["https:\/\/veritasinfo.org\/wp-content\/uploads\/2026\/02\/1-2-768x462.jpg",640,385,true],"large":["https:\/\/veritasinfo.org\/wp-content\/uploads\/2026\/02\/1-2.jpg",640,385,false],"1536x1536":["https:\/\/veritasinfo.org\/wp-content\/uploads\/2026\/02\/1-2.jpg",850,511,false],"2048x2048":["https:\/\/veritasinfo.org\/wp-content\/uploads\/2026\/02\/1-2.jpg",850,511,false],"kreeti-slider-full":["https:\/\/veritasinfo.org\/wp-content\/uploads\/2026\/02\/1-2.jpg",850,511,false],"kreeti-featured":["https:\/\/veritasinfo.org\/wp-content\/uploads\/2026\/02\/1-2.jpg",850,511,false],"kreeti-medium":["https:\/\/veritasinfo.org\/wp-content\/uploads\/2026\/02\/1-2.jpg",720,433,false],"kreeti-medium-square":["https:\/\/veritasinfo.org\/wp-content\/uploads\/2026\/02\/1-2.jpg",350,210,false]},"author_info":{"info":["US6"]},"category_info":"<a href=\"https:\/\/veritasinfo.org\/?cat=58\" rel=\"category\">Politik\u00eb<\/a>","tag_info":"Politik\u00eb","comment_count":"0","_links":{"self":[{"href":"https:\/\/veritasinfo.org\/index.php?rest_route=\/wp\/v2\/posts\/30079","targetHints":{"allow":["GET"]}}],"collection":[{"href":"https:\/\/veritasinfo.org\/index.php?rest_route=\/wp\/v2\/posts"}],"about":[{"href":"https:\/\/veritasinfo.org\/index.php?rest_route=\/wp\/v2\/types\/post"}],"author":[{"embeddable":true,"href":"https:\/\/veritasinfo.org\/index.php?rest_route=\/wp\/v2\/users\/7"}],"replies":[{"embeddable":true,"href":"https:\/\/veritasinfo.org\/index.php?rest_route=%2Fwp%2Fv2%2Fcomments&post=30079"}],"version-history":[{"count":1,"href":"https:\/\/veritasinfo.org\/index.php?rest_route=\/wp\/v2\/posts\/30079\/revisions"}],"predecessor-version":[{"id":30081,"href":"https:\/\/veritasinfo.org\/index.php?rest_route=\/wp\/v2\/posts\/30079\/revisions\/30081"}],"wp:featuredmedia":[{"embeddable":true,"href":"https:\/\/veritasinfo.org\/index.php?rest_route=\/wp\/v2\/media\/30080"}],"wp:attachment":[{"href":"https:\/\/veritasinfo.org\/index.php?rest_route=%2Fwp%2Fv2%2Fmedia&parent=30079"}],"wp:term":[{"taxonomy":"category","embeddable":true,"href":"https:\/\/veritasinfo.org\/index.php?rest_route=%2Fwp%2Fv2%2Fcategories&post=30079"},{"taxonomy":"post_tag","embeddable":true,"href":"https:\/\/veritasinfo.org\/index.php?rest_route=%2Fwp%2Fv2%2Ftags&post=30079"}],"curies":[{"name":"wp","href":"https:\/\/api.w.org\/{rel}","templated":true}]}}