{"id":30043,"date":"2026-02-01T11:52:04","date_gmt":"2026-02-01T10:52:04","guid":{"rendered":"https:\/\/veritasinfo.org\/?p=30043"},"modified":"2026-02-01T11:52:04","modified_gmt":"2026-02-01T10:52:04","slug":"perplasja-e-kryetarit-te-mitrovices-se-veriut-dhe-zevendeskryesueses-per-largimin-e-zyrtareve-shqiptare-nga-puna","status":"publish","type":"post","link":"https:\/\/veritasinfo.org\/?p=30043","title":{"rendered":"P\u00ebrplasja e Kryetarit t\u00eb Mitrovic\u00ebs s\u00eb Veriut dhe z\u00ebv\u00ebnd\u00ebskryesueses p\u00ebr largimin e zyrtar\u00ebve shqiptar\u00eb nga puna"},"content":{"rendered":"<p>Mitrovic\u00eb e Veriut, 1 shkurt 2026 11:47<\/p>\n<p>Duke pretenduar se po largohen zyrtar\u00ebt e komunitetit shqiptar nga pozitat e tyre n\u00eb Komun\u00ebn e Mitrovic\u00ebs s\u00eb Veriut, Z\u00ebvend\u00ebskryesuesja e Kuvendit Komunal, Aida Ferati- Doli kritikoi ashp\u00ebr kryetarin Millan Radojeviq, n\u00eb mbledhjen e Kuvendit Komunal t\u00eb mbajtur m\u00eb 30.01.2026.K\u00ebt\u00eb Ferati- Doli e cil\u00ebsoi si \u201cdiskriminim etnik\u201d.<\/p>\n<p>&#8220;N\u00eb form\u00ebn m\u00eb radikale i keni shkarkuar udh\u00ebheq\u00ebsit e sektor\u00ebve pa asnj\u00eb arsyetim, vet\u00ebm pse jan\u00eb shqiptar\u00eb. Kjo gj\u00eb q\u00eb ka ndodh\u00eb mua si p\u00ebrfaq\u00ebsuese e komuniteteve m\u00eb frik\u00ebson shum\u00eb, k\u00ebshtu q\u00eb shikoni k\u00ebto dhe keni kujdes, se keni shkelur proceduralisht. Gj\u00eb t\u00eb cil\u00ebn un\u00eb rekomandoj q\u00eb t\u00eb gjith\u00eb t\u00eb prekurit n\u00eb k\u00ebt\u00eb procedur\u00eb t\u2019iu drejtohen gjykatave, se do t\u2019i fitojn\u00eb nj\u00eb nga nj\u00eb\u201d- tha ajo.<\/p>\n<p>Z\u00ebvend\u00ebskryesuesja theksoi se ky veprim \u00ebsht\u00eb n\u00eb kund\u00ebrshtim me premtimet e kryetarit p\u00ebr nj\u00eb komun\u00eb multietnike.<\/p>\n<p>&#8220;Ju kur jeni betuar keni th\u00ebn\u00eb se jam kryetar i nj\u00eb komune multietnike dhe do t\u00eb kujdesem p\u00ebr secil\u00ebn etni q\u00eb t\u00eb jetoj\u00eb n\u00eb m\u00ebnyr\u00ebn m\u00eb t\u00eb mir\u00eb t\u00eb mundshme dhe t\u00eb kujdesem p\u00ebr mir\u00ebqenien e tyre. \u00c7ka po b\u00ebhet tash \u00ebsht\u00eb krim\u201d- potencoi ajo.<\/p>\n<p>Lidhur me pyetjen e z\u00ebv\u00ebnd\u00ebskryesueses se \u201cn\u00ebse kish me qen\u00eb serb, a do e kishe b\u00ebr\u00eb t\u00eb nj\u00ebjt\u00ebn gj\u00eb\u201d, kryetari thot se mjafton t\u00eb ecni n\u00eb korridorin e komun\u00ebs p\u00ebr t\u00eb vler\u00ebsuar p\u00ebrb\u00ebrjen e t\u00eb pun\u00ebsuarve.<\/p>\n<p>&#8220;Vendimet q\u00eb po ndjekim sot thjesht pasqyrojn\u00eb ato q\u00eb ka marr\u00eb kuvendi i m\u00ebparsh\u00ebm, por \u00ebsht\u00eb treguar se ato vendime nuk jan\u00eb respektuar dhe nuk jan\u00eb zbatuar sipas ligjit. T\u00eb gjith\u00eb, t\u00eb nderuar k\u00ebshilltar\u00eb, kur dilni nga kjo sall\u00eb, mund t\u00eb ecni lirisht n\u00eb korridoret e komun\u00ebs dhe do t\u00eb shihni sa serb\u00eb jan\u00eb pun\u00ebsuar aty dhe sa \u00ebsht\u00eb punuar p\u00ebr t\u00eb p\u00ebrmir\u00ebsuar pozicionin e serb\u00ebve dhe sa \u00ebsht\u00eb dashur q\u00eb t\u00eb ket\u00eb serb\u00eb n\u00eb k\u00ebt\u00eb komun\u00eb\u201d- tha ai.<\/p>\n<p>Ndryshe n\u00eb mbledhjen e Kuvendit Komunal t\u00eb s\u00eb premtes u betuan solemnisht asamblist\u00ebt, u miratua formimimi i komitetit p\u00ebr komunitete, u shfuqizua vendimi p\u00ebr em\u00ebrtimin e rrug\u00ebve dhe u miratua vendimi p\u00ebr largimin nga Asociacioni i Komunave t\u00eb Kosov\u00ebs.<\/p>\n<p>Dy ish- zyrtar\u00eb t\u00eb Komun\u00ebs s\u00eb Zve\u00e7anit nga komuniteti shqiptar po pretendojn\u00eb se u \u00ebsht\u00eb nd\u00ebrprer\u00eb marr\u00ebdh\u00ebnia e pun\u00ebs padrejt\u00ebsisht nga ekzekutivi i ri n\u00eb krye me Dragisha Milloviq.<\/p>\n<p>N\u00eb korrik t\u00eb vitit t\u00eb kaluar, ata firmos\u00ebn kontat\u00ebn me afat t\u00eb pacaktuar, me akt em\u00ebrimin e ish kryetarit Ilir Peci.<\/p>\n<p>Kontrata iu shk\u00ebput me 10 janar t\u00eb k\u00ebtij viti, pas gjasht\u00eb muajsh.<\/p>\n<p>N\u00eb vendimin e siguruar nga KALLXO.com, thuhet se shkarkimi i tyre ka ndodhur p\u00ebr faktin se gjat\u00eb pun\u00ebs provuese nuk kan\u00eb ndjekur trajnimet e detyrueshme, buxheti i komun\u00ebs nuk ka mjete t\u00eb mjaftueshme p\u00ebr asistent administrativ\u00eb dhe nuk ekzsiton raporti p\u00ebr vler\u00ebsimin dhe rezultatet e pun\u00ebs.<\/p>\n<p>Kryetar\u00ebt e rinj t\u00eb kat\u00ebr komunave me shumic\u00eb serbe n\u00eb veri t\u00eb Kosov\u00ebs, bashk\u00eb me asamblist\u00ebt e k\u00ebtyre komunave kan\u00eb dh\u00ebn\u00eb betimin m\u00eb 05.12.2025.<\/p>\n<p>&nbsp;<\/p>\n","protected":false},"excerpt":{"rendered":"<p>Mitrovic\u00eb e Veriut, 1 shkurt 2026 11:47 Duke pretenduar se po largohen zyrtar\u00ebt e komunitetit shqiptar nga pozitat e tyre n\u00eb Komun\u00ebn e Mitrovic\u00ebs s\u00eb<\/p>\n","protected":false},"author":7,"featured_media":30050,"comment_status":"open","ping_status":"open","sticky":false,"template":"","format":"standard","meta":{"footnotes":""},"categories":[58],"tags":[],"class_list":["post-30043","post","type-post","status-publish","format-standard","has-post-thumbnail","hentry","category-politike-sq"],"yoast_head":"<!-- This site is optimized with the Yoast SEO plugin v25.3.1 - https:\/\/yoast.com\/wordpress\/plugins\/seo\/ -->\n<title>P\u00ebrplasja e Kryetarit t\u00eb Mitrovic\u00ebs s\u00eb Veriut dhe z\u00ebv\u00ebnd\u00ebskryesueses p\u00ebr largimin e zyrtar\u00ebve shqiptar\u00eb nga puna -<\/title>\n<meta name=\"robots\" content=\"index, follow, max-snippet:-1, max-image-preview:large, max-video-preview:-1\" \/>\n<link rel=\"canonical\" href=\"https:\/\/veritasinfo.org\/?p=30043\" \/>\n<meta property=\"og:locale\" content=\"en_US\" \/>\n<meta property=\"og:type\" content=\"article\" \/>\n<meta property=\"og:title\" content=\"P\u00ebrplasja e Kryetarit t\u00eb Mitrovic\u00ebs s\u00eb Veriut dhe z\u00ebv\u00ebnd\u00ebskryesueses p\u00ebr largimin e zyrtar\u00ebve shqiptar\u00eb nga puna -\" \/>\n<meta property=\"og:description\" content=\"Mitrovic\u00eb e Veriut, 1 shkurt 2026 11:47 Duke pretenduar se po largohen zyrtar\u00ebt e komunitetit shqiptar nga pozitat e tyre n\u00eb Komun\u00ebn e Mitrovic\u00ebs s\u00eb\" \/>\n<meta property=\"og:url\" content=\"https:\/\/veritasinfo.org\/?p=30043\" \/>\n<meta property=\"article:published_time\" content=\"2026-02-01T10:52:04+00:00\" \/>\n<meta property=\"og:image\" content=\"https:\/\/veritasinfo.org\/wp-content\/uploads\/2026\/02\/milan.jpg\" \/>\n\t<meta property=\"og:image:width\" content=\"1170\" \/>\n\t<meta property=\"og:image:height\" content=\"651\" \/>\n\t<meta property=\"og:image:type\" content=\"image\/jpeg\" \/>\n<meta name=\"author\" content=\"US6\" \/>\n<meta name=\"twitter:card\" content=\"summary_large_image\" \/>\n<meta name=\"twitter:label1\" content=\"Written by\" \/>\n\t<meta name=\"twitter:data1\" content=\"US6\" \/>\n\t<meta name=\"twitter:label2\" content=\"Est. reading time\" \/>\n\t<meta name=\"twitter:data2\" content=\"3 minutes\" \/>\n<script type=\"application\/ld+json\" class=\"yoast-schema-graph\">{\"@context\":\"https:\/\/schema.org\",\"@graph\":[{\"@type\":\"WebPage\",\"@id\":\"https:\/\/veritasinfo.org\/?p=30043\",\"url\":\"https:\/\/veritasinfo.org\/?p=30043\",\"name\":\"P\u00ebrplasja e Kryetarit t\u00eb Mitrovic\u00ebs s\u00eb Veriut dhe z\u00ebv\u00ebnd\u00ebskryesueses p\u00ebr largimin e zyrtar\u00ebve shqiptar\u00eb nga puna -\",\"isPartOf\":{\"@id\":\"https:\/\/veritasinfo.org\/#website\"},\"primaryImageOfPage\":{\"@id\":\"https:\/\/veritasinfo.org\/?p=30043#primaryimage\"},\"image\":{\"@id\":\"https:\/\/veritasinfo.org\/?p=30043#primaryimage\"},\"thumbnailUrl\":\"https:\/\/veritasinfo.org\/wp-content\/uploads\/2026\/02\/milan.jpg\",\"datePublished\":\"2026-02-01T10:52:04+00:00\",\"author\":{\"@id\":\"https:\/\/veritasinfo.org\/#\/schema\/person\/fe199eede04c3937362892b7444747cc\"},\"breadcrumb\":{\"@id\":\"https:\/\/veritasinfo.org\/?p=30043#breadcrumb\"},\"inLanguage\":\"en-US\",\"potentialAction\":[{\"@type\":\"ReadAction\",\"target\":[\"https:\/\/veritasinfo.org\/?p=30043\"]}]},{\"@type\":\"ImageObject\",\"inLanguage\":\"en-US\",\"@id\":\"https:\/\/veritasinfo.org\/?p=30043#primaryimage\",\"url\":\"https:\/\/veritasinfo.org\/wp-content\/uploads\/2026\/02\/milan.jpg\",\"contentUrl\":\"https:\/\/veritasinfo.org\/wp-content\/uploads\/2026\/02\/milan.jpg\",\"width\":1170,\"height\":651},{\"@type\":\"BreadcrumbList\",\"@id\":\"https:\/\/veritasinfo.org\/?p=30043#breadcrumb\",\"itemListElement\":[{\"@type\":\"ListItem\",\"position\":1,\"name\":\"Home\",\"item\":\"https:\/\/veritasinfo.org\/\"},{\"@type\":\"ListItem\",\"position\":2,\"name\":\"P\u00ebrplasja e Kryetarit t\u00eb Mitrovic\u00ebs s\u00eb Veriut dhe z\u00ebv\u00ebnd\u00ebskryesueses p\u00ebr largimin e zyrtar\u00ebve shqiptar\u00eb nga puna\"}]},{\"@type\":\"WebSite\",\"@id\":\"https:\/\/veritasinfo.org\/#website\",\"url\":\"https:\/\/veritasinfo.org\/\",\"name\":\"\",\"description\":\"\",\"potentialAction\":[{\"@type\":\"SearchAction\",\"target\":{\"@type\":\"EntryPoint\",\"urlTemplate\":\"https:\/\/veritasinfo.org\/?s={search_term_string}\"},\"query-input\":{\"@type\":\"PropertyValueSpecification\",\"valueRequired\":true,\"valueName\":\"search_term_string\"}}],\"inLanguage\":\"en-US\"},{\"@type\":\"Person\",\"@id\":\"https:\/\/veritasinfo.org\/#\/schema\/person\/fe199eede04c3937362892b7444747cc\",\"name\":\"US6\",\"image\":{\"@type\":\"ImageObject\",\"inLanguage\":\"en-US\",\"@id\":\"https:\/\/veritasinfo.org\/#\/schema\/person\/image\/\",\"url\":\"https:\/\/secure.gravatar.com\/avatar\/cb16c3c31c9d23b9b8c705964598220b3014e42ff51eb540ff23cefa3ae8c15f?s=96&d=mm&r=g\",\"contentUrl\":\"https:\/\/secure.gravatar.com\/avatar\/cb16c3c31c9d23b9b8c705964598220b3014e42ff51eb540ff23cefa3ae8c15f?s=96&d=mm&r=g\",\"caption\":\"US6\"},\"url\":\"https:\/\/veritasinfo.org\/?author=7\"}]}<\/script>\n<!-- \/ Yoast SEO plugin. -->","yoast_head_json":{"title":"P\u00ebrplasja e Kryetarit t\u00eb Mitrovic\u00ebs s\u00eb Veriut dhe z\u00ebv\u00ebnd\u00ebskryesueses p\u00ebr largimin e zyrtar\u00ebve shqiptar\u00eb nga puna -","robots":{"index":"index","follow":"follow","max-snippet":"max-snippet:-1","max-image-preview":"max-image-preview:large","max-video-preview":"max-video-preview:-1"},"canonical":"https:\/\/veritasinfo.org\/?p=30043","og_locale":"en_US","og_type":"article","og_title":"P\u00ebrplasja e Kryetarit t\u00eb Mitrovic\u00ebs s\u00eb Veriut dhe z\u00ebv\u00ebnd\u00ebskryesueses p\u00ebr largimin e zyrtar\u00ebve shqiptar\u00eb nga puna -","og_description":"Mitrovic\u00eb e Veriut, 1 shkurt 2026 11:47 Duke pretenduar se po largohen zyrtar\u00ebt e komunitetit shqiptar nga pozitat e tyre n\u00eb Komun\u00ebn e Mitrovic\u00ebs s\u00eb","og_url":"https:\/\/veritasinfo.org\/?p=30043","article_published_time":"2026-02-01T10:52:04+00:00","og_image":[{"width":1170,"height":651,"url":"https:\/\/veritasinfo.org\/wp-content\/uploads\/2026\/02\/milan.jpg","type":"image\/jpeg"}],"author":"US6","twitter_card":"summary_large_image","twitter_misc":{"Written by":"US6","Est. reading time":"3 minutes"},"schema":{"@context":"https:\/\/schema.org","@graph":[{"@type":"WebPage","@id":"https:\/\/veritasinfo.org\/?p=30043","url":"https:\/\/veritasinfo.org\/?p=30043","name":"P\u00ebrplasja e Kryetarit t\u00eb Mitrovic\u00ebs s\u00eb Veriut dhe z\u00ebv\u00ebnd\u00ebskryesueses p\u00ebr largimin e zyrtar\u00ebve shqiptar\u00eb nga puna -","isPartOf":{"@id":"https:\/\/veritasinfo.org\/#website"},"primaryImageOfPage":{"@id":"https:\/\/veritasinfo.org\/?p=30043#primaryimage"},"image":{"@id":"https:\/\/veritasinfo.org\/?p=30043#primaryimage"},"thumbnailUrl":"https:\/\/veritasinfo.org\/wp-content\/uploads\/2026\/02\/milan.jpg","datePublished":"2026-02-01T10:52:04+00:00","author":{"@id":"https:\/\/veritasinfo.org\/#\/schema\/person\/fe199eede04c3937362892b7444747cc"},"breadcrumb":{"@id":"https:\/\/veritasinfo.org\/?p=30043#breadcrumb"},"inLanguage":"en-US","potentialAction":[{"@type":"ReadAction","target":["https:\/\/veritasinfo.org\/?p=30043"]}]},{"@type":"ImageObject","inLanguage":"en-US","@id":"https:\/\/veritasinfo.org\/?p=30043#primaryimage","url":"https:\/\/veritasinfo.org\/wp-content\/uploads\/2026\/02\/milan.jpg","contentUrl":"https:\/\/veritasinfo.org\/wp-content\/uploads\/2026\/02\/milan.jpg","width":1170,"height":651},{"@type":"BreadcrumbList","@id":"https:\/\/veritasinfo.org\/?p=30043#breadcrumb","itemListElement":[{"@type":"ListItem","position":1,"name":"Home","item":"https:\/\/veritasinfo.org\/"},{"@type":"ListItem","position":2,"name":"P\u00ebrplasja e Kryetarit t\u00eb Mitrovic\u00ebs s\u00eb Veriut dhe z\u00ebv\u00ebnd\u00ebskryesueses p\u00ebr largimin e zyrtar\u00ebve shqiptar\u00eb nga puna"}]},{"@type":"WebSite","@id":"https:\/\/veritasinfo.org\/#website","url":"https:\/\/veritasinfo.org\/","name":"","description":"","potentialAction":[{"@type":"SearchAction","target":{"@type":"EntryPoint","urlTemplate":"https:\/\/veritasinfo.org\/?s={search_term_string}"},"query-input":{"@type":"PropertyValueSpecification","valueRequired":true,"valueName":"search_term_string"}}],"inLanguage":"en-US"},{"@type":"Person","@id":"https:\/\/veritasinfo.org\/#\/schema\/person\/fe199eede04c3937362892b7444747cc","name":"US6","image":{"@type":"ImageObject","inLanguage":"en-US","@id":"https:\/\/veritasinfo.org\/#\/schema\/person\/image\/","url":"https:\/\/secure.gravatar.com\/avatar\/cb16c3c31c9d23b9b8c705964598220b3014e42ff51eb540ff23cefa3ae8c15f?s=96&d=mm&r=g","contentUrl":"https:\/\/secure.gravatar.com\/avatar\/cb16c3c31c9d23b9b8c705964598220b3014e42ff51eb540ff23cefa3ae8c15f?s=96&d=mm&r=g","caption":"US6"},"url":"https:\/\/veritasinfo.org\/?author=7"}]}},"featured_image_urls":{"full":["https:\/\/veritasinfo.org\/wp-content\/uploads\/2026\/02\/milan.jpg",1170,651,false],"thumbnail":["https:\/\/veritasinfo.org\/wp-content\/uploads\/2026\/02\/milan-150x150.jpg",150,150,true],"medium":["https:\/\/veritasinfo.org\/wp-content\/uploads\/2026\/02\/milan-300x167.jpg",300,167,true],"medium_large":["https:\/\/veritasinfo.org\/wp-content\/uploads\/2026\/02\/milan-768x427.jpg",640,356,true],"large":["https:\/\/veritasinfo.org\/wp-content\/uploads\/2026\/02\/milan-1024x570.jpg",640,356,true],"1536x1536":["https:\/\/veritasinfo.org\/wp-content\/uploads\/2026\/02\/milan.jpg",1170,651,false],"2048x2048":["https:\/\/veritasinfo.org\/wp-content\/uploads\/2026\/02\/milan.jpg",1170,651,false],"kreeti-slider-full":["https:\/\/veritasinfo.org\/wp-content\/uploads\/2026\/02\/milan.jpg",1170,651,false],"kreeti-featured":["https:\/\/veritasinfo.org\/wp-content\/uploads\/2026\/02\/milan.jpg",1024,570,false],"kreeti-medium":["https:\/\/veritasinfo.org\/wp-content\/uploads\/2026\/02\/milan.jpg",720,401,false],"kreeti-medium-square":["https:\/\/veritasinfo.org\/wp-content\/uploads\/2026\/02\/milan.jpg",350,195,false]},"author_info":{"info":["US6"]},"category_info":"<a href=\"https:\/\/veritasinfo.org\/?cat=58\" rel=\"category\">Politik\u00eb<\/a>","tag_info":"Politik\u00eb","comment_count":"0","_links":{"self":[{"href":"https:\/\/veritasinfo.org\/index.php?rest_route=\/wp\/v2\/posts\/30043","targetHints":{"allow":["GET"]}}],"collection":[{"href":"https:\/\/veritasinfo.org\/index.php?rest_route=\/wp\/v2\/posts"}],"about":[{"href":"https:\/\/veritasinfo.org\/index.php?rest_route=\/wp\/v2\/types\/post"}],"author":[{"embeddable":true,"href":"https:\/\/veritasinfo.org\/index.php?rest_route=\/wp\/v2\/users\/7"}],"replies":[{"embeddable":true,"href":"https:\/\/veritasinfo.org\/index.php?rest_route=%2Fwp%2Fv2%2Fcomments&post=30043"}],"version-history":[{"count":1,"href":"https:\/\/veritasinfo.org\/index.php?rest_route=\/wp\/v2\/posts\/30043\/revisions"}],"predecessor-version":[{"id":30051,"href":"https:\/\/veritasinfo.org\/index.php?rest_route=\/wp\/v2\/posts\/30043\/revisions\/30051"}],"wp:featuredmedia":[{"embeddable":true,"href":"https:\/\/veritasinfo.org\/index.php?rest_route=\/wp\/v2\/media\/30050"}],"wp:attachment":[{"href":"https:\/\/veritasinfo.org\/index.php?rest_route=%2Fwp%2Fv2%2Fmedia&parent=30043"}],"wp:term":[{"taxonomy":"category","embeddable":true,"href":"https:\/\/veritasinfo.org\/index.php?rest_route=%2Fwp%2Fv2%2Fcategories&post=30043"},{"taxonomy":"post_tag","embeddable":true,"href":"https:\/\/veritasinfo.org\/index.php?rest_route=%2Fwp%2Fv2%2Ftags&post=30043"}],"curies":[{"name":"wp","href":"https:\/\/api.w.org\/{rel}","templated":true}]}}