{"id":30012,"date":"2026-01-31T20:50:44","date_gmt":"2026-01-31T19:50:44","guid":{"rendered":"https:\/\/veritasinfo.org\/?p=30012"},"modified":"2026-01-31T20:50:44","modified_gmt":"2026-01-31T19:50:44","slug":"ldk-ja-vazhdon-me-abdixhikun-kryetar","status":"publish","type":"post","link":"https:\/\/veritasinfo.org\/?p=30012","title":{"rendered":"LDK-ja vazhdon me Abdixhikun kryetar"},"content":{"rendered":"<p>Prishtin\u00eb, 31 janar 2026 20:50<\/p>\n<p style=\"font-weight: 400;\">Lidhja Demokratike e Kosov\u00ebs ka vendosur q\u00eb Lumir Abdixhiku t\u00eb vazhdoj\u00eb si kryetar i partis\u00eb, pavar\u00ebsisht d\u00ebshtimit n\u00eb zgjedhjet e 28 dhjetorit.<\/p>\n<p style=\"font-weight: 400;\">Abdixhiku ia ofroi dor\u00ebheqjen Kuvendit t\u00eb partis\u00eb t\u00eb shtun\u00ebn. Megjithat\u00eb, n\u00eb votimin e fsheht\u00eb nga delegat\u00ebt u vendos q\u00eb Abdixhiku t\u00eb vazhdoj\u00eb ende si kryetar i partis\u00eb.<\/p>\n<p style=\"font-weight: 400;\">Si\u00e7 ka m\u00ebsuar KOHA, n\u00eb votim 164 delegat\u00eb votuan kund\u00ebr dor\u00ebheqjes s\u00eb Abdixhikut, nd\u00ebrsa 136 pro.<\/p>\n<p style=\"font-weight: 400;\">Si\u00e7 ka raportuar KosovaPress, Abdixhiku n\u00eb fjalimin pas votimit ka k\u00ebrkuar \u201cbashkim p\u00ebr ta ringritur partin\u00eb\u201d.<\/p>\n<p style=\"font-weight: 400;\">\u201cN\u00eb k\u00ebt\u00eb mes nuk ka as humb\u00ebs e as fitues\u201d, ka th\u00ebn\u00eb ai.<\/p>\n<p style=\"font-weight: 400;\">Pas d\u00ebshtimit n\u00eb zgjedhjet e 28 dhjetorit, ku LDK-ja siguroi vet\u00ebm 15 ul\u00ebse n\u00eb Kuvend, Abdixhiku pati njoftuar se do ta ofroj\u00eb dor\u00ebheqjen n\u00eb Kuvend e se m\u00eb pas kuvendar\u00ebt do t\u00eb vendosin n\u00ebse do ta pranojn\u00eb apo jo. Por dor\u00ebheqjen si akt t\u00eb kryer e pati cil\u00ebsuar an\u00ebtari i Kryesis\u00eb, Avdullah Hoti, i cili ka shpallur kandidatur\u00ebn p\u00ebr kryetar.<\/p>\n<p style=\"font-weight: 400;\">P\u00ebr shkak se Kuvendi u mbajt i mbyllur p\u00ebr mediat, nuk dihen detajet tjera lidhur me k\u00ebt\u00eb proces.<\/p>\n<p style=\"font-weight: 400;\">Me Abdixhikun n\u00eb krye, LDK-ja n\u00eb zgjedhjet e 28 dhjetorit mori vet\u00ebm 13 p\u00ebr qind.<\/p>\n<p style=\"font-weight: 400;\">Abdixhiku \u00ebsht\u00eb kryetar i LDK-s\u00eb q\u00eb nga 14 marsi i vitit 2021. M\u00eb 19 n\u00ebntor 2023, ai u rizgjodh si kryetar i partis\u00eb. Abdixhiku \u00ebsht\u00eb pjes\u00eb e LDK-s\u00eb q\u00eb nga viti 2017.<\/p>\n","protected":false},"excerpt":{"rendered":"<p>Prishtin\u00eb, 31 janar 2026 20:50 Lidhja Demokratike e Kosov\u00ebs ka vendosur q\u00eb Lumir Abdixhiku t\u00eb vazhdoj\u00eb si kryetar i partis\u00eb, pavar\u00ebsisht d\u00ebshtimit n\u00eb zgjedhjet e<\/p>\n","protected":false},"author":7,"featured_media":30013,"comment_status":"open","ping_status":"open","sticky":false,"template":"","format":"standard","meta":{"footnotes":""},"categories":[58],"tags":[],"class_list":["post-30012","post","type-post","status-publish","format-standard","has-post-thumbnail","hentry","category-politike-sq"],"yoast_head":"<!-- This site is optimized with the Yoast SEO plugin v25.3.1 - https:\/\/yoast.com\/wordpress\/plugins\/seo\/ -->\n<title>LDK-ja vazhdon me Abdixhikun kryetar -<\/title>\n<meta name=\"robots\" content=\"index, follow, max-snippet:-1, max-image-preview:large, max-video-preview:-1\" \/>\n<link rel=\"canonical\" href=\"https:\/\/veritasinfo.org\/?p=30012\" \/>\n<meta property=\"og:locale\" content=\"en_US\" \/>\n<meta property=\"og:type\" content=\"article\" \/>\n<meta property=\"og:title\" content=\"LDK-ja vazhdon me Abdixhikun kryetar -\" \/>\n<meta property=\"og:description\" content=\"Prishtin\u00eb, 31 janar 2026 20:50 Lidhja Demokratike e Kosov\u00ebs ka vendosur q\u00eb Lumir Abdixhiku t\u00eb vazhdoj\u00eb si kryetar i partis\u00eb, pavar\u00ebsisht d\u00ebshtimit n\u00eb zgjedhjet e\" \/>\n<meta property=\"og:url\" content=\"https:\/\/veritasinfo.org\/?p=30012\" \/>\n<meta property=\"article:published_time\" content=\"2026-01-31T19:50:44+00:00\" \/>\n<meta property=\"og:image\" content=\"https:\/\/veritasinfo.org\/wp-content\/uploads\/2026\/01\/1-96.jpg\" \/>\n\t<meta property=\"og:image:width\" content=\"656\" \/>\n\t<meta property=\"og:image:height\" content=\"421\" \/>\n\t<meta property=\"og:image:type\" content=\"image\/jpeg\" \/>\n<meta name=\"author\" content=\"US6\" \/>\n<meta name=\"twitter:card\" content=\"summary_large_image\" \/>\n<meta name=\"twitter:label1\" content=\"Written by\" \/>\n\t<meta name=\"twitter:data1\" content=\"US6\" \/>\n\t<meta name=\"twitter:label2\" content=\"Est. reading time\" \/>\n\t<meta name=\"twitter:data2\" content=\"2 minutes\" \/>\n<script type=\"application\/ld+json\" class=\"yoast-schema-graph\">{\"@context\":\"https:\/\/schema.org\",\"@graph\":[{\"@type\":\"WebPage\",\"@id\":\"https:\/\/veritasinfo.org\/?p=30012\",\"url\":\"https:\/\/veritasinfo.org\/?p=30012\",\"name\":\"LDK-ja vazhdon me Abdixhikun kryetar -\",\"isPartOf\":{\"@id\":\"https:\/\/veritasinfo.org\/#website\"},\"primaryImageOfPage\":{\"@id\":\"https:\/\/veritasinfo.org\/?p=30012#primaryimage\"},\"image\":{\"@id\":\"https:\/\/veritasinfo.org\/?p=30012#primaryimage\"},\"thumbnailUrl\":\"https:\/\/veritasinfo.org\/wp-content\/uploads\/2026\/01\/1-96.jpg\",\"datePublished\":\"2026-01-31T19:50:44+00:00\",\"author\":{\"@id\":\"https:\/\/veritasinfo.org\/#\/schema\/person\/fe199eede04c3937362892b7444747cc\"},\"breadcrumb\":{\"@id\":\"https:\/\/veritasinfo.org\/?p=30012#breadcrumb\"},\"inLanguage\":\"en-US\",\"potentialAction\":[{\"@type\":\"ReadAction\",\"target\":[\"https:\/\/veritasinfo.org\/?p=30012\"]}]},{\"@type\":\"ImageObject\",\"inLanguage\":\"en-US\",\"@id\":\"https:\/\/veritasinfo.org\/?p=30012#primaryimage\",\"url\":\"https:\/\/veritasinfo.org\/wp-content\/uploads\/2026\/01\/1-96.jpg\",\"contentUrl\":\"https:\/\/veritasinfo.org\/wp-content\/uploads\/2026\/01\/1-96.jpg\",\"width\":656,\"height\":421},{\"@type\":\"BreadcrumbList\",\"@id\":\"https:\/\/veritasinfo.org\/?p=30012#breadcrumb\",\"itemListElement\":[{\"@type\":\"ListItem\",\"position\":1,\"name\":\"Home\",\"item\":\"https:\/\/veritasinfo.org\/\"},{\"@type\":\"ListItem\",\"position\":2,\"name\":\"LDK-ja vazhdon me Abdixhikun kryetar\"}]},{\"@type\":\"WebSite\",\"@id\":\"https:\/\/veritasinfo.org\/#website\",\"url\":\"https:\/\/veritasinfo.org\/\",\"name\":\"\",\"description\":\"\",\"potentialAction\":[{\"@type\":\"SearchAction\",\"target\":{\"@type\":\"EntryPoint\",\"urlTemplate\":\"https:\/\/veritasinfo.org\/?s={search_term_string}\"},\"query-input\":{\"@type\":\"PropertyValueSpecification\",\"valueRequired\":true,\"valueName\":\"search_term_string\"}}],\"inLanguage\":\"en-US\"},{\"@type\":\"Person\",\"@id\":\"https:\/\/veritasinfo.org\/#\/schema\/person\/fe199eede04c3937362892b7444747cc\",\"name\":\"US6\",\"image\":{\"@type\":\"ImageObject\",\"inLanguage\":\"en-US\",\"@id\":\"https:\/\/veritasinfo.org\/#\/schema\/person\/image\/\",\"url\":\"https:\/\/secure.gravatar.com\/avatar\/cb16c3c31c9d23b9b8c705964598220b3014e42ff51eb540ff23cefa3ae8c15f?s=96&d=mm&r=g\",\"contentUrl\":\"https:\/\/secure.gravatar.com\/avatar\/cb16c3c31c9d23b9b8c705964598220b3014e42ff51eb540ff23cefa3ae8c15f?s=96&d=mm&r=g\",\"caption\":\"US6\"},\"url\":\"https:\/\/veritasinfo.org\/?author=7\"}]}<\/script>\n<!-- \/ Yoast SEO plugin. -->","yoast_head_json":{"title":"LDK-ja vazhdon me Abdixhikun kryetar -","robots":{"index":"index","follow":"follow","max-snippet":"max-snippet:-1","max-image-preview":"max-image-preview:large","max-video-preview":"max-video-preview:-1"},"canonical":"https:\/\/veritasinfo.org\/?p=30012","og_locale":"en_US","og_type":"article","og_title":"LDK-ja vazhdon me Abdixhikun kryetar -","og_description":"Prishtin\u00eb, 31 janar 2026 20:50 Lidhja Demokratike e Kosov\u00ebs ka vendosur q\u00eb Lumir Abdixhiku t\u00eb vazhdoj\u00eb si kryetar i partis\u00eb, pavar\u00ebsisht d\u00ebshtimit n\u00eb zgjedhjet e","og_url":"https:\/\/veritasinfo.org\/?p=30012","article_published_time":"2026-01-31T19:50:44+00:00","og_image":[{"width":656,"height":421,"url":"https:\/\/veritasinfo.org\/wp-content\/uploads\/2026\/01\/1-96.jpg","type":"image\/jpeg"}],"author":"US6","twitter_card":"summary_large_image","twitter_misc":{"Written by":"US6","Est. reading time":"2 minutes"},"schema":{"@context":"https:\/\/schema.org","@graph":[{"@type":"WebPage","@id":"https:\/\/veritasinfo.org\/?p=30012","url":"https:\/\/veritasinfo.org\/?p=30012","name":"LDK-ja vazhdon me Abdixhikun kryetar -","isPartOf":{"@id":"https:\/\/veritasinfo.org\/#website"},"primaryImageOfPage":{"@id":"https:\/\/veritasinfo.org\/?p=30012#primaryimage"},"image":{"@id":"https:\/\/veritasinfo.org\/?p=30012#primaryimage"},"thumbnailUrl":"https:\/\/veritasinfo.org\/wp-content\/uploads\/2026\/01\/1-96.jpg","datePublished":"2026-01-31T19:50:44+00:00","author":{"@id":"https:\/\/veritasinfo.org\/#\/schema\/person\/fe199eede04c3937362892b7444747cc"},"breadcrumb":{"@id":"https:\/\/veritasinfo.org\/?p=30012#breadcrumb"},"inLanguage":"en-US","potentialAction":[{"@type":"ReadAction","target":["https:\/\/veritasinfo.org\/?p=30012"]}]},{"@type":"ImageObject","inLanguage":"en-US","@id":"https:\/\/veritasinfo.org\/?p=30012#primaryimage","url":"https:\/\/veritasinfo.org\/wp-content\/uploads\/2026\/01\/1-96.jpg","contentUrl":"https:\/\/veritasinfo.org\/wp-content\/uploads\/2026\/01\/1-96.jpg","width":656,"height":421},{"@type":"BreadcrumbList","@id":"https:\/\/veritasinfo.org\/?p=30012#breadcrumb","itemListElement":[{"@type":"ListItem","position":1,"name":"Home","item":"https:\/\/veritasinfo.org\/"},{"@type":"ListItem","position":2,"name":"LDK-ja vazhdon me Abdixhikun kryetar"}]},{"@type":"WebSite","@id":"https:\/\/veritasinfo.org\/#website","url":"https:\/\/veritasinfo.org\/","name":"","description":"","potentialAction":[{"@type":"SearchAction","target":{"@type":"EntryPoint","urlTemplate":"https:\/\/veritasinfo.org\/?s={search_term_string}"},"query-input":{"@type":"PropertyValueSpecification","valueRequired":true,"valueName":"search_term_string"}}],"inLanguage":"en-US"},{"@type":"Person","@id":"https:\/\/veritasinfo.org\/#\/schema\/person\/fe199eede04c3937362892b7444747cc","name":"US6","image":{"@type":"ImageObject","inLanguage":"en-US","@id":"https:\/\/veritasinfo.org\/#\/schema\/person\/image\/","url":"https:\/\/secure.gravatar.com\/avatar\/cb16c3c31c9d23b9b8c705964598220b3014e42ff51eb540ff23cefa3ae8c15f?s=96&d=mm&r=g","contentUrl":"https:\/\/secure.gravatar.com\/avatar\/cb16c3c31c9d23b9b8c705964598220b3014e42ff51eb540ff23cefa3ae8c15f?s=96&d=mm&r=g","caption":"US6"},"url":"https:\/\/veritasinfo.org\/?author=7"}]}},"featured_image_urls":{"full":["https:\/\/veritasinfo.org\/wp-content\/uploads\/2026\/01\/1-96.jpg",656,421,false],"thumbnail":["https:\/\/veritasinfo.org\/wp-content\/uploads\/2026\/01\/1-96-150x150.jpg",150,150,true],"medium":["https:\/\/veritasinfo.org\/wp-content\/uploads\/2026\/01\/1-96-300x193.jpg",300,193,true],"medium_large":["https:\/\/veritasinfo.org\/wp-content\/uploads\/2026\/01\/1-96.jpg",640,411,false],"large":["https:\/\/veritasinfo.org\/wp-content\/uploads\/2026\/01\/1-96.jpg",640,411,false],"1536x1536":["https:\/\/veritasinfo.org\/wp-content\/uploads\/2026\/01\/1-96.jpg",656,421,false],"2048x2048":["https:\/\/veritasinfo.org\/wp-content\/uploads\/2026\/01\/1-96.jpg",656,421,false],"kreeti-slider-full":["https:\/\/veritasinfo.org\/wp-content\/uploads\/2026\/01\/1-96.jpg",656,421,false],"kreeti-featured":["https:\/\/veritasinfo.org\/wp-content\/uploads\/2026\/01\/1-96.jpg",656,421,false],"kreeti-medium":["https:\/\/veritasinfo.org\/wp-content\/uploads\/2026\/01\/1-96.jpg",656,421,false],"kreeti-medium-square":["https:\/\/veritasinfo.org\/wp-content\/uploads\/2026\/01\/1-96.jpg",350,225,false]},"author_info":{"info":["US6"]},"category_info":"<a href=\"https:\/\/veritasinfo.org\/?cat=58\" rel=\"category\">Politik\u00eb<\/a>","tag_info":"Politik\u00eb","comment_count":"0","_links":{"self":[{"href":"https:\/\/veritasinfo.org\/index.php?rest_route=\/wp\/v2\/posts\/30012","targetHints":{"allow":["GET"]}}],"collection":[{"href":"https:\/\/veritasinfo.org\/index.php?rest_route=\/wp\/v2\/posts"}],"about":[{"href":"https:\/\/veritasinfo.org\/index.php?rest_route=\/wp\/v2\/types\/post"}],"author":[{"embeddable":true,"href":"https:\/\/veritasinfo.org\/index.php?rest_route=\/wp\/v2\/users\/7"}],"replies":[{"embeddable":true,"href":"https:\/\/veritasinfo.org\/index.php?rest_route=%2Fwp%2Fv2%2Fcomments&post=30012"}],"version-history":[{"count":1,"href":"https:\/\/veritasinfo.org\/index.php?rest_route=\/wp\/v2\/posts\/30012\/revisions"}],"predecessor-version":[{"id":30014,"href":"https:\/\/veritasinfo.org\/index.php?rest_route=\/wp\/v2\/posts\/30012\/revisions\/30014"}],"wp:featuredmedia":[{"embeddable":true,"href":"https:\/\/veritasinfo.org\/index.php?rest_route=\/wp\/v2\/media\/30013"}],"wp:attachment":[{"href":"https:\/\/veritasinfo.org\/index.php?rest_route=%2Fwp%2Fv2%2Fmedia&parent=30012"}],"wp:term":[{"taxonomy":"category","embeddable":true,"href":"https:\/\/veritasinfo.org\/index.php?rest_route=%2Fwp%2Fv2%2Fcategories&post=30012"},{"taxonomy":"post_tag","embeddable":true,"href":"https:\/\/veritasinfo.org\/index.php?rest_route=%2Fwp%2Fv2%2Ftags&post=30012"}],"curies":[{"name":"wp","href":"https:\/\/api.w.org\/{rel}","templated":true}]}}