{"id":29976,"date":"2026-01-31T13:01:01","date_gmt":"2026-01-31T12:01:01","guid":{"rendered":"https:\/\/veritasinfo.org\/?p=29976"},"modified":"2026-01-31T13:01:01","modified_gmt":"2026-01-31T12:01:01","slug":"pucnjava-u-mineapolisu-izazvala-proteste-sirom-sad","status":"publish","type":"post","link":"https:\/\/veritasinfo.org\/?p=29976&lang=sr","title":{"rendered":"Pucnjava u Mineapolisu izazvala proteste \u0161irom SAD"},"content":{"rendered":"<p>Pri\u0161tina, 31. januar 2026. 12:55<\/p>\n<p>Hiljade demonstranata iza\u0161lo je na ulice Mineapolisa u okviru nacionalnih demonstracija protiv akcija sprovo\u0111enja imigracionih zakona, nakon smrtonosnih pucnjava na dva ameri\u010dka dr\u017eavljanina od strane federalnih agenata.<\/p>\n<p>Protesti su odr\u017eani i u gradovima \u0161irom SAD, uklju\u010dujuc\u0301i Njujork, Los An\u0111eles, \u010cikago i Va\u0161ington, a organizatori su pozvali Amerikance da ostanu kod kuc\u0301e, da ne idu na posao i u \u0161kolu.<\/p>\n<p>Smrti Rene Gud i Aleksa Pretija izazvala je lokalne proteste i javno negodovanje \u0161irom zemlje, kao i kritike zakonodavaca obe stranke.<\/p>\n<p>Ranije u petak, Ministarstvo pravde SAD pokrenulo je istragu o kr\u0161enju gra\u0111anskih prava u vezi sa Pretijevom smrc\u0301u.<\/p>\n<p>Tridesetsedmogodi\u0161nja medicinska sestra bila je drugi stanovnik Mineapolisa koga su ubili federalni imigracioni slu\u017ebenici od dolaska u dr\u017eavu. Guda, prvog, ubio je agent Slu\u017ebe za imigraciju i carine (ICE) 7. januara.<\/p>\n<p>Demonstranti su formirali slova \u201eSOS\u201c iznad zale\u0111enog jezera ju\u017eno od Mineapolisa, dok je jedna grupa mar\u0161irala ulicama dr\u017eec\u0301i veliku kopiju preambule Ustava SAD.<\/p>\n<p>U \u010detvrtak je grani\u010dni car Tom Homan predlo\u017eio da bi Trampova administracija mogla da \u201esmanji\u201c federalne snage u dr\u017eavi ako lokalni zvani\u010dnici sara\u0111uju.<\/p>\n<p>Predsednik SAD Donald Tramp je u \u010detvrtak uve\u010de rekao: \u201eO\u010duvac\u0301emo na\u0161u zemlju bezbednom, u\u010dinic\u0301emo sve \u0161to mo\u017eemo da na\u0161a zemlja bude bezbedna.\u201c<\/p>\n<p>Oko 3.000 federalnih agenata poslato je u Mineapolis po Trampovom nare\u0111enju.<\/p>\n<p>DHS je saop\u0161tio da hapsi \u201enajgore kriminalne ilegalne imigrante\u201c u nastojanju da obnovi javnu bezbednost u Minesoti, ali kriti\u010dari tvrde da su u kampanju uklju\u010deni imigranti sa \u010distim dosijeom i ameri\u010dki dr\u017eavljani.<\/p>\n","protected":false},"excerpt":{"rendered":"<p>Pri\u0161tina, 31. januar 2026. 12:55 Hiljade demonstranata iza\u0161lo je na ulice Mineapolisa u okviru nacionalnih demonstracija protiv akcija sprovo\u0111enja imigracionih zakona, nakon smrtonosnih pucnjava na<\/p>\n","protected":false},"author":7,"featured_media":29974,"comment_status":"open","ping_status":"open","sticky":false,"template":"","format":"standard","meta":{"footnotes":""},"categories":[74],"tags":[],"class_list":["post-29976","post","type-post","status-publish","format-standard","has-post-thumbnail","hentry","category-svet"],"yoast_head":"<!-- This site is optimized with the Yoast SEO plugin v25.3.1 - https:\/\/yoast.com\/wordpress\/plugins\/seo\/ -->\n<title>Pucnjava u Mineapolisu izazvala proteste \u0161irom SAD -<\/title>\n<meta name=\"robots\" content=\"index, follow, max-snippet:-1, max-image-preview:large, max-video-preview:-1\" \/>\n<link rel=\"canonical\" href=\"https:\/\/veritasinfo.org\/?p=29976&lang=sr\" \/>\n<meta property=\"og:locale\" content=\"en_US\" \/>\n<meta property=\"og:type\" content=\"article\" \/>\n<meta property=\"og:title\" content=\"Pucnjava u Mineapolisu izazvala proteste \u0161irom SAD -\" \/>\n<meta property=\"og:description\" content=\"Pri\u0161tina, 31. januar 2026. 12:55 Hiljade demonstranata iza\u0161lo je na ulice Mineapolisa u okviru nacionalnih demonstracija protiv akcija sprovo\u0111enja imigracionih zakona, nakon smrtonosnih pucnjava na\" \/>\n<meta property=\"og:url\" content=\"https:\/\/veritasinfo.org\/?p=29976&amp;lang=sr\" \/>\n<meta property=\"article:published_time\" content=\"2026-01-31T12:01:01+00:00\" \/>\n<meta property=\"og:image\" content=\"https:\/\/veritasinfo.org\/wp-content\/uploads\/2026\/01\/Screenshot_36-3.jpg\" \/>\n\t<meta property=\"og:image:width\" content=\"785\" \/>\n\t<meta property=\"og:image:height\" content=\"414\" \/>\n\t<meta property=\"og:image:type\" content=\"image\/jpeg\" \/>\n<meta name=\"author\" content=\"US6\" \/>\n<meta name=\"twitter:card\" content=\"summary_large_image\" \/>\n<meta name=\"twitter:label1\" content=\"Written by\" \/>\n\t<meta name=\"twitter:data1\" content=\"US6\" \/>\n\t<meta name=\"twitter:label2\" content=\"Est. reading time\" \/>\n\t<meta name=\"twitter:data2\" content=\"2 minutes\" \/>\n<script type=\"application\/ld+json\" class=\"yoast-schema-graph\">{\"@context\":\"https:\/\/schema.org\",\"@graph\":[{\"@type\":\"WebPage\",\"@id\":\"https:\/\/veritasinfo.org\/?p=29976&lang=sr\",\"url\":\"https:\/\/veritasinfo.org\/?p=29976&lang=sr\",\"name\":\"Pucnjava u Mineapolisu izazvala proteste \u0161irom SAD -\",\"isPartOf\":{\"@id\":\"https:\/\/veritasinfo.org\/#website\"},\"primaryImageOfPage\":{\"@id\":\"https:\/\/veritasinfo.org\/?p=29976&lang=sr#primaryimage\"},\"image\":{\"@id\":\"https:\/\/veritasinfo.org\/?p=29976&lang=sr#primaryimage\"},\"thumbnailUrl\":\"https:\/\/veritasinfo.org\/wp-content\/uploads\/2026\/01\/Screenshot_36-3.jpg\",\"datePublished\":\"2026-01-31T12:01:01+00:00\",\"author\":{\"@id\":\"https:\/\/veritasinfo.org\/#\/schema\/person\/fe199eede04c3937362892b7444747cc\"},\"breadcrumb\":{\"@id\":\"https:\/\/veritasinfo.org\/?p=29976&lang=sr#breadcrumb\"},\"inLanguage\":\"en-US\",\"potentialAction\":[{\"@type\":\"ReadAction\",\"target\":[\"https:\/\/veritasinfo.org\/?p=29976&lang=sr\"]}]},{\"@type\":\"ImageObject\",\"inLanguage\":\"en-US\",\"@id\":\"https:\/\/veritasinfo.org\/?p=29976&lang=sr#primaryimage\",\"url\":\"https:\/\/veritasinfo.org\/wp-content\/uploads\/2026\/01\/Screenshot_36-3.jpg\",\"contentUrl\":\"https:\/\/veritasinfo.org\/wp-content\/uploads\/2026\/01\/Screenshot_36-3.jpg\",\"width\":785,\"height\":414},{\"@type\":\"BreadcrumbList\",\"@id\":\"https:\/\/veritasinfo.org\/?p=29976&lang=sr#breadcrumb\",\"itemListElement\":[{\"@type\":\"ListItem\",\"position\":1,\"name\":\"Home\",\"item\":\"https:\/\/veritasinfo.org\/\"},{\"@type\":\"ListItem\",\"position\":2,\"name\":\"Pucnjava u Mineapolisu izazvala proteste \u0161irom SAD\"}]},{\"@type\":\"WebSite\",\"@id\":\"https:\/\/veritasinfo.org\/#website\",\"url\":\"https:\/\/veritasinfo.org\/\",\"name\":\"\",\"description\":\"\",\"potentialAction\":[{\"@type\":\"SearchAction\",\"target\":{\"@type\":\"EntryPoint\",\"urlTemplate\":\"https:\/\/veritasinfo.org\/?s={search_term_string}\"},\"query-input\":{\"@type\":\"PropertyValueSpecification\",\"valueRequired\":true,\"valueName\":\"search_term_string\"}}],\"inLanguage\":\"en-US\"},{\"@type\":\"Person\",\"@id\":\"https:\/\/veritasinfo.org\/#\/schema\/person\/fe199eede04c3937362892b7444747cc\",\"name\":\"US6\",\"image\":{\"@type\":\"ImageObject\",\"inLanguage\":\"en-US\",\"@id\":\"https:\/\/veritasinfo.org\/#\/schema\/person\/image\/\",\"url\":\"https:\/\/secure.gravatar.com\/avatar\/cb16c3c31c9d23b9b8c705964598220b3014e42ff51eb540ff23cefa3ae8c15f?s=96&d=mm&r=g\",\"contentUrl\":\"https:\/\/secure.gravatar.com\/avatar\/cb16c3c31c9d23b9b8c705964598220b3014e42ff51eb540ff23cefa3ae8c15f?s=96&d=mm&r=g\",\"caption\":\"US6\"},\"url\":\"https:\/\/veritasinfo.org\/?author=7\"}]}<\/script>\n<!-- \/ Yoast SEO plugin. -->","yoast_head_json":{"title":"Pucnjava u Mineapolisu izazvala proteste \u0161irom SAD -","robots":{"index":"index","follow":"follow","max-snippet":"max-snippet:-1","max-image-preview":"max-image-preview:large","max-video-preview":"max-video-preview:-1"},"canonical":"https:\/\/veritasinfo.org\/?p=29976&lang=sr","og_locale":"en_US","og_type":"article","og_title":"Pucnjava u Mineapolisu izazvala proteste \u0161irom SAD -","og_description":"Pri\u0161tina, 31. januar 2026. 12:55 Hiljade demonstranata iza\u0161lo je na ulice Mineapolisa u okviru nacionalnih demonstracija protiv akcija sprovo\u0111enja imigracionih zakona, nakon smrtonosnih pucnjava na","og_url":"https:\/\/veritasinfo.org\/?p=29976&lang=sr","article_published_time":"2026-01-31T12:01:01+00:00","og_image":[{"width":785,"height":414,"url":"https:\/\/veritasinfo.org\/wp-content\/uploads\/2026\/01\/Screenshot_36-3.jpg","type":"image\/jpeg"}],"author":"US6","twitter_card":"summary_large_image","twitter_misc":{"Written by":"US6","Est. reading time":"2 minutes"},"schema":{"@context":"https:\/\/schema.org","@graph":[{"@type":"WebPage","@id":"https:\/\/veritasinfo.org\/?p=29976&lang=sr","url":"https:\/\/veritasinfo.org\/?p=29976&lang=sr","name":"Pucnjava u Mineapolisu izazvala proteste \u0161irom SAD -","isPartOf":{"@id":"https:\/\/veritasinfo.org\/#website"},"primaryImageOfPage":{"@id":"https:\/\/veritasinfo.org\/?p=29976&lang=sr#primaryimage"},"image":{"@id":"https:\/\/veritasinfo.org\/?p=29976&lang=sr#primaryimage"},"thumbnailUrl":"https:\/\/veritasinfo.org\/wp-content\/uploads\/2026\/01\/Screenshot_36-3.jpg","datePublished":"2026-01-31T12:01:01+00:00","author":{"@id":"https:\/\/veritasinfo.org\/#\/schema\/person\/fe199eede04c3937362892b7444747cc"},"breadcrumb":{"@id":"https:\/\/veritasinfo.org\/?p=29976&lang=sr#breadcrumb"},"inLanguage":"en-US","potentialAction":[{"@type":"ReadAction","target":["https:\/\/veritasinfo.org\/?p=29976&lang=sr"]}]},{"@type":"ImageObject","inLanguage":"en-US","@id":"https:\/\/veritasinfo.org\/?p=29976&lang=sr#primaryimage","url":"https:\/\/veritasinfo.org\/wp-content\/uploads\/2026\/01\/Screenshot_36-3.jpg","contentUrl":"https:\/\/veritasinfo.org\/wp-content\/uploads\/2026\/01\/Screenshot_36-3.jpg","width":785,"height":414},{"@type":"BreadcrumbList","@id":"https:\/\/veritasinfo.org\/?p=29976&lang=sr#breadcrumb","itemListElement":[{"@type":"ListItem","position":1,"name":"Home","item":"https:\/\/veritasinfo.org\/"},{"@type":"ListItem","position":2,"name":"Pucnjava u Mineapolisu izazvala proteste \u0161irom SAD"}]},{"@type":"WebSite","@id":"https:\/\/veritasinfo.org\/#website","url":"https:\/\/veritasinfo.org\/","name":"","description":"","potentialAction":[{"@type":"SearchAction","target":{"@type":"EntryPoint","urlTemplate":"https:\/\/veritasinfo.org\/?s={search_term_string}"},"query-input":{"@type":"PropertyValueSpecification","valueRequired":true,"valueName":"search_term_string"}}],"inLanguage":"en-US"},{"@type":"Person","@id":"https:\/\/veritasinfo.org\/#\/schema\/person\/fe199eede04c3937362892b7444747cc","name":"US6","image":{"@type":"ImageObject","inLanguage":"en-US","@id":"https:\/\/veritasinfo.org\/#\/schema\/person\/image\/","url":"https:\/\/secure.gravatar.com\/avatar\/cb16c3c31c9d23b9b8c705964598220b3014e42ff51eb540ff23cefa3ae8c15f?s=96&d=mm&r=g","contentUrl":"https:\/\/secure.gravatar.com\/avatar\/cb16c3c31c9d23b9b8c705964598220b3014e42ff51eb540ff23cefa3ae8c15f?s=96&d=mm&r=g","caption":"US6"},"url":"https:\/\/veritasinfo.org\/?author=7"}]}},"featured_image_urls":{"full":["https:\/\/veritasinfo.org\/wp-content\/uploads\/2026\/01\/Screenshot_36-3.jpg",785,414,false],"thumbnail":["https:\/\/veritasinfo.org\/wp-content\/uploads\/2026\/01\/Screenshot_36-3-150x150.jpg",150,150,true],"medium":["https:\/\/veritasinfo.org\/wp-content\/uploads\/2026\/01\/Screenshot_36-3-300x158.jpg",300,158,true],"medium_large":["https:\/\/veritasinfo.org\/wp-content\/uploads\/2026\/01\/Screenshot_36-3-768x405.jpg",640,338,true],"large":["https:\/\/veritasinfo.org\/wp-content\/uploads\/2026\/01\/Screenshot_36-3.jpg",640,338,false],"1536x1536":["https:\/\/veritasinfo.org\/wp-content\/uploads\/2026\/01\/Screenshot_36-3.jpg",785,414,false],"2048x2048":["https:\/\/veritasinfo.org\/wp-content\/uploads\/2026\/01\/Screenshot_36-3.jpg",785,414,false],"kreeti-slider-full":["https:\/\/veritasinfo.org\/wp-content\/uploads\/2026\/01\/Screenshot_36-3.jpg",785,414,false],"kreeti-featured":["https:\/\/veritasinfo.org\/wp-content\/uploads\/2026\/01\/Screenshot_36-3.jpg",785,414,false],"kreeti-medium":["https:\/\/veritasinfo.org\/wp-content\/uploads\/2026\/01\/Screenshot_36-3.jpg",720,380,false],"kreeti-medium-square":["https:\/\/veritasinfo.org\/wp-content\/uploads\/2026\/01\/Screenshot_36-3.jpg",350,185,false]},"author_info":{"info":["US6"]},"category_info":"<a href=\"https:\/\/veritasinfo.org\/?cat=74&#038;lang=sr\" rel=\"category\">Svet<\/a>","tag_info":"Svet","comment_count":"0","_links":{"self":[{"href":"https:\/\/veritasinfo.org\/index.php?rest_route=\/wp\/v2\/posts\/29976","targetHints":{"allow":["GET"]}}],"collection":[{"href":"https:\/\/veritasinfo.org\/index.php?rest_route=\/wp\/v2\/posts"}],"about":[{"href":"https:\/\/veritasinfo.org\/index.php?rest_route=\/wp\/v2\/types\/post"}],"author":[{"embeddable":true,"href":"https:\/\/veritasinfo.org\/index.php?rest_route=\/wp\/v2\/users\/7"}],"replies":[{"embeddable":true,"href":"https:\/\/veritasinfo.org\/index.php?rest_route=%2Fwp%2Fv2%2Fcomments&post=29976"}],"version-history":[{"count":1,"href":"https:\/\/veritasinfo.org\/index.php?rest_route=\/wp\/v2\/posts\/29976\/revisions"}],"predecessor-version":[{"id":29977,"href":"https:\/\/veritasinfo.org\/index.php?rest_route=\/wp\/v2\/posts\/29976\/revisions\/29977"}],"wp:featuredmedia":[{"embeddable":true,"href":"https:\/\/veritasinfo.org\/index.php?rest_route=\/wp\/v2\/media\/29974"}],"wp:attachment":[{"href":"https:\/\/veritasinfo.org\/index.php?rest_route=%2Fwp%2Fv2%2Fmedia&parent=29976"}],"wp:term":[{"taxonomy":"category","embeddable":true,"href":"https:\/\/veritasinfo.org\/index.php?rest_route=%2Fwp%2Fv2%2Fcategories&post=29976"},{"taxonomy":"post_tag","embeddable":true,"href":"https:\/\/veritasinfo.org\/index.php?rest_route=%2Fwp%2Fv2%2Ftags&post=29976"}],"curies":[{"name":"wp","href":"https:\/\/api.w.org\/{rel}","templated":true}]}}