{"id":29968,"date":"2026-01-31T12:06:08","date_gmt":"2026-01-31T11:06:08","guid":{"rendered":"https:\/\/veritasinfo.org\/?p=29968"},"modified":"2026-01-31T12:06:08","modified_gmt":"2026-01-31T11:06:08","slug":"kqz-nuk-miraton-shpalljen-e-rezultatit-te-zgjedhjeve-per-listen-serbe","status":"publish","type":"post","link":"https:\/\/veritasinfo.org\/?p=29968","title":{"rendered":"KQZ nuk miraton shpalljen e rezultatit t\u00eb zgjedhjeve p\u00ebr List\u00ebn Serbe"},"content":{"rendered":"<p>Pri\u0161tina, 31. januar 2026 12:03<\/p>\n<p>Komisioni Qendror i Zgjedhjeve (KQZ) n\u00eb mbledhjen e sotme nuk ka miratuar shpalljen e rezultatit t\u00eb zgjedhjeve p\u00ebr List\u00ebn Serbe. Vendimi erdhi pasi dy an\u00ebtar\u00eb t\u00eb L\u00ebvizjes Vet\u00ebvendosje votuan kund\u00ebr, raporton Ekonomia Online.<\/p>\n<p>Nd\u00ebrkoh\u00eb, rezultatet p\u00ebrfundimtare t\u00eb zgjedhjeve parlamentare t\u00eb 28 dhjetorit jan\u00eb shpallur p\u00ebr kat\u00ebr parti t\u00eb tjera.<\/p>\n<p>An\u00ebtari i Vet\u00ebvendosjes n\u00eb KQZ, Sami Kurteshi, para se t\u00eb hidhej n\u00eb votim shpallja e rezultateve tha se voton kund\u00ebr.<\/p>\n<p>\u201cUn\u00eb deklarohem q\u00eb votoj kund\u00ebr List\u00ebs Serbe dhe kandidat\u00ebve ve\u00e7 e ve\u00e7. Besoj q\u00eb e b\u00ebn edhe kolegu im\u201d, tha Kurteshi.<\/p>\n<p>Edhe an\u00ebtar\u00ebt e PDK-s\u00eb n\u00eb KQZ tha se abstenojn\u00eb<\/p>\n<p>Kryetari i KQZ-s\u00eb, Kreshnik Radoniqi, pas deklarimeve t\u00eb tyre tha se duhet t\u00eb ndahet nga ky votim Lista Srpska, si dhe KDTP, p\u00ebr t\u00eb cil\u00ebn u ankuan se nuk e ka respektuar kuot\u00ebn gjinore.<\/p>\n<p>An\u00ebtar\u00ebt votuan p\u00ebr shpalljen e rezultateve p\u00ebr t\u00eb gjith\u00eb subjektet tjera p\u00ebrve\u00e7 List\u00ebs Serbe dhe KDTP-s\u00eb.<\/p>\n<p>Nd\u00ebrkaq, Radoniqi hodhi n\u00eb votim edhe List\u00ebn Srpska, ku morti tri vota p\u00ebr, dy kund\u00ebr.<\/p>\n<p>\u201cTri vota p\u00ebr, dy kund\u00ebr, tjerat abstenime. M\u2019falni, po s\u2019ka kuptim kjo pun\u00eb\u201d, tha kryesuesi.<\/p>\n<p>Nd\u00ebrsa, p\u00ebr shpalljen e rezultatit p\u00ebr KDTP-n\u00eb votuan pro n\u00ebnt\u00eb an\u00ebtar\u00eb.<\/p>\n<p>Radoniqi b\u00ebri me dije se subjektet dhe kandidat\u00ebt e pak\u00ebnaqur lidhur me shpalljen e rezultatit kan\u00eb t\u00eb drejt\u00eb ankese brenda 48 or\u00ebve n\u00eb PZAP, nga ora 11:00 sot deri m\u00eb 11:00 t\u00eb h\u00ebn\u00ebn.<\/p>\n<p>Ai tha se n\u00ebse pal\u00ebt planifikojn\u00eb ta dor\u00ebzojn\u00eb ankes\u00ebn p\u00ebrmes post\u00ebs duhet ta njoftojn\u00eb KQZ-n\u00eb.<\/p>\n","protected":false},"excerpt":{"rendered":"<p>Pri\u0161tina, 31. januar 2026 12:03 Komisioni Qendror i Zgjedhjeve (KQZ) n\u00eb mbledhjen e sotme nuk ka miratuar shpalljen e rezultatit t\u00eb zgjedhjeve p\u00ebr List\u00ebn Serbe.<\/p>\n","protected":false},"author":6,"featured_media":29969,"comment_status":"open","ping_status":"open","sticky":false,"template":"","format":"standard","meta":{"footnotes":""},"categories":[8],"tags":[],"class_list":["post-29968","post","type-post","status-publish","format-standard","has-post-thumbnail","hentry","category-blog-sq"],"yoast_head":"<!-- This site is optimized with the Yoast SEO plugin v25.3.1 - https:\/\/yoast.com\/wordpress\/plugins\/seo\/ -->\n<title>KQZ nuk miraton shpalljen e rezultatit t\u00eb zgjedhjeve p\u00ebr List\u00ebn Serbe -<\/title>\n<meta name=\"robots\" content=\"index, follow, max-snippet:-1, max-image-preview:large, max-video-preview:-1\" \/>\n<link rel=\"canonical\" href=\"https:\/\/veritasinfo.org\/?p=29968\" \/>\n<meta property=\"og:locale\" content=\"en_US\" \/>\n<meta property=\"og:type\" content=\"article\" \/>\n<meta property=\"og:title\" content=\"KQZ nuk miraton shpalljen e rezultatit t\u00eb zgjedhjeve p\u00ebr List\u00ebn Serbe -\" \/>\n<meta property=\"og:description\" content=\"Pri\u0161tina, 31. januar 2026 12:03 Komisioni Qendror i Zgjedhjeve (KQZ) n\u00eb mbledhjen e sotme nuk ka miratuar shpalljen e rezultatit t\u00eb zgjedhjeve p\u00ebr List\u00ebn Serbe.\" \/>\n<meta property=\"og:url\" content=\"https:\/\/veritasinfo.org\/?p=29968\" \/>\n<meta property=\"article:published_time\" content=\"2026-01-31T11:06:08+00:00\" \/>\n<meta property=\"og:image\" content=\"https:\/\/veritasinfo.org\/wp-content\/uploads\/2026\/01\/kqz.png\" \/>\n\t<meta property=\"og:image:width\" content=\"988\" \/>\n\t<meta property=\"og:image:height\" content=\"479\" \/>\n\t<meta property=\"og:image:type\" content=\"image\/png\" \/>\n<meta name=\"author\" content=\"US5\" \/>\n<meta name=\"twitter:card\" content=\"summary_large_image\" \/>\n<meta name=\"twitter:label1\" content=\"Written by\" \/>\n\t<meta name=\"twitter:data1\" content=\"US5\" \/>\n\t<meta name=\"twitter:label2\" content=\"Est. reading time\" \/>\n\t<meta name=\"twitter:data2\" content=\"1 minute\" \/>\n<script type=\"application\/ld+json\" class=\"yoast-schema-graph\">{\"@context\":\"https:\/\/schema.org\",\"@graph\":[{\"@type\":\"WebPage\",\"@id\":\"https:\/\/veritasinfo.org\/?p=29968\",\"url\":\"https:\/\/veritasinfo.org\/?p=29968\",\"name\":\"KQZ nuk miraton shpalljen e rezultatit t\u00eb zgjedhjeve p\u00ebr List\u00ebn Serbe -\",\"isPartOf\":{\"@id\":\"https:\/\/veritasinfo.org\/#website\"},\"primaryImageOfPage\":{\"@id\":\"https:\/\/veritasinfo.org\/?p=29968#primaryimage\"},\"image\":{\"@id\":\"https:\/\/veritasinfo.org\/?p=29968#primaryimage\"},\"thumbnailUrl\":\"https:\/\/veritasinfo.org\/wp-content\/uploads\/2026\/01\/kqz.png\",\"datePublished\":\"2026-01-31T11:06:08+00:00\",\"author\":{\"@id\":\"https:\/\/veritasinfo.org\/#\/schema\/person\/bc442336e35414d04494ab8fb45db4c6\"},\"breadcrumb\":{\"@id\":\"https:\/\/veritasinfo.org\/?p=29968#breadcrumb\"},\"inLanguage\":\"en-US\",\"potentialAction\":[{\"@type\":\"ReadAction\",\"target\":[\"https:\/\/veritasinfo.org\/?p=29968\"]}]},{\"@type\":\"ImageObject\",\"inLanguage\":\"en-US\",\"@id\":\"https:\/\/veritasinfo.org\/?p=29968#primaryimage\",\"url\":\"https:\/\/veritasinfo.org\/wp-content\/uploads\/2026\/01\/kqz.png\",\"contentUrl\":\"https:\/\/veritasinfo.org\/wp-content\/uploads\/2026\/01\/kqz.png\",\"width\":988,\"height\":479},{\"@type\":\"BreadcrumbList\",\"@id\":\"https:\/\/veritasinfo.org\/?p=29968#breadcrumb\",\"itemListElement\":[{\"@type\":\"ListItem\",\"position\":1,\"name\":\"Home\",\"item\":\"https:\/\/veritasinfo.org\/\"},{\"@type\":\"ListItem\",\"position\":2,\"name\":\"KQZ nuk miraton shpalljen e rezultatit t\u00eb zgjedhjeve p\u00ebr List\u00ebn Serbe\"}]},{\"@type\":\"WebSite\",\"@id\":\"https:\/\/veritasinfo.org\/#website\",\"url\":\"https:\/\/veritasinfo.org\/\",\"name\":\"\",\"description\":\"\",\"potentialAction\":[{\"@type\":\"SearchAction\",\"target\":{\"@type\":\"EntryPoint\",\"urlTemplate\":\"https:\/\/veritasinfo.org\/?s={search_term_string}\"},\"query-input\":{\"@type\":\"PropertyValueSpecification\",\"valueRequired\":true,\"valueName\":\"search_term_string\"}}],\"inLanguage\":\"en-US\"},{\"@type\":\"Person\",\"@id\":\"https:\/\/veritasinfo.org\/#\/schema\/person\/bc442336e35414d04494ab8fb45db4c6\",\"name\":\"US5\",\"image\":{\"@type\":\"ImageObject\",\"inLanguage\":\"en-US\",\"@id\":\"https:\/\/veritasinfo.org\/#\/schema\/person\/image\/\",\"url\":\"https:\/\/secure.gravatar.com\/avatar\/16a61e7272a0c5d001121ebb9e60e925d5816e4ac1e443ed3e640d9a6ae55d0c?s=96&d=mm&r=g\",\"contentUrl\":\"https:\/\/secure.gravatar.com\/avatar\/16a61e7272a0c5d001121ebb9e60e925d5816e4ac1e443ed3e640d9a6ae55d0c?s=96&d=mm&r=g\",\"caption\":\"US5\"},\"url\":\"https:\/\/veritasinfo.org\/?author=6\"}]}<\/script>\n<!-- \/ Yoast SEO plugin. -->","yoast_head_json":{"title":"KQZ nuk miraton shpalljen e rezultatit t\u00eb zgjedhjeve p\u00ebr List\u00ebn Serbe -","robots":{"index":"index","follow":"follow","max-snippet":"max-snippet:-1","max-image-preview":"max-image-preview:large","max-video-preview":"max-video-preview:-1"},"canonical":"https:\/\/veritasinfo.org\/?p=29968","og_locale":"en_US","og_type":"article","og_title":"KQZ nuk miraton shpalljen e rezultatit t\u00eb zgjedhjeve p\u00ebr List\u00ebn Serbe -","og_description":"Pri\u0161tina, 31. januar 2026 12:03 Komisioni Qendror i Zgjedhjeve (KQZ) n\u00eb mbledhjen e sotme nuk ka miratuar shpalljen e rezultatit t\u00eb zgjedhjeve p\u00ebr List\u00ebn Serbe.","og_url":"https:\/\/veritasinfo.org\/?p=29968","article_published_time":"2026-01-31T11:06:08+00:00","og_image":[{"width":988,"height":479,"url":"https:\/\/veritasinfo.org\/wp-content\/uploads\/2026\/01\/kqz.png","type":"image\/png"}],"author":"US5","twitter_card":"summary_large_image","twitter_misc":{"Written by":"US5","Est. reading time":"1 minute"},"schema":{"@context":"https:\/\/schema.org","@graph":[{"@type":"WebPage","@id":"https:\/\/veritasinfo.org\/?p=29968","url":"https:\/\/veritasinfo.org\/?p=29968","name":"KQZ nuk miraton shpalljen e rezultatit t\u00eb zgjedhjeve p\u00ebr List\u00ebn Serbe -","isPartOf":{"@id":"https:\/\/veritasinfo.org\/#website"},"primaryImageOfPage":{"@id":"https:\/\/veritasinfo.org\/?p=29968#primaryimage"},"image":{"@id":"https:\/\/veritasinfo.org\/?p=29968#primaryimage"},"thumbnailUrl":"https:\/\/veritasinfo.org\/wp-content\/uploads\/2026\/01\/kqz.png","datePublished":"2026-01-31T11:06:08+00:00","author":{"@id":"https:\/\/veritasinfo.org\/#\/schema\/person\/bc442336e35414d04494ab8fb45db4c6"},"breadcrumb":{"@id":"https:\/\/veritasinfo.org\/?p=29968#breadcrumb"},"inLanguage":"en-US","potentialAction":[{"@type":"ReadAction","target":["https:\/\/veritasinfo.org\/?p=29968"]}]},{"@type":"ImageObject","inLanguage":"en-US","@id":"https:\/\/veritasinfo.org\/?p=29968#primaryimage","url":"https:\/\/veritasinfo.org\/wp-content\/uploads\/2026\/01\/kqz.png","contentUrl":"https:\/\/veritasinfo.org\/wp-content\/uploads\/2026\/01\/kqz.png","width":988,"height":479},{"@type":"BreadcrumbList","@id":"https:\/\/veritasinfo.org\/?p=29968#breadcrumb","itemListElement":[{"@type":"ListItem","position":1,"name":"Home","item":"https:\/\/veritasinfo.org\/"},{"@type":"ListItem","position":2,"name":"KQZ nuk miraton shpalljen e rezultatit t\u00eb zgjedhjeve p\u00ebr List\u00ebn Serbe"}]},{"@type":"WebSite","@id":"https:\/\/veritasinfo.org\/#website","url":"https:\/\/veritasinfo.org\/","name":"","description":"","potentialAction":[{"@type":"SearchAction","target":{"@type":"EntryPoint","urlTemplate":"https:\/\/veritasinfo.org\/?s={search_term_string}"},"query-input":{"@type":"PropertyValueSpecification","valueRequired":true,"valueName":"search_term_string"}}],"inLanguage":"en-US"},{"@type":"Person","@id":"https:\/\/veritasinfo.org\/#\/schema\/person\/bc442336e35414d04494ab8fb45db4c6","name":"US5","image":{"@type":"ImageObject","inLanguage":"en-US","@id":"https:\/\/veritasinfo.org\/#\/schema\/person\/image\/","url":"https:\/\/secure.gravatar.com\/avatar\/16a61e7272a0c5d001121ebb9e60e925d5816e4ac1e443ed3e640d9a6ae55d0c?s=96&d=mm&r=g","contentUrl":"https:\/\/secure.gravatar.com\/avatar\/16a61e7272a0c5d001121ebb9e60e925d5816e4ac1e443ed3e640d9a6ae55d0c?s=96&d=mm&r=g","caption":"US5"},"url":"https:\/\/veritasinfo.org\/?author=6"}]}},"featured_image_urls":{"full":["https:\/\/veritasinfo.org\/wp-content\/uploads\/2026\/01\/kqz.png",988,479,false],"thumbnail":["https:\/\/veritasinfo.org\/wp-content\/uploads\/2026\/01\/kqz-150x150.png",150,150,true],"medium":["https:\/\/veritasinfo.org\/wp-content\/uploads\/2026\/01\/kqz-300x145.png",300,145,true],"medium_large":["https:\/\/veritasinfo.org\/wp-content\/uploads\/2026\/01\/kqz-768x372.png",640,310,true],"large":["https:\/\/veritasinfo.org\/wp-content\/uploads\/2026\/01\/kqz.png",640,310,false],"1536x1536":["https:\/\/veritasinfo.org\/wp-content\/uploads\/2026\/01\/kqz.png",988,479,false],"2048x2048":["https:\/\/veritasinfo.org\/wp-content\/uploads\/2026\/01\/kqz.png",988,479,false],"kreeti-slider-full":["https:\/\/veritasinfo.org\/wp-content\/uploads\/2026\/01\/kqz.png",988,479,false],"kreeti-featured":["https:\/\/veritasinfo.org\/wp-content\/uploads\/2026\/01\/kqz.png",988,479,false],"kreeti-medium":["https:\/\/veritasinfo.org\/wp-content\/uploads\/2026\/01\/kqz.png",720,349,false],"kreeti-medium-square":["https:\/\/veritasinfo.org\/wp-content\/uploads\/2026\/01\/kqz.png",350,170,false]},"author_info":{"info":["US5"]},"category_info":"<a href=\"https:\/\/veritasinfo.org\/?cat=8\" rel=\"category\">Zgjedhjet parlamentare 2025<\/a>","tag_info":"Zgjedhjet parlamentare 2025","comment_count":"0","_links":{"self":[{"href":"https:\/\/veritasinfo.org\/index.php?rest_route=\/wp\/v2\/posts\/29968","targetHints":{"allow":["GET"]}}],"collection":[{"href":"https:\/\/veritasinfo.org\/index.php?rest_route=\/wp\/v2\/posts"}],"about":[{"href":"https:\/\/veritasinfo.org\/index.php?rest_route=\/wp\/v2\/types\/post"}],"author":[{"embeddable":true,"href":"https:\/\/veritasinfo.org\/index.php?rest_route=\/wp\/v2\/users\/6"}],"replies":[{"embeddable":true,"href":"https:\/\/veritasinfo.org\/index.php?rest_route=%2Fwp%2Fv2%2Fcomments&post=29968"}],"version-history":[{"count":1,"href":"https:\/\/veritasinfo.org\/index.php?rest_route=\/wp\/v2\/posts\/29968\/revisions"}],"predecessor-version":[{"id":29970,"href":"https:\/\/veritasinfo.org\/index.php?rest_route=\/wp\/v2\/posts\/29968\/revisions\/29970"}],"wp:featuredmedia":[{"embeddable":true,"href":"https:\/\/veritasinfo.org\/index.php?rest_route=\/wp\/v2\/media\/29969"}],"wp:attachment":[{"href":"https:\/\/veritasinfo.org\/index.php?rest_route=%2Fwp%2Fv2%2Fmedia&parent=29968"}],"wp:term":[{"taxonomy":"category","embeddable":true,"href":"https:\/\/veritasinfo.org\/index.php?rest_route=%2Fwp%2Fv2%2Fcategories&post=29968"},{"taxonomy":"post_tag","embeddable":true,"href":"https:\/\/veritasinfo.org\/index.php?rest_route=%2Fwp%2Fv2%2Ftags&post=29968"}],"curies":[{"name":"wp","href":"https:\/\/api.w.org\/{rel}","templated":true}]}}