{"id":29963,"date":"2026-01-31T11:17:16","date_gmt":"2026-01-31T10:17:16","guid":{"rendered":"https:\/\/veritasinfo.org\/?p=29963"},"modified":"2026-01-31T11:17:16","modified_gmt":"2026-01-31T10:17:16","slug":"renia-e-tyre-i-dha-hov-uck-se-kurti-nderon-pajazitin-me-bashkeluftetare","status":"publish","type":"post","link":"https:\/\/veritasinfo.org\/?p=29963","title":{"rendered":"R\u00ebnia e tyre i dha hov U\u00c7K-s\u00eb\u201d, Kurti nderon Pajazitin me bashk\u00ebluft\u00ebtar\u00eb"},"content":{"rendered":"<p>Pri\u0161tina, 31. januar 2026 11:16<\/p>\n<p>Kryeministri n\u00eb detyr\u00eb Albin Kurti, s\u00eb bashku me presidenten Vjosa Osmani, koleg\u00eb nga qeveria dhe Kuvendi,  ka b\u00ebr\u00eb homazhe sot te p\u00ebrmendorja e Zahir Pajazitit, n\u00eb sheshin q\u00eb mban emrin e tij, me rastin e 29-vjetorit t\u00eb r\u00ebnies s\u00eb Pajazitit, Hakif Zejnullahut dhe Edmond Hoxh\u00ebs.<\/p>\n<p>N\u00eb fjalimin e tij, Kurti p\u00ebrmendi sakrific\u00ebn e tyre, luft\u00ebn e palodhur dhe ndikimin e jasht\u00ebzakonsh\u00ebm q\u00eb kan\u00eb pasur n\u00eb forcimin e vet\u00ebbesimit popullor dhe n\u00eb rritjen e radh\u00ebve t\u00eb U\u00c7K-se.<\/p>\n<p>\u201cBashk\u00eb me presidenten e Kosov\u00ebs dhe me n\u00ebnkryetaren e Kuvendit dhe me koleg\u00eb nga qeveria e Kuvendi, e me aktivist\u00eb nga l\u00ebvizja, me veprimtar\u00eb t\u00eb \u00e7\u00ebshtjes komb\u00ebtare, me luft\u00ebtar\u00eb e ish-t\u00eb burgosur politik\u00eb, vendos\u00ebm sot lule t\u00eb fresk\u00ebta k\u00ebtu te p\u00ebrmendorja e Zahir Pajazitit n\u00eb kryeqytet, n\u00eb sheshin q\u00eb mban emrin e tij. Zahir Pajaziti kishte veprimtari t\u00eb dendur si pak kush tjet\u00ebr. Ai ishte nj\u00eb luft\u00ebtar i pajepur t\u00ebr\u00eb jet\u00ebn dhe nj\u00ebkoh\u00ebsisht nj\u00eb guerilas me aksione fort t\u00eb suksesshme. Bashk\u00eb me Hakif Zejnullahun dhe Edmond Hoxh\u00ebn, n\u00eb janarin e vitit 1997, u vran\u00eb nga pusia e forcave serbe p\u00ebr shkak se nuk ishte edhe e mundshme ndryshe. Aq shum\u00eb ishin tmerruar forcat armike t\u00eb Serbis\u00eb nga Zahir Pajaziti, sa q\u00eb vet\u00ebm kurthi, pusia, prita, mund t\u2019i jepte shans forcave okupatore q\u00eb ta eliminonin Zahir Pajazitin. R\u00ebnia e tyre i dha nj\u00eb hov t\u00eb jasht\u00ebzakonsh\u00ebm edhe vet\u00ebbesimit popullor, por gjithashtu edhe shtimit t\u00eb radh\u00ebve t\u00eb Ushtris\u00eb \u00c7lirimtare t\u00eb Kosov\u00ebs. Ashtu si\u00e7 nuk mund ta m\u00ebsojm\u00eb e kuptojm\u00eb historin\u00eb ton\u00eb m\u00eb t\u00eb re pa Ushtrin\u00eb \u00c7lirimtare t\u00eb Kosov\u00ebs, ngjash\u00ebm nuk mund ta kuptojm\u00eb e m\u00ebsojm\u00eb edhe Ushtrin\u00eb \u00c7lirimtare t\u00eb Kosov\u00ebs pa figur\u00ebn e jasht\u00ebzakonshme t\u00eb komandantit Zahir Pajaziti\u201d, tha mes tjerash Kurti.<\/p>\n","protected":false},"excerpt":{"rendered":"<p>Pri\u0161tina, 31. januar 2026 11:16 Kryeministri n\u00eb detyr\u00eb Albin Kurti, s\u00eb bashku me presidenten Vjosa Osmani, koleg\u00eb nga qeveria dhe Kuvendi, ka b\u00ebr\u00eb homazhe sot<\/p>\n","protected":false},"author":6,"featured_media":29964,"comment_status":"open","ping_status":"open","sticky":false,"template":"","format":"standard","meta":{"footnotes":""},"categories":[60],"tags":[],"class_list":["post-29963","post","type-post","status-publish","format-standard","has-post-thumbnail","hentry","category-shoqerore-sq"],"yoast_head":"<!-- This site is optimized with the Yoast SEO plugin v25.3.1 - https:\/\/yoast.com\/wordpress\/plugins\/seo\/ -->\n<title>R\u00ebnia e tyre i dha hov U\u00c7K-s\u00eb\u201d, Kurti nderon Pajazitin me bashk\u00ebluft\u00ebtar\u00eb -<\/title>\n<meta name=\"robots\" content=\"index, follow, max-snippet:-1, max-image-preview:large, max-video-preview:-1\" \/>\n<link rel=\"canonical\" href=\"https:\/\/veritasinfo.org\/?p=29963\" \/>\n<meta property=\"og:locale\" content=\"en_US\" \/>\n<meta property=\"og:type\" content=\"article\" \/>\n<meta property=\"og:title\" content=\"R\u00ebnia e tyre i dha hov U\u00c7K-s\u00eb\u201d, Kurti nderon Pajazitin me bashk\u00ebluft\u00ebtar\u00eb -\" \/>\n<meta property=\"og:description\" content=\"Pri\u0161tina, 31. januar 2026 11:16 Kryeministri n\u00eb detyr\u00eb Albin Kurti, s\u00eb bashku me presidenten Vjosa Osmani, koleg\u00eb nga qeveria dhe Kuvendi, ka b\u00ebr\u00eb homazhe sot\" \/>\n<meta property=\"og:url\" content=\"https:\/\/veritasinfo.org\/?p=29963\" \/>\n<meta property=\"article:published_time\" content=\"2026-01-31T10:17:16+00:00\" \/>\n<meta property=\"og:image\" content=\"https:\/\/veritasinfo.org\/wp-content\/uploads\/2026\/01\/KURTI-3.jpg\" \/>\n\t<meta property=\"og:image:width\" content=\"910\" \/>\n\t<meta property=\"og:image:height\" content=\"757\" \/>\n\t<meta property=\"og:image:type\" content=\"image\/jpeg\" \/>\n<meta name=\"author\" content=\"US5\" \/>\n<meta name=\"twitter:card\" content=\"summary_large_image\" \/>\n<meta name=\"twitter:label1\" content=\"Written by\" \/>\n\t<meta name=\"twitter:data1\" content=\"US5\" \/>\n\t<meta name=\"twitter:label2\" content=\"Est. reading time\" \/>\n\t<meta name=\"twitter:data2\" content=\"1 minute\" \/>\n<script type=\"application\/ld+json\" class=\"yoast-schema-graph\">{\"@context\":\"https:\/\/schema.org\",\"@graph\":[{\"@type\":\"WebPage\",\"@id\":\"https:\/\/veritasinfo.org\/?p=29963\",\"url\":\"https:\/\/veritasinfo.org\/?p=29963\",\"name\":\"R\u00ebnia e tyre i dha hov U\u00c7K-s\u00eb\u201d, Kurti nderon Pajazitin me bashk\u00ebluft\u00ebtar\u00eb -\",\"isPartOf\":{\"@id\":\"https:\/\/veritasinfo.org\/#website\"},\"primaryImageOfPage\":{\"@id\":\"https:\/\/veritasinfo.org\/?p=29963#primaryimage\"},\"image\":{\"@id\":\"https:\/\/veritasinfo.org\/?p=29963#primaryimage\"},\"thumbnailUrl\":\"https:\/\/veritasinfo.org\/wp-content\/uploads\/2026\/01\/KURTI-3.jpg\",\"datePublished\":\"2026-01-31T10:17:16+00:00\",\"author\":{\"@id\":\"https:\/\/veritasinfo.org\/#\/schema\/person\/bc442336e35414d04494ab8fb45db4c6\"},\"breadcrumb\":{\"@id\":\"https:\/\/veritasinfo.org\/?p=29963#breadcrumb\"},\"inLanguage\":\"en-US\",\"potentialAction\":[{\"@type\":\"ReadAction\",\"target\":[\"https:\/\/veritasinfo.org\/?p=29963\"]}]},{\"@type\":\"ImageObject\",\"inLanguage\":\"en-US\",\"@id\":\"https:\/\/veritasinfo.org\/?p=29963#primaryimage\",\"url\":\"https:\/\/veritasinfo.org\/wp-content\/uploads\/2026\/01\/KURTI-3.jpg\",\"contentUrl\":\"https:\/\/veritasinfo.org\/wp-content\/uploads\/2026\/01\/KURTI-3.jpg\",\"width\":910,\"height\":757},{\"@type\":\"BreadcrumbList\",\"@id\":\"https:\/\/veritasinfo.org\/?p=29963#breadcrumb\",\"itemListElement\":[{\"@type\":\"ListItem\",\"position\":1,\"name\":\"Home\",\"item\":\"https:\/\/veritasinfo.org\/\"},{\"@type\":\"ListItem\",\"position\":2,\"name\":\"R\u00ebnia e tyre i dha hov U\u00c7K-s\u00eb\u201d, Kurti nderon Pajazitin me bashk\u00ebluft\u00ebtar\u00eb\"}]},{\"@type\":\"WebSite\",\"@id\":\"https:\/\/veritasinfo.org\/#website\",\"url\":\"https:\/\/veritasinfo.org\/\",\"name\":\"\",\"description\":\"\",\"potentialAction\":[{\"@type\":\"SearchAction\",\"target\":{\"@type\":\"EntryPoint\",\"urlTemplate\":\"https:\/\/veritasinfo.org\/?s={search_term_string}\"},\"query-input\":{\"@type\":\"PropertyValueSpecification\",\"valueRequired\":true,\"valueName\":\"search_term_string\"}}],\"inLanguage\":\"en-US\"},{\"@type\":\"Person\",\"@id\":\"https:\/\/veritasinfo.org\/#\/schema\/person\/bc442336e35414d04494ab8fb45db4c6\",\"name\":\"US5\",\"image\":{\"@type\":\"ImageObject\",\"inLanguage\":\"en-US\",\"@id\":\"https:\/\/veritasinfo.org\/#\/schema\/person\/image\/\",\"url\":\"https:\/\/secure.gravatar.com\/avatar\/16a61e7272a0c5d001121ebb9e60e925d5816e4ac1e443ed3e640d9a6ae55d0c?s=96&d=mm&r=g\",\"contentUrl\":\"https:\/\/secure.gravatar.com\/avatar\/16a61e7272a0c5d001121ebb9e60e925d5816e4ac1e443ed3e640d9a6ae55d0c?s=96&d=mm&r=g\",\"caption\":\"US5\"},\"url\":\"https:\/\/veritasinfo.org\/?author=6\"}]}<\/script>\n<!-- \/ Yoast SEO plugin. -->","yoast_head_json":{"title":"R\u00ebnia e tyre i dha hov U\u00c7K-s\u00eb\u201d, Kurti nderon Pajazitin me bashk\u00ebluft\u00ebtar\u00eb -","robots":{"index":"index","follow":"follow","max-snippet":"max-snippet:-1","max-image-preview":"max-image-preview:large","max-video-preview":"max-video-preview:-1"},"canonical":"https:\/\/veritasinfo.org\/?p=29963","og_locale":"en_US","og_type":"article","og_title":"R\u00ebnia e tyre i dha hov U\u00c7K-s\u00eb\u201d, Kurti nderon Pajazitin me bashk\u00ebluft\u00ebtar\u00eb -","og_description":"Pri\u0161tina, 31. januar 2026 11:16 Kryeministri n\u00eb detyr\u00eb Albin Kurti, s\u00eb bashku me presidenten Vjosa Osmani, koleg\u00eb nga qeveria dhe Kuvendi, ka b\u00ebr\u00eb homazhe sot","og_url":"https:\/\/veritasinfo.org\/?p=29963","article_published_time":"2026-01-31T10:17:16+00:00","og_image":[{"width":910,"height":757,"url":"https:\/\/veritasinfo.org\/wp-content\/uploads\/2026\/01\/KURTI-3.jpg","type":"image\/jpeg"}],"author":"US5","twitter_card":"summary_large_image","twitter_misc":{"Written by":"US5","Est. reading time":"1 minute"},"schema":{"@context":"https:\/\/schema.org","@graph":[{"@type":"WebPage","@id":"https:\/\/veritasinfo.org\/?p=29963","url":"https:\/\/veritasinfo.org\/?p=29963","name":"R\u00ebnia e tyre i dha hov U\u00c7K-s\u00eb\u201d, Kurti nderon Pajazitin me bashk\u00ebluft\u00ebtar\u00eb -","isPartOf":{"@id":"https:\/\/veritasinfo.org\/#website"},"primaryImageOfPage":{"@id":"https:\/\/veritasinfo.org\/?p=29963#primaryimage"},"image":{"@id":"https:\/\/veritasinfo.org\/?p=29963#primaryimage"},"thumbnailUrl":"https:\/\/veritasinfo.org\/wp-content\/uploads\/2026\/01\/KURTI-3.jpg","datePublished":"2026-01-31T10:17:16+00:00","author":{"@id":"https:\/\/veritasinfo.org\/#\/schema\/person\/bc442336e35414d04494ab8fb45db4c6"},"breadcrumb":{"@id":"https:\/\/veritasinfo.org\/?p=29963#breadcrumb"},"inLanguage":"en-US","potentialAction":[{"@type":"ReadAction","target":["https:\/\/veritasinfo.org\/?p=29963"]}]},{"@type":"ImageObject","inLanguage":"en-US","@id":"https:\/\/veritasinfo.org\/?p=29963#primaryimage","url":"https:\/\/veritasinfo.org\/wp-content\/uploads\/2026\/01\/KURTI-3.jpg","contentUrl":"https:\/\/veritasinfo.org\/wp-content\/uploads\/2026\/01\/KURTI-3.jpg","width":910,"height":757},{"@type":"BreadcrumbList","@id":"https:\/\/veritasinfo.org\/?p=29963#breadcrumb","itemListElement":[{"@type":"ListItem","position":1,"name":"Home","item":"https:\/\/veritasinfo.org\/"},{"@type":"ListItem","position":2,"name":"R\u00ebnia e tyre i dha hov U\u00c7K-s\u00eb\u201d, Kurti nderon Pajazitin me bashk\u00ebluft\u00ebtar\u00eb"}]},{"@type":"WebSite","@id":"https:\/\/veritasinfo.org\/#website","url":"https:\/\/veritasinfo.org\/","name":"","description":"","potentialAction":[{"@type":"SearchAction","target":{"@type":"EntryPoint","urlTemplate":"https:\/\/veritasinfo.org\/?s={search_term_string}"},"query-input":{"@type":"PropertyValueSpecification","valueRequired":true,"valueName":"search_term_string"}}],"inLanguage":"en-US"},{"@type":"Person","@id":"https:\/\/veritasinfo.org\/#\/schema\/person\/bc442336e35414d04494ab8fb45db4c6","name":"US5","image":{"@type":"ImageObject","inLanguage":"en-US","@id":"https:\/\/veritasinfo.org\/#\/schema\/person\/image\/","url":"https:\/\/secure.gravatar.com\/avatar\/16a61e7272a0c5d001121ebb9e60e925d5816e4ac1e443ed3e640d9a6ae55d0c?s=96&d=mm&r=g","contentUrl":"https:\/\/secure.gravatar.com\/avatar\/16a61e7272a0c5d001121ebb9e60e925d5816e4ac1e443ed3e640d9a6ae55d0c?s=96&d=mm&r=g","caption":"US5"},"url":"https:\/\/veritasinfo.org\/?author=6"}]}},"featured_image_urls":{"full":["https:\/\/veritasinfo.org\/wp-content\/uploads\/2026\/01\/KURTI-3.jpg",910,757,false],"thumbnail":["https:\/\/veritasinfo.org\/wp-content\/uploads\/2026\/01\/KURTI-3-150x150.jpg",150,150,true],"medium":["https:\/\/veritasinfo.org\/wp-content\/uploads\/2026\/01\/KURTI-3-300x250.jpg",300,250,true],"medium_large":["https:\/\/veritasinfo.org\/wp-content\/uploads\/2026\/01\/KURTI-3-768x639.jpg",640,533,true],"large":["https:\/\/veritasinfo.org\/wp-content\/uploads\/2026\/01\/KURTI-3.jpg",640,532,false],"1536x1536":["https:\/\/veritasinfo.org\/wp-content\/uploads\/2026\/01\/KURTI-3.jpg",910,757,false],"2048x2048":["https:\/\/veritasinfo.org\/wp-content\/uploads\/2026\/01\/KURTI-3.jpg",910,757,false],"kreeti-slider-full":["https:\/\/veritasinfo.org\/wp-content\/uploads\/2026\/01\/KURTI-3.jpg",866,720,false],"kreeti-featured":["https:\/\/veritasinfo.org\/wp-content\/uploads\/2026\/01\/KURTI-3.jpg",910,757,false],"kreeti-medium":["https:\/\/veritasinfo.org\/wp-content\/uploads\/2026\/01\/KURTI-3.jpg",637,530,false],"kreeti-medium-square":["https:\/\/veritasinfo.org\/wp-content\/uploads\/2026\/01\/KURTI-3.jpg",350,291,false]},"author_info":{"info":["US5"]},"category_info":"<a href=\"https:\/\/veritasinfo.org\/?cat=60\" rel=\"category\">Shoq\u00ebrore<\/a>","tag_info":"Shoq\u00ebrore","comment_count":"0","_links":{"self":[{"href":"https:\/\/veritasinfo.org\/index.php?rest_route=\/wp\/v2\/posts\/29963","targetHints":{"allow":["GET"]}}],"collection":[{"href":"https:\/\/veritasinfo.org\/index.php?rest_route=\/wp\/v2\/posts"}],"about":[{"href":"https:\/\/veritasinfo.org\/index.php?rest_route=\/wp\/v2\/types\/post"}],"author":[{"embeddable":true,"href":"https:\/\/veritasinfo.org\/index.php?rest_route=\/wp\/v2\/users\/6"}],"replies":[{"embeddable":true,"href":"https:\/\/veritasinfo.org\/index.php?rest_route=%2Fwp%2Fv2%2Fcomments&post=29963"}],"version-history":[{"count":1,"href":"https:\/\/veritasinfo.org\/index.php?rest_route=\/wp\/v2\/posts\/29963\/revisions"}],"predecessor-version":[{"id":29965,"href":"https:\/\/veritasinfo.org\/index.php?rest_route=\/wp\/v2\/posts\/29963\/revisions\/29965"}],"wp:featuredmedia":[{"embeddable":true,"href":"https:\/\/veritasinfo.org\/index.php?rest_route=\/wp\/v2\/media\/29964"}],"wp:attachment":[{"href":"https:\/\/veritasinfo.org\/index.php?rest_route=%2Fwp%2Fv2%2Fmedia&parent=29963"}],"wp:term":[{"taxonomy":"category","embeddable":true,"href":"https:\/\/veritasinfo.org\/index.php?rest_route=%2Fwp%2Fv2%2Fcategories&post=29963"},{"taxonomy":"post_tag","embeddable":true,"href":"https:\/\/veritasinfo.org\/index.php?rest_route=%2Fwp%2Fv2%2Ftags&post=29963"}],"curies":[{"name":"wp","href":"https:\/\/api.w.org\/{rel}","templated":true}]}}