{"id":29879,"date":"2026-01-30T18:12:23","date_gmt":"2026-01-30T17:12:23","guid":{"rendered":"https:\/\/veritasinfo.org\/?p=29879"},"modified":"2026-01-30T18:12:23","modified_gmt":"2026-01-30T17:12:23","slug":"skupstine-opstina-na-severu-ponovo-glasaju-za-povlacenje-iz-zajednice-kosovskih-opstina","status":"publish","type":"post","link":"https:\/\/veritasinfo.org\/?p=29879&lang=sr","title":{"rendered":"Skup\u0161tine op\u0161tina na severu ponovo glasaju za povla\u010denje iz Zajednice kosovskih op\u0161tina"},"content":{"rendered":"<p>Pri\u0161tina, 30. januar 2026. 18:03<\/p>\n<p>Op\u0161tine sa vec\u0301inskom srpskom zajednicom na severu Kosova \u2013 Severna Mitrovica, Leposavic\u0301 i Zubin Potok \u2013 glasale su u petak za povla\u010denje iz Zajednice kosovskih op\u0161tina, jer \u017eele da budu deo posebnog udru\u017eenja op\u0161tina sa vec\u0301inskom srpskom zajednicom u zemlji.<\/p>\n<p>Ovo je drugi put da su glasale za to, nakon glasanja 18. decembra pro\u0161le godine.<\/p>\n<p>Me\u0111utim, decembarsko glasanje je proglasio nezakonitim vr\u0161ilac du\u017enosti ministra za lokalnu samoupravu, Eljbert Krasnic\u0301i, zbog proceduralnih nepravilnosti, jer su, izme\u0111u ostalog, predlog podneli gradona\u010delnici op\u0161tina.<\/p>\n<p>\u201eOva praksa je u suprotnosti sa Zakonom o lokalnoj samoupravi (\u010dlan 47.2), koji predvi\u0111a da samo poslanici imaju pravo da zahtevaju dodavanje ta\u010daka na dnevni red tokom sednice, i to samo za hitna pitanja od javnog zna\u010daja\u201c, napisao je Krasnic\u0301i na Fejsbuku nakon decembarskog glasanja.<\/p>\n<p>Kritikovao je Srpsku listu zbog cilja da \u201epodsti\u010de podele izme\u0111u zajednica, nesloge, nepoverenja i tenzije, pokazujuc\u0301i nedostatak spremnosti za saradnju sa drugim op\u0161tinama unutar Zajednice\u201c.<\/p>\n<p>Nova odluka od petka mora biti poslata Ministarstvu za lokalnu samoupravu na odobrenje, jer je to glavno nadzorno telo za op\u0161tine.<\/p>\n<p>Severnu Mitrovicu, Leposavic\u0301, Zve\u010dan i Zubin Potok vodili su albanski gradona\u010delnici od maja 2023. do izbora u oktobru 2025. godine, nakon \u0161to su predstavnici Srpske liste podneli ostavke u novembru 2022. godine, kao deo zajedni\u010dke inicijative Srba da napuste kosovske institucije u znak protesta protiv odluka kosovske vlade.<\/p>\n<p>Pod vo\u0111stvom albanskih gradona\u010delnika, ove op\u0161tine su se pridru\u017eile Zajednici kosovskih op\u0161tina leta 2023. godine.<\/p>\n<p>Ova zajednica deluje kao nevladina organizacija sa ciljem razmene iskustava i za\u0161tite interesa svojih \u010dlanova.<\/p>\n<p>Srpska lista se u to vreme protivila \u010dlanstvu op\u0161tina sa srpskom vec\u0301inom u njoj, ocenjujuc\u0301i da odluka nije doneta \u201eu interesu gra\u0111ana i da je nezakonita\u201c.<\/p>\n<p>Tada je reagovao i predsednik Srbije Aleksandar Vu\u010dic\u0301, oceniv\u0161i da op\u0161tine sa srpskom vec\u0301inom treba da budu deo zajednice op\u0161tina sa srpskom vec\u0301inom, o \u010dijem su se osnivanju Kosovo i Srbija vi\u0161e puta dogovorili tokom dijaloga pod posredovanjem Evropske unije.<\/p>\n<p>Kosovo nije preduzelo korake za osnivanje ove zajednice, uprkos pritisku me\u0111unarodne zajednice.<\/p>\n<p>&nbsp;<\/p>\n","protected":false},"excerpt":{"rendered":"<p>Pri\u0161tina, 30. januar 2026. 18:03 Op\u0161tine sa vec\u0301inskom srpskom zajednicom na severu Kosova \u2013 Severna Mitrovica, Leposavic\u0301 i Zubin Potok \u2013 glasale su u petak<\/p>\n","protected":false},"author":7,"featured_media":29870,"comment_status":"open","ping_status":"open","sticky":false,"template":"","format":"standard","meta":{"footnotes":""},"categories":[32],"tags":[],"class_list":["post-29879","post","type-post","status-publish","format-standard","has-post-thumbnail","hentry","category-opstine"],"yoast_head":"<!-- This site is optimized with the Yoast SEO plugin v25.3.1 - https:\/\/yoast.com\/wordpress\/plugins\/seo\/ -->\n<title>Skup\u0161tine op\u0161tina na severu ponovo glasaju za povla\u010denje iz Zajednice kosovskih op\u0161tina -<\/title>\n<meta name=\"robots\" content=\"index, follow, max-snippet:-1, max-image-preview:large, max-video-preview:-1\" \/>\n<link rel=\"canonical\" href=\"https:\/\/veritasinfo.org\/?p=29879&lang=sr\" \/>\n<meta property=\"og:locale\" content=\"en_US\" \/>\n<meta property=\"og:type\" content=\"article\" \/>\n<meta property=\"og:title\" content=\"Skup\u0161tine op\u0161tina na severu ponovo glasaju za povla\u010denje iz Zajednice kosovskih op\u0161tina -\" \/>\n<meta property=\"og:description\" content=\"Pri\u0161tina, 30. januar 2026. 18:03 Op\u0161tine sa vec\u0301inskom srpskom zajednicom na severu Kosova \u2013 Severna Mitrovica, Leposavic\u0301 i Zubin Potok \u2013 glasale su u petak\" \/>\n<meta property=\"og:url\" content=\"https:\/\/veritasinfo.org\/?p=29879&amp;lang=sr\" \/>\n<meta property=\"article:published_time\" content=\"2026-01-30T17:12:23+00:00\" \/>\n<meta property=\"og:image\" content=\"https:\/\/veritasinfo.org\/wp-content\/uploads\/2026\/01\/1-88.jpg\" \/>\n\t<meta property=\"og:image:width\" content=\"779\" \/>\n\t<meta property=\"og:image:height\" content=\"502\" \/>\n\t<meta property=\"og:image:type\" content=\"image\/jpeg\" \/>\n<meta name=\"author\" content=\"US6\" \/>\n<meta name=\"twitter:card\" content=\"summary_large_image\" \/>\n<meta name=\"twitter:label1\" content=\"Written by\" \/>\n\t<meta name=\"twitter:data1\" content=\"US6\" \/>\n\t<meta name=\"twitter:label2\" content=\"Est. reading time\" \/>\n\t<meta name=\"twitter:data2\" content=\"2 minutes\" \/>\n<script type=\"application\/ld+json\" class=\"yoast-schema-graph\">{\"@context\":\"https:\/\/schema.org\",\"@graph\":[{\"@type\":\"WebPage\",\"@id\":\"https:\/\/veritasinfo.org\/?p=29879&lang=sr\",\"url\":\"https:\/\/veritasinfo.org\/?p=29879&lang=sr\",\"name\":\"Skup\u0161tine op\u0161tina na severu ponovo glasaju za povla\u010denje iz Zajednice kosovskih op\u0161tina -\",\"isPartOf\":{\"@id\":\"https:\/\/veritasinfo.org\/#website\"},\"primaryImageOfPage\":{\"@id\":\"https:\/\/veritasinfo.org\/?p=29879&lang=sr#primaryimage\"},\"image\":{\"@id\":\"https:\/\/veritasinfo.org\/?p=29879&lang=sr#primaryimage\"},\"thumbnailUrl\":\"https:\/\/veritasinfo.org\/wp-content\/uploads\/2026\/01\/1-88.jpg\",\"datePublished\":\"2026-01-30T17:12:23+00:00\",\"author\":{\"@id\":\"https:\/\/veritasinfo.org\/#\/schema\/person\/fe199eede04c3937362892b7444747cc\"},\"breadcrumb\":{\"@id\":\"https:\/\/veritasinfo.org\/?p=29879&lang=sr#breadcrumb\"},\"inLanguage\":\"en-US\",\"potentialAction\":[{\"@type\":\"ReadAction\",\"target\":[\"https:\/\/veritasinfo.org\/?p=29879&lang=sr\"]}]},{\"@type\":\"ImageObject\",\"inLanguage\":\"en-US\",\"@id\":\"https:\/\/veritasinfo.org\/?p=29879&lang=sr#primaryimage\",\"url\":\"https:\/\/veritasinfo.org\/wp-content\/uploads\/2026\/01\/1-88.jpg\",\"contentUrl\":\"https:\/\/veritasinfo.org\/wp-content\/uploads\/2026\/01\/1-88.jpg\",\"width\":779,\"height\":502},{\"@type\":\"BreadcrumbList\",\"@id\":\"https:\/\/veritasinfo.org\/?p=29879&lang=sr#breadcrumb\",\"itemListElement\":[{\"@type\":\"ListItem\",\"position\":1,\"name\":\"Home\",\"item\":\"https:\/\/veritasinfo.org\/\"},{\"@type\":\"ListItem\",\"position\":2,\"name\":\"Skup\u0161tine op\u0161tina na severu ponovo glasaju za povla\u010denje iz Zajednice kosovskih op\u0161tina\"}]},{\"@type\":\"WebSite\",\"@id\":\"https:\/\/veritasinfo.org\/#website\",\"url\":\"https:\/\/veritasinfo.org\/\",\"name\":\"\",\"description\":\"\",\"potentialAction\":[{\"@type\":\"SearchAction\",\"target\":{\"@type\":\"EntryPoint\",\"urlTemplate\":\"https:\/\/veritasinfo.org\/?s={search_term_string}\"},\"query-input\":{\"@type\":\"PropertyValueSpecification\",\"valueRequired\":true,\"valueName\":\"search_term_string\"}}],\"inLanguage\":\"en-US\"},{\"@type\":\"Person\",\"@id\":\"https:\/\/veritasinfo.org\/#\/schema\/person\/fe199eede04c3937362892b7444747cc\",\"name\":\"US6\",\"image\":{\"@type\":\"ImageObject\",\"inLanguage\":\"en-US\",\"@id\":\"https:\/\/veritasinfo.org\/#\/schema\/person\/image\/\",\"url\":\"https:\/\/secure.gravatar.com\/avatar\/cb16c3c31c9d23b9b8c705964598220b3014e42ff51eb540ff23cefa3ae8c15f?s=96&d=mm&r=g\",\"contentUrl\":\"https:\/\/secure.gravatar.com\/avatar\/cb16c3c31c9d23b9b8c705964598220b3014e42ff51eb540ff23cefa3ae8c15f?s=96&d=mm&r=g\",\"caption\":\"US6\"},\"url\":\"https:\/\/veritasinfo.org\/?author=7\"}]}<\/script>\n<!-- \/ Yoast SEO plugin. -->","yoast_head_json":{"title":"Skup\u0161tine op\u0161tina na severu ponovo glasaju za povla\u010denje iz Zajednice kosovskih op\u0161tina -","robots":{"index":"index","follow":"follow","max-snippet":"max-snippet:-1","max-image-preview":"max-image-preview:large","max-video-preview":"max-video-preview:-1"},"canonical":"https:\/\/veritasinfo.org\/?p=29879&lang=sr","og_locale":"en_US","og_type":"article","og_title":"Skup\u0161tine op\u0161tina na severu ponovo glasaju za povla\u010denje iz Zajednice kosovskih op\u0161tina -","og_description":"Pri\u0161tina, 30. januar 2026. 18:03 Op\u0161tine sa vec\u0301inskom srpskom zajednicom na severu Kosova \u2013 Severna Mitrovica, Leposavic\u0301 i Zubin Potok \u2013 glasale su u petak","og_url":"https:\/\/veritasinfo.org\/?p=29879&lang=sr","article_published_time":"2026-01-30T17:12:23+00:00","og_image":[{"width":779,"height":502,"url":"https:\/\/veritasinfo.org\/wp-content\/uploads\/2026\/01\/1-88.jpg","type":"image\/jpeg"}],"author":"US6","twitter_card":"summary_large_image","twitter_misc":{"Written by":"US6","Est. reading time":"2 minutes"},"schema":{"@context":"https:\/\/schema.org","@graph":[{"@type":"WebPage","@id":"https:\/\/veritasinfo.org\/?p=29879&lang=sr","url":"https:\/\/veritasinfo.org\/?p=29879&lang=sr","name":"Skup\u0161tine op\u0161tina na severu ponovo glasaju za povla\u010denje iz Zajednice kosovskih op\u0161tina -","isPartOf":{"@id":"https:\/\/veritasinfo.org\/#website"},"primaryImageOfPage":{"@id":"https:\/\/veritasinfo.org\/?p=29879&lang=sr#primaryimage"},"image":{"@id":"https:\/\/veritasinfo.org\/?p=29879&lang=sr#primaryimage"},"thumbnailUrl":"https:\/\/veritasinfo.org\/wp-content\/uploads\/2026\/01\/1-88.jpg","datePublished":"2026-01-30T17:12:23+00:00","author":{"@id":"https:\/\/veritasinfo.org\/#\/schema\/person\/fe199eede04c3937362892b7444747cc"},"breadcrumb":{"@id":"https:\/\/veritasinfo.org\/?p=29879&lang=sr#breadcrumb"},"inLanguage":"en-US","potentialAction":[{"@type":"ReadAction","target":["https:\/\/veritasinfo.org\/?p=29879&lang=sr"]}]},{"@type":"ImageObject","inLanguage":"en-US","@id":"https:\/\/veritasinfo.org\/?p=29879&lang=sr#primaryimage","url":"https:\/\/veritasinfo.org\/wp-content\/uploads\/2026\/01\/1-88.jpg","contentUrl":"https:\/\/veritasinfo.org\/wp-content\/uploads\/2026\/01\/1-88.jpg","width":779,"height":502},{"@type":"BreadcrumbList","@id":"https:\/\/veritasinfo.org\/?p=29879&lang=sr#breadcrumb","itemListElement":[{"@type":"ListItem","position":1,"name":"Home","item":"https:\/\/veritasinfo.org\/"},{"@type":"ListItem","position":2,"name":"Skup\u0161tine op\u0161tina na severu ponovo glasaju za povla\u010denje iz Zajednice kosovskih op\u0161tina"}]},{"@type":"WebSite","@id":"https:\/\/veritasinfo.org\/#website","url":"https:\/\/veritasinfo.org\/","name":"","description":"","potentialAction":[{"@type":"SearchAction","target":{"@type":"EntryPoint","urlTemplate":"https:\/\/veritasinfo.org\/?s={search_term_string}"},"query-input":{"@type":"PropertyValueSpecification","valueRequired":true,"valueName":"search_term_string"}}],"inLanguage":"en-US"},{"@type":"Person","@id":"https:\/\/veritasinfo.org\/#\/schema\/person\/fe199eede04c3937362892b7444747cc","name":"US6","image":{"@type":"ImageObject","inLanguage":"en-US","@id":"https:\/\/veritasinfo.org\/#\/schema\/person\/image\/","url":"https:\/\/secure.gravatar.com\/avatar\/cb16c3c31c9d23b9b8c705964598220b3014e42ff51eb540ff23cefa3ae8c15f?s=96&d=mm&r=g","contentUrl":"https:\/\/secure.gravatar.com\/avatar\/cb16c3c31c9d23b9b8c705964598220b3014e42ff51eb540ff23cefa3ae8c15f?s=96&d=mm&r=g","caption":"US6"},"url":"https:\/\/veritasinfo.org\/?author=7"}]}},"featured_image_urls":{"full":["https:\/\/veritasinfo.org\/wp-content\/uploads\/2026\/01\/1-88.jpg",779,502,false],"thumbnail":["https:\/\/veritasinfo.org\/wp-content\/uploads\/2026\/01\/1-88-150x150.jpg",150,150,true],"medium":["https:\/\/veritasinfo.org\/wp-content\/uploads\/2026\/01\/1-88-300x193.jpg",300,193,true],"medium_large":["https:\/\/veritasinfo.org\/wp-content\/uploads\/2026\/01\/1-88-768x495.jpg",640,413,true],"large":["https:\/\/veritasinfo.org\/wp-content\/uploads\/2026\/01\/1-88.jpg",640,412,false],"1536x1536":["https:\/\/veritasinfo.org\/wp-content\/uploads\/2026\/01\/1-88.jpg",779,502,false],"2048x2048":["https:\/\/veritasinfo.org\/wp-content\/uploads\/2026\/01\/1-88.jpg",779,502,false],"kreeti-slider-full":["https:\/\/veritasinfo.org\/wp-content\/uploads\/2026\/01\/1-88.jpg",779,502,false],"kreeti-featured":["https:\/\/veritasinfo.org\/wp-content\/uploads\/2026\/01\/1-88.jpg",779,502,false],"kreeti-medium":["https:\/\/veritasinfo.org\/wp-content\/uploads\/2026\/01\/1-88.jpg",720,464,false],"kreeti-medium-square":["https:\/\/veritasinfo.org\/wp-content\/uploads\/2026\/01\/1-88.jpg",350,226,false]},"author_info":{"info":["US6"]},"category_info":"<a href=\"https:\/\/veritasinfo.org\/?cat=32&#038;lang=sr\" rel=\"category\">Op\u0161tine<\/a>","tag_info":"Op\u0161tine","comment_count":"0","_links":{"self":[{"href":"https:\/\/veritasinfo.org\/index.php?rest_route=\/wp\/v2\/posts\/29879","targetHints":{"allow":["GET"]}}],"collection":[{"href":"https:\/\/veritasinfo.org\/index.php?rest_route=\/wp\/v2\/posts"}],"about":[{"href":"https:\/\/veritasinfo.org\/index.php?rest_route=\/wp\/v2\/types\/post"}],"author":[{"embeddable":true,"href":"https:\/\/veritasinfo.org\/index.php?rest_route=\/wp\/v2\/users\/7"}],"replies":[{"embeddable":true,"href":"https:\/\/veritasinfo.org\/index.php?rest_route=%2Fwp%2Fv2%2Fcomments&post=29879"}],"version-history":[{"count":1,"href":"https:\/\/veritasinfo.org\/index.php?rest_route=\/wp\/v2\/posts\/29879\/revisions"}],"predecessor-version":[{"id":29880,"href":"https:\/\/veritasinfo.org\/index.php?rest_route=\/wp\/v2\/posts\/29879\/revisions\/29880"}],"wp:featuredmedia":[{"embeddable":true,"href":"https:\/\/veritasinfo.org\/index.php?rest_route=\/wp\/v2\/media\/29870"}],"wp:attachment":[{"href":"https:\/\/veritasinfo.org\/index.php?rest_route=%2Fwp%2Fv2%2Fmedia&parent=29879"}],"wp:term":[{"taxonomy":"category","embeddable":true,"href":"https:\/\/veritasinfo.org\/index.php?rest_route=%2Fwp%2Fv2%2Fcategories&post=29879"},{"taxonomy":"post_tag","embeddable":true,"href":"https:\/\/veritasinfo.org\/index.php?rest_route=%2Fwp%2Fv2%2Ftags&post=29879"}],"curies":[{"name":"wp","href":"https:\/\/api.w.org\/{rel}","templated":true}]}}