{"id":29877,"date":"2026-01-30T18:10:29","date_gmt":"2026-01-30T17:10:29","guid":{"rendered":"https:\/\/veritasinfo.org\/?p=29877"},"modified":"2026-01-30T18:10:29","modified_gmt":"2026-01-30T17:10:29","slug":"kuvendet-komunale-ne-veri-votojne-serish-per-tu-terhequr-nga-asociacioni-i-komunave-te-kosoves","status":"publish","type":"post","link":"https:\/\/veritasinfo.org\/?p=29877","title":{"rendered":"Kuvendet komunale n\u00eb veri votojn\u00eb s\u00ebrish p\u00ebr t\u2019u t\u00ebrhequr nga Asociacioni i Komunave t\u00eb Kosov\u00ebs"},"content":{"rendered":"<p>Prishtin\u00eb, 30 janar 2026 18:03<\/p>\n<p>Komunat me shumic\u00eb serbe n\u00eb veri t\u00eb Kosov\u00ebs \u2013 Mitrovica e Veriut, Leposaviqi dhe Zubin Potoku \u2013 kan\u00eb votuar p\u00ebr t\u2019u t\u00ebrhequr nga Asociacioni i Komunave t\u00eb Kosov\u00ebs t\u00eb premten, pasi duan t\u00eb jen\u00eb pjes\u00eb e nj\u00eb asociacioni t\u00eb ve\u00e7uar t\u00eb komunave me shumic\u00eb serbe n\u00eb vend.<\/p>\n<p>Kjo \u00ebsht\u00eb hera e dyt\u00eb q\u00eb ato votojn\u00eb p\u00ebr k\u00ebt\u00eb, pas votimit t\u00eb 18 dhjetorit t\u00eb vitit t\u00eb kaluar.<\/p>\n<p>Por, votimi i dhjetorit ishte shpallur i paligjsh\u00ebm nga ministri n\u00eb detyr\u00eb i Administrimit t\u00eb Pushtetit Lokal, Elbert Krasniqi, p\u00ebr shkak t\u00eb parregullsive procedurale, pasi, nd\u00ebr t\u00eb tjera, propozimi ishte b\u00ebr\u00eb nga kryetar\u00ebt e komunave.<\/p>\n<p>\u201cKjo praktik\u00eb bie ndesh me Ligjin p\u00ebr Vet\u00ebqeverisjen Lokale (neni 47.2), i cili p\u00ebrcakton se vet\u00ebm an\u00ebtar\u00ebt e kuvendit kan\u00eb t\u00eb drejt\u00eb t\u00eb k\u00ebrkojn\u00eb shtimin e pikave n\u00eb rendin e dit\u00ebs gjat\u00eb seanc\u00ebs, dhe at\u00eb vet\u00ebm p\u00ebr \u00e7\u00ebshtje urgjente me r\u00ebnd\u00ebsi publike\u201d, kishte shkruar Krasniqi n\u00eb Facebook pas votimit t\u00eb dhjetorit.<\/p>\n<p>Ai e kishte kritikuar List\u00ebn Serbe se me k\u00ebt\u00eb votim po synonte \u201cnxitjen e ndasive nd\u00ebrmjet komuniteteve, p\u00ebr\u00e7arjen, mosbesimin dhe tensionet, duke treguar munges\u00eb gatishm\u00ebrie p\u00ebr t\u00eb bashk\u00ebpunuar me komunat e tjera n\u00eb kuad\u00ebr t\u00eb Asociacionit\u201d.<\/p>\n<p>Vendimi i ri i s\u00eb premtes duhet t\u2019i d\u00ebrgohet Ministris\u00eb s\u00eb Administrimit t\u00eb Pushtetit Lokal p\u00ebr aprovim, pasi ajo \u00ebsht\u00eb organi kryesor mbik\u00ebqyr\u00ebs i komunave.<\/p>\n<p>Mitrovica e Veriut, Leposaviqi, Zve\u00e7ani dhe Zubin Potoku u udh\u00ebhoq\u00ebn nga kryetar\u00eb shqiptar\u00eb nga maji i vitit 2023 deri n\u00eb zgjedhjet e tetorit 2025, pasi p\u00ebrfaq\u00ebsuesit e List\u00ebs Serbe kishin dh\u00ebn\u00eb dor\u00ebheqje n\u00eb n\u00ebntor t\u00eb vitit 2022, si pjes\u00eb e nism\u00ebs s\u00eb p\u00ebrbashk\u00ebt t\u00eb serb\u00ebve p\u00ebr t\u2019i braktisur institucionet e Kosov\u00ebs n\u00eb shenj\u00eb kund\u00ebrshtimi ndaj vendimeve t\u00eb Qeveris\u00eb s\u00eb Kosov\u00ebs.<\/p>\n<p>N\u00ebn udh\u00ebheqjen e kryetar\u00ebve shqiptar\u00eb, k\u00ebto komuna iu bashkuan Asociacionit t\u00eb Komunave t\u00eb Kosov\u00ebs ver\u00ebn e vitit 2023.<\/p>\n<p>Ky asociacion vepron si organizat\u00eb joqeveritare me q\u00ebllim t\u00eb shk\u00ebmbimit t\u00eb p\u00ebrvojave dhe mbrojtjes s\u00eb interesave t\u00eb an\u00ebtareve t\u00eb saj.<\/p>\n<p>Lista Serbe e kishte kund\u00ebrshtuar asokohe an\u00ebtar\u00ebsimin e komunave me shumic\u00eb serbe n\u00eb t\u00eb, duke vler\u00ebsuar se vendimi nuk ishte marr\u00eb \u201cn\u00eb dobi t\u00eb qytetar\u00ebve dhe ishte i paligjsh\u00ebm\u201d.<\/p>\n<p>Asokohe pati reaguar edhe presidenti i Serbis\u00eb, Aleksandar Vu\u00e7iq, duke vler\u00ebsuar se komunat me shumic\u00eb serbe duhet t\u00eb ishin pjes\u00eb e nj\u00eb asociacioni t\u00eb komunave me shumic\u00eb serbe, p\u00ebr themelimin e t\u00eb cilit Kosova dhe Serbia u pajtuan disa her\u00eb gjat\u00eb dialogut t\u00eb tyre n\u00ebn nd\u00ebrmjet\u00ebsimin e Bashkimit Evropian.<\/p>\n<p>Kosova nuk ka b\u00ebr\u00eb hapa p\u00ebr ta themeluar k\u00ebt\u00eb asociacion, me gjith\u00eb trysnin\u00eb nga bashk\u00ebsia nd\u00ebrkomb\u00ebtare.<\/p>\n<p>&nbsp;<\/p>\n","protected":false},"excerpt":{"rendered":"<p>Prishtin\u00eb, 30 janar 2026 18:03 Komunat me shumic\u00eb serbe n\u00eb veri t\u00eb Kosov\u00ebs \u2013 Mitrovica e Veriut, Leposaviqi dhe Zubin Potoku \u2013 kan\u00eb votuar p\u00ebr<\/p>\n","protected":false},"author":7,"featured_media":29870,"comment_status":"open","ping_status":"open","sticky":false,"template":"","format":"standard","meta":{"footnotes":""},"categories":[52],"tags":[],"class_list":["post-29877","post","type-post","status-publish","format-standard","has-post-thumbnail","hentry","category-komunat-sq"],"yoast_head":"<!-- This site is optimized with the Yoast SEO plugin v25.3.1 - https:\/\/yoast.com\/wordpress\/plugins\/seo\/ -->\n<title>Kuvendet komunale n\u00eb veri votojn\u00eb s\u00ebrish p\u00ebr t\u2019u t\u00ebrhequr nga Asociacioni i Komunave t\u00eb Kosov\u00ebs -<\/title>\n<meta name=\"robots\" content=\"index, follow, max-snippet:-1, max-image-preview:large, max-video-preview:-1\" \/>\n<link rel=\"canonical\" href=\"https:\/\/veritasinfo.org\/?p=29877\" \/>\n<meta property=\"og:locale\" content=\"en_US\" \/>\n<meta property=\"og:type\" content=\"article\" \/>\n<meta property=\"og:title\" content=\"Kuvendet komunale n\u00eb veri votojn\u00eb s\u00ebrish p\u00ebr t\u2019u t\u00ebrhequr nga Asociacioni i Komunave t\u00eb Kosov\u00ebs -\" \/>\n<meta property=\"og:description\" content=\"Prishtin\u00eb, 30 janar 2026 18:03 Komunat me shumic\u00eb serbe n\u00eb veri t\u00eb Kosov\u00ebs \u2013 Mitrovica e Veriut, Leposaviqi dhe Zubin Potoku \u2013 kan\u00eb votuar p\u00ebr\" \/>\n<meta property=\"og:url\" content=\"https:\/\/veritasinfo.org\/?p=29877\" \/>\n<meta property=\"article:published_time\" content=\"2026-01-30T17:10:29+00:00\" \/>\n<meta property=\"og:image\" content=\"https:\/\/veritasinfo.org\/wp-content\/uploads\/2026\/01\/1-88.jpg\" \/>\n\t<meta property=\"og:image:width\" content=\"779\" \/>\n\t<meta property=\"og:image:height\" content=\"502\" \/>\n\t<meta property=\"og:image:type\" content=\"image\/jpeg\" \/>\n<meta name=\"author\" content=\"US6\" \/>\n<meta name=\"twitter:card\" content=\"summary_large_image\" \/>\n<meta name=\"twitter:label1\" content=\"Written by\" \/>\n\t<meta name=\"twitter:data1\" content=\"US6\" \/>\n\t<meta name=\"twitter:label2\" content=\"Est. reading time\" \/>\n\t<meta name=\"twitter:data2\" content=\"2 minutes\" \/>\n<script type=\"application\/ld+json\" class=\"yoast-schema-graph\">{\"@context\":\"https:\/\/schema.org\",\"@graph\":[{\"@type\":\"WebPage\",\"@id\":\"https:\/\/veritasinfo.org\/?p=29877\",\"url\":\"https:\/\/veritasinfo.org\/?p=29877\",\"name\":\"Kuvendet komunale n\u00eb veri votojn\u00eb s\u00ebrish p\u00ebr t\u2019u t\u00ebrhequr nga Asociacioni i Komunave t\u00eb Kosov\u00ebs -\",\"isPartOf\":{\"@id\":\"https:\/\/veritasinfo.org\/#website\"},\"primaryImageOfPage\":{\"@id\":\"https:\/\/veritasinfo.org\/?p=29877#primaryimage\"},\"image\":{\"@id\":\"https:\/\/veritasinfo.org\/?p=29877#primaryimage\"},\"thumbnailUrl\":\"https:\/\/veritasinfo.org\/wp-content\/uploads\/2026\/01\/1-88.jpg\",\"datePublished\":\"2026-01-30T17:10:29+00:00\",\"author\":{\"@id\":\"https:\/\/veritasinfo.org\/#\/schema\/person\/fe199eede04c3937362892b7444747cc\"},\"breadcrumb\":{\"@id\":\"https:\/\/veritasinfo.org\/?p=29877#breadcrumb\"},\"inLanguage\":\"en-US\",\"potentialAction\":[{\"@type\":\"ReadAction\",\"target\":[\"https:\/\/veritasinfo.org\/?p=29877\"]}]},{\"@type\":\"ImageObject\",\"inLanguage\":\"en-US\",\"@id\":\"https:\/\/veritasinfo.org\/?p=29877#primaryimage\",\"url\":\"https:\/\/veritasinfo.org\/wp-content\/uploads\/2026\/01\/1-88.jpg\",\"contentUrl\":\"https:\/\/veritasinfo.org\/wp-content\/uploads\/2026\/01\/1-88.jpg\",\"width\":779,\"height\":502},{\"@type\":\"BreadcrumbList\",\"@id\":\"https:\/\/veritasinfo.org\/?p=29877#breadcrumb\",\"itemListElement\":[{\"@type\":\"ListItem\",\"position\":1,\"name\":\"Home\",\"item\":\"https:\/\/veritasinfo.org\/\"},{\"@type\":\"ListItem\",\"position\":2,\"name\":\"Kuvendet komunale n\u00eb veri votojn\u00eb s\u00ebrish p\u00ebr t\u2019u t\u00ebrhequr nga Asociacioni i Komunave t\u00eb Kosov\u00ebs\"}]},{\"@type\":\"WebSite\",\"@id\":\"https:\/\/veritasinfo.org\/#website\",\"url\":\"https:\/\/veritasinfo.org\/\",\"name\":\"\",\"description\":\"\",\"potentialAction\":[{\"@type\":\"SearchAction\",\"target\":{\"@type\":\"EntryPoint\",\"urlTemplate\":\"https:\/\/veritasinfo.org\/?s={search_term_string}\"},\"query-input\":{\"@type\":\"PropertyValueSpecification\",\"valueRequired\":true,\"valueName\":\"search_term_string\"}}],\"inLanguage\":\"en-US\"},{\"@type\":\"Person\",\"@id\":\"https:\/\/veritasinfo.org\/#\/schema\/person\/fe199eede04c3937362892b7444747cc\",\"name\":\"US6\",\"image\":{\"@type\":\"ImageObject\",\"inLanguage\":\"en-US\",\"@id\":\"https:\/\/veritasinfo.org\/#\/schema\/person\/image\/\",\"url\":\"https:\/\/secure.gravatar.com\/avatar\/cb16c3c31c9d23b9b8c705964598220b3014e42ff51eb540ff23cefa3ae8c15f?s=96&d=mm&r=g\",\"contentUrl\":\"https:\/\/secure.gravatar.com\/avatar\/cb16c3c31c9d23b9b8c705964598220b3014e42ff51eb540ff23cefa3ae8c15f?s=96&d=mm&r=g\",\"caption\":\"US6\"},\"url\":\"https:\/\/veritasinfo.org\/?author=7\"}]}<\/script>\n<!-- \/ Yoast SEO plugin. -->","yoast_head_json":{"title":"Kuvendet komunale n\u00eb veri votojn\u00eb s\u00ebrish p\u00ebr t\u2019u t\u00ebrhequr nga Asociacioni i Komunave t\u00eb Kosov\u00ebs -","robots":{"index":"index","follow":"follow","max-snippet":"max-snippet:-1","max-image-preview":"max-image-preview:large","max-video-preview":"max-video-preview:-1"},"canonical":"https:\/\/veritasinfo.org\/?p=29877","og_locale":"en_US","og_type":"article","og_title":"Kuvendet komunale n\u00eb veri votojn\u00eb s\u00ebrish p\u00ebr t\u2019u t\u00ebrhequr nga Asociacioni i Komunave t\u00eb Kosov\u00ebs -","og_description":"Prishtin\u00eb, 30 janar 2026 18:03 Komunat me shumic\u00eb serbe n\u00eb veri t\u00eb Kosov\u00ebs \u2013 Mitrovica e Veriut, Leposaviqi dhe Zubin Potoku \u2013 kan\u00eb votuar p\u00ebr","og_url":"https:\/\/veritasinfo.org\/?p=29877","article_published_time":"2026-01-30T17:10:29+00:00","og_image":[{"width":779,"height":502,"url":"https:\/\/veritasinfo.org\/wp-content\/uploads\/2026\/01\/1-88.jpg","type":"image\/jpeg"}],"author":"US6","twitter_card":"summary_large_image","twitter_misc":{"Written by":"US6","Est. reading time":"2 minutes"},"schema":{"@context":"https:\/\/schema.org","@graph":[{"@type":"WebPage","@id":"https:\/\/veritasinfo.org\/?p=29877","url":"https:\/\/veritasinfo.org\/?p=29877","name":"Kuvendet komunale n\u00eb veri votojn\u00eb s\u00ebrish p\u00ebr t\u2019u t\u00ebrhequr nga Asociacioni i Komunave t\u00eb Kosov\u00ebs -","isPartOf":{"@id":"https:\/\/veritasinfo.org\/#website"},"primaryImageOfPage":{"@id":"https:\/\/veritasinfo.org\/?p=29877#primaryimage"},"image":{"@id":"https:\/\/veritasinfo.org\/?p=29877#primaryimage"},"thumbnailUrl":"https:\/\/veritasinfo.org\/wp-content\/uploads\/2026\/01\/1-88.jpg","datePublished":"2026-01-30T17:10:29+00:00","author":{"@id":"https:\/\/veritasinfo.org\/#\/schema\/person\/fe199eede04c3937362892b7444747cc"},"breadcrumb":{"@id":"https:\/\/veritasinfo.org\/?p=29877#breadcrumb"},"inLanguage":"en-US","potentialAction":[{"@type":"ReadAction","target":["https:\/\/veritasinfo.org\/?p=29877"]}]},{"@type":"ImageObject","inLanguage":"en-US","@id":"https:\/\/veritasinfo.org\/?p=29877#primaryimage","url":"https:\/\/veritasinfo.org\/wp-content\/uploads\/2026\/01\/1-88.jpg","contentUrl":"https:\/\/veritasinfo.org\/wp-content\/uploads\/2026\/01\/1-88.jpg","width":779,"height":502},{"@type":"BreadcrumbList","@id":"https:\/\/veritasinfo.org\/?p=29877#breadcrumb","itemListElement":[{"@type":"ListItem","position":1,"name":"Home","item":"https:\/\/veritasinfo.org\/"},{"@type":"ListItem","position":2,"name":"Kuvendet komunale n\u00eb veri votojn\u00eb s\u00ebrish p\u00ebr t\u2019u t\u00ebrhequr nga Asociacioni i Komunave t\u00eb Kosov\u00ebs"}]},{"@type":"WebSite","@id":"https:\/\/veritasinfo.org\/#website","url":"https:\/\/veritasinfo.org\/","name":"","description":"","potentialAction":[{"@type":"SearchAction","target":{"@type":"EntryPoint","urlTemplate":"https:\/\/veritasinfo.org\/?s={search_term_string}"},"query-input":{"@type":"PropertyValueSpecification","valueRequired":true,"valueName":"search_term_string"}}],"inLanguage":"en-US"},{"@type":"Person","@id":"https:\/\/veritasinfo.org\/#\/schema\/person\/fe199eede04c3937362892b7444747cc","name":"US6","image":{"@type":"ImageObject","inLanguage":"en-US","@id":"https:\/\/veritasinfo.org\/#\/schema\/person\/image\/","url":"https:\/\/secure.gravatar.com\/avatar\/cb16c3c31c9d23b9b8c705964598220b3014e42ff51eb540ff23cefa3ae8c15f?s=96&d=mm&r=g","contentUrl":"https:\/\/secure.gravatar.com\/avatar\/cb16c3c31c9d23b9b8c705964598220b3014e42ff51eb540ff23cefa3ae8c15f?s=96&d=mm&r=g","caption":"US6"},"url":"https:\/\/veritasinfo.org\/?author=7"}]}},"featured_image_urls":{"full":["https:\/\/veritasinfo.org\/wp-content\/uploads\/2026\/01\/1-88.jpg",779,502,false],"thumbnail":["https:\/\/veritasinfo.org\/wp-content\/uploads\/2026\/01\/1-88-150x150.jpg",150,150,true],"medium":["https:\/\/veritasinfo.org\/wp-content\/uploads\/2026\/01\/1-88-300x193.jpg",300,193,true],"medium_large":["https:\/\/veritasinfo.org\/wp-content\/uploads\/2026\/01\/1-88-768x495.jpg",640,413,true],"large":["https:\/\/veritasinfo.org\/wp-content\/uploads\/2026\/01\/1-88.jpg",640,412,false],"1536x1536":["https:\/\/veritasinfo.org\/wp-content\/uploads\/2026\/01\/1-88.jpg",779,502,false],"2048x2048":["https:\/\/veritasinfo.org\/wp-content\/uploads\/2026\/01\/1-88.jpg",779,502,false],"kreeti-slider-full":["https:\/\/veritasinfo.org\/wp-content\/uploads\/2026\/01\/1-88.jpg",779,502,false],"kreeti-featured":["https:\/\/veritasinfo.org\/wp-content\/uploads\/2026\/01\/1-88.jpg",779,502,false],"kreeti-medium":["https:\/\/veritasinfo.org\/wp-content\/uploads\/2026\/01\/1-88.jpg",720,464,false],"kreeti-medium-square":["https:\/\/veritasinfo.org\/wp-content\/uploads\/2026\/01\/1-88.jpg",350,226,false]},"author_info":{"info":["US6"]},"category_info":"<a href=\"https:\/\/veritasinfo.org\/?cat=52\" rel=\"category\">Komunat<\/a>","tag_info":"Komunat","comment_count":"0","_links":{"self":[{"href":"https:\/\/veritasinfo.org\/index.php?rest_route=\/wp\/v2\/posts\/29877","targetHints":{"allow":["GET"]}}],"collection":[{"href":"https:\/\/veritasinfo.org\/index.php?rest_route=\/wp\/v2\/posts"}],"about":[{"href":"https:\/\/veritasinfo.org\/index.php?rest_route=\/wp\/v2\/types\/post"}],"author":[{"embeddable":true,"href":"https:\/\/veritasinfo.org\/index.php?rest_route=\/wp\/v2\/users\/7"}],"replies":[{"embeddable":true,"href":"https:\/\/veritasinfo.org\/index.php?rest_route=%2Fwp%2Fv2%2Fcomments&post=29877"}],"version-history":[{"count":1,"href":"https:\/\/veritasinfo.org\/index.php?rest_route=\/wp\/v2\/posts\/29877\/revisions"}],"predecessor-version":[{"id":29878,"href":"https:\/\/veritasinfo.org\/index.php?rest_route=\/wp\/v2\/posts\/29877\/revisions\/29878"}],"wp:featuredmedia":[{"embeddable":true,"href":"https:\/\/veritasinfo.org\/index.php?rest_route=\/wp\/v2\/media\/29870"}],"wp:attachment":[{"href":"https:\/\/veritasinfo.org\/index.php?rest_route=%2Fwp%2Fv2%2Fmedia&parent=29877"}],"wp:term":[{"taxonomy":"category","embeddable":true,"href":"https:\/\/veritasinfo.org\/index.php?rest_route=%2Fwp%2Fv2%2Fcategories&post=29877"},{"taxonomy":"post_tag","embeddable":true,"href":"https:\/\/veritasinfo.org\/index.php?rest_route=%2Fwp%2Fv2%2Ftags&post=29877"}],"curies":[{"name":"wp","href":"https:\/\/api.w.org\/{rel}","templated":true}]}}