{"id":29832,"date":"2026-01-30T14:51:53","date_gmt":"2026-01-30T13:51:53","guid":{"rendered":"https:\/\/veritasinfo.org\/?p=29832"},"modified":"2026-01-30T14:51:53","modified_gmt":"2026-01-30T13:51:53","slug":"fillon-qarkullimi-i-mjeteve-transportuese-ne-kufirin-me-serbine","status":"publish","type":"post","link":"https:\/\/veritasinfo.org\/?p=29832","title":{"rendered":"Fillon qarkullimi i mjeteve transportuese n\u00eb kufirin me Serbin\u00eb"},"content":{"rendered":"<p>Prishtin\u00eb 30 Janar 2026 14:50<\/p>\n<p>Tashm\u00eb ka filluar qarkullimi i mauneve dhe mjeteve transportuese n\u00eb kufirin me Serbin\u00eb.<\/p>\n<p>Kjo \u00ebsht\u00eb b\u00ebr\u00eb e ditur p\u00ebrmes nj\u00eb njoftimi p\u00ebr media nga Qendra Komb\u00ebtare p\u00ebr Menaxhim Kufitar p\u00ebrmes nj\u00eb postimi n\u00eb rrjetin social n\u00eb Facebook.<\/p>\n<p>Sipas informatave nga QKMK-ja manuet ishin t\u00eb bllokuara q\u00eb nga data 26 janar.<\/p>\n<p>Njoftimi i plot\u00eb:<\/p>\n<p>Njoftim\ud83d\udce2<\/p>\n<p>Ju njoftojm\u00eb se ka filluar qarkullimi i mauneve dhe mjeteve transportuese n\u00eb kufirin me Serbin\u00eb, i cili ishte i bllokuar q\u00eb nga data,26.01.2026.<\/p>\n<p>P\u00ebr informata shtes\u00eb kontaktoni\ud83d\udcdeQKMK, n\u00eb numrat +38345198000, +38345198606 dhe n\u00eb numrin pa pages\u00eb 080050095.<\/p>\n","protected":false},"excerpt":{"rendered":"<p>Prishtin\u00eb 30 Janar 2026 14:50 Tashm\u00eb ka filluar qarkullimi i mauneve dhe mjeteve transportuese n\u00eb kufirin me Serbin\u00eb. Kjo \u00ebsht\u00eb b\u00ebr\u00eb e ditur p\u00ebrmes nj\u00eb<\/p>\n","protected":false},"author":6,"featured_media":29833,"comment_status":"open","ping_status":"open","sticky":false,"template":"","format":"standard","meta":{"footnotes":""},"categories":[60],"tags":[],"class_list":["post-29832","post","type-post","status-publish","format-standard","has-post-thumbnail","hentry","category-shoqerore-sq"],"yoast_head":"<!-- This site is optimized with the Yoast SEO plugin v25.3.1 - https:\/\/yoast.com\/wordpress\/plugins\/seo\/ -->\n<title>Fillon qarkullimi i mjeteve transportuese n\u00eb kufirin me Serbin\u00eb -<\/title>\n<meta name=\"robots\" content=\"index, follow, max-snippet:-1, max-image-preview:large, max-video-preview:-1\" \/>\n<link rel=\"canonical\" href=\"https:\/\/veritasinfo.org\/?p=29832\" \/>\n<meta property=\"og:locale\" content=\"en_US\" \/>\n<meta property=\"og:type\" content=\"article\" \/>\n<meta property=\"og:title\" content=\"Fillon qarkullimi i mjeteve transportuese n\u00eb kufirin me Serbin\u00eb -\" \/>\n<meta property=\"og:description\" content=\"Prishtin\u00eb 30 Janar 2026 14:50 Tashm\u00eb ka filluar qarkullimi i mauneve dhe mjeteve transportuese n\u00eb kufirin me Serbin\u00eb. Kjo \u00ebsht\u00eb b\u00ebr\u00eb e ditur p\u00ebrmes nj\u00eb\" \/>\n<meta property=\"og:url\" content=\"https:\/\/veritasinfo.org\/?p=29832\" \/>\n<meta property=\"article:published_time\" content=\"2026-01-30T13:51:53+00:00\" \/>\n<meta property=\"og:image\" content=\"https:\/\/veritasinfo.org\/wp-content\/uploads\/2026\/01\/images-17.jpeg\" \/>\n\t<meta property=\"og:image:width\" content=\"765\" \/>\n\t<meta property=\"og:image:height\" content=\"401\" \/>\n\t<meta property=\"og:image:type\" content=\"image\/jpeg\" \/>\n<meta name=\"author\" content=\"US5\" \/>\n<meta name=\"twitter:card\" content=\"summary_large_image\" \/>\n<meta name=\"twitter:label1\" content=\"Written by\" \/>\n\t<meta name=\"twitter:data1\" content=\"US5\" \/>\n<script type=\"application\/ld+json\" class=\"yoast-schema-graph\">{\"@context\":\"https:\/\/schema.org\",\"@graph\":[{\"@type\":\"WebPage\",\"@id\":\"https:\/\/veritasinfo.org\/?p=29832\",\"url\":\"https:\/\/veritasinfo.org\/?p=29832\",\"name\":\"Fillon qarkullimi i mjeteve transportuese n\u00eb kufirin me Serbin\u00eb -\",\"isPartOf\":{\"@id\":\"https:\/\/veritasinfo.org\/#website\"},\"primaryImageOfPage\":{\"@id\":\"https:\/\/veritasinfo.org\/?p=29832#primaryimage\"},\"image\":{\"@id\":\"https:\/\/veritasinfo.org\/?p=29832#primaryimage\"},\"thumbnailUrl\":\"https:\/\/veritasinfo.org\/wp-content\/uploads\/2026\/01\/images-17.jpeg\",\"datePublished\":\"2026-01-30T13:51:53+00:00\",\"author\":{\"@id\":\"https:\/\/veritasinfo.org\/#\/schema\/person\/bc442336e35414d04494ab8fb45db4c6\"},\"breadcrumb\":{\"@id\":\"https:\/\/veritasinfo.org\/?p=29832#breadcrumb\"},\"inLanguage\":\"en-US\",\"potentialAction\":[{\"@type\":\"ReadAction\",\"target\":[\"https:\/\/veritasinfo.org\/?p=29832\"]}]},{\"@type\":\"ImageObject\",\"inLanguage\":\"en-US\",\"@id\":\"https:\/\/veritasinfo.org\/?p=29832#primaryimage\",\"url\":\"https:\/\/veritasinfo.org\/wp-content\/uploads\/2026\/01\/images-17.jpeg\",\"contentUrl\":\"https:\/\/veritasinfo.org\/wp-content\/uploads\/2026\/01\/images-17.jpeg\",\"width\":765,\"height\":401},{\"@type\":\"BreadcrumbList\",\"@id\":\"https:\/\/veritasinfo.org\/?p=29832#breadcrumb\",\"itemListElement\":[{\"@type\":\"ListItem\",\"position\":1,\"name\":\"Home\",\"item\":\"https:\/\/veritasinfo.org\/\"},{\"@type\":\"ListItem\",\"position\":2,\"name\":\"Fillon qarkullimi i mjeteve transportuese n\u00eb kufirin me Serbin\u00eb\"}]},{\"@type\":\"WebSite\",\"@id\":\"https:\/\/veritasinfo.org\/#website\",\"url\":\"https:\/\/veritasinfo.org\/\",\"name\":\"\",\"description\":\"\",\"potentialAction\":[{\"@type\":\"SearchAction\",\"target\":{\"@type\":\"EntryPoint\",\"urlTemplate\":\"https:\/\/veritasinfo.org\/?s={search_term_string}\"},\"query-input\":{\"@type\":\"PropertyValueSpecification\",\"valueRequired\":true,\"valueName\":\"search_term_string\"}}],\"inLanguage\":\"en-US\"},{\"@type\":\"Person\",\"@id\":\"https:\/\/veritasinfo.org\/#\/schema\/person\/bc442336e35414d04494ab8fb45db4c6\",\"name\":\"US5\",\"image\":{\"@type\":\"ImageObject\",\"inLanguage\":\"en-US\",\"@id\":\"https:\/\/veritasinfo.org\/#\/schema\/person\/image\/\",\"url\":\"https:\/\/secure.gravatar.com\/avatar\/16a61e7272a0c5d001121ebb9e60e925d5816e4ac1e443ed3e640d9a6ae55d0c?s=96&d=mm&r=g\",\"contentUrl\":\"https:\/\/secure.gravatar.com\/avatar\/16a61e7272a0c5d001121ebb9e60e925d5816e4ac1e443ed3e640d9a6ae55d0c?s=96&d=mm&r=g\",\"caption\":\"US5\"},\"url\":\"https:\/\/veritasinfo.org\/?author=6\"}]}<\/script>\n<!-- \/ Yoast SEO plugin. -->","yoast_head_json":{"title":"Fillon qarkullimi i mjeteve transportuese n\u00eb kufirin me Serbin\u00eb -","robots":{"index":"index","follow":"follow","max-snippet":"max-snippet:-1","max-image-preview":"max-image-preview:large","max-video-preview":"max-video-preview:-1"},"canonical":"https:\/\/veritasinfo.org\/?p=29832","og_locale":"en_US","og_type":"article","og_title":"Fillon qarkullimi i mjeteve transportuese n\u00eb kufirin me Serbin\u00eb -","og_description":"Prishtin\u00eb 30 Janar 2026 14:50 Tashm\u00eb ka filluar qarkullimi i mauneve dhe mjeteve transportuese n\u00eb kufirin me Serbin\u00eb. Kjo \u00ebsht\u00eb b\u00ebr\u00eb e ditur p\u00ebrmes nj\u00eb","og_url":"https:\/\/veritasinfo.org\/?p=29832","article_published_time":"2026-01-30T13:51:53+00:00","og_image":[{"width":765,"height":401,"url":"https:\/\/veritasinfo.org\/wp-content\/uploads\/2026\/01\/images-17.jpeg","type":"image\/jpeg"}],"author":"US5","twitter_card":"summary_large_image","twitter_misc":{"Written by":"US5"},"schema":{"@context":"https:\/\/schema.org","@graph":[{"@type":"WebPage","@id":"https:\/\/veritasinfo.org\/?p=29832","url":"https:\/\/veritasinfo.org\/?p=29832","name":"Fillon qarkullimi i mjeteve transportuese n\u00eb kufirin me Serbin\u00eb -","isPartOf":{"@id":"https:\/\/veritasinfo.org\/#website"},"primaryImageOfPage":{"@id":"https:\/\/veritasinfo.org\/?p=29832#primaryimage"},"image":{"@id":"https:\/\/veritasinfo.org\/?p=29832#primaryimage"},"thumbnailUrl":"https:\/\/veritasinfo.org\/wp-content\/uploads\/2026\/01\/images-17.jpeg","datePublished":"2026-01-30T13:51:53+00:00","author":{"@id":"https:\/\/veritasinfo.org\/#\/schema\/person\/bc442336e35414d04494ab8fb45db4c6"},"breadcrumb":{"@id":"https:\/\/veritasinfo.org\/?p=29832#breadcrumb"},"inLanguage":"en-US","potentialAction":[{"@type":"ReadAction","target":["https:\/\/veritasinfo.org\/?p=29832"]}]},{"@type":"ImageObject","inLanguage":"en-US","@id":"https:\/\/veritasinfo.org\/?p=29832#primaryimage","url":"https:\/\/veritasinfo.org\/wp-content\/uploads\/2026\/01\/images-17.jpeg","contentUrl":"https:\/\/veritasinfo.org\/wp-content\/uploads\/2026\/01\/images-17.jpeg","width":765,"height":401},{"@type":"BreadcrumbList","@id":"https:\/\/veritasinfo.org\/?p=29832#breadcrumb","itemListElement":[{"@type":"ListItem","position":1,"name":"Home","item":"https:\/\/veritasinfo.org\/"},{"@type":"ListItem","position":2,"name":"Fillon qarkullimi i mjeteve transportuese n\u00eb kufirin me Serbin\u00eb"}]},{"@type":"WebSite","@id":"https:\/\/veritasinfo.org\/#website","url":"https:\/\/veritasinfo.org\/","name":"","description":"","potentialAction":[{"@type":"SearchAction","target":{"@type":"EntryPoint","urlTemplate":"https:\/\/veritasinfo.org\/?s={search_term_string}"},"query-input":{"@type":"PropertyValueSpecification","valueRequired":true,"valueName":"search_term_string"}}],"inLanguage":"en-US"},{"@type":"Person","@id":"https:\/\/veritasinfo.org\/#\/schema\/person\/bc442336e35414d04494ab8fb45db4c6","name":"US5","image":{"@type":"ImageObject","inLanguage":"en-US","@id":"https:\/\/veritasinfo.org\/#\/schema\/person\/image\/","url":"https:\/\/secure.gravatar.com\/avatar\/16a61e7272a0c5d001121ebb9e60e925d5816e4ac1e443ed3e640d9a6ae55d0c?s=96&d=mm&r=g","contentUrl":"https:\/\/secure.gravatar.com\/avatar\/16a61e7272a0c5d001121ebb9e60e925d5816e4ac1e443ed3e640d9a6ae55d0c?s=96&d=mm&r=g","caption":"US5"},"url":"https:\/\/veritasinfo.org\/?author=6"}]}},"featured_image_urls":{"full":["https:\/\/veritasinfo.org\/wp-content\/uploads\/2026\/01\/images-17.jpeg",765,401,false],"thumbnail":["https:\/\/veritasinfo.org\/wp-content\/uploads\/2026\/01\/images-17-150x150.jpeg",150,150,true],"medium":["https:\/\/veritasinfo.org\/wp-content\/uploads\/2026\/01\/images-17-300x157.jpeg",300,157,true],"medium_large":["https:\/\/veritasinfo.org\/wp-content\/uploads\/2026\/01\/images-17.jpeg",640,335,false],"large":["https:\/\/veritasinfo.org\/wp-content\/uploads\/2026\/01\/images-17.jpeg",640,335,false],"1536x1536":["https:\/\/veritasinfo.org\/wp-content\/uploads\/2026\/01\/images-17.jpeg",765,401,false],"2048x2048":["https:\/\/veritasinfo.org\/wp-content\/uploads\/2026\/01\/images-17.jpeg",765,401,false],"kreeti-slider-full":["https:\/\/veritasinfo.org\/wp-content\/uploads\/2026\/01\/images-17.jpeg",765,401,false],"kreeti-featured":["https:\/\/veritasinfo.org\/wp-content\/uploads\/2026\/01\/images-17.jpeg",765,401,false],"kreeti-medium":["https:\/\/veritasinfo.org\/wp-content\/uploads\/2026\/01\/images-17.jpeg",720,377,false],"kreeti-medium-square":["https:\/\/veritasinfo.org\/wp-content\/uploads\/2026\/01\/images-17.jpeg",350,183,false]},"author_info":{"info":["US5"]},"category_info":"<a href=\"https:\/\/veritasinfo.org\/?cat=60\" rel=\"category\">Shoq\u00ebrore<\/a>","tag_info":"Shoq\u00ebrore","comment_count":"0","_links":{"self":[{"href":"https:\/\/veritasinfo.org\/index.php?rest_route=\/wp\/v2\/posts\/29832","targetHints":{"allow":["GET"]}}],"collection":[{"href":"https:\/\/veritasinfo.org\/index.php?rest_route=\/wp\/v2\/posts"}],"about":[{"href":"https:\/\/veritasinfo.org\/index.php?rest_route=\/wp\/v2\/types\/post"}],"author":[{"embeddable":true,"href":"https:\/\/veritasinfo.org\/index.php?rest_route=\/wp\/v2\/users\/6"}],"replies":[{"embeddable":true,"href":"https:\/\/veritasinfo.org\/index.php?rest_route=%2Fwp%2Fv2%2Fcomments&post=29832"}],"version-history":[{"count":1,"href":"https:\/\/veritasinfo.org\/index.php?rest_route=\/wp\/v2\/posts\/29832\/revisions"}],"predecessor-version":[{"id":29834,"href":"https:\/\/veritasinfo.org\/index.php?rest_route=\/wp\/v2\/posts\/29832\/revisions\/29834"}],"wp:featuredmedia":[{"embeddable":true,"href":"https:\/\/veritasinfo.org\/index.php?rest_route=\/wp\/v2\/media\/29833"}],"wp:attachment":[{"href":"https:\/\/veritasinfo.org\/index.php?rest_route=%2Fwp%2Fv2%2Fmedia&parent=29832"}],"wp:term":[{"taxonomy":"category","embeddable":true,"href":"https:\/\/veritasinfo.org\/index.php?rest_route=%2Fwp%2Fv2%2Fcategories&post=29832"},{"taxonomy":"post_tag","embeddable":true,"href":"https:\/\/veritasinfo.org\/index.php?rest_route=%2Fwp%2Fv2%2Ftags&post=29832"}],"curies":[{"name":"wp","href":"https:\/\/api.w.org\/{rel}","templated":true}]}}