{"id":29822,"date":"2026-01-30T14:18:55","date_gmt":"2026-01-30T13:18:55","guid":{"rendered":"https:\/\/veritasinfo.org\/?p=29822"},"modified":"2026-01-30T14:20:48","modified_gmt":"2026-01-30T13:20:48","slug":"prokuroria-konfirmon-arrestimin-e-te-dyshuarit-per-dhunimin-e-nje-te-miture","status":"publish","type":"post","link":"https:\/\/veritasinfo.org\/?p=29822","title":{"rendered":"Prokuroria konfirmon arrestimin e t\u00eb dyshuarit p\u00ebr dhunimin e nj\u00eb t\u00eb miture"},"content":{"rendered":"<p>Prishtin\u00eb 30 Janar 2026 14:19<\/p>\n<p>Nj\u00eb burr\u00eb \u00ebsht\u00eb arrestuar n\u00eb Istog, n\u00ebn dyshimin p\u00ebr dhunimin e nj\u00eb t\u00eb miture. Lajmin p\u00ebr RTKLive e ka konfirmuar z\u00ebdh\u00ebn\u00ebsi i Prokuroris\u00eb Themelore n\u00eb Pej\u00eb, Shkodran Nik\u00e7i.<\/p>\n<p>Sipas tij, personi \u00ebsht\u00eb ndaluar me urdh\u00ebr t\u00eb Prokurorit t\u00eb Shtetit n\u00ebn dyshimin se ka kryer vepr\u00ebn penale t\u00eb dhunimit.<\/p>\n<p>Nik\u00e7i tha se Prokurori brenda afatit ligjor do t\u00eb parashtroj\u00eb k\u00ebrkes\u00ebn p\u00ebr caktimin e mas\u00ebs s\u00eb paraburgimit.<\/p>\n<p>Ai ka njoftuar se Policia e Kosov\u00ebs ka kapur t\u00eb dyshuarin n\u00eb flagranc\u00eb, nd\u00ebrsa n\u00eb vendin e ngjarjes kan\u00eb marr\u00eb pjes\u00eb prokurorja e shtetit, mbrojt\u00ebsi i viktim\u00ebs dhe institucionet e tjera relevante.<\/p>\n<p>\u201c\u00cbsht\u00eb ndaluar nj\u00eb person me urdh\u00ebr t\u00eb Prokurorit t\u00eb  Shtetit n\u00ebn dyshimin se ka kryer vepr\u00ebn penale dhunimi. Prokurori i Shteti brenda afatit ligjor do t\u00eb parashtroj\u00eb k\u00ebrkes\u00eb p\u00ebr caktimin e mas\u00ebs s\u00eb paraburgimit. Policia e Kosov\u00ebs e ka kapur n\u00eb flagranc\u00eb. Po ashtu, n\u00eb vendin e ngjarjes ka dal edhe Prokurorja e shtetit, mbrojt\u00ebsi i viktimave dhe institucionet tjera relevante\u201d, tha Nikqi.<\/p>\n<p>P\u00ebr rastin ka njoftuar edhe Policia e Kosov\u00ebs n\u00eb raportin 24-or\u00ebsh. &#8220;Esht\u00eb arrestuar i dyshuari mashkull kosovar n\u00ebn dyshimin se ka kryer vepr\u00ebn e lartcekur (Dhunim) ndaj viktim\u00ebs fem\u00ebr kosovare. Me vendim t\u00eb prokurorit i dyshuari \u00ebsht\u00eb d\u00ebrguar n\u00eb mbajtje\u201d, thuhej n\u00eb raport.<\/p>\n","protected":false},"excerpt":{"rendered":"<p>Prishtin\u00eb 30 Janar 2026 14:19 Nj\u00eb burr\u00eb \u00ebsht\u00eb arrestuar n\u00eb Istog, n\u00ebn dyshimin p\u00ebr dhunimin e nj\u00eb t\u00eb miture. Lajmin p\u00ebr RTKLive e ka konfirmuar<\/p>\n","protected":false},"author":6,"featured_media":29823,"comment_status":"open","ping_status":"open","sticky":false,"template":"","format":"standard","meta":{"footnotes":""},"categories":[60],"tags":[],"class_list":["post-29822","post","type-post","status-publish","format-standard","has-post-thumbnail","hentry","category-shoqerore-sq"],"yoast_head":"<!-- This site is optimized with the Yoast SEO plugin v25.3.1 - https:\/\/yoast.com\/wordpress\/plugins\/seo\/ -->\n<title>Prokuroria konfirmon arrestimin e t\u00eb dyshuarit p\u00ebr dhunimin e nj\u00eb t\u00eb miture -<\/title>\n<meta name=\"robots\" content=\"index, follow, max-snippet:-1, max-image-preview:large, max-video-preview:-1\" \/>\n<link rel=\"canonical\" href=\"https:\/\/veritasinfo.org\/?p=29822\" \/>\n<meta property=\"og:locale\" content=\"en_US\" \/>\n<meta property=\"og:type\" content=\"article\" \/>\n<meta property=\"og:title\" content=\"Prokuroria konfirmon arrestimin e t\u00eb dyshuarit p\u00ebr dhunimin e nj\u00eb t\u00eb miture -\" \/>\n<meta property=\"og:description\" content=\"Prishtin\u00eb 30 Janar 2026 14:19 Nj\u00eb burr\u00eb \u00ebsht\u00eb arrestuar n\u00eb Istog, n\u00ebn dyshimin p\u00ebr dhunimin e nj\u00eb t\u00eb miture. Lajmin p\u00ebr RTKLive e ka konfirmuar\" \/>\n<meta property=\"og:url\" content=\"https:\/\/veritasinfo.org\/?p=29822\" \/>\n<meta property=\"article:published_time\" content=\"2026-01-30T13:18:55+00:00\" \/>\n<meta property=\"article:modified_time\" content=\"2026-01-30T13:20:48+00:00\" \/>\n<meta property=\"og:image\" content=\"https:\/\/veritasinfo.org\/wp-content\/uploads\/2026\/01\/715739-yVlfoAw3h7.jpg\" \/>\n\t<meta property=\"og:image:width\" content=\"780\" \/>\n\t<meta property=\"og:image:height\" content=\"500\" \/>\n\t<meta property=\"og:image:type\" content=\"image\/jpeg\" \/>\n<meta name=\"author\" content=\"US5\" \/>\n<meta name=\"twitter:card\" content=\"summary_large_image\" \/>\n<meta name=\"twitter:label1\" content=\"Written by\" \/>\n\t<meta name=\"twitter:data1\" content=\"US5\" \/>\n\t<meta name=\"twitter:label2\" content=\"Est. reading time\" \/>\n\t<meta name=\"twitter:data2\" content=\"2 minutes\" \/>\n<script type=\"application\/ld+json\" class=\"yoast-schema-graph\">{\"@context\":\"https:\/\/schema.org\",\"@graph\":[{\"@type\":\"WebPage\",\"@id\":\"https:\/\/veritasinfo.org\/?p=29822\",\"url\":\"https:\/\/veritasinfo.org\/?p=29822\",\"name\":\"Prokuroria konfirmon arrestimin e t\u00eb dyshuarit p\u00ebr dhunimin e nj\u00eb t\u00eb miture -\",\"isPartOf\":{\"@id\":\"https:\/\/veritasinfo.org\/#website\"},\"primaryImageOfPage\":{\"@id\":\"https:\/\/veritasinfo.org\/?p=29822#primaryimage\"},\"image\":{\"@id\":\"https:\/\/veritasinfo.org\/?p=29822#primaryimage\"},\"thumbnailUrl\":\"https:\/\/veritasinfo.org\/wp-content\/uploads\/2026\/01\/715739-yVlfoAw3h7.jpg\",\"datePublished\":\"2026-01-30T13:18:55+00:00\",\"dateModified\":\"2026-01-30T13:20:48+00:00\",\"author\":{\"@id\":\"https:\/\/veritasinfo.org\/#\/schema\/person\/bc442336e35414d04494ab8fb45db4c6\"},\"breadcrumb\":{\"@id\":\"https:\/\/veritasinfo.org\/?p=29822#breadcrumb\"},\"inLanguage\":\"en-US\",\"potentialAction\":[{\"@type\":\"ReadAction\",\"target\":[\"https:\/\/veritasinfo.org\/?p=29822\"]}]},{\"@type\":\"ImageObject\",\"inLanguage\":\"en-US\",\"@id\":\"https:\/\/veritasinfo.org\/?p=29822#primaryimage\",\"url\":\"https:\/\/veritasinfo.org\/wp-content\/uploads\/2026\/01\/715739-yVlfoAw3h7.jpg\",\"contentUrl\":\"https:\/\/veritasinfo.org\/wp-content\/uploads\/2026\/01\/715739-yVlfoAw3h7.jpg\",\"width\":780,\"height\":500},{\"@type\":\"BreadcrumbList\",\"@id\":\"https:\/\/veritasinfo.org\/?p=29822#breadcrumb\",\"itemListElement\":[{\"@type\":\"ListItem\",\"position\":1,\"name\":\"Home\",\"item\":\"https:\/\/veritasinfo.org\/\"},{\"@type\":\"ListItem\",\"position\":2,\"name\":\"Prokuroria konfirmon arrestimin e t\u00eb dyshuarit p\u00ebr dhunimin e nj\u00eb t\u00eb miture\"}]},{\"@type\":\"WebSite\",\"@id\":\"https:\/\/veritasinfo.org\/#website\",\"url\":\"https:\/\/veritasinfo.org\/\",\"name\":\"\",\"description\":\"\",\"potentialAction\":[{\"@type\":\"SearchAction\",\"target\":{\"@type\":\"EntryPoint\",\"urlTemplate\":\"https:\/\/veritasinfo.org\/?s={search_term_string}\"},\"query-input\":{\"@type\":\"PropertyValueSpecification\",\"valueRequired\":true,\"valueName\":\"search_term_string\"}}],\"inLanguage\":\"en-US\"},{\"@type\":\"Person\",\"@id\":\"https:\/\/veritasinfo.org\/#\/schema\/person\/bc442336e35414d04494ab8fb45db4c6\",\"name\":\"US5\",\"image\":{\"@type\":\"ImageObject\",\"inLanguage\":\"en-US\",\"@id\":\"https:\/\/veritasinfo.org\/#\/schema\/person\/image\/\",\"url\":\"https:\/\/secure.gravatar.com\/avatar\/16a61e7272a0c5d001121ebb9e60e925d5816e4ac1e443ed3e640d9a6ae55d0c?s=96&d=mm&r=g\",\"contentUrl\":\"https:\/\/secure.gravatar.com\/avatar\/16a61e7272a0c5d001121ebb9e60e925d5816e4ac1e443ed3e640d9a6ae55d0c?s=96&d=mm&r=g\",\"caption\":\"US5\"},\"url\":\"https:\/\/veritasinfo.org\/?author=6\"}]}<\/script>\n<!-- \/ Yoast SEO plugin. -->","yoast_head_json":{"title":"Prokuroria konfirmon arrestimin e t\u00eb dyshuarit p\u00ebr dhunimin e nj\u00eb t\u00eb miture -","robots":{"index":"index","follow":"follow","max-snippet":"max-snippet:-1","max-image-preview":"max-image-preview:large","max-video-preview":"max-video-preview:-1"},"canonical":"https:\/\/veritasinfo.org\/?p=29822","og_locale":"en_US","og_type":"article","og_title":"Prokuroria konfirmon arrestimin e t\u00eb dyshuarit p\u00ebr dhunimin e nj\u00eb t\u00eb miture -","og_description":"Prishtin\u00eb 30 Janar 2026 14:19 Nj\u00eb burr\u00eb \u00ebsht\u00eb arrestuar n\u00eb Istog, n\u00ebn dyshimin p\u00ebr dhunimin e nj\u00eb t\u00eb miture. Lajmin p\u00ebr RTKLive e ka konfirmuar","og_url":"https:\/\/veritasinfo.org\/?p=29822","article_published_time":"2026-01-30T13:18:55+00:00","article_modified_time":"2026-01-30T13:20:48+00:00","og_image":[{"width":780,"height":500,"url":"https:\/\/veritasinfo.org\/wp-content\/uploads\/2026\/01\/715739-yVlfoAw3h7.jpg","type":"image\/jpeg"}],"author":"US5","twitter_card":"summary_large_image","twitter_misc":{"Written by":"US5","Est. reading time":"2 minutes"},"schema":{"@context":"https:\/\/schema.org","@graph":[{"@type":"WebPage","@id":"https:\/\/veritasinfo.org\/?p=29822","url":"https:\/\/veritasinfo.org\/?p=29822","name":"Prokuroria konfirmon arrestimin e t\u00eb dyshuarit p\u00ebr dhunimin e nj\u00eb t\u00eb miture -","isPartOf":{"@id":"https:\/\/veritasinfo.org\/#website"},"primaryImageOfPage":{"@id":"https:\/\/veritasinfo.org\/?p=29822#primaryimage"},"image":{"@id":"https:\/\/veritasinfo.org\/?p=29822#primaryimage"},"thumbnailUrl":"https:\/\/veritasinfo.org\/wp-content\/uploads\/2026\/01\/715739-yVlfoAw3h7.jpg","datePublished":"2026-01-30T13:18:55+00:00","dateModified":"2026-01-30T13:20:48+00:00","author":{"@id":"https:\/\/veritasinfo.org\/#\/schema\/person\/bc442336e35414d04494ab8fb45db4c6"},"breadcrumb":{"@id":"https:\/\/veritasinfo.org\/?p=29822#breadcrumb"},"inLanguage":"en-US","potentialAction":[{"@type":"ReadAction","target":["https:\/\/veritasinfo.org\/?p=29822"]}]},{"@type":"ImageObject","inLanguage":"en-US","@id":"https:\/\/veritasinfo.org\/?p=29822#primaryimage","url":"https:\/\/veritasinfo.org\/wp-content\/uploads\/2026\/01\/715739-yVlfoAw3h7.jpg","contentUrl":"https:\/\/veritasinfo.org\/wp-content\/uploads\/2026\/01\/715739-yVlfoAw3h7.jpg","width":780,"height":500},{"@type":"BreadcrumbList","@id":"https:\/\/veritasinfo.org\/?p=29822#breadcrumb","itemListElement":[{"@type":"ListItem","position":1,"name":"Home","item":"https:\/\/veritasinfo.org\/"},{"@type":"ListItem","position":2,"name":"Prokuroria konfirmon arrestimin e t\u00eb dyshuarit p\u00ebr dhunimin e nj\u00eb t\u00eb miture"}]},{"@type":"WebSite","@id":"https:\/\/veritasinfo.org\/#website","url":"https:\/\/veritasinfo.org\/","name":"","description":"","potentialAction":[{"@type":"SearchAction","target":{"@type":"EntryPoint","urlTemplate":"https:\/\/veritasinfo.org\/?s={search_term_string}"},"query-input":{"@type":"PropertyValueSpecification","valueRequired":true,"valueName":"search_term_string"}}],"inLanguage":"en-US"},{"@type":"Person","@id":"https:\/\/veritasinfo.org\/#\/schema\/person\/bc442336e35414d04494ab8fb45db4c6","name":"US5","image":{"@type":"ImageObject","inLanguage":"en-US","@id":"https:\/\/veritasinfo.org\/#\/schema\/person\/image\/","url":"https:\/\/secure.gravatar.com\/avatar\/16a61e7272a0c5d001121ebb9e60e925d5816e4ac1e443ed3e640d9a6ae55d0c?s=96&d=mm&r=g","contentUrl":"https:\/\/secure.gravatar.com\/avatar\/16a61e7272a0c5d001121ebb9e60e925d5816e4ac1e443ed3e640d9a6ae55d0c?s=96&d=mm&r=g","caption":"US5"},"url":"https:\/\/veritasinfo.org\/?author=6"}]}},"featured_image_urls":{"full":["https:\/\/veritasinfo.org\/wp-content\/uploads\/2026\/01\/715739-yVlfoAw3h7.jpg",780,500,false],"thumbnail":["https:\/\/veritasinfo.org\/wp-content\/uploads\/2026\/01\/715739-yVlfoAw3h7-150x150.jpg",150,150,true],"medium":["https:\/\/veritasinfo.org\/wp-content\/uploads\/2026\/01\/715739-yVlfoAw3h7-300x192.jpg",300,192,true],"medium_large":["https:\/\/veritasinfo.org\/wp-content\/uploads\/2026\/01\/715739-yVlfoAw3h7-768x492.jpg",640,410,true],"large":["https:\/\/veritasinfo.org\/wp-content\/uploads\/2026\/01\/715739-yVlfoAw3h7.jpg",640,410,false],"1536x1536":["https:\/\/veritasinfo.org\/wp-content\/uploads\/2026\/01\/715739-yVlfoAw3h7.jpg",780,500,false],"2048x2048":["https:\/\/veritasinfo.org\/wp-content\/uploads\/2026\/01\/715739-yVlfoAw3h7.jpg",780,500,false],"kreeti-slider-full":["https:\/\/veritasinfo.org\/wp-content\/uploads\/2026\/01\/715739-yVlfoAw3h7.jpg",780,500,false],"kreeti-featured":["https:\/\/veritasinfo.org\/wp-content\/uploads\/2026\/01\/715739-yVlfoAw3h7.jpg",780,500,false],"kreeti-medium":["https:\/\/veritasinfo.org\/wp-content\/uploads\/2026\/01\/715739-yVlfoAw3h7.jpg",720,462,false],"kreeti-medium-square":["https:\/\/veritasinfo.org\/wp-content\/uploads\/2026\/01\/715739-yVlfoAw3h7.jpg",350,224,false]},"author_info":{"info":["US5"]},"category_info":"<a href=\"https:\/\/veritasinfo.org\/?cat=60\" rel=\"category\">Shoq\u00ebrore<\/a>","tag_info":"Shoq\u00ebrore","comment_count":"0","_links":{"self":[{"href":"https:\/\/veritasinfo.org\/index.php?rest_route=\/wp\/v2\/posts\/29822","targetHints":{"allow":["GET"]}}],"collection":[{"href":"https:\/\/veritasinfo.org\/index.php?rest_route=\/wp\/v2\/posts"}],"about":[{"href":"https:\/\/veritasinfo.org\/index.php?rest_route=\/wp\/v2\/types\/post"}],"author":[{"embeddable":true,"href":"https:\/\/veritasinfo.org\/index.php?rest_route=\/wp\/v2\/users\/6"}],"replies":[{"embeddable":true,"href":"https:\/\/veritasinfo.org\/index.php?rest_route=%2Fwp%2Fv2%2Fcomments&post=29822"}],"version-history":[{"count":1,"href":"https:\/\/veritasinfo.org\/index.php?rest_route=\/wp\/v2\/posts\/29822\/revisions"}],"predecessor-version":[{"id":29824,"href":"https:\/\/veritasinfo.org\/index.php?rest_route=\/wp\/v2\/posts\/29822\/revisions\/29824"}],"wp:featuredmedia":[{"embeddable":true,"href":"https:\/\/veritasinfo.org\/index.php?rest_route=\/wp\/v2\/media\/29823"}],"wp:attachment":[{"href":"https:\/\/veritasinfo.org\/index.php?rest_route=%2Fwp%2Fv2%2Fmedia&parent=29822"}],"wp:term":[{"taxonomy":"category","embeddable":true,"href":"https:\/\/veritasinfo.org\/index.php?rest_route=%2Fwp%2Fv2%2Fcategories&post=29822"},{"taxonomy":"post_tag","embeddable":true,"href":"https:\/\/veritasinfo.org\/index.php?rest_route=%2Fwp%2Fv2%2Ftags&post=29822"}],"curies":[{"name":"wp","href":"https:\/\/api.w.org\/{rel}","templated":true}]}}