{"id":29812,"date":"2026-01-30T14:09:41","date_gmt":"2026-01-30T13:09:41","guid":{"rendered":"https:\/\/veritasinfo.org\/?p=29812"},"modified":"2026-01-30T14:09:41","modified_gmt":"2026-01-30T13:09:41","slug":"shorti-i-champions-it-benfica-e-mourinhos-serish-sfidon-real-madridin","status":"publish","type":"post","link":"https:\/\/veritasinfo.org\/?p=29812","title":{"rendered":"Shorti i Champions-it: Benfica e Mourinhos s\u00ebrish sfidon Real Madridin"},"content":{"rendered":"<p>Prishtin\u00eb, 30 janar 2026 14:08<\/p>\n<p>N\u00eb Nyon \u00ebsht\u00eb t\u00ebrhequr shorti p\u00ebr garat e play-off-it n\u00eb Lig\u00ebn e Kampion\u00ebve.<\/p>\n<p>16-t\u00eb skuadrat q\u00eb synojn\u00eb kalimin n\u00eb faz\u00ebn tjet\u00ebr t\u00eb garave n\u00eb elit\u00ebn e futbollit evropian, tashm\u00eb kan\u00eb m\u00ebsuar kund\u00ebrshtar\u00ebt e radh\u00ebs.<\/p>\n<p>Sfida kryesore e k\u00ebtij rrethi pritet t\u00eb jet\u00eb p\u00ebrballja mes Benfic\u00ebs s\u00eb Jose Mourinhos dhe Real Madridit. Kujtojm\u00eb se dy dit\u00eb m\u00eb par\u00eb skuadra portugezi pas nj\u00eb sfid\u00eb t\u00eb \u00e7mendur mundi Realin, duke siguruar kualifikimin n\u00eb faz\u00ebn e play-off-it.<\/p>\n<p>Duel josh\u00ebse pitet t\u00eb jet\u00eb edhe ballafaqimi mes Galatasarayt dhe Juventusit, derisa edhe sfida tjera premtojn\u00eb p\u00ebrballje t\u00eb forta.<\/p>\n<p>Ndeshjet e para do t\u00eb luhen me 17-18 shkurt.<\/p>\n<p>N\u00eb duelet e play-off-it takohen:<\/p>\n<p>Benfica-Real Madrid<\/p>\n<p>Bodo-Glimt-Inter<\/p>\n<p>Monaco-Paris<\/p>\n<p>Qarabag-Newcastle<\/p>\n<p>Galatasaray-Juventus<\/p>\n<p>Clube Brugge-Atletico Madrid<\/p>\n<p>Borussia Dortmund-Atalanta<\/p>\n<p>Olympiacos-Leverkusen<\/p>\n","protected":false},"excerpt":{"rendered":"<p>Prishtin\u00eb, 30 janar 2026 14:08 N\u00eb Nyon \u00ebsht\u00eb t\u00ebrhequr shorti p\u00ebr garat e play-off-it n\u00eb Lig\u00ebn e Kampion\u00ebve. 16-t\u00eb skuadrat q\u00eb synojn\u00eb kalimin n\u00eb faz\u00ebn<\/p>\n","protected":false},"author":7,"featured_media":29813,"comment_status":"open","ping_status":"open","sticky":false,"template":"","format":"standard","meta":{"footnotes":""},"categories":[5],"tags":[],"class_list":["post-29812","post","type-post","status-publish","format-standard","has-post-thumbnail","hentry","category-sport-sq"],"yoast_head":"<!-- This site is optimized with the Yoast SEO plugin v25.3.1 - https:\/\/yoast.com\/wordpress\/plugins\/seo\/ -->\n<title>Shorti i Champions-it: Benfica e Mourinhos s\u00ebrish sfidon Real Madridin -<\/title>\n<meta name=\"robots\" content=\"index, follow, max-snippet:-1, max-image-preview:large, max-video-preview:-1\" \/>\n<link rel=\"canonical\" href=\"https:\/\/veritasinfo.org\/?p=29812\" \/>\n<meta property=\"og:locale\" content=\"en_US\" \/>\n<meta property=\"og:type\" content=\"article\" \/>\n<meta property=\"og:title\" content=\"Shorti i Champions-it: Benfica e Mourinhos s\u00ebrish sfidon Real Madridin -\" \/>\n<meta property=\"og:description\" content=\"Prishtin\u00eb, 30 janar 2026 14:08 N\u00eb Nyon \u00ebsht\u00eb t\u00ebrhequr shorti p\u00ebr garat e play-off-it n\u00eb Lig\u00ebn e Kampion\u00ebve. 16-t\u00eb skuadrat q\u00eb synojn\u00eb kalimin n\u00eb faz\u00ebn\" \/>\n<meta property=\"og:url\" content=\"https:\/\/veritasinfo.org\/?p=29812\" \/>\n<meta property=\"article:published_time\" content=\"2026-01-30T13:09:41+00:00\" \/>\n<meta property=\"og:image\" content=\"https:\/\/veritasinfo.org\/wp-content\/uploads\/2026\/01\/715732-Ch5TEX2sO8.jpg\" \/>\n\t<meta property=\"og:image:width\" content=\"780\" \/>\n\t<meta property=\"og:image:height\" content=\"500\" \/>\n\t<meta property=\"og:image:type\" content=\"image\/jpeg\" \/>\n<meta name=\"author\" content=\"US6\" \/>\n<meta name=\"twitter:card\" content=\"summary_large_image\" \/>\n<meta name=\"twitter:label1\" content=\"Written by\" \/>\n\t<meta name=\"twitter:data1\" content=\"US6\" \/>\n\t<meta name=\"twitter:label2\" content=\"Est. reading time\" \/>\n\t<meta name=\"twitter:data2\" content=\"1 minute\" \/>\n<script type=\"application\/ld+json\" class=\"yoast-schema-graph\">{\"@context\":\"https:\/\/schema.org\",\"@graph\":[{\"@type\":\"WebPage\",\"@id\":\"https:\/\/veritasinfo.org\/?p=29812\",\"url\":\"https:\/\/veritasinfo.org\/?p=29812\",\"name\":\"Shorti i Champions-it: Benfica e Mourinhos s\u00ebrish sfidon Real Madridin -\",\"isPartOf\":{\"@id\":\"https:\/\/veritasinfo.org\/#website\"},\"primaryImageOfPage\":{\"@id\":\"https:\/\/veritasinfo.org\/?p=29812#primaryimage\"},\"image\":{\"@id\":\"https:\/\/veritasinfo.org\/?p=29812#primaryimage\"},\"thumbnailUrl\":\"https:\/\/veritasinfo.org\/wp-content\/uploads\/2026\/01\/715732-Ch5TEX2sO8.jpg\",\"datePublished\":\"2026-01-30T13:09:41+00:00\",\"author\":{\"@id\":\"https:\/\/veritasinfo.org\/#\/schema\/person\/fe199eede04c3937362892b7444747cc\"},\"breadcrumb\":{\"@id\":\"https:\/\/veritasinfo.org\/?p=29812#breadcrumb\"},\"inLanguage\":\"en-US\",\"potentialAction\":[{\"@type\":\"ReadAction\",\"target\":[\"https:\/\/veritasinfo.org\/?p=29812\"]}]},{\"@type\":\"ImageObject\",\"inLanguage\":\"en-US\",\"@id\":\"https:\/\/veritasinfo.org\/?p=29812#primaryimage\",\"url\":\"https:\/\/veritasinfo.org\/wp-content\/uploads\/2026\/01\/715732-Ch5TEX2sO8.jpg\",\"contentUrl\":\"https:\/\/veritasinfo.org\/wp-content\/uploads\/2026\/01\/715732-Ch5TEX2sO8.jpg\",\"width\":780,\"height\":500},{\"@type\":\"BreadcrumbList\",\"@id\":\"https:\/\/veritasinfo.org\/?p=29812#breadcrumb\",\"itemListElement\":[{\"@type\":\"ListItem\",\"position\":1,\"name\":\"Home\",\"item\":\"https:\/\/veritasinfo.org\/\"},{\"@type\":\"ListItem\",\"position\":2,\"name\":\"Shorti i Champions-it: Benfica e Mourinhos s\u00ebrish sfidon Real Madridin\"}]},{\"@type\":\"WebSite\",\"@id\":\"https:\/\/veritasinfo.org\/#website\",\"url\":\"https:\/\/veritasinfo.org\/\",\"name\":\"\",\"description\":\"\",\"potentialAction\":[{\"@type\":\"SearchAction\",\"target\":{\"@type\":\"EntryPoint\",\"urlTemplate\":\"https:\/\/veritasinfo.org\/?s={search_term_string}\"},\"query-input\":{\"@type\":\"PropertyValueSpecification\",\"valueRequired\":true,\"valueName\":\"search_term_string\"}}],\"inLanguage\":\"en-US\"},{\"@type\":\"Person\",\"@id\":\"https:\/\/veritasinfo.org\/#\/schema\/person\/fe199eede04c3937362892b7444747cc\",\"name\":\"US6\",\"image\":{\"@type\":\"ImageObject\",\"inLanguage\":\"en-US\",\"@id\":\"https:\/\/veritasinfo.org\/#\/schema\/person\/image\/\",\"url\":\"https:\/\/secure.gravatar.com\/avatar\/cb16c3c31c9d23b9b8c705964598220b3014e42ff51eb540ff23cefa3ae8c15f?s=96&d=mm&r=g\",\"contentUrl\":\"https:\/\/secure.gravatar.com\/avatar\/cb16c3c31c9d23b9b8c705964598220b3014e42ff51eb540ff23cefa3ae8c15f?s=96&d=mm&r=g\",\"caption\":\"US6\"},\"url\":\"https:\/\/veritasinfo.org\/?author=7\"}]}<\/script>\n<!-- \/ Yoast SEO plugin. -->","yoast_head_json":{"title":"Shorti i Champions-it: Benfica e Mourinhos s\u00ebrish sfidon Real Madridin -","robots":{"index":"index","follow":"follow","max-snippet":"max-snippet:-1","max-image-preview":"max-image-preview:large","max-video-preview":"max-video-preview:-1"},"canonical":"https:\/\/veritasinfo.org\/?p=29812","og_locale":"en_US","og_type":"article","og_title":"Shorti i Champions-it: Benfica e Mourinhos s\u00ebrish sfidon Real Madridin -","og_description":"Prishtin\u00eb, 30 janar 2026 14:08 N\u00eb Nyon \u00ebsht\u00eb t\u00ebrhequr shorti p\u00ebr garat e play-off-it n\u00eb Lig\u00ebn e Kampion\u00ebve. 16-t\u00eb skuadrat q\u00eb synojn\u00eb kalimin n\u00eb faz\u00ebn","og_url":"https:\/\/veritasinfo.org\/?p=29812","article_published_time":"2026-01-30T13:09:41+00:00","og_image":[{"width":780,"height":500,"url":"https:\/\/veritasinfo.org\/wp-content\/uploads\/2026\/01\/715732-Ch5TEX2sO8.jpg","type":"image\/jpeg"}],"author":"US6","twitter_card":"summary_large_image","twitter_misc":{"Written by":"US6","Est. reading time":"1 minute"},"schema":{"@context":"https:\/\/schema.org","@graph":[{"@type":"WebPage","@id":"https:\/\/veritasinfo.org\/?p=29812","url":"https:\/\/veritasinfo.org\/?p=29812","name":"Shorti i Champions-it: Benfica e Mourinhos s\u00ebrish sfidon Real Madridin -","isPartOf":{"@id":"https:\/\/veritasinfo.org\/#website"},"primaryImageOfPage":{"@id":"https:\/\/veritasinfo.org\/?p=29812#primaryimage"},"image":{"@id":"https:\/\/veritasinfo.org\/?p=29812#primaryimage"},"thumbnailUrl":"https:\/\/veritasinfo.org\/wp-content\/uploads\/2026\/01\/715732-Ch5TEX2sO8.jpg","datePublished":"2026-01-30T13:09:41+00:00","author":{"@id":"https:\/\/veritasinfo.org\/#\/schema\/person\/fe199eede04c3937362892b7444747cc"},"breadcrumb":{"@id":"https:\/\/veritasinfo.org\/?p=29812#breadcrumb"},"inLanguage":"en-US","potentialAction":[{"@type":"ReadAction","target":["https:\/\/veritasinfo.org\/?p=29812"]}]},{"@type":"ImageObject","inLanguage":"en-US","@id":"https:\/\/veritasinfo.org\/?p=29812#primaryimage","url":"https:\/\/veritasinfo.org\/wp-content\/uploads\/2026\/01\/715732-Ch5TEX2sO8.jpg","contentUrl":"https:\/\/veritasinfo.org\/wp-content\/uploads\/2026\/01\/715732-Ch5TEX2sO8.jpg","width":780,"height":500},{"@type":"BreadcrumbList","@id":"https:\/\/veritasinfo.org\/?p=29812#breadcrumb","itemListElement":[{"@type":"ListItem","position":1,"name":"Home","item":"https:\/\/veritasinfo.org\/"},{"@type":"ListItem","position":2,"name":"Shorti i Champions-it: Benfica e Mourinhos s\u00ebrish sfidon Real Madridin"}]},{"@type":"WebSite","@id":"https:\/\/veritasinfo.org\/#website","url":"https:\/\/veritasinfo.org\/","name":"","description":"","potentialAction":[{"@type":"SearchAction","target":{"@type":"EntryPoint","urlTemplate":"https:\/\/veritasinfo.org\/?s={search_term_string}"},"query-input":{"@type":"PropertyValueSpecification","valueRequired":true,"valueName":"search_term_string"}}],"inLanguage":"en-US"},{"@type":"Person","@id":"https:\/\/veritasinfo.org\/#\/schema\/person\/fe199eede04c3937362892b7444747cc","name":"US6","image":{"@type":"ImageObject","inLanguage":"en-US","@id":"https:\/\/veritasinfo.org\/#\/schema\/person\/image\/","url":"https:\/\/secure.gravatar.com\/avatar\/cb16c3c31c9d23b9b8c705964598220b3014e42ff51eb540ff23cefa3ae8c15f?s=96&d=mm&r=g","contentUrl":"https:\/\/secure.gravatar.com\/avatar\/cb16c3c31c9d23b9b8c705964598220b3014e42ff51eb540ff23cefa3ae8c15f?s=96&d=mm&r=g","caption":"US6"},"url":"https:\/\/veritasinfo.org\/?author=7"}]}},"featured_image_urls":{"full":["https:\/\/veritasinfo.org\/wp-content\/uploads\/2026\/01\/715732-Ch5TEX2sO8.jpg",780,500,false],"thumbnail":["https:\/\/veritasinfo.org\/wp-content\/uploads\/2026\/01\/715732-Ch5TEX2sO8-150x150.jpg",150,150,true],"medium":["https:\/\/veritasinfo.org\/wp-content\/uploads\/2026\/01\/715732-Ch5TEX2sO8-300x192.jpg",300,192,true],"medium_large":["https:\/\/veritasinfo.org\/wp-content\/uploads\/2026\/01\/715732-Ch5TEX2sO8-768x492.jpg",640,410,true],"large":["https:\/\/veritasinfo.org\/wp-content\/uploads\/2026\/01\/715732-Ch5TEX2sO8.jpg",640,410,false],"1536x1536":["https:\/\/veritasinfo.org\/wp-content\/uploads\/2026\/01\/715732-Ch5TEX2sO8.jpg",780,500,false],"2048x2048":["https:\/\/veritasinfo.org\/wp-content\/uploads\/2026\/01\/715732-Ch5TEX2sO8.jpg",780,500,false],"kreeti-slider-full":["https:\/\/veritasinfo.org\/wp-content\/uploads\/2026\/01\/715732-Ch5TEX2sO8.jpg",780,500,false],"kreeti-featured":["https:\/\/veritasinfo.org\/wp-content\/uploads\/2026\/01\/715732-Ch5TEX2sO8.jpg",780,500,false],"kreeti-medium":["https:\/\/veritasinfo.org\/wp-content\/uploads\/2026\/01\/715732-Ch5TEX2sO8.jpg",720,462,false],"kreeti-medium-square":["https:\/\/veritasinfo.org\/wp-content\/uploads\/2026\/01\/715732-Ch5TEX2sO8.jpg",350,224,false]},"author_info":{"info":["US6"]},"category_info":"<a href=\"https:\/\/veritasinfo.org\/?cat=5\" rel=\"category\">Sport<\/a>","tag_info":"Sport","comment_count":"0","_links":{"self":[{"href":"https:\/\/veritasinfo.org\/index.php?rest_route=\/wp\/v2\/posts\/29812","targetHints":{"allow":["GET"]}}],"collection":[{"href":"https:\/\/veritasinfo.org\/index.php?rest_route=\/wp\/v2\/posts"}],"about":[{"href":"https:\/\/veritasinfo.org\/index.php?rest_route=\/wp\/v2\/types\/post"}],"author":[{"embeddable":true,"href":"https:\/\/veritasinfo.org\/index.php?rest_route=\/wp\/v2\/users\/7"}],"replies":[{"embeddable":true,"href":"https:\/\/veritasinfo.org\/index.php?rest_route=%2Fwp%2Fv2%2Fcomments&post=29812"}],"version-history":[{"count":1,"href":"https:\/\/veritasinfo.org\/index.php?rest_route=\/wp\/v2\/posts\/29812\/revisions"}],"predecessor-version":[{"id":29815,"href":"https:\/\/veritasinfo.org\/index.php?rest_route=\/wp\/v2\/posts\/29812\/revisions\/29815"}],"wp:featuredmedia":[{"embeddable":true,"href":"https:\/\/veritasinfo.org\/index.php?rest_route=\/wp\/v2\/media\/29813"}],"wp:attachment":[{"href":"https:\/\/veritasinfo.org\/index.php?rest_route=%2Fwp%2Fv2%2Fmedia&parent=29812"}],"wp:term":[{"taxonomy":"category","embeddable":true,"href":"https:\/\/veritasinfo.org\/index.php?rest_route=%2Fwp%2Fv2%2Fcategories&post=29812"},{"taxonomy":"post_tag","embeddable":true,"href":"https:\/\/veritasinfo.org\/index.php?rest_route=%2Fwp%2Fv2%2Ftags&post=29812"}],"curies":[{"name":"wp","href":"https:\/\/api.w.org\/{rel}","templated":true}]}}