{"id":29806,"date":"2026-01-30T14:00:00","date_gmt":"2026-01-30T13:00:00","guid":{"rendered":"https:\/\/veritasinfo.org\/?p=29806"},"modified":"2026-01-30T14:01:46","modified_gmt":"2026-01-30T13:01:46","slug":"kurti-kosova-deshiron-te-kontribuoje-per-paqe-kudo-qe-te-kete-nevoje","status":"publish","type":"post","link":"https:\/\/veritasinfo.org\/?p=29806","title":{"rendered":"Kurti: Kosova d\u00ebshiron t\u00eb kontribuoj\u00eb p\u00ebr paqe kudo q\u00eb t\u00eb ket\u00eb nevoj\u00eb"},"content":{"rendered":"<p>Prishtin\u00eb 30 Janar 2026 13 :58<\/p>\n<p>Kryeministri i vendit, Albin Kurti sot para gazetar\u00ebve \u00ebsht\u00eb deklaruar lidhur me pjes\u00ebmarrjen e Kosov\u00ebs n\u00eb Bordin e Paqes.<\/p>\n<p>Ai theksoi se Kosova d\u00ebshiron t\u00eb kontribuoj\u00eb p\u00ebr paqe kudo q\u00eb t\u00eb ket\u00eb nevoj\u00eb.<\/p>\n<p>\u201cNe kemi filluar s\u00eb pari me pjes\u00ebmarrjen ton\u00eb n\u00eb Forc\u00ebn nd\u00ebrkomb\u00ebtare stabilizuese p\u00ebr Gaza dhe aty un\u00eb e di q\u00eb Kosova \u00ebsht\u00eb p\u00ebrfaq\u00ebsuar n\u00eb konferenc\u00ebn n\u00eb Doha n\u00eb Katar nga gjenerallejt\u00ebnant, komandanti i FSK-s\u00eb, Bashkim Jashari. Pra, ne kemi shprehur si Republik\u00eb e Kosov\u00ebs gatishm\u00ebrin\u00eb ton\u00eb q\u00eb t\u00eb marrim pjes\u00eb n\u00eb k\u00ebt\u00eb Forc\u00ebn stabilizuese nd\u00ebrkomb\u00ebtare, ku natyrisht FSK \u00ebsht\u00eb e mir\u00ebnjohur tashm\u00eb p\u00ebr k\u00ebrkim-shp\u00ebtim dhe deminim, por jo vet\u00ebm&#8230;&#8221;, tha ai.<\/p>\n<p>Kurti tutje shtoi se meqen\u00ebse do t\u00eb marrin pjes\u00eb n\u00eb Forc\u00ebn Stabilizuese nd\u00ebrkomb\u00ebtar, kan\u00eb qen\u00eb t\u00eb interesuar q\u00eb t\u00eb marrim pjes\u00eb edhe n\u00eb organet vendimmarr\u00ebse politike p\u00ebr at\u00eb Forc\u00eb stabilizuese nd\u00ebrkomb\u00ebtare.<\/p>\n<p>P\u00ebrfshirja e Kosov\u00ebs n\u00eb Bordin e Paqes, takimi me Trump dhe fuqizimi i shtetit \u2013 pikat kryesore nga intervista me presidenten Osmani<\/p>\n<p>&#8220;&#8230; Un\u00eb jam kryeminist\u00ebr n\u00eb detyr\u00eb, un\u00eb ende nuk jam n\u00eb mandatin tim t\u00eb tret\u00eb, por kudo q\u00eb ka nevoj\u00eb p\u00ebr paqe n\u00eb bot\u00eb ne d\u00ebshirojm\u00eb t\u00eb kontribuojm\u00eb sepse kemi qen\u00eb p\u00ebrfitues t\u00eb paqes n\u00eb vendin ton\u00eb n\u00ebp\u00ebrmjet forcave nd\u00ebrkomb\u00ebtare, andaj tash duam q\u00eb t\u00eb marrim pjes\u00eb me forcat dhe kapacitetet tona edhe n\u00eb paqe n\u00eb vendet t\u00eb ndryshme&#8230;\u201d, u shpreh ai, <\/p>\n","protected":false},"excerpt":{"rendered":"<p>Prishtin\u00eb 30 Janar 2026 13 :58 Kryeministri i vendit, Albin Kurti sot para gazetar\u00ebve \u00ebsht\u00eb deklaruar lidhur me pjes\u00ebmarrjen e Kosov\u00ebs n\u00eb Bordin e Paqes.<\/p>\n","protected":false},"author":6,"featured_media":29807,"comment_status":"open","ping_status":"open","sticky":false,"template":"","format":"standard","meta":{"footnotes":""},"categories":[60],"tags":[],"class_list":["post-29806","post","type-post","status-publish","format-standard","has-post-thumbnail","hentry","category-shoqerore-sq"],"yoast_head":"<!-- This site is optimized with the Yoast SEO plugin v25.3.1 - https:\/\/yoast.com\/wordpress\/plugins\/seo\/ -->\n<title>Kurti: Kosova d\u00ebshiron t\u00eb kontribuoj\u00eb p\u00ebr paqe kudo q\u00eb t\u00eb ket\u00eb nevoj\u00eb -<\/title>\n<meta name=\"robots\" content=\"index, follow, max-snippet:-1, max-image-preview:large, max-video-preview:-1\" \/>\n<link rel=\"canonical\" href=\"https:\/\/veritasinfo.org\/?p=29806\" \/>\n<meta property=\"og:locale\" content=\"en_US\" \/>\n<meta property=\"og:type\" content=\"article\" \/>\n<meta property=\"og:title\" content=\"Kurti: Kosova d\u00ebshiron t\u00eb kontribuoj\u00eb p\u00ebr paqe kudo q\u00eb t\u00eb ket\u00eb nevoj\u00eb -\" \/>\n<meta property=\"og:description\" content=\"Prishtin\u00eb 30 Janar 2026 13 :58 Kryeministri i vendit, Albin Kurti sot para gazetar\u00ebve \u00ebsht\u00eb deklaruar lidhur me pjes\u00ebmarrjen e Kosov\u00ebs n\u00eb Bordin e Paqes.\" \/>\n<meta property=\"og:url\" content=\"https:\/\/veritasinfo.org\/?p=29806\" \/>\n<meta property=\"article:published_time\" content=\"2026-01-30T13:00:00+00:00\" \/>\n<meta property=\"article:modified_time\" content=\"2026-01-30T13:01:46+00:00\" \/>\n<meta property=\"og:image\" content=\"https:\/\/veritasinfo.org\/wp-content\/uploads\/2026\/01\/image-14.webp\" \/>\n\t<meta property=\"og:image:width\" content=\"1245\" \/>\n\t<meta property=\"og:image:height\" content=\"700\" \/>\n\t<meta property=\"og:image:type\" content=\"image\/webp\" \/>\n<meta name=\"author\" content=\"US5\" \/>\n<meta name=\"twitter:card\" content=\"summary_large_image\" \/>\n<meta name=\"twitter:label1\" content=\"Written by\" \/>\n\t<meta name=\"twitter:data1\" content=\"US5\" \/>\n\t<meta name=\"twitter:label2\" content=\"Est. reading time\" \/>\n\t<meta name=\"twitter:data2\" content=\"2 minutes\" \/>\n<script type=\"application\/ld+json\" class=\"yoast-schema-graph\">{\"@context\":\"https:\/\/schema.org\",\"@graph\":[{\"@type\":\"WebPage\",\"@id\":\"https:\/\/veritasinfo.org\/?p=29806\",\"url\":\"https:\/\/veritasinfo.org\/?p=29806\",\"name\":\"Kurti: Kosova d\u00ebshiron t\u00eb kontribuoj\u00eb p\u00ebr paqe kudo q\u00eb t\u00eb ket\u00eb nevoj\u00eb -\",\"isPartOf\":{\"@id\":\"https:\/\/veritasinfo.org\/#website\"},\"primaryImageOfPage\":{\"@id\":\"https:\/\/veritasinfo.org\/?p=29806#primaryimage\"},\"image\":{\"@id\":\"https:\/\/veritasinfo.org\/?p=29806#primaryimage\"},\"thumbnailUrl\":\"https:\/\/veritasinfo.org\/wp-content\/uploads\/2026\/01\/image-14.webp\",\"datePublished\":\"2026-01-30T13:00:00+00:00\",\"dateModified\":\"2026-01-30T13:01:46+00:00\",\"author\":{\"@id\":\"https:\/\/veritasinfo.org\/#\/schema\/person\/bc442336e35414d04494ab8fb45db4c6\"},\"breadcrumb\":{\"@id\":\"https:\/\/veritasinfo.org\/?p=29806#breadcrumb\"},\"inLanguage\":\"en-US\",\"potentialAction\":[{\"@type\":\"ReadAction\",\"target\":[\"https:\/\/veritasinfo.org\/?p=29806\"]}]},{\"@type\":\"ImageObject\",\"inLanguage\":\"en-US\",\"@id\":\"https:\/\/veritasinfo.org\/?p=29806#primaryimage\",\"url\":\"https:\/\/veritasinfo.org\/wp-content\/uploads\/2026\/01\/image-14.webp\",\"contentUrl\":\"https:\/\/veritasinfo.org\/wp-content\/uploads\/2026\/01\/image-14.webp\",\"width\":1245,\"height\":700},{\"@type\":\"BreadcrumbList\",\"@id\":\"https:\/\/veritasinfo.org\/?p=29806#breadcrumb\",\"itemListElement\":[{\"@type\":\"ListItem\",\"position\":1,\"name\":\"Home\",\"item\":\"https:\/\/veritasinfo.org\/\"},{\"@type\":\"ListItem\",\"position\":2,\"name\":\"Kurti: Kosova d\u00ebshiron t\u00eb kontribuoj\u00eb p\u00ebr paqe kudo q\u00eb t\u00eb ket\u00eb nevoj\u00eb\"}]},{\"@type\":\"WebSite\",\"@id\":\"https:\/\/veritasinfo.org\/#website\",\"url\":\"https:\/\/veritasinfo.org\/\",\"name\":\"\",\"description\":\"\",\"potentialAction\":[{\"@type\":\"SearchAction\",\"target\":{\"@type\":\"EntryPoint\",\"urlTemplate\":\"https:\/\/veritasinfo.org\/?s={search_term_string}\"},\"query-input\":{\"@type\":\"PropertyValueSpecification\",\"valueRequired\":true,\"valueName\":\"search_term_string\"}}],\"inLanguage\":\"en-US\"},{\"@type\":\"Person\",\"@id\":\"https:\/\/veritasinfo.org\/#\/schema\/person\/bc442336e35414d04494ab8fb45db4c6\",\"name\":\"US5\",\"image\":{\"@type\":\"ImageObject\",\"inLanguage\":\"en-US\",\"@id\":\"https:\/\/veritasinfo.org\/#\/schema\/person\/image\/\",\"url\":\"https:\/\/secure.gravatar.com\/avatar\/16a61e7272a0c5d001121ebb9e60e925d5816e4ac1e443ed3e640d9a6ae55d0c?s=96&d=mm&r=g\",\"contentUrl\":\"https:\/\/secure.gravatar.com\/avatar\/16a61e7272a0c5d001121ebb9e60e925d5816e4ac1e443ed3e640d9a6ae55d0c?s=96&d=mm&r=g\",\"caption\":\"US5\"},\"url\":\"https:\/\/veritasinfo.org\/?author=6\"}]}<\/script>\n<!-- \/ Yoast SEO plugin. -->","yoast_head_json":{"title":"Kurti: Kosova d\u00ebshiron t\u00eb kontribuoj\u00eb p\u00ebr paqe kudo q\u00eb t\u00eb ket\u00eb nevoj\u00eb -","robots":{"index":"index","follow":"follow","max-snippet":"max-snippet:-1","max-image-preview":"max-image-preview:large","max-video-preview":"max-video-preview:-1"},"canonical":"https:\/\/veritasinfo.org\/?p=29806","og_locale":"en_US","og_type":"article","og_title":"Kurti: Kosova d\u00ebshiron t\u00eb kontribuoj\u00eb p\u00ebr paqe kudo q\u00eb t\u00eb ket\u00eb nevoj\u00eb -","og_description":"Prishtin\u00eb 30 Janar 2026 13 :58 Kryeministri i vendit, Albin Kurti sot para gazetar\u00ebve \u00ebsht\u00eb deklaruar lidhur me pjes\u00ebmarrjen e Kosov\u00ebs n\u00eb Bordin e Paqes.","og_url":"https:\/\/veritasinfo.org\/?p=29806","article_published_time":"2026-01-30T13:00:00+00:00","article_modified_time":"2026-01-30T13:01:46+00:00","og_image":[{"width":1245,"height":700,"url":"https:\/\/veritasinfo.org\/wp-content\/uploads\/2026\/01\/image-14.webp","type":"image\/webp"}],"author":"US5","twitter_card":"summary_large_image","twitter_misc":{"Written by":"US5","Est. reading time":"2 minutes"},"schema":{"@context":"https:\/\/schema.org","@graph":[{"@type":"WebPage","@id":"https:\/\/veritasinfo.org\/?p=29806","url":"https:\/\/veritasinfo.org\/?p=29806","name":"Kurti: Kosova d\u00ebshiron t\u00eb kontribuoj\u00eb p\u00ebr paqe kudo q\u00eb t\u00eb ket\u00eb nevoj\u00eb -","isPartOf":{"@id":"https:\/\/veritasinfo.org\/#website"},"primaryImageOfPage":{"@id":"https:\/\/veritasinfo.org\/?p=29806#primaryimage"},"image":{"@id":"https:\/\/veritasinfo.org\/?p=29806#primaryimage"},"thumbnailUrl":"https:\/\/veritasinfo.org\/wp-content\/uploads\/2026\/01\/image-14.webp","datePublished":"2026-01-30T13:00:00+00:00","dateModified":"2026-01-30T13:01:46+00:00","author":{"@id":"https:\/\/veritasinfo.org\/#\/schema\/person\/bc442336e35414d04494ab8fb45db4c6"},"breadcrumb":{"@id":"https:\/\/veritasinfo.org\/?p=29806#breadcrumb"},"inLanguage":"en-US","potentialAction":[{"@type":"ReadAction","target":["https:\/\/veritasinfo.org\/?p=29806"]}]},{"@type":"ImageObject","inLanguage":"en-US","@id":"https:\/\/veritasinfo.org\/?p=29806#primaryimage","url":"https:\/\/veritasinfo.org\/wp-content\/uploads\/2026\/01\/image-14.webp","contentUrl":"https:\/\/veritasinfo.org\/wp-content\/uploads\/2026\/01\/image-14.webp","width":1245,"height":700},{"@type":"BreadcrumbList","@id":"https:\/\/veritasinfo.org\/?p=29806#breadcrumb","itemListElement":[{"@type":"ListItem","position":1,"name":"Home","item":"https:\/\/veritasinfo.org\/"},{"@type":"ListItem","position":2,"name":"Kurti: Kosova d\u00ebshiron t\u00eb kontribuoj\u00eb p\u00ebr paqe kudo q\u00eb t\u00eb ket\u00eb nevoj\u00eb"}]},{"@type":"WebSite","@id":"https:\/\/veritasinfo.org\/#website","url":"https:\/\/veritasinfo.org\/","name":"","description":"","potentialAction":[{"@type":"SearchAction","target":{"@type":"EntryPoint","urlTemplate":"https:\/\/veritasinfo.org\/?s={search_term_string}"},"query-input":{"@type":"PropertyValueSpecification","valueRequired":true,"valueName":"search_term_string"}}],"inLanguage":"en-US"},{"@type":"Person","@id":"https:\/\/veritasinfo.org\/#\/schema\/person\/bc442336e35414d04494ab8fb45db4c6","name":"US5","image":{"@type":"ImageObject","inLanguage":"en-US","@id":"https:\/\/veritasinfo.org\/#\/schema\/person\/image\/","url":"https:\/\/secure.gravatar.com\/avatar\/16a61e7272a0c5d001121ebb9e60e925d5816e4ac1e443ed3e640d9a6ae55d0c?s=96&d=mm&r=g","contentUrl":"https:\/\/secure.gravatar.com\/avatar\/16a61e7272a0c5d001121ebb9e60e925d5816e4ac1e443ed3e640d9a6ae55d0c?s=96&d=mm&r=g","caption":"US5"},"url":"https:\/\/veritasinfo.org\/?author=6"}]}},"featured_image_urls":{"full":["https:\/\/veritasinfo.org\/wp-content\/uploads\/2026\/01\/image-14.webp",1245,700,false],"thumbnail":["https:\/\/veritasinfo.org\/wp-content\/uploads\/2026\/01\/image-14-150x150.webp",150,150,true],"medium":["https:\/\/veritasinfo.org\/wp-content\/uploads\/2026\/01\/image-14-300x169.webp",300,169,true],"medium_large":["https:\/\/veritasinfo.org\/wp-content\/uploads\/2026\/01\/image-14-768x432.webp",640,360,true],"large":["https:\/\/veritasinfo.org\/wp-content\/uploads\/2026\/01\/image-14-1024x576.webp",640,360,true],"1536x1536":["https:\/\/veritasinfo.org\/wp-content\/uploads\/2026\/01\/image-14.webp",1245,700,false],"2048x2048":["https:\/\/veritasinfo.org\/wp-content\/uploads\/2026\/01\/image-14.webp",1245,700,false],"kreeti-slider-full":["https:\/\/veritasinfo.org\/wp-content\/uploads\/2026\/01\/image-14.webp",1245,700,false],"kreeti-featured":["https:\/\/veritasinfo.org\/wp-content\/uploads\/2026\/01\/image-14.webp",1024,576,false],"kreeti-medium":["https:\/\/veritasinfo.org\/wp-content\/uploads\/2026\/01\/image-14.webp",720,405,false],"kreeti-medium-square":["https:\/\/veritasinfo.org\/wp-content\/uploads\/2026\/01\/image-14.webp",350,197,false]},"author_info":{"info":["US5"]},"category_info":"<a href=\"https:\/\/veritasinfo.org\/?cat=60\" rel=\"category\">Shoq\u00ebrore<\/a>","tag_info":"Shoq\u00ebrore","comment_count":"0","_links":{"self":[{"href":"https:\/\/veritasinfo.org\/index.php?rest_route=\/wp\/v2\/posts\/29806","targetHints":{"allow":["GET"]}}],"collection":[{"href":"https:\/\/veritasinfo.org\/index.php?rest_route=\/wp\/v2\/posts"}],"about":[{"href":"https:\/\/veritasinfo.org\/index.php?rest_route=\/wp\/v2\/types\/post"}],"author":[{"embeddable":true,"href":"https:\/\/veritasinfo.org\/index.php?rest_route=\/wp\/v2\/users\/6"}],"replies":[{"embeddable":true,"href":"https:\/\/veritasinfo.org\/index.php?rest_route=%2Fwp%2Fv2%2Fcomments&post=29806"}],"version-history":[{"count":2,"href":"https:\/\/veritasinfo.org\/index.php?rest_route=\/wp\/v2\/posts\/29806\/revisions"}],"predecessor-version":[{"id":29811,"href":"https:\/\/veritasinfo.org\/index.php?rest_route=\/wp\/v2\/posts\/29806\/revisions\/29811"}],"wp:featuredmedia":[{"embeddable":true,"href":"https:\/\/veritasinfo.org\/index.php?rest_route=\/wp\/v2\/media\/29807"}],"wp:attachment":[{"href":"https:\/\/veritasinfo.org\/index.php?rest_route=%2Fwp%2Fv2%2Fmedia&parent=29806"}],"wp:term":[{"taxonomy":"category","embeddable":true,"href":"https:\/\/veritasinfo.org\/index.php?rest_route=%2Fwp%2Fv2%2Fcategories&post=29806"},{"taxonomy":"post_tag","embeddable":true,"href":"https:\/\/veritasinfo.org\/index.php?rest_route=%2Fwp%2Fv2%2Ftags&post=29806"}],"curies":[{"name":"wp","href":"https:\/\/api.w.org\/{rel}","templated":true}]}}