{"id":29798,"date":"2026-01-30T12:17:21","date_gmt":"2026-01-30T11:17:21","guid":{"rendered":"https:\/\/veritasinfo.org\/?p=29798"},"modified":"2026-01-30T12:18:50","modified_gmt":"2026-01-30T11:18:50","slug":"kurti-kemi-nevoje-per-bashkepunim-me-opoziten-per-presidentin-ne-kemi-interesim","status":"publish","type":"post","link":"https:\/\/veritasinfo.org\/?p=29798","title":{"rendered":"Kurti: Kemi nevoj\u00eb p\u00ebr bashk\u00ebpunim me opozit\u00ebn p\u00ebr presidentin, ne kemi interesim"},"content":{"rendered":"<p>Prishtin\u00eb 30 Janar 2026 12:18<\/p>\n<p>Kryeministri n\u00eb detyr\u00eb, Albin Kurti, ka th\u00ebn\u00eb se \u00ebsht\u00eb i gatsh\u00ebm dhe ka interesim p\u00ebr nj\u00eb bashk\u00ebpunim me opozit\u00ebn por q\u00eb a \u00ebsht\u00eb kjo reciproke, thot\u00eb se mbetet t\u00eb shihet n\u00eb muajin shkurt, por thekson se duhet t\u00eb shihet n\u00eb Kuvend n\u00ebse ka atmosfer\u00eb p\u00ebr nj\u00eb raport t\u00eb ri Qeveri- opozit\u00eb.<\/p>\n<p>Kurti para mediave gjat\u00eb nj\u00eb vizite q\u00eb pati n\u00eb Od\u00ebn e Mjek\u00ebve t\u00eb Kosov\u00ebs, tha se \u00ebsht\u00eb takuar dhe me presidenten, por n\u00ebnvizon se para procesit t\u00eb zgjedhjes s\u00eb presidentit duhet fillimisht t\u00eb kalohen tre hapa t\u00eb tjer\u00eb.<\/p>\n<p>\u201cNe duhet t\u00eb shohim n\u00eb Kuvend se a ka atmosfer\u00eb p\u00ebr nj\u00eb raport t\u00eb ri Qeveri\u2013Opozit\u00eb. Un\u00eb nuk mund ta them k\u00ebt\u00eb paraprakisht, por pa dyshim muaji shkurt \u00ebsht\u00eb muaji q\u00eb do t\u00eb na tregoj\u00eb a do t\u00eb mund t\u00eb hapim nj\u00eb kapitull t\u00eb ri t\u00eb raporteve tona. Populli na ka dh\u00ebn\u00eb nj\u00eb mb\u00ebshtetje shum\u00eb t\u00eb madhe, e cila \u00ebsht\u00eb p\u00ebrgjegj\u00ebsi e lart\u00eb p\u00ebr ne p\u00ebr formimin e qeveris\u00eb; nuk do t\u00eb kemi asnj\u00eb problem, por p\u00ebr dy t\u00eb tretat e votave q\u00eb nevojiten n\u00eb Kuvend, prej marr\u00ebveshjeve nd\u00ebrkomb\u00ebtare deri te zgjedhja e presidentes apo presidentit, ne kemi nevoj\u00eb p\u00ebr bashk\u00ebpunim me opozit\u00ebn. Nga ana jon\u00eb, gatishm\u00ebria dhe interesimi ekziston. N\u00eb muajin shkurt do t\u00eb shohim se a ka gatishm\u00ebri dhe interesim nga opozita\u201d, tha ai.<\/p>\n<p>Kurti p\u00ebrmend hapat deri te \u00e7\u00ebshtja e presidentit.<\/p>\n<p>\u201cNd\u00ebrkaq, sa i p\u00ebrket takimit me presidenten, jemi n\u00eb komunikim dhe jemi dakorduar, por ta keni parasysh se ai do t\u00eb jet\u00eb hapi i kat\u00ebrt. Pas certifikimit t\u00eb rezultatit t\u00eb zgjedhjeve dhe trajtimit t\u00eb t\u00eb gjitha ankesave t\u00eb mundshme, kemi nevoj\u00eb p\u00ebr tre hapa paraprak\u00eb. I pari, konstituimi i Kuvendit, q\u00eb n\u00ebnkupton zgjedhjen e kryetares apo kryetarit dhe pes\u00eb n\u00ebnkryetar\u00ebve; pastaj formimi i qeveris\u00eb; dhe pastaj na duhet q\u00eb menj\u00ebher\u00eb t\u00eb fillojm\u00eb me vendimet p\u00ebr marr\u00ebveshjet nd\u00ebrkomb\u00ebtare. Kemi tri marr\u00ebveshje me Bank\u00ebn Bot\u00ebrore dhe kemi planin e rritjes s\u00eb BE-s\u00eb, i cili \u00ebsht\u00eb n\u00eb shum\u00ebn e gjithmbar\u00ebshme prej 882.6 milion\u00eb euro, ku rreth 30 p\u00ebr qind jan\u00eb grante, nd\u00ebrkaq 70 p\u00ebr qind jan\u00eb kredi\u201d, theksoi ai.<\/p>\n","protected":false},"excerpt":{"rendered":"<p>Prishtin\u00eb 30 Janar 2026 12:18 Kryeministri n\u00eb detyr\u00eb, Albin Kurti, ka th\u00ebn\u00eb se \u00ebsht\u00eb i gatsh\u00ebm dhe ka interesim p\u00ebr nj\u00eb bashk\u00ebpunim me opozit\u00ebn por<\/p>\n","protected":false},"author":6,"featured_media":29799,"comment_status":"open","ping_status":"open","sticky":false,"template":"","format":"standard","meta":{"footnotes":""},"categories":[60],"tags":[],"class_list":["post-29798","post","type-post","status-publish","format-standard","has-post-thumbnail","hentry","category-shoqerore-sq"],"yoast_head":"<!-- This site is optimized with the Yoast SEO plugin v25.3.1 - https:\/\/yoast.com\/wordpress\/plugins\/seo\/ -->\n<title>Kurti: Kemi nevoj\u00eb p\u00ebr bashk\u00ebpunim me opozit\u00ebn p\u00ebr presidentin, ne kemi interesim -<\/title>\n<meta name=\"robots\" content=\"index, follow, max-snippet:-1, max-image-preview:large, max-video-preview:-1\" \/>\n<link rel=\"canonical\" href=\"https:\/\/veritasinfo.org\/?p=29798\" \/>\n<meta property=\"og:locale\" content=\"en_US\" \/>\n<meta property=\"og:type\" content=\"article\" \/>\n<meta property=\"og:title\" content=\"Kurti: Kemi nevoj\u00eb p\u00ebr bashk\u00ebpunim me opozit\u00ebn p\u00ebr presidentin, ne kemi interesim -\" \/>\n<meta property=\"og:description\" content=\"Prishtin\u00eb 30 Janar 2026 12:18 Kryeministri n\u00eb detyr\u00eb, Albin Kurti, ka th\u00ebn\u00eb se \u00ebsht\u00eb i gatsh\u00ebm dhe ka interesim p\u00ebr nj\u00eb bashk\u00ebpunim me opozit\u00ebn por\" \/>\n<meta property=\"og:url\" content=\"https:\/\/veritasinfo.org\/?p=29798\" \/>\n<meta property=\"article:published_time\" content=\"2026-01-30T11:17:21+00:00\" \/>\n<meta property=\"article:modified_time\" content=\"2026-01-30T11:18:50+00:00\" \/>\n<meta property=\"og:image\" content=\"https:\/\/veritasinfo.org\/wp-content\/uploads\/2026\/01\/bf1bf418-9c3f-4890-a609-e987242d3361.webp\" \/>\n\t<meta property=\"og:image:width\" content=\"1360\" \/>\n\t<meta property=\"og:image:height\" content=\"870\" \/>\n\t<meta property=\"og:image:type\" content=\"image\/webp\" \/>\n<meta name=\"author\" content=\"US5\" \/>\n<meta name=\"twitter:card\" content=\"summary_large_image\" \/>\n<meta name=\"twitter:label1\" content=\"Written by\" \/>\n\t<meta name=\"twitter:data1\" content=\"US5\" \/>\n\t<meta name=\"twitter:label2\" content=\"Est. reading time\" \/>\n\t<meta name=\"twitter:data2\" content=\"2 minutes\" \/>\n<script type=\"application\/ld+json\" class=\"yoast-schema-graph\">{\"@context\":\"https:\/\/schema.org\",\"@graph\":[{\"@type\":\"WebPage\",\"@id\":\"https:\/\/veritasinfo.org\/?p=29798\",\"url\":\"https:\/\/veritasinfo.org\/?p=29798\",\"name\":\"Kurti: Kemi nevoj\u00eb p\u00ebr bashk\u00ebpunim me opozit\u00ebn p\u00ebr presidentin, ne kemi interesim -\",\"isPartOf\":{\"@id\":\"https:\/\/veritasinfo.org\/#website\"},\"primaryImageOfPage\":{\"@id\":\"https:\/\/veritasinfo.org\/?p=29798#primaryimage\"},\"image\":{\"@id\":\"https:\/\/veritasinfo.org\/?p=29798#primaryimage\"},\"thumbnailUrl\":\"https:\/\/veritasinfo.org\/wp-content\/uploads\/2026\/01\/bf1bf418-9c3f-4890-a609-e987242d3361.webp\",\"datePublished\":\"2026-01-30T11:17:21+00:00\",\"dateModified\":\"2026-01-30T11:18:50+00:00\",\"author\":{\"@id\":\"https:\/\/veritasinfo.org\/#\/schema\/person\/bc442336e35414d04494ab8fb45db4c6\"},\"breadcrumb\":{\"@id\":\"https:\/\/veritasinfo.org\/?p=29798#breadcrumb\"},\"inLanguage\":\"en-US\",\"potentialAction\":[{\"@type\":\"ReadAction\",\"target\":[\"https:\/\/veritasinfo.org\/?p=29798\"]}]},{\"@type\":\"ImageObject\",\"inLanguage\":\"en-US\",\"@id\":\"https:\/\/veritasinfo.org\/?p=29798#primaryimage\",\"url\":\"https:\/\/veritasinfo.org\/wp-content\/uploads\/2026\/01\/bf1bf418-9c3f-4890-a609-e987242d3361.webp\",\"contentUrl\":\"https:\/\/veritasinfo.org\/wp-content\/uploads\/2026\/01\/bf1bf418-9c3f-4890-a609-e987242d3361.webp\",\"width\":1360,\"height\":870},{\"@type\":\"BreadcrumbList\",\"@id\":\"https:\/\/veritasinfo.org\/?p=29798#breadcrumb\",\"itemListElement\":[{\"@type\":\"ListItem\",\"position\":1,\"name\":\"Home\",\"item\":\"https:\/\/veritasinfo.org\/\"},{\"@type\":\"ListItem\",\"position\":2,\"name\":\"Kurti: Kemi nevoj\u00eb p\u00ebr bashk\u00ebpunim me opozit\u00ebn p\u00ebr presidentin, ne kemi interesim\"}]},{\"@type\":\"WebSite\",\"@id\":\"https:\/\/veritasinfo.org\/#website\",\"url\":\"https:\/\/veritasinfo.org\/\",\"name\":\"\",\"description\":\"\",\"potentialAction\":[{\"@type\":\"SearchAction\",\"target\":{\"@type\":\"EntryPoint\",\"urlTemplate\":\"https:\/\/veritasinfo.org\/?s={search_term_string}\"},\"query-input\":{\"@type\":\"PropertyValueSpecification\",\"valueRequired\":true,\"valueName\":\"search_term_string\"}}],\"inLanguage\":\"en-US\"},{\"@type\":\"Person\",\"@id\":\"https:\/\/veritasinfo.org\/#\/schema\/person\/bc442336e35414d04494ab8fb45db4c6\",\"name\":\"US5\",\"image\":{\"@type\":\"ImageObject\",\"inLanguage\":\"en-US\",\"@id\":\"https:\/\/veritasinfo.org\/#\/schema\/person\/image\/\",\"url\":\"https:\/\/secure.gravatar.com\/avatar\/16a61e7272a0c5d001121ebb9e60e925d5816e4ac1e443ed3e640d9a6ae55d0c?s=96&d=mm&r=g\",\"contentUrl\":\"https:\/\/secure.gravatar.com\/avatar\/16a61e7272a0c5d001121ebb9e60e925d5816e4ac1e443ed3e640d9a6ae55d0c?s=96&d=mm&r=g\",\"caption\":\"US5\"},\"url\":\"https:\/\/veritasinfo.org\/?author=6\"}]}<\/script>\n<!-- \/ Yoast SEO plugin. -->","yoast_head_json":{"title":"Kurti: Kemi nevoj\u00eb p\u00ebr bashk\u00ebpunim me opozit\u00ebn p\u00ebr presidentin, ne kemi interesim -","robots":{"index":"index","follow":"follow","max-snippet":"max-snippet:-1","max-image-preview":"max-image-preview:large","max-video-preview":"max-video-preview:-1"},"canonical":"https:\/\/veritasinfo.org\/?p=29798","og_locale":"en_US","og_type":"article","og_title":"Kurti: Kemi nevoj\u00eb p\u00ebr bashk\u00ebpunim me opozit\u00ebn p\u00ebr presidentin, ne kemi interesim -","og_description":"Prishtin\u00eb 30 Janar 2026 12:18 Kryeministri n\u00eb detyr\u00eb, Albin Kurti, ka th\u00ebn\u00eb se \u00ebsht\u00eb i gatsh\u00ebm dhe ka interesim p\u00ebr nj\u00eb bashk\u00ebpunim me opozit\u00ebn por","og_url":"https:\/\/veritasinfo.org\/?p=29798","article_published_time":"2026-01-30T11:17:21+00:00","article_modified_time":"2026-01-30T11:18:50+00:00","og_image":[{"width":1360,"height":870,"url":"https:\/\/veritasinfo.org\/wp-content\/uploads\/2026\/01\/bf1bf418-9c3f-4890-a609-e987242d3361.webp","type":"image\/webp"}],"author":"US5","twitter_card":"summary_large_image","twitter_misc":{"Written by":"US5","Est. reading time":"2 minutes"},"schema":{"@context":"https:\/\/schema.org","@graph":[{"@type":"WebPage","@id":"https:\/\/veritasinfo.org\/?p=29798","url":"https:\/\/veritasinfo.org\/?p=29798","name":"Kurti: Kemi nevoj\u00eb p\u00ebr bashk\u00ebpunim me opozit\u00ebn p\u00ebr presidentin, ne kemi interesim -","isPartOf":{"@id":"https:\/\/veritasinfo.org\/#website"},"primaryImageOfPage":{"@id":"https:\/\/veritasinfo.org\/?p=29798#primaryimage"},"image":{"@id":"https:\/\/veritasinfo.org\/?p=29798#primaryimage"},"thumbnailUrl":"https:\/\/veritasinfo.org\/wp-content\/uploads\/2026\/01\/bf1bf418-9c3f-4890-a609-e987242d3361.webp","datePublished":"2026-01-30T11:17:21+00:00","dateModified":"2026-01-30T11:18:50+00:00","author":{"@id":"https:\/\/veritasinfo.org\/#\/schema\/person\/bc442336e35414d04494ab8fb45db4c6"},"breadcrumb":{"@id":"https:\/\/veritasinfo.org\/?p=29798#breadcrumb"},"inLanguage":"en-US","potentialAction":[{"@type":"ReadAction","target":["https:\/\/veritasinfo.org\/?p=29798"]}]},{"@type":"ImageObject","inLanguage":"en-US","@id":"https:\/\/veritasinfo.org\/?p=29798#primaryimage","url":"https:\/\/veritasinfo.org\/wp-content\/uploads\/2026\/01\/bf1bf418-9c3f-4890-a609-e987242d3361.webp","contentUrl":"https:\/\/veritasinfo.org\/wp-content\/uploads\/2026\/01\/bf1bf418-9c3f-4890-a609-e987242d3361.webp","width":1360,"height":870},{"@type":"BreadcrumbList","@id":"https:\/\/veritasinfo.org\/?p=29798#breadcrumb","itemListElement":[{"@type":"ListItem","position":1,"name":"Home","item":"https:\/\/veritasinfo.org\/"},{"@type":"ListItem","position":2,"name":"Kurti: Kemi nevoj\u00eb p\u00ebr bashk\u00ebpunim me opozit\u00ebn p\u00ebr presidentin, ne kemi interesim"}]},{"@type":"WebSite","@id":"https:\/\/veritasinfo.org\/#website","url":"https:\/\/veritasinfo.org\/","name":"","description":"","potentialAction":[{"@type":"SearchAction","target":{"@type":"EntryPoint","urlTemplate":"https:\/\/veritasinfo.org\/?s={search_term_string}"},"query-input":{"@type":"PropertyValueSpecification","valueRequired":true,"valueName":"search_term_string"}}],"inLanguage":"en-US"},{"@type":"Person","@id":"https:\/\/veritasinfo.org\/#\/schema\/person\/bc442336e35414d04494ab8fb45db4c6","name":"US5","image":{"@type":"ImageObject","inLanguage":"en-US","@id":"https:\/\/veritasinfo.org\/#\/schema\/person\/image\/","url":"https:\/\/secure.gravatar.com\/avatar\/16a61e7272a0c5d001121ebb9e60e925d5816e4ac1e443ed3e640d9a6ae55d0c?s=96&d=mm&r=g","contentUrl":"https:\/\/secure.gravatar.com\/avatar\/16a61e7272a0c5d001121ebb9e60e925d5816e4ac1e443ed3e640d9a6ae55d0c?s=96&d=mm&r=g","caption":"US5"},"url":"https:\/\/veritasinfo.org\/?author=6"}]}},"featured_image_urls":{"full":["https:\/\/veritasinfo.org\/wp-content\/uploads\/2026\/01\/bf1bf418-9c3f-4890-a609-e987242d3361.webp",1360,870,false],"thumbnail":["https:\/\/veritasinfo.org\/wp-content\/uploads\/2026\/01\/bf1bf418-9c3f-4890-a609-e987242d3361-150x150.webp",150,150,true],"medium":["https:\/\/veritasinfo.org\/wp-content\/uploads\/2026\/01\/bf1bf418-9c3f-4890-a609-e987242d3361-300x192.webp",300,192,true],"medium_large":["https:\/\/veritasinfo.org\/wp-content\/uploads\/2026\/01\/bf1bf418-9c3f-4890-a609-e987242d3361-768x491.webp",640,409,true],"large":["https:\/\/veritasinfo.org\/wp-content\/uploads\/2026\/01\/bf1bf418-9c3f-4890-a609-e987242d3361-1024x655.webp",640,409,true],"1536x1536":["https:\/\/veritasinfo.org\/wp-content\/uploads\/2026\/01\/bf1bf418-9c3f-4890-a609-e987242d3361.webp",1360,870,false],"2048x2048":["https:\/\/veritasinfo.org\/wp-content\/uploads\/2026\/01\/bf1bf418-9c3f-4890-a609-e987242d3361.webp",1360,870,false],"kreeti-slider-full":["https:\/\/veritasinfo.org\/wp-content\/uploads\/2026\/01\/bf1bf418-9c3f-4890-a609-e987242d3361.webp",1126,720,false],"kreeti-featured":["https:\/\/veritasinfo.org\/wp-content\/uploads\/2026\/01\/bf1bf418-9c3f-4890-a609-e987242d3361.webp",1024,655,false],"kreeti-medium":["https:\/\/veritasinfo.org\/wp-content\/uploads\/2026\/01\/bf1bf418-9c3f-4890-a609-e987242d3361.webp",720,461,false],"kreeti-medium-square":["https:\/\/veritasinfo.org\/wp-content\/uploads\/2026\/01\/bf1bf418-9c3f-4890-a609-e987242d3361.webp",350,224,false]},"author_info":{"info":["US5"]},"category_info":"<a href=\"https:\/\/veritasinfo.org\/?cat=60\" rel=\"category\">Shoq\u00ebrore<\/a>","tag_info":"Shoq\u00ebrore","comment_count":"0","_links":{"self":[{"href":"https:\/\/veritasinfo.org\/index.php?rest_route=\/wp\/v2\/posts\/29798","targetHints":{"allow":["GET"]}}],"collection":[{"href":"https:\/\/veritasinfo.org\/index.php?rest_route=\/wp\/v2\/posts"}],"about":[{"href":"https:\/\/veritasinfo.org\/index.php?rest_route=\/wp\/v2\/types\/post"}],"author":[{"embeddable":true,"href":"https:\/\/veritasinfo.org\/index.php?rest_route=\/wp\/v2\/users\/6"}],"replies":[{"embeddable":true,"href":"https:\/\/veritasinfo.org\/index.php?rest_route=%2Fwp%2Fv2%2Fcomments&post=29798"}],"version-history":[{"count":3,"href":"https:\/\/veritasinfo.org\/index.php?rest_route=\/wp\/v2\/posts\/29798\/revisions"}],"predecessor-version":[{"id":29802,"href":"https:\/\/veritasinfo.org\/index.php?rest_route=\/wp\/v2\/posts\/29798\/revisions\/29802"}],"wp:featuredmedia":[{"embeddable":true,"href":"https:\/\/veritasinfo.org\/index.php?rest_route=\/wp\/v2\/media\/29799"}],"wp:attachment":[{"href":"https:\/\/veritasinfo.org\/index.php?rest_route=%2Fwp%2Fv2%2Fmedia&parent=29798"}],"wp:term":[{"taxonomy":"category","embeddable":true,"href":"https:\/\/veritasinfo.org\/index.php?rest_route=%2Fwp%2Fv2%2Fcategories&post=29798"},{"taxonomy":"post_tag","embeddable":true,"href":"https:\/\/veritasinfo.org\/index.php?rest_route=%2Fwp%2Fv2%2Ftags&post=29798"}],"curies":[{"name":"wp","href":"https:\/\/api.w.org\/{rel}","templated":true}]}}