{"id":29758,"date":"2026-01-30T10:03:44","date_gmt":"2026-01-30T09:03:44","guid":{"rendered":"https:\/\/veritasinfo.org\/?p=29758"},"modified":"2026-01-30T11:27:22","modified_gmt":"2026-01-30T10:27:22","slug":"maqedonci-ndan-artikullin-e-ushtrise-amerikane-vleresohet-perfshirja-e-tij-ne-international-hall-of-fame-te-cgsc-se","status":"publish","type":"post","link":"https:\/\/veritasinfo.org\/?p=29758","title":{"rendered":"Maqedonci ndan artikullin e Ushtris\u00eb Amerikane: Vler\u00ebsohet p\u00ebrfshirja e tij n\u00eb International Hall of Fame t\u00eb CGSC-s\u00eb"},"content":{"rendered":"<p>Prishtin\u00eb 30 janar 2026 10:02<\/p>\n<p>Ministri i Mbrojtjes i Republik\u00ebs s\u00eb Kosov\u00ebs, Ejup Maqedonci, ka shp\u00ebrndar\u00eb n\u00eb rrjetin social Facebook nj\u00eb artikull t\u00eb publikuar n\u00eb faqen zyrtare t\u00eb Ushtris\u00eb Amerikane, n\u00eb t\u00eb cilin b\u00ebhet e ditur se ai \u00ebsht\u00eb futur n\u00eb International Hall of Fame t\u00eb Komand\u00ebs dhe Kolegjit t\u00eb Shtabit t\u00eb P\u00ebrgjithsh\u00ebm t\u00eb Ushtris\u00eb Amerikane (U.S. Army Command and General Staff College \u2013 CGSC).<\/p>\n<p>Sipas artikullit, ceremonia e induksionit \u00ebsht\u00eb mbajtur m\u00eb 15 janar 2026, nd\u00ebrsa p\u00ebrfshirja e Maqedoncit n\u00eb k\u00ebt\u00eb list\u00eb prestigjioze ka shtuar edhe Republik\u00ebn e Kosov\u00ebs n\u00eb mesin e shteteve t\u00eb p\u00ebrfaq\u00ebsuara, duke e \u00e7uar numrin e tyre n\u00eb 82.<\/p>\n<p>N\u00eb artikull theksohet se Maqedonci \u00ebsht\u00eb jo vet\u00ebm i diplomuari i par\u00eb nd\u00ebrkomb\u00ebtar nga Kosova q\u00eb nderohet me k\u00ebt\u00eb vler\u00ebsim, por edhe i pari nga gjenerata e tij e diplomimit n\u00eb CGSOC, n\u00eb vitin 2013, q\u00eb b\u00ebhet pjes\u00eb e International Hall of Fame.<\/p>\n<p>Tutje, aty thuhet se vet\u00ebm dhjet\u00eb vjet pas diplomimit n\u00eb k\u00ebt\u00eb kolegj prestigjioz, Maqedonci u em\u00ebrua Minist\u00ebr i Mbrojtjes i Republik\u00ebs s\u00eb Kosov\u00ebs, duke arritur kulmin e karrier\u00ebs s\u00eb tij profesionale.<\/p>\n<p>Artikulli ndalet edhe te karriera e tij 15-vje\u00e7are n\u00eb ushtrin\u00eb e Kosov\u00ebs, e cila p\u00ebrshkruhet si e sh\u00ebnuar nga angazhime historike p\u00ebr vendin, p\u00ebrfshir\u00eb rolin e tij si shef i planifikimit p\u00ebr Forc\u00ebn e Siguris\u00eb s\u00eb Kosov\u00ebs gjat\u00eb pjes\u00ebmarrjes s\u00eb par\u00eb n\u00eb ushtrimet nd\u00ebrkomb\u00ebtare Defender Europe 21 dhe Defender Europe 23.<\/p>\n<p>N\u00eb k\u00ebt\u00eb shkrim citohet edhe vet\u00eb Maqedonci, i cili thekson se ndikimi i CGSC-s\u00eb ka qen\u00eb i vazhduesh\u00ebm n\u00eb jet\u00ebn dhe vendimmarrjen e tij profesionale.<\/p>\n<p>\u201cN\u00eb shum\u00eb m\u00ebnyra, un\u00eb kurr\u00eb nuk u largova v\u00ebrtet nga ky vend. Jam kthyer k\u00ebtu pafund her\u00eb p\u00ebrmes kujtimeve, m\u00ebsimeve t\u00eb rishikuara dhe parimeve t\u00eb zbatuara n\u00eb momente p\u00ebrgjegj\u00ebsie dhe vendimmarrjeje,\u201d ka th\u00ebn\u00eb ai.<\/p>\n<p>Maqedonci ka vler\u00ebsuar rolin e CGSC-s\u00eb edhe n\u00eb p\u00ebrgatitjen e tij p\u00ebr studimet n\u00eb U.S. Army War College, ku u diplomua si student i dalluar n\u00eb vitin 2019, duke theksuar se p\u00ebrvoja n\u00eb SHBA i ka ndihmuar t\u00eb kuptoj\u00eb m\u00ebnyr\u00ebn se si ushtria amerikane mendon, planifikon dhe udh\u00ebheq.<\/p>\n<p>\u201c\u2026P\u00ebr oficer\u00ebt nga vendet e vogla, CGSC \u00ebsht\u00eb m\u00eb shum\u00eb se nj\u00eb shkoll\u00eb. \u00cbsht\u00eb nj\u00eb dritare drejt bot\u00ebs,\u201d citohet ai n\u00eb artikull.<\/p>\n<p>Po ashtu, n\u00eb shkrim theksohet se Maqedonci ka vler\u00ebsuar ndikimin e edukimit ushtarak amerikan n\u00eb nd\u00ebrtimin dhe zhvillimin e Forcave t\u00eb Armatosura t\u00eb Kosov\u00ebs, duke e cil\u00ebsuar at\u00eb si model p\u00ebr profesionaliz\u00ebm, disiplin\u00eb dhe gatishm\u00ebri.<\/p>\n<p>\u201cForcat tona t\u00eb armatosura jan\u00eb thell\u00ebsisht mir\u00ebnjoh\u00ebse p\u00ebr mb\u00ebshtetjen e SHBA-s\u00eb n\u00eb nd\u00ebrtimin e nj\u00eb force moderne dhe t\u00eb aft\u00eb p\u00ebr t\u00eb mbrojtur sovranitetin e vendit dhe p\u00ebr t\u00eb kontribuar n\u00eb paqen globale,\u201d ka deklaruar Maqedonci.<\/p>\n<p>N\u00eb p\u00ebrmbyllje, artikulli p\u00ebrmend edhe mesazhin e tij drejtuar student\u00ebve aktual\u00eb t\u00eb CGSOC-s\u00eb, t\u00eb cil\u00ebve u ka b\u00ebr\u00eb thirrje t\u00eb fokusohen n\u00eb reflektimin personal, nd\u00ebrtimin e marr\u00ebdh\u00ebnieve dhe maksimalizimin e p\u00ebrvoj\u00ebs akademike.<\/p>\n<p>\u201cCGSC ndihmoi n\u00eb form\u00ebsimin tim si lider dhe n\u00eb kontributin q\u00eb mund t\u2019i jap vendit tim. P\u00ebr k\u00ebt\u00eb, do t\u00eb jem gjithmon\u00eb mir\u00ebnjoh\u00ebs,\u201d ka th\u00ebn\u00eb ai.<\/p>\n","protected":false},"excerpt":{"rendered":"<p>Prishtin\u00eb 30 janar 2026 10:02 Ministri i Mbrojtjes i Republik\u00ebs s\u00eb Kosov\u00ebs, Ejup Maqedonci, ka shp\u00ebrndar\u00eb n\u00eb rrjetin social Facebook nj\u00eb artikull t\u00eb publikuar n\u00eb<\/p>\n","protected":false},"author":6,"featured_media":29759,"comment_status":"open","ping_status":"open","sticky":false,"template":"","format":"standard","meta":{"footnotes":""},"categories":[60],"tags":[],"class_list":["post-29758","post","type-post","status-publish","format-standard","has-post-thumbnail","hentry","category-shoqerore-sq"],"yoast_head":"<!-- This site is optimized with the Yoast SEO plugin v25.3.1 - https:\/\/yoast.com\/wordpress\/plugins\/seo\/ -->\n<title>Maqedonci ndan artikullin e Ushtris\u00eb Amerikane: Vler\u00ebsohet p\u00ebrfshirja e tij n\u00eb International Hall of Fame t\u00eb CGSC-s\u00eb -<\/title>\n<meta name=\"robots\" content=\"index, follow, max-snippet:-1, max-image-preview:large, max-video-preview:-1\" \/>\n<link rel=\"canonical\" href=\"https:\/\/veritasinfo.org\/?p=29758\" \/>\n<meta property=\"og:locale\" content=\"en_US\" \/>\n<meta property=\"og:type\" content=\"article\" \/>\n<meta property=\"og:title\" content=\"Maqedonci ndan artikullin e Ushtris\u00eb Amerikane: Vler\u00ebsohet p\u00ebrfshirja e tij n\u00eb International Hall of Fame t\u00eb CGSC-s\u00eb -\" \/>\n<meta property=\"og:description\" content=\"Prishtin\u00eb 30 janar 2026 10:02 Ministri i Mbrojtjes i Republik\u00ebs s\u00eb Kosov\u00ebs, Ejup Maqedonci, ka shp\u00ebrndar\u00eb n\u00eb rrjetin social Facebook nj\u00eb artikull t\u00eb publikuar n\u00eb\" \/>\n<meta property=\"og:url\" content=\"https:\/\/veritasinfo.org\/?p=29758\" \/>\n<meta property=\"article:published_time\" content=\"2026-01-30T09:03:44+00:00\" \/>\n<meta property=\"article:modified_time\" content=\"2026-01-30T10:27:22+00:00\" \/>\n<meta property=\"og:image\" content=\"https:\/\/veritasinfo.org\/wp-content\/uploads\/2026\/01\/IMG-20260130-WA0000.jpg\" \/>\n\t<meta property=\"og:image:width\" content=\"641\" \/>\n\t<meta property=\"og:image:height\" content=\"362\" \/>\n\t<meta property=\"og:image:type\" content=\"image\/jpeg\" \/>\n<meta name=\"author\" content=\"US5\" \/>\n<meta name=\"twitter:card\" content=\"summary_large_image\" \/>\n<meta name=\"twitter:label1\" content=\"Written by\" \/>\n\t<meta name=\"twitter:data1\" content=\"US5\" \/>\n\t<meta name=\"twitter:label2\" content=\"Est. reading time\" \/>\n\t<meta name=\"twitter:data2\" content=\"3 minutes\" \/>\n<script type=\"application\/ld+json\" class=\"yoast-schema-graph\">{\"@context\":\"https:\/\/schema.org\",\"@graph\":[{\"@type\":\"WebPage\",\"@id\":\"https:\/\/veritasinfo.org\/?p=29758\",\"url\":\"https:\/\/veritasinfo.org\/?p=29758\",\"name\":\"Maqedonci ndan artikullin e Ushtris\u00eb Amerikane: Vler\u00ebsohet p\u00ebrfshirja e tij n\u00eb International Hall of Fame t\u00eb CGSC-s\u00eb -\",\"isPartOf\":{\"@id\":\"https:\/\/veritasinfo.org\/#website\"},\"primaryImageOfPage\":{\"@id\":\"https:\/\/veritasinfo.org\/?p=29758#primaryimage\"},\"image\":{\"@id\":\"https:\/\/veritasinfo.org\/?p=29758#primaryimage\"},\"thumbnailUrl\":\"https:\/\/veritasinfo.org\/wp-content\/uploads\/2026\/01\/IMG-20260130-WA0000.jpg\",\"datePublished\":\"2026-01-30T09:03:44+00:00\",\"dateModified\":\"2026-01-30T10:27:22+00:00\",\"author\":{\"@id\":\"https:\/\/veritasinfo.org\/#\/schema\/person\/bc442336e35414d04494ab8fb45db4c6\"},\"breadcrumb\":{\"@id\":\"https:\/\/veritasinfo.org\/?p=29758#breadcrumb\"},\"inLanguage\":\"en-US\",\"potentialAction\":[{\"@type\":\"ReadAction\",\"target\":[\"https:\/\/veritasinfo.org\/?p=29758\"]}]},{\"@type\":\"ImageObject\",\"inLanguage\":\"en-US\",\"@id\":\"https:\/\/veritasinfo.org\/?p=29758#primaryimage\",\"url\":\"https:\/\/veritasinfo.org\/wp-content\/uploads\/2026\/01\/IMG-20260130-WA0000.jpg\",\"contentUrl\":\"https:\/\/veritasinfo.org\/wp-content\/uploads\/2026\/01\/IMG-20260130-WA0000.jpg\",\"width\":641,\"height\":362},{\"@type\":\"BreadcrumbList\",\"@id\":\"https:\/\/veritasinfo.org\/?p=29758#breadcrumb\",\"itemListElement\":[{\"@type\":\"ListItem\",\"position\":1,\"name\":\"Home\",\"item\":\"https:\/\/veritasinfo.org\/\"},{\"@type\":\"ListItem\",\"position\":2,\"name\":\"Maqedonci ndan artikullin e Ushtris\u00eb Amerikane: Vler\u00ebsohet p\u00ebrfshirja e tij n\u00eb International Hall of Fame t\u00eb CGSC-s\u00eb\"}]},{\"@type\":\"WebSite\",\"@id\":\"https:\/\/veritasinfo.org\/#website\",\"url\":\"https:\/\/veritasinfo.org\/\",\"name\":\"\",\"description\":\"\",\"potentialAction\":[{\"@type\":\"SearchAction\",\"target\":{\"@type\":\"EntryPoint\",\"urlTemplate\":\"https:\/\/veritasinfo.org\/?s={search_term_string}\"},\"query-input\":{\"@type\":\"PropertyValueSpecification\",\"valueRequired\":true,\"valueName\":\"search_term_string\"}}],\"inLanguage\":\"en-US\"},{\"@type\":\"Person\",\"@id\":\"https:\/\/veritasinfo.org\/#\/schema\/person\/bc442336e35414d04494ab8fb45db4c6\",\"name\":\"US5\",\"image\":{\"@type\":\"ImageObject\",\"inLanguage\":\"en-US\",\"@id\":\"https:\/\/veritasinfo.org\/#\/schema\/person\/image\/\",\"url\":\"https:\/\/secure.gravatar.com\/avatar\/16a61e7272a0c5d001121ebb9e60e925d5816e4ac1e443ed3e640d9a6ae55d0c?s=96&d=mm&r=g\",\"contentUrl\":\"https:\/\/secure.gravatar.com\/avatar\/16a61e7272a0c5d001121ebb9e60e925d5816e4ac1e443ed3e640d9a6ae55d0c?s=96&d=mm&r=g\",\"caption\":\"US5\"},\"url\":\"https:\/\/veritasinfo.org\/?author=6\"}]}<\/script>\n<!-- \/ Yoast SEO plugin. -->","yoast_head_json":{"title":"Maqedonci ndan artikullin e Ushtris\u00eb Amerikane: Vler\u00ebsohet p\u00ebrfshirja e tij n\u00eb International Hall of Fame t\u00eb CGSC-s\u00eb -","robots":{"index":"index","follow":"follow","max-snippet":"max-snippet:-1","max-image-preview":"max-image-preview:large","max-video-preview":"max-video-preview:-1"},"canonical":"https:\/\/veritasinfo.org\/?p=29758","og_locale":"en_US","og_type":"article","og_title":"Maqedonci ndan artikullin e Ushtris\u00eb Amerikane: Vler\u00ebsohet p\u00ebrfshirja e tij n\u00eb International Hall of Fame t\u00eb CGSC-s\u00eb -","og_description":"Prishtin\u00eb 30 janar 2026 10:02 Ministri i Mbrojtjes i Republik\u00ebs s\u00eb Kosov\u00ebs, Ejup Maqedonci, ka shp\u00ebrndar\u00eb n\u00eb rrjetin social Facebook nj\u00eb artikull t\u00eb publikuar n\u00eb","og_url":"https:\/\/veritasinfo.org\/?p=29758","article_published_time":"2026-01-30T09:03:44+00:00","article_modified_time":"2026-01-30T10:27:22+00:00","og_image":[{"width":641,"height":362,"url":"https:\/\/veritasinfo.org\/wp-content\/uploads\/2026\/01\/IMG-20260130-WA0000.jpg","type":"image\/jpeg"}],"author":"US5","twitter_card":"summary_large_image","twitter_misc":{"Written by":"US5","Est. reading time":"3 minutes"},"schema":{"@context":"https:\/\/schema.org","@graph":[{"@type":"WebPage","@id":"https:\/\/veritasinfo.org\/?p=29758","url":"https:\/\/veritasinfo.org\/?p=29758","name":"Maqedonci ndan artikullin e Ushtris\u00eb Amerikane: Vler\u00ebsohet p\u00ebrfshirja e tij n\u00eb International Hall of Fame t\u00eb CGSC-s\u00eb -","isPartOf":{"@id":"https:\/\/veritasinfo.org\/#website"},"primaryImageOfPage":{"@id":"https:\/\/veritasinfo.org\/?p=29758#primaryimage"},"image":{"@id":"https:\/\/veritasinfo.org\/?p=29758#primaryimage"},"thumbnailUrl":"https:\/\/veritasinfo.org\/wp-content\/uploads\/2026\/01\/IMG-20260130-WA0000.jpg","datePublished":"2026-01-30T09:03:44+00:00","dateModified":"2026-01-30T10:27:22+00:00","author":{"@id":"https:\/\/veritasinfo.org\/#\/schema\/person\/bc442336e35414d04494ab8fb45db4c6"},"breadcrumb":{"@id":"https:\/\/veritasinfo.org\/?p=29758#breadcrumb"},"inLanguage":"en-US","potentialAction":[{"@type":"ReadAction","target":["https:\/\/veritasinfo.org\/?p=29758"]}]},{"@type":"ImageObject","inLanguage":"en-US","@id":"https:\/\/veritasinfo.org\/?p=29758#primaryimage","url":"https:\/\/veritasinfo.org\/wp-content\/uploads\/2026\/01\/IMG-20260130-WA0000.jpg","contentUrl":"https:\/\/veritasinfo.org\/wp-content\/uploads\/2026\/01\/IMG-20260130-WA0000.jpg","width":641,"height":362},{"@type":"BreadcrumbList","@id":"https:\/\/veritasinfo.org\/?p=29758#breadcrumb","itemListElement":[{"@type":"ListItem","position":1,"name":"Home","item":"https:\/\/veritasinfo.org\/"},{"@type":"ListItem","position":2,"name":"Maqedonci ndan artikullin e Ushtris\u00eb Amerikane: Vler\u00ebsohet p\u00ebrfshirja e tij n\u00eb International Hall of Fame t\u00eb CGSC-s\u00eb"}]},{"@type":"WebSite","@id":"https:\/\/veritasinfo.org\/#website","url":"https:\/\/veritasinfo.org\/","name":"","description":"","potentialAction":[{"@type":"SearchAction","target":{"@type":"EntryPoint","urlTemplate":"https:\/\/veritasinfo.org\/?s={search_term_string}"},"query-input":{"@type":"PropertyValueSpecification","valueRequired":true,"valueName":"search_term_string"}}],"inLanguage":"en-US"},{"@type":"Person","@id":"https:\/\/veritasinfo.org\/#\/schema\/person\/bc442336e35414d04494ab8fb45db4c6","name":"US5","image":{"@type":"ImageObject","inLanguage":"en-US","@id":"https:\/\/veritasinfo.org\/#\/schema\/person\/image\/","url":"https:\/\/secure.gravatar.com\/avatar\/16a61e7272a0c5d001121ebb9e60e925d5816e4ac1e443ed3e640d9a6ae55d0c?s=96&d=mm&r=g","contentUrl":"https:\/\/secure.gravatar.com\/avatar\/16a61e7272a0c5d001121ebb9e60e925d5816e4ac1e443ed3e640d9a6ae55d0c?s=96&d=mm&r=g","caption":"US5"},"url":"https:\/\/veritasinfo.org\/?author=6"}]}},"featured_image_urls":{"full":["https:\/\/veritasinfo.org\/wp-content\/uploads\/2026\/01\/IMG-20260130-WA0000.jpg",641,362,false],"thumbnail":["https:\/\/veritasinfo.org\/wp-content\/uploads\/2026\/01\/IMG-20260130-WA0000-150x150.jpg",150,150,true],"medium":["https:\/\/veritasinfo.org\/wp-content\/uploads\/2026\/01\/IMG-20260130-WA0000-300x169.jpg",300,169,true],"medium_large":["https:\/\/veritasinfo.org\/wp-content\/uploads\/2026\/01\/IMG-20260130-WA0000.jpg",640,361,false],"large":["https:\/\/veritasinfo.org\/wp-content\/uploads\/2026\/01\/IMG-20260130-WA0000.jpg",640,361,false],"1536x1536":["https:\/\/veritasinfo.org\/wp-content\/uploads\/2026\/01\/IMG-20260130-WA0000.jpg",641,362,false],"2048x2048":["https:\/\/veritasinfo.org\/wp-content\/uploads\/2026\/01\/IMG-20260130-WA0000.jpg",641,362,false],"kreeti-slider-full":["https:\/\/veritasinfo.org\/wp-content\/uploads\/2026\/01\/IMG-20260130-WA0000.jpg",641,362,false],"kreeti-featured":["https:\/\/veritasinfo.org\/wp-content\/uploads\/2026\/01\/IMG-20260130-WA0000.jpg",641,362,false],"kreeti-medium":["https:\/\/veritasinfo.org\/wp-content\/uploads\/2026\/01\/IMG-20260130-WA0000.jpg",641,362,false],"kreeti-medium-square":["https:\/\/veritasinfo.org\/wp-content\/uploads\/2026\/01\/IMG-20260130-WA0000.jpg",350,198,false]},"author_info":{"info":["US5"]},"category_info":"<a href=\"https:\/\/veritasinfo.org\/?cat=60\" rel=\"category\">Shoq\u00ebrore<\/a>","tag_info":"Shoq\u00ebrore","comment_count":"0","_links":{"self":[{"href":"https:\/\/veritasinfo.org\/index.php?rest_route=\/wp\/v2\/posts\/29758","targetHints":{"allow":["GET"]}}],"collection":[{"href":"https:\/\/veritasinfo.org\/index.php?rest_route=\/wp\/v2\/posts"}],"about":[{"href":"https:\/\/veritasinfo.org\/index.php?rest_route=\/wp\/v2\/types\/post"}],"author":[{"embeddable":true,"href":"https:\/\/veritasinfo.org\/index.php?rest_route=\/wp\/v2\/users\/6"}],"replies":[{"embeddable":true,"href":"https:\/\/veritasinfo.org\/index.php?rest_route=%2Fwp%2Fv2%2Fcomments&post=29758"}],"version-history":[{"count":2,"href":"https:\/\/veritasinfo.org\/index.php?rest_route=\/wp\/v2\/posts\/29758\/revisions"}],"predecessor-version":[{"id":29797,"href":"https:\/\/veritasinfo.org\/index.php?rest_route=\/wp\/v2\/posts\/29758\/revisions\/29797"}],"wp:featuredmedia":[{"embeddable":true,"href":"https:\/\/veritasinfo.org\/index.php?rest_route=\/wp\/v2\/media\/29759"}],"wp:attachment":[{"href":"https:\/\/veritasinfo.org\/index.php?rest_route=%2Fwp%2Fv2%2Fmedia&parent=29758"}],"wp:term":[{"taxonomy":"category","embeddable":true,"href":"https:\/\/veritasinfo.org\/index.php?rest_route=%2Fwp%2Fv2%2Fcategories&post=29758"},{"taxonomy":"post_tag","embeddable":true,"href":"https:\/\/veritasinfo.org\/index.php?rest_route=%2Fwp%2Fv2%2Ftags&post=29758"}],"curies":[{"name":"wp","href":"https:\/\/api.w.org\/{rel}","templated":true}]}}