{"id":29753,"date":"2026-01-30T08:52:24","date_gmt":"2026-01-30T07:52:24","guid":{"rendered":"https:\/\/veritasinfo.org\/?p=29753"},"modified":"2026-01-30T08:52:24","modified_gmt":"2026-01-30T07:52:24","slug":"gjenden-mbetje-eshetrore-ne-skenderaj-dyshohet-se-u-perkasin-personave-te-zhdukur-gjate-luftes","status":"publish","type":"post","link":"https:\/\/veritasinfo.org\/?p=29753","title":{"rendered":"Gjenden mbetje esh\u00ebtrore n\u00eb Sk\u00ebnderaj, dyshohet se u p\u00ebrkasin personave t\u00eb zhdukur gjat\u00eb luft\u00ebs"},"content":{"rendered":"<p>Skenderaj 30 janar 2026 08:52<\/p>\n<p>Policia e Kosov\u00ebs ka njoftuar se Nj\u00ebsiti p\u00ebr Hetimin e Personave t\u00eb Zhdukur gjat\u00eb luft\u00ebs, n\u00eb bashk\u00ebpunim me Institutin e Mjek\u00ebsis\u00eb Ligjore (IML), ka realizuar g\u00ebrmime n\u00eb fshatin Marin\u00eb t\u00eb Sk\u00ebnderajt, ku jan\u00eb gjetur mbetje esh\u00ebtrore.<\/p>\n<p>Sipas policis\u00eb, ekziston dyshimi se k\u00ebto mbetje u p\u00ebrkasin personave t\u00eb zhdukur gjat\u00eb viteve 1998\/1999, n\u00eb periudh\u00ebn e luft\u00ebs n\u00eb Kosov\u00eb.<\/p>\n<p>\u201cSkenderaj, Mitrovic\u00eb 1998\/9. Me 29.01.2026 \u2013 10:00. Nga nj\u00ebsiti p\u00ebr hetimin e personave t\u00eb zhdukur gjat\u00eb luft\u00ebs n\u00eb bashk\u00ebpunim me IML-n\u00eb jan\u00eb b\u00ebr\u00eb g\u00ebrmime n\u00eb fshatin Marin\u00eb, ku jan\u00eb hasur mbetje t\u00eb eshtrave q\u00eb dyshohet se i p\u00ebrkasin njeriut. Mbetjet e eshtrave jan\u00eb marr\u00eb nga nj\u00ebsia e IML-s\u00eb p\u00ebr ekzaminim<\/p>\n","protected":false},"excerpt":{"rendered":"<p>Skenderaj 30 janar 2026 08:52 Policia e Kosov\u00ebs ka njoftuar se Nj\u00ebsiti p\u00ebr Hetimin e Personave t\u00eb Zhdukur gjat\u00eb luft\u00ebs, n\u00eb bashk\u00ebpunim me Institutin e<\/p>\n","protected":false},"author":7,"featured_media":29754,"comment_status":"open","ping_status":"open","sticky":false,"template":"","format":"standard","meta":{"footnotes":""},"categories":[60],"tags":[],"class_list":["post-29753","post","type-post","status-publish","format-standard","has-post-thumbnail","hentry","category-shoqerore-sq"],"yoast_head":"<!-- This site is optimized with the Yoast SEO plugin v25.3.1 - https:\/\/yoast.com\/wordpress\/plugins\/seo\/ -->\n<title>Gjenden mbetje esh\u00ebtrore n\u00eb Sk\u00ebnderaj, dyshohet se u p\u00ebrkasin personave t\u00eb zhdukur gjat\u00eb luft\u00ebs -<\/title>\n<meta name=\"robots\" content=\"index, follow, max-snippet:-1, max-image-preview:large, max-video-preview:-1\" \/>\n<link rel=\"canonical\" href=\"https:\/\/veritasinfo.org\/?p=29753\" \/>\n<meta property=\"og:locale\" content=\"en_US\" \/>\n<meta property=\"og:type\" content=\"article\" \/>\n<meta property=\"og:title\" content=\"Gjenden mbetje esh\u00ebtrore n\u00eb Sk\u00ebnderaj, dyshohet se u p\u00ebrkasin personave t\u00eb zhdukur gjat\u00eb luft\u00ebs -\" \/>\n<meta property=\"og:description\" content=\"Skenderaj 30 janar 2026 08:52 Policia e Kosov\u00ebs ka njoftuar se Nj\u00ebsiti p\u00ebr Hetimin e Personave t\u00eb Zhdukur gjat\u00eb luft\u00ebs, n\u00eb bashk\u00ebpunim me Institutin e\" \/>\n<meta property=\"og:url\" content=\"https:\/\/veritasinfo.org\/?p=29753\" \/>\n<meta property=\"article:published_time\" content=\"2026-01-30T07:52:24+00:00\" \/>\n<meta property=\"og:image\" content=\"https:\/\/veritasinfo.org\/wp-content\/uploads\/2026\/01\/mbetje-mortore.jpg\" \/>\n\t<meta property=\"og:image:width\" content=\"780\" \/>\n\t<meta property=\"og:image:height\" content=\"439\" \/>\n\t<meta property=\"og:image:type\" content=\"image\/jpeg\" \/>\n<meta name=\"author\" content=\"US6\" \/>\n<meta name=\"twitter:card\" content=\"summary_large_image\" \/>\n<meta name=\"twitter:label1\" content=\"Written by\" \/>\n\t<meta name=\"twitter:data1\" content=\"US6\" \/>\n\t<meta name=\"twitter:label2\" content=\"Est. reading time\" \/>\n\t<meta name=\"twitter:data2\" content=\"1 minute\" \/>\n<script type=\"application\/ld+json\" class=\"yoast-schema-graph\">{\"@context\":\"https:\/\/schema.org\",\"@graph\":[{\"@type\":\"WebPage\",\"@id\":\"https:\/\/veritasinfo.org\/?p=29753\",\"url\":\"https:\/\/veritasinfo.org\/?p=29753\",\"name\":\"Gjenden mbetje esh\u00ebtrore n\u00eb Sk\u00ebnderaj, dyshohet se u p\u00ebrkasin personave t\u00eb zhdukur gjat\u00eb luft\u00ebs -\",\"isPartOf\":{\"@id\":\"https:\/\/veritasinfo.org\/#website\"},\"primaryImageOfPage\":{\"@id\":\"https:\/\/veritasinfo.org\/?p=29753#primaryimage\"},\"image\":{\"@id\":\"https:\/\/veritasinfo.org\/?p=29753#primaryimage\"},\"thumbnailUrl\":\"https:\/\/veritasinfo.org\/wp-content\/uploads\/2026\/01\/mbetje-mortore.jpg\",\"datePublished\":\"2026-01-30T07:52:24+00:00\",\"author\":{\"@id\":\"https:\/\/veritasinfo.org\/#\/schema\/person\/fe199eede04c3937362892b7444747cc\"},\"breadcrumb\":{\"@id\":\"https:\/\/veritasinfo.org\/?p=29753#breadcrumb\"},\"inLanguage\":\"en-US\",\"potentialAction\":[{\"@type\":\"ReadAction\",\"target\":[\"https:\/\/veritasinfo.org\/?p=29753\"]}]},{\"@type\":\"ImageObject\",\"inLanguage\":\"en-US\",\"@id\":\"https:\/\/veritasinfo.org\/?p=29753#primaryimage\",\"url\":\"https:\/\/veritasinfo.org\/wp-content\/uploads\/2026\/01\/mbetje-mortore.jpg\",\"contentUrl\":\"https:\/\/veritasinfo.org\/wp-content\/uploads\/2026\/01\/mbetje-mortore.jpg\",\"width\":780,\"height\":439},{\"@type\":\"BreadcrumbList\",\"@id\":\"https:\/\/veritasinfo.org\/?p=29753#breadcrumb\",\"itemListElement\":[{\"@type\":\"ListItem\",\"position\":1,\"name\":\"Home\",\"item\":\"https:\/\/veritasinfo.org\/\"},{\"@type\":\"ListItem\",\"position\":2,\"name\":\"Gjenden mbetje esh\u00ebtrore n\u00eb Sk\u00ebnderaj, dyshohet se u p\u00ebrkasin personave t\u00eb zhdukur gjat\u00eb luft\u00ebs\"}]},{\"@type\":\"WebSite\",\"@id\":\"https:\/\/veritasinfo.org\/#website\",\"url\":\"https:\/\/veritasinfo.org\/\",\"name\":\"\",\"description\":\"\",\"potentialAction\":[{\"@type\":\"SearchAction\",\"target\":{\"@type\":\"EntryPoint\",\"urlTemplate\":\"https:\/\/veritasinfo.org\/?s={search_term_string}\"},\"query-input\":{\"@type\":\"PropertyValueSpecification\",\"valueRequired\":true,\"valueName\":\"search_term_string\"}}],\"inLanguage\":\"en-US\"},{\"@type\":\"Person\",\"@id\":\"https:\/\/veritasinfo.org\/#\/schema\/person\/fe199eede04c3937362892b7444747cc\",\"name\":\"US6\",\"image\":{\"@type\":\"ImageObject\",\"inLanguage\":\"en-US\",\"@id\":\"https:\/\/veritasinfo.org\/#\/schema\/person\/image\/\",\"url\":\"https:\/\/secure.gravatar.com\/avatar\/cb16c3c31c9d23b9b8c705964598220b3014e42ff51eb540ff23cefa3ae8c15f?s=96&d=mm&r=g\",\"contentUrl\":\"https:\/\/secure.gravatar.com\/avatar\/cb16c3c31c9d23b9b8c705964598220b3014e42ff51eb540ff23cefa3ae8c15f?s=96&d=mm&r=g\",\"caption\":\"US6\"},\"url\":\"https:\/\/veritasinfo.org\/?author=7\"}]}<\/script>\n<!-- \/ Yoast SEO plugin. -->","yoast_head_json":{"title":"Gjenden mbetje esh\u00ebtrore n\u00eb Sk\u00ebnderaj, dyshohet se u p\u00ebrkasin personave t\u00eb zhdukur gjat\u00eb luft\u00ebs -","robots":{"index":"index","follow":"follow","max-snippet":"max-snippet:-1","max-image-preview":"max-image-preview:large","max-video-preview":"max-video-preview:-1"},"canonical":"https:\/\/veritasinfo.org\/?p=29753","og_locale":"en_US","og_type":"article","og_title":"Gjenden mbetje esh\u00ebtrore n\u00eb Sk\u00ebnderaj, dyshohet se u p\u00ebrkasin personave t\u00eb zhdukur gjat\u00eb luft\u00ebs -","og_description":"Skenderaj 30 janar 2026 08:52 Policia e Kosov\u00ebs ka njoftuar se Nj\u00ebsiti p\u00ebr Hetimin e Personave t\u00eb Zhdukur gjat\u00eb luft\u00ebs, n\u00eb bashk\u00ebpunim me Institutin e","og_url":"https:\/\/veritasinfo.org\/?p=29753","article_published_time":"2026-01-30T07:52:24+00:00","og_image":[{"width":780,"height":439,"url":"https:\/\/veritasinfo.org\/wp-content\/uploads\/2026\/01\/mbetje-mortore.jpg","type":"image\/jpeg"}],"author":"US6","twitter_card":"summary_large_image","twitter_misc":{"Written by":"US6","Est. reading time":"1 minute"},"schema":{"@context":"https:\/\/schema.org","@graph":[{"@type":"WebPage","@id":"https:\/\/veritasinfo.org\/?p=29753","url":"https:\/\/veritasinfo.org\/?p=29753","name":"Gjenden mbetje esh\u00ebtrore n\u00eb Sk\u00ebnderaj, dyshohet se u p\u00ebrkasin personave t\u00eb zhdukur gjat\u00eb luft\u00ebs -","isPartOf":{"@id":"https:\/\/veritasinfo.org\/#website"},"primaryImageOfPage":{"@id":"https:\/\/veritasinfo.org\/?p=29753#primaryimage"},"image":{"@id":"https:\/\/veritasinfo.org\/?p=29753#primaryimage"},"thumbnailUrl":"https:\/\/veritasinfo.org\/wp-content\/uploads\/2026\/01\/mbetje-mortore.jpg","datePublished":"2026-01-30T07:52:24+00:00","author":{"@id":"https:\/\/veritasinfo.org\/#\/schema\/person\/fe199eede04c3937362892b7444747cc"},"breadcrumb":{"@id":"https:\/\/veritasinfo.org\/?p=29753#breadcrumb"},"inLanguage":"en-US","potentialAction":[{"@type":"ReadAction","target":["https:\/\/veritasinfo.org\/?p=29753"]}]},{"@type":"ImageObject","inLanguage":"en-US","@id":"https:\/\/veritasinfo.org\/?p=29753#primaryimage","url":"https:\/\/veritasinfo.org\/wp-content\/uploads\/2026\/01\/mbetje-mortore.jpg","contentUrl":"https:\/\/veritasinfo.org\/wp-content\/uploads\/2026\/01\/mbetje-mortore.jpg","width":780,"height":439},{"@type":"BreadcrumbList","@id":"https:\/\/veritasinfo.org\/?p=29753#breadcrumb","itemListElement":[{"@type":"ListItem","position":1,"name":"Home","item":"https:\/\/veritasinfo.org\/"},{"@type":"ListItem","position":2,"name":"Gjenden mbetje esh\u00ebtrore n\u00eb Sk\u00ebnderaj, dyshohet se u p\u00ebrkasin personave t\u00eb zhdukur gjat\u00eb luft\u00ebs"}]},{"@type":"WebSite","@id":"https:\/\/veritasinfo.org\/#website","url":"https:\/\/veritasinfo.org\/","name":"","description":"","potentialAction":[{"@type":"SearchAction","target":{"@type":"EntryPoint","urlTemplate":"https:\/\/veritasinfo.org\/?s={search_term_string}"},"query-input":{"@type":"PropertyValueSpecification","valueRequired":true,"valueName":"search_term_string"}}],"inLanguage":"en-US"},{"@type":"Person","@id":"https:\/\/veritasinfo.org\/#\/schema\/person\/fe199eede04c3937362892b7444747cc","name":"US6","image":{"@type":"ImageObject","inLanguage":"en-US","@id":"https:\/\/veritasinfo.org\/#\/schema\/person\/image\/","url":"https:\/\/secure.gravatar.com\/avatar\/cb16c3c31c9d23b9b8c705964598220b3014e42ff51eb540ff23cefa3ae8c15f?s=96&d=mm&r=g","contentUrl":"https:\/\/secure.gravatar.com\/avatar\/cb16c3c31c9d23b9b8c705964598220b3014e42ff51eb540ff23cefa3ae8c15f?s=96&d=mm&r=g","caption":"US6"},"url":"https:\/\/veritasinfo.org\/?author=7"}]}},"featured_image_urls":{"full":["https:\/\/veritasinfo.org\/wp-content\/uploads\/2026\/01\/mbetje-mortore.jpg",780,439,false],"thumbnail":["https:\/\/veritasinfo.org\/wp-content\/uploads\/2026\/01\/mbetje-mortore-150x150.jpg",150,150,true],"medium":["https:\/\/veritasinfo.org\/wp-content\/uploads\/2026\/01\/mbetje-mortore-300x169.jpg",300,169,true],"medium_large":["https:\/\/veritasinfo.org\/wp-content\/uploads\/2026\/01\/mbetje-mortore-768x432.jpg",640,360,true],"large":["https:\/\/veritasinfo.org\/wp-content\/uploads\/2026\/01\/mbetje-mortore.jpg",640,360,false],"1536x1536":["https:\/\/veritasinfo.org\/wp-content\/uploads\/2026\/01\/mbetje-mortore.jpg",780,439,false],"2048x2048":["https:\/\/veritasinfo.org\/wp-content\/uploads\/2026\/01\/mbetje-mortore.jpg",780,439,false],"kreeti-slider-full":["https:\/\/veritasinfo.org\/wp-content\/uploads\/2026\/01\/mbetje-mortore.jpg",780,439,false],"kreeti-featured":["https:\/\/veritasinfo.org\/wp-content\/uploads\/2026\/01\/mbetje-mortore.jpg",780,439,false],"kreeti-medium":["https:\/\/veritasinfo.org\/wp-content\/uploads\/2026\/01\/mbetje-mortore.jpg",720,405,false],"kreeti-medium-square":["https:\/\/veritasinfo.org\/wp-content\/uploads\/2026\/01\/mbetje-mortore.jpg",350,197,false]},"author_info":{"info":["US6"]},"category_info":"<a href=\"https:\/\/veritasinfo.org\/?cat=60\" rel=\"category\">Shoq\u00ebrore<\/a>","tag_info":"Shoq\u00ebrore","comment_count":"0","_links":{"self":[{"href":"https:\/\/veritasinfo.org\/index.php?rest_route=\/wp\/v2\/posts\/29753","targetHints":{"allow":["GET"]}}],"collection":[{"href":"https:\/\/veritasinfo.org\/index.php?rest_route=\/wp\/v2\/posts"}],"about":[{"href":"https:\/\/veritasinfo.org\/index.php?rest_route=\/wp\/v2\/types\/post"}],"author":[{"embeddable":true,"href":"https:\/\/veritasinfo.org\/index.php?rest_route=\/wp\/v2\/users\/7"}],"replies":[{"embeddable":true,"href":"https:\/\/veritasinfo.org\/index.php?rest_route=%2Fwp%2Fv2%2Fcomments&post=29753"}],"version-history":[{"count":1,"href":"https:\/\/veritasinfo.org\/index.php?rest_route=\/wp\/v2\/posts\/29753\/revisions"}],"predecessor-version":[{"id":29755,"href":"https:\/\/veritasinfo.org\/index.php?rest_route=\/wp\/v2\/posts\/29753\/revisions\/29755"}],"wp:featuredmedia":[{"embeddable":true,"href":"https:\/\/veritasinfo.org\/index.php?rest_route=\/wp\/v2\/media\/29754"}],"wp:attachment":[{"href":"https:\/\/veritasinfo.org\/index.php?rest_route=%2Fwp%2Fv2%2Fmedia&parent=29753"}],"wp:term":[{"taxonomy":"category","embeddable":true,"href":"https:\/\/veritasinfo.org\/index.php?rest_route=%2Fwp%2Fv2%2Fcategories&post=29753"},{"taxonomy":"post_tag","embeddable":true,"href":"https:\/\/veritasinfo.org\/index.php?rest_route=%2Fwp%2Fv2%2Ftags&post=29753"}],"curies":[{"name":"wp","href":"https:\/\/api.w.org\/{rel}","templated":true}]}}