{"id":29747,"date":"2026-01-30T08:40:31","date_gmt":"2026-01-30T07:40:31","guid":{"rendered":"https:\/\/veritasinfo.org\/?p=29747"},"modified":"2026-01-30T08:40:31","modified_gmt":"2026-01-30T07:40:31","slug":"deputeti-i-bundestagut-gjerman-nderhyrja-e-nato-s-ne-99-en-ndali-gjenocidin-e-millosheviqit-ne-kosove","status":"publish","type":"post","link":"https:\/\/veritasinfo.org\/?p=29747","title":{"rendered":"Deputeti i Bundestagut gjerman: Nd\u00ebrhyrja e NATO-s n\u00eb \u201999-\u00ebn ndali gjenocidin e Millosheviqit n\u00eb Kosov\u00eb"},"content":{"rendered":"<p>Prihtin\u00eb 30 janar 2026 08:39<br \/>\nDeputeti i Bundestagut gjerman, Adis Ahmetoviq, ka mbajtur nj\u00eb fjalim t\u00eb fuqish\u00ebm n\u00eb Parlamentin e Gjermanis\u00eb, ku ka rikujtuar ngjarjet tragjike t\u00eb vitit 1999 n\u00eb Kosov\u00eb, duke theksuar se mij\u00ebra civil\u00eb u b\u00ebn\u00eb viktima t\u00eb masakrave dhe spastrimit etnik t\u00eb regjimit t\u00eb Sllobodan Millosheviqit.<\/p>\n<p>Gjat\u00eb fjalimit, Ahmetoviq kritikoi ashp\u00ebr p\u00ebrdorimin e vazhduesh\u00ebm t\u00eb narrativit se nd\u00ebrhyrja e NATO-s n\u00eb ish-Jugosllavi p\u00ebrb\u00ebn precedent p\u00ebr shkeljen e s\u00eb drejt\u00ebs nd\u00ebrkomb\u00ebtare.<\/p>\n<p>Sipas tij, ky diskurs po p\u00ebrdoret gjithnj\u00eb e m\u00eb shpesh, madje edhe nga e djathta ekstreme, p\u00ebr t\u00eb legjitimuar shkelje t\u00eb reja t\u00eb s\u00eb drejt\u00ebs nd\u00ebrkomb\u00ebtare.<\/p>\n<p>Ai paralajm\u00ebroi se ky interpretim po shfaqet edhe n\u00eb debatet aktuale n\u00eb Bundestag, p\u00ebrfshir\u00eb diskutimet mbi politik\u00ebn e jashtme t\u00eb kancelarit federal, duke krijuar terren p\u00ebr relativizimin e luft\u00ebs agresive t\u00eb Rusis\u00eb kund\u00ebr Ukrain\u00ebs.<\/p>\n<p>N\u00eb fjalimin e tij, Ahmetoviq theksoi se p\u00ebrdorimi i k\u00ebtij narrativi \u00e7on n\u00eb harres\u00ebn e viktimave t\u00eb gjenocidit dhe krimeve t\u00eb luft\u00ebs n\u00eb Ballkan.<\/p>\n<p>\u201cSa her\u00eb q\u00eb e p\u00ebrdorni k\u00ebt\u00eb narrativ, harroni viktimat e Srebrenic\u00ebs t\u00eb vitit 1995, sepse at\u00ebher\u00eb nuk pati nd\u00ebrhyrje humanitare. Sa her\u00eb q\u00eb e p\u00ebrdorni k\u00ebt\u00eb narrativ, harroni mbi t\u00eb gjitha edhe viktimat n\u00eb Kosov\u00eb. Shum\u00eb mij\u00ebra njer\u00ebz u b\u00ebn\u00eb viktima t\u00eb masakrave t\u00eb Millosheviqit\u201d, deklaroi ai.<\/p>\n<p>Ahmetoviqit tha se nd\u00ebrhyrja humanitare e vitit 1999, e mb\u00ebshtetur edhe nga Bundestagu gjerman, ishte vendimtare p\u00ebr t\u00eb ndalur dhun\u00ebn sistematike dhe p\u00ebr t\u00eb parandaluar p\u00ebrs\u00ebritjen e nj\u00eb gjenocidi n\u00eb Ballkanin Per\u00ebndimor.<\/p>\n<p>Ai theksoi se kjo nd\u00ebrhyrje nuk mund t\u00eb barazohet me luft\u00ebra agresive apo pushtime territoriale, duke e dalluar qart\u00eb nga agresioni rus ndaj Ukrain\u00ebs.<\/p>\n<p>Ahmetoviq akuzoi disa deputet\u00eb p\u00ebr mbrojtjen e narrativ\u00ebve kund\u00ebr demokracis\u00eb dhe t\u00eb drejtave t\u00eb njeriut, p\u00ebrfshir\u00eb relativizimin ose justifikimin e figurave si Sllobodan Millosheviqi.<\/p>\n<p>Sipas tij, nj\u00eb qasje e till\u00eb p\u00ebrb\u00ebn fyerje p\u00ebr viktimat dhe rrezikon kujtes\u00ebn historike evropiane.<\/p>\n<p>Fjalimi i Ahmetoviqit u p\u00ebrsh\u00ebndet edhe nga Ambasadori i Republik\u00ebs s\u00eb Kosov\u00ebs n\u00eb Gjermani, Faruk Ajeti, i cili e fal\u00ebnderoi publikisht deputetin p\u00ebr q\u00ebndrimin e tij t\u00eb qart\u00eb dhe parimor.<\/p>\n<p>\u201cFaleminderit, i dashur Adis, p\u00ebr q\u00ebndrimin t\u00ebnd t\u00eb qart\u00eb dhe fjal\u00ebt e tua t\u00eb drejtp\u00ebrdrejta\u201d, ka shkruar Ajeti.<\/p>\n","protected":false},"excerpt":{"rendered":"<p>Prihtin\u00eb 30 janar 2026 08:39 Deputeti i Bundestagut gjerman, Adis Ahmetoviq, ka mbajtur nj\u00eb fjalim t\u00eb fuqish\u00ebm n\u00eb Parlamentin e Gjermanis\u00eb, ku ka rikujtuar ngjarjet<\/p>\n","protected":false},"author":6,"featured_media":29748,"comment_status":"open","ping_status":"open","sticky":false,"template":"","format":"standard","meta":{"footnotes":""},"categories":[58],"tags":[],"class_list":["post-29747","post","type-post","status-publish","format-standard","has-post-thumbnail","hentry","category-politike-sq"],"yoast_head":"<!-- This site is optimized with the Yoast SEO plugin v25.3.1 - https:\/\/yoast.com\/wordpress\/plugins\/seo\/ -->\n<title>Deputeti i Bundestagut gjerman: Nd\u00ebrhyrja e NATO-s n\u00eb \u201999-\u00ebn ndali gjenocidin e Millosheviqit n\u00eb Kosov\u00eb -<\/title>\n<meta name=\"robots\" content=\"index, follow, max-snippet:-1, max-image-preview:large, max-video-preview:-1\" \/>\n<link rel=\"canonical\" href=\"https:\/\/veritasinfo.org\/?p=29747\" \/>\n<meta property=\"og:locale\" content=\"en_US\" \/>\n<meta property=\"og:type\" content=\"article\" \/>\n<meta property=\"og:title\" content=\"Deputeti i Bundestagut gjerman: Nd\u00ebrhyrja e NATO-s n\u00eb \u201999-\u00ebn ndali gjenocidin e Millosheviqit n\u00eb Kosov\u00eb -\" \/>\n<meta property=\"og:description\" content=\"Prihtin\u00eb 30 janar 2026 08:39 Deputeti i Bundestagut gjerman, Adis Ahmetoviq, ka mbajtur nj\u00eb fjalim t\u00eb fuqish\u00ebm n\u00eb Parlamentin e Gjermanis\u00eb, ku ka rikujtuar ngjarjet\" \/>\n<meta property=\"og:url\" content=\"https:\/\/veritasinfo.org\/?p=29747\" \/>\n<meta property=\"article:published_time\" content=\"2026-01-30T07:40:31+00:00\" \/>\n<meta property=\"og:image\" content=\"https:\/\/veritasinfo.org\/wp-content\/uploads\/2026\/01\/image-34.jpg\" \/>\n\t<meta property=\"og:image:width\" content=\"600\" \/>\n\t<meta property=\"og:image:height\" content=\"360\" \/>\n\t<meta property=\"og:image:type\" content=\"image\/jpeg\" \/>\n<meta name=\"author\" content=\"US5\" \/>\n<meta name=\"twitter:card\" content=\"summary_large_image\" \/>\n<meta name=\"twitter:label1\" content=\"Written by\" \/>\n\t<meta name=\"twitter:data1\" content=\"US5\" \/>\n<script type=\"application\/ld+json\" class=\"yoast-schema-graph\">{\"@context\":\"https:\/\/schema.org\",\"@graph\":[{\"@type\":\"WebPage\",\"@id\":\"https:\/\/veritasinfo.org\/?p=29747\",\"url\":\"https:\/\/veritasinfo.org\/?p=29747\",\"name\":\"Deputeti i Bundestagut gjerman: Nd\u00ebrhyrja e NATO-s n\u00eb \u201999-\u00ebn ndali gjenocidin e Millosheviqit n\u00eb Kosov\u00eb -\",\"isPartOf\":{\"@id\":\"https:\/\/veritasinfo.org\/#website\"},\"primaryImageOfPage\":{\"@id\":\"https:\/\/veritasinfo.org\/?p=29747#primaryimage\"},\"image\":{\"@id\":\"https:\/\/veritasinfo.org\/?p=29747#primaryimage\"},\"thumbnailUrl\":\"https:\/\/veritasinfo.org\/wp-content\/uploads\/2026\/01\/image-34.jpg\",\"datePublished\":\"2026-01-30T07:40:31+00:00\",\"author\":{\"@id\":\"https:\/\/veritasinfo.org\/#\/schema\/person\/bc442336e35414d04494ab8fb45db4c6\"},\"breadcrumb\":{\"@id\":\"https:\/\/veritasinfo.org\/?p=29747#breadcrumb\"},\"inLanguage\":\"en-US\",\"potentialAction\":[{\"@type\":\"ReadAction\",\"target\":[\"https:\/\/veritasinfo.org\/?p=29747\"]}]},{\"@type\":\"ImageObject\",\"inLanguage\":\"en-US\",\"@id\":\"https:\/\/veritasinfo.org\/?p=29747#primaryimage\",\"url\":\"https:\/\/veritasinfo.org\/wp-content\/uploads\/2026\/01\/image-34.jpg\",\"contentUrl\":\"https:\/\/veritasinfo.org\/wp-content\/uploads\/2026\/01\/image-34.jpg\",\"width\":600,\"height\":360},{\"@type\":\"BreadcrumbList\",\"@id\":\"https:\/\/veritasinfo.org\/?p=29747#breadcrumb\",\"itemListElement\":[{\"@type\":\"ListItem\",\"position\":1,\"name\":\"Home\",\"item\":\"https:\/\/veritasinfo.org\/\"},{\"@type\":\"ListItem\",\"position\":2,\"name\":\"Deputeti i Bundestagut gjerman: Nd\u00ebrhyrja e NATO-s n\u00eb \u201999-\u00ebn ndali gjenocidin e Millosheviqit n\u00eb Kosov\u00eb\"}]},{\"@type\":\"WebSite\",\"@id\":\"https:\/\/veritasinfo.org\/#website\",\"url\":\"https:\/\/veritasinfo.org\/\",\"name\":\"\",\"description\":\"\",\"potentialAction\":[{\"@type\":\"SearchAction\",\"target\":{\"@type\":\"EntryPoint\",\"urlTemplate\":\"https:\/\/veritasinfo.org\/?s={search_term_string}\"},\"query-input\":{\"@type\":\"PropertyValueSpecification\",\"valueRequired\":true,\"valueName\":\"search_term_string\"}}],\"inLanguage\":\"en-US\"},{\"@type\":\"Person\",\"@id\":\"https:\/\/veritasinfo.org\/#\/schema\/person\/bc442336e35414d04494ab8fb45db4c6\",\"name\":\"US5\",\"image\":{\"@type\":\"ImageObject\",\"inLanguage\":\"en-US\",\"@id\":\"https:\/\/veritasinfo.org\/#\/schema\/person\/image\/\",\"url\":\"https:\/\/secure.gravatar.com\/avatar\/16a61e7272a0c5d001121ebb9e60e925d5816e4ac1e443ed3e640d9a6ae55d0c?s=96&d=mm&r=g\",\"contentUrl\":\"https:\/\/secure.gravatar.com\/avatar\/16a61e7272a0c5d001121ebb9e60e925d5816e4ac1e443ed3e640d9a6ae55d0c?s=96&d=mm&r=g\",\"caption\":\"US5\"},\"url\":\"https:\/\/veritasinfo.org\/?author=6\"}]}<\/script>\n<!-- \/ Yoast SEO plugin. -->","yoast_head_json":{"title":"Deputeti i Bundestagut gjerman: Nd\u00ebrhyrja e NATO-s n\u00eb \u201999-\u00ebn ndali gjenocidin e Millosheviqit n\u00eb Kosov\u00eb -","robots":{"index":"index","follow":"follow","max-snippet":"max-snippet:-1","max-image-preview":"max-image-preview:large","max-video-preview":"max-video-preview:-1"},"canonical":"https:\/\/veritasinfo.org\/?p=29747","og_locale":"en_US","og_type":"article","og_title":"Deputeti i Bundestagut gjerman: Nd\u00ebrhyrja e NATO-s n\u00eb \u201999-\u00ebn ndali gjenocidin e Millosheviqit n\u00eb Kosov\u00eb -","og_description":"Prihtin\u00eb 30 janar 2026 08:39 Deputeti i Bundestagut gjerman, Adis Ahmetoviq, ka mbajtur nj\u00eb fjalim t\u00eb fuqish\u00ebm n\u00eb Parlamentin e Gjermanis\u00eb, ku ka rikujtuar ngjarjet","og_url":"https:\/\/veritasinfo.org\/?p=29747","article_published_time":"2026-01-30T07:40:31+00:00","og_image":[{"width":600,"height":360,"url":"https:\/\/veritasinfo.org\/wp-content\/uploads\/2026\/01\/image-34.jpg","type":"image\/jpeg"}],"author":"US5","twitter_card":"summary_large_image","twitter_misc":{"Written by":"US5"},"schema":{"@context":"https:\/\/schema.org","@graph":[{"@type":"WebPage","@id":"https:\/\/veritasinfo.org\/?p=29747","url":"https:\/\/veritasinfo.org\/?p=29747","name":"Deputeti i Bundestagut gjerman: Nd\u00ebrhyrja e NATO-s n\u00eb \u201999-\u00ebn ndali gjenocidin e Millosheviqit n\u00eb Kosov\u00eb -","isPartOf":{"@id":"https:\/\/veritasinfo.org\/#website"},"primaryImageOfPage":{"@id":"https:\/\/veritasinfo.org\/?p=29747#primaryimage"},"image":{"@id":"https:\/\/veritasinfo.org\/?p=29747#primaryimage"},"thumbnailUrl":"https:\/\/veritasinfo.org\/wp-content\/uploads\/2026\/01\/image-34.jpg","datePublished":"2026-01-30T07:40:31+00:00","author":{"@id":"https:\/\/veritasinfo.org\/#\/schema\/person\/bc442336e35414d04494ab8fb45db4c6"},"breadcrumb":{"@id":"https:\/\/veritasinfo.org\/?p=29747#breadcrumb"},"inLanguage":"en-US","potentialAction":[{"@type":"ReadAction","target":["https:\/\/veritasinfo.org\/?p=29747"]}]},{"@type":"ImageObject","inLanguage":"en-US","@id":"https:\/\/veritasinfo.org\/?p=29747#primaryimage","url":"https:\/\/veritasinfo.org\/wp-content\/uploads\/2026\/01\/image-34.jpg","contentUrl":"https:\/\/veritasinfo.org\/wp-content\/uploads\/2026\/01\/image-34.jpg","width":600,"height":360},{"@type":"BreadcrumbList","@id":"https:\/\/veritasinfo.org\/?p=29747#breadcrumb","itemListElement":[{"@type":"ListItem","position":1,"name":"Home","item":"https:\/\/veritasinfo.org\/"},{"@type":"ListItem","position":2,"name":"Deputeti i Bundestagut gjerman: Nd\u00ebrhyrja e NATO-s n\u00eb \u201999-\u00ebn ndali gjenocidin e Millosheviqit n\u00eb Kosov\u00eb"}]},{"@type":"WebSite","@id":"https:\/\/veritasinfo.org\/#website","url":"https:\/\/veritasinfo.org\/","name":"","description":"","potentialAction":[{"@type":"SearchAction","target":{"@type":"EntryPoint","urlTemplate":"https:\/\/veritasinfo.org\/?s={search_term_string}"},"query-input":{"@type":"PropertyValueSpecification","valueRequired":true,"valueName":"search_term_string"}}],"inLanguage":"en-US"},{"@type":"Person","@id":"https:\/\/veritasinfo.org\/#\/schema\/person\/bc442336e35414d04494ab8fb45db4c6","name":"US5","image":{"@type":"ImageObject","inLanguage":"en-US","@id":"https:\/\/veritasinfo.org\/#\/schema\/person\/image\/","url":"https:\/\/secure.gravatar.com\/avatar\/16a61e7272a0c5d001121ebb9e60e925d5816e4ac1e443ed3e640d9a6ae55d0c?s=96&d=mm&r=g","contentUrl":"https:\/\/secure.gravatar.com\/avatar\/16a61e7272a0c5d001121ebb9e60e925d5816e4ac1e443ed3e640d9a6ae55d0c?s=96&d=mm&r=g","caption":"US5"},"url":"https:\/\/veritasinfo.org\/?author=6"}]}},"featured_image_urls":{"full":["https:\/\/veritasinfo.org\/wp-content\/uploads\/2026\/01\/image-34.jpg",600,360,false],"thumbnail":["https:\/\/veritasinfo.org\/wp-content\/uploads\/2026\/01\/image-34-150x150.jpg",150,150,true],"medium":["https:\/\/veritasinfo.org\/wp-content\/uploads\/2026\/01\/image-34-300x180.jpg",300,180,true],"medium_large":["https:\/\/veritasinfo.org\/wp-content\/uploads\/2026\/01\/image-34.jpg",600,360,false],"large":["https:\/\/veritasinfo.org\/wp-content\/uploads\/2026\/01\/image-34.jpg",600,360,false],"1536x1536":["https:\/\/veritasinfo.org\/wp-content\/uploads\/2026\/01\/image-34.jpg",600,360,false],"2048x2048":["https:\/\/veritasinfo.org\/wp-content\/uploads\/2026\/01\/image-34.jpg",600,360,false],"kreeti-slider-full":["https:\/\/veritasinfo.org\/wp-content\/uploads\/2026\/01\/image-34.jpg",600,360,false],"kreeti-featured":["https:\/\/veritasinfo.org\/wp-content\/uploads\/2026\/01\/image-34.jpg",600,360,false],"kreeti-medium":["https:\/\/veritasinfo.org\/wp-content\/uploads\/2026\/01\/image-34.jpg",600,360,false],"kreeti-medium-square":["https:\/\/veritasinfo.org\/wp-content\/uploads\/2026\/01\/image-34.jpg",350,210,false]},"author_info":{"info":["US5"]},"category_info":"<a href=\"https:\/\/veritasinfo.org\/?cat=58\" rel=\"category\">Politik\u00eb<\/a>","tag_info":"Politik\u00eb","comment_count":"0","_links":{"self":[{"href":"https:\/\/veritasinfo.org\/index.php?rest_route=\/wp\/v2\/posts\/29747","targetHints":{"allow":["GET"]}}],"collection":[{"href":"https:\/\/veritasinfo.org\/index.php?rest_route=\/wp\/v2\/posts"}],"about":[{"href":"https:\/\/veritasinfo.org\/index.php?rest_route=\/wp\/v2\/types\/post"}],"author":[{"embeddable":true,"href":"https:\/\/veritasinfo.org\/index.php?rest_route=\/wp\/v2\/users\/6"}],"replies":[{"embeddable":true,"href":"https:\/\/veritasinfo.org\/index.php?rest_route=%2Fwp%2Fv2%2Fcomments&post=29747"}],"version-history":[{"count":1,"href":"https:\/\/veritasinfo.org\/index.php?rest_route=\/wp\/v2\/posts\/29747\/revisions"}],"predecessor-version":[{"id":29749,"href":"https:\/\/veritasinfo.org\/index.php?rest_route=\/wp\/v2\/posts\/29747\/revisions\/29749"}],"wp:featuredmedia":[{"embeddable":true,"href":"https:\/\/veritasinfo.org\/index.php?rest_route=\/wp\/v2\/media\/29748"}],"wp:attachment":[{"href":"https:\/\/veritasinfo.org\/index.php?rest_route=%2Fwp%2Fv2%2Fmedia&parent=29747"}],"wp:term":[{"taxonomy":"category","embeddable":true,"href":"https:\/\/veritasinfo.org\/index.php?rest_route=%2Fwp%2Fv2%2Fcategories&post=29747"},{"taxonomy":"post_tag","embeddable":true,"href":"https:\/\/veritasinfo.org\/index.php?rest_route=%2Fwp%2Fv2%2Ftags&post=29747"}],"curies":[{"name":"wp","href":"https:\/\/api.w.org\/{rel}","templated":true}]}}