{"id":29734,"date":"2026-01-30T08:12:56","date_gmt":"2026-01-30T07:12:56","guid":{"rendered":"https:\/\/veritasinfo.org\/?p=29734"},"modified":"2026-01-30T08:12:56","modified_gmt":"2026-01-30T07:12:56","slug":"largimi-nga-puna-i-shqiptareve-ne-veri-zeqiri-vendimet-e-listes-serbe-ndaj-shqiptareve-kunderligjore","status":"publish","type":"post","link":"https:\/\/veritasinfo.org\/?p=29734","title":{"rendered":"Largimi nga puna i shqiptar\u00ebve n\u00eb veri, Zeqiri: Vendimet e List\u00ebs Serbe ndaj shqiptar\u00ebve, kund\u00ebrligjore"},"content":{"rendered":"<p>Prihtin\u00eb 30 janar 2026 08:12<\/p>\n<p>Lista Serbe ka filluar me largimin nga puna t\u00eb shqiptar\u00ebve n\u00eb veri t\u00eb vendit.<\/p>\n<p>P\u00ebr k\u00ebt\u00eb, ish-kryetari i Komun\u00ebs s\u00eb Zubin Potokut, Izmir Zeqiri, ka deklaruar se veprimet e nd\u00ebrmarra nga Lista Serbe jan\u00eb politike dhe kund\u00ebrligjore, duke paralajm\u00ebruar se nj\u00eb situat\u00eb e till\u00eb mund t\u00eb p\u00ebrkeq\u00ebsoj\u00eb raportet etnike.<\/p>\n<p>Sipas tij, vendimet q\u00eb po merren nuk bazohen n\u00eb asnj\u00eb rregull ligjor dhe po aplikohen n\u00eb m\u00ebnyr\u00eb selektive, kryesisht ndaj pun\u00ebtor\u00ebve shqiptar\u00eb, pa arsye t\u00eb qarta.<\/p>\n<p>\u201cNatyrisht, n\u00ebse do t\u00eb vazhdohet kjo, kjo situat\u00eb mund t\u2019i p\u00ebrkeq\u00ebsoj\u00eb raportet etnike, sepse veprimet q\u00eb po merren nga ana e List\u00ebs Serbe jan\u00eb veprime politike dhe arbitrare. Nuk po shoh asnj\u00eb rregull ligjor, merren vendime vet\u00ebm ndaj pun\u00ebtor\u00ebve shqiptar\u00eb, pa ndonj\u00eb arsye konkrete. Sa i p\u00ebrket Komun\u00ebs s\u00eb Zubin Potokut, ende nuk ka pasur raste t\u00eb tilla, por kjo nuk do t\u00eb thot\u00eb se nuk mund t\u00eb ndodhin n\u00eb dit\u00ebt n\u00eb vijim. K\u00ebto i shoh si veprime kund\u00ebrligjore, veprime q\u00eb sjellin pasoja t\u00eb k\u00ebqija\u201d, ka deklaruar Zeqiri n\u00eb emisionin \u201cDitari\u201d n\u00eb T\u00ebv\u00eb1.<\/p>\n<p>Ai theksoi se situata aktuale k\u00ebrkon v\u00ebmendje dhe reagim institucional p\u00ebr t\u00eb parandaluar tensione t\u00eb reja dhe p\u00ebr t\u00eb garantuar respektimin e ligjit dhe barazis\u00eb p\u00ebr t\u00eb gjith\u00eb qytetar\u00ebt<\/p>\n","protected":false},"excerpt":{"rendered":"<p>Prihtin\u00eb 30 janar 2026 08:12 Lista Serbe ka filluar me largimin nga puna t\u00eb shqiptar\u00ebve n\u00eb veri t\u00eb vendit. P\u00ebr k\u00ebt\u00eb, ish-kryetari i Komun\u00ebs s\u00eb<\/p>\n","protected":false},"author":6,"featured_media":29735,"comment_status":"open","ping_status":"open","sticky":false,"template":"","format":"standard","meta":{"footnotes":""},"categories":[58],"tags":[],"class_list":["post-29734","post","type-post","status-publish","format-standard","has-post-thumbnail","hentry","category-politike-sq"],"yoast_head":"<!-- This site is optimized with the Yoast SEO plugin v25.3.1 - https:\/\/yoast.com\/wordpress\/plugins\/seo\/ -->\n<title>Largimi nga puna i shqiptar\u00ebve n\u00eb veri, Zeqiri: Vendimet e List\u00ebs Serbe ndaj shqiptar\u00ebve, kund\u00ebrligjore -<\/title>\n<meta name=\"robots\" content=\"index, follow, max-snippet:-1, max-image-preview:large, max-video-preview:-1\" \/>\n<link rel=\"canonical\" href=\"https:\/\/veritasinfo.org\/?p=29734\" \/>\n<meta property=\"og:locale\" content=\"en_US\" \/>\n<meta property=\"og:type\" content=\"article\" \/>\n<meta property=\"og:title\" content=\"Largimi nga puna i shqiptar\u00ebve n\u00eb veri, Zeqiri: Vendimet e List\u00ebs Serbe ndaj shqiptar\u00ebve, kund\u00ebrligjore -\" \/>\n<meta property=\"og:description\" content=\"Prihtin\u00eb 30 janar 2026 08:12 Lista Serbe ka filluar me largimin nga puna t\u00eb shqiptar\u00ebve n\u00eb veri t\u00eb vendit. P\u00ebr k\u00ebt\u00eb, ish-kryetari i Komun\u00ebs s\u00eb\" \/>\n<meta property=\"og:url\" content=\"https:\/\/veritasinfo.org\/?p=29734\" \/>\n<meta property=\"article:published_time\" content=\"2026-01-30T07:12:56+00:00\" \/>\n<meta property=\"og:image\" content=\"https:\/\/veritasinfo.org\/wp-content\/uploads\/2026\/01\/Izmir-Zeqiri.jpg\" \/>\n\t<meta property=\"og:image:width\" content=\"850\" \/>\n\t<meta property=\"og:image:height\" content=\"446\" \/>\n\t<meta property=\"og:image:type\" content=\"image\/jpeg\" \/>\n<meta name=\"author\" content=\"US5\" \/>\n<meta name=\"twitter:card\" content=\"summary_large_image\" \/>\n<meta name=\"twitter:label1\" content=\"Written by\" \/>\n\t<meta name=\"twitter:data1\" content=\"US5\" \/>\n<script type=\"application\/ld+json\" class=\"yoast-schema-graph\">{\"@context\":\"https:\/\/schema.org\",\"@graph\":[{\"@type\":\"WebPage\",\"@id\":\"https:\/\/veritasinfo.org\/?p=29734\",\"url\":\"https:\/\/veritasinfo.org\/?p=29734\",\"name\":\"Largimi nga puna i shqiptar\u00ebve n\u00eb veri, Zeqiri: Vendimet e List\u00ebs Serbe ndaj shqiptar\u00ebve, kund\u00ebrligjore -\",\"isPartOf\":{\"@id\":\"https:\/\/veritasinfo.org\/#website\"},\"primaryImageOfPage\":{\"@id\":\"https:\/\/veritasinfo.org\/?p=29734#primaryimage\"},\"image\":{\"@id\":\"https:\/\/veritasinfo.org\/?p=29734#primaryimage\"},\"thumbnailUrl\":\"https:\/\/veritasinfo.org\/wp-content\/uploads\/2026\/01\/Izmir-Zeqiri.jpg\",\"datePublished\":\"2026-01-30T07:12:56+00:00\",\"author\":{\"@id\":\"https:\/\/veritasinfo.org\/#\/schema\/person\/bc442336e35414d04494ab8fb45db4c6\"},\"breadcrumb\":{\"@id\":\"https:\/\/veritasinfo.org\/?p=29734#breadcrumb\"},\"inLanguage\":\"en-US\",\"potentialAction\":[{\"@type\":\"ReadAction\",\"target\":[\"https:\/\/veritasinfo.org\/?p=29734\"]}]},{\"@type\":\"ImageObject\",\"inLanguage\":\"en-US\",\"@id\":\"https:\/\/veritasinfo.org\/?p=29734#primaryimage\",\"url\":\"https:\/\/veritasinfo.org\/wp-content\/uploads\/2026\/01\/Izmir-Zeqiri.jpg\",\"contentUrl\":\"https:\/\/veritasinfo.org\/wp-content\/uploads\/2026\/01\/Izmir-Zeqiri.jpg\",\"width\":850,\"height\":446},{\"@type\":\"BreadcrumbList\",\"@id\":\"https:\/\/veritasinfo.org\/?p=29734#breadcrumb\",\"itemListElement\":[{\"@type\":\"ListItem\",\"position\":1,\"name\":\"Home\",\"item\":\"https:\/\/veritasinfo.org\/\"},{\"@type\":\"ListItem\",\"position\":2,\"name\":\"Largimi nga puna i shqiptar\u00ebve n\u00eb veri, Zeqiri: Vendimet e List\u00ebs Serbe ndaj shqiptar\u00ebve, kund\u00ebrligjore\"}]},{\"@type\":\"WebSite\",\"@id\":\"https:\/\/veritasinfo.org\/#website\",\"url\":\"https:\/\/veritasinfo.org\/\",\"name\":\"\",\"description\":\"\",\"potentialAction\":[{\"@type\":\"SearchAction\",\"target\":{\"@type\":\"EntryPoint\",\"urlTemplate\":\"https:\/\/veritasinfo.org\/?s={search_term_string}\"},\"query-input\":{\"@type\":\"PropertyValueSpecification\",\"valueRequired\":true,\"valueName\":\"search_term_string\"}}],\"inLanguage\":\"en-US\"},{\"@type\":\"Person\",\"@id\":\"https:\/\/veritasinfo.org\/#\/schema\/person\/bc442336e35414d04494ab8fb45db4c6\",\"name\":\"US5\",\"image\":{\"@type\":\"ImageObject\",\"inLanguage\":\"en-US\",\"@id\":\"https:\/\/veritasinfo.org\/#\/schema\/person\/image\/\",\"url\":\"https:\/\/secure.gravatar.com\/avatar\/16a61e7272a0c5d001121ebb9e60e925d5816e4ac1e443ed3e640d9a6ae55d0c?s=96&d=mm&r=g\",\"contentUrl\":\"https:\/\/secure.gravatar.com\/avatar\/16a61e7272a0c5d001121ebb9e60e925d5816e4ac1e443ed3e640d9a6ae55d0c?s=96&d=mm&r=g\",\"caption\":\"US5\"},\"url\":\"https:\/\/veritasinfo.org\/?author=6\"}]}<\/script>\n<!-- \/ Yoast SEO plugin. -->","yoast_head_json":{"title":"Largimi nga puna i shqiptar\u00ebve n\u00eb veri, Zeqiri: Vendimet e List\u00ebs Serbe ndaj shqiptar\u00ebve, kund\u00ebrligjore -","robots":{"index":"index","follow":"follow","max-snippet":"max-snippet:-1","max-image-preview":"max-image-preview:large","max-video-preview":"max-video-preview:-1"},"canonical":"https:\/\/veritasinfo.org\/?p=29734","og_locale":"en_US","og_type":"article","og_title":"Largimi nga puna i shqiptar\u00ebve n\u00eb veri, Zeqiri: Vendimet e List\u00ebs Serbe ndaj shqiptar\u00ebve, kund\u00ebrligjore -","og_description":"Prihtin\u00eb 30 janar 2026 08:12 Lista Serbe ka filluar me largimin nga puna t\u00eb shqiptar\u00ebve n\u00eb veri t\u00eb vendit. P\u00ebr k\u00ebt\u00eb, ish-kryetari i Komun\u00ebs s\u00eb","og_url":"https:\/\/veritasinfo.org\/?p=29734","article_published_time":"2026-01-30T07:12:56+00:00","og_image":[{"width":850,"height":446,"url":"https:\/\/veritasinfo.org\/wp-content\/uploads\/2026\/01\/Izmir-Zeqiri.jpg","type":"image\/jpeg"}],"author":"US5","twitter_card":"summary_large_image","twitter_misc":{"Written by":"US5"},"schema":{"@context":"https:\/\/schema.org","@graph":[{"@type":"WebPage","@id":"https:\/\/veritasinfo.org\/?p=29734","url":"https:\/\/veritasinfo.org\/?p=29734","name":"Largimi nga puna i shqiptar\u00ebve n\u00eb veri, Zeqiri: Vendimet e List\u00ebs Serbe ndaj shqiptar\u00ebve, kund\u00ebrligjore -","isPartOf":{"@id":"https:\/\/veritasinfo.org\/#website"},"primaryImageOfPage":{"@id":"https:\/\/veritasinfo.org\/?p=29734#primaryimage"},"image":{"@id":"https:\/\/veritasinfo.org\/?p=29734#primaryimage"},"thumbnailUrl":"https:\/\/veritasinfo.org\/wp-content\/uploads\/2026\/01\/Izmir-Zeqiri.jpg","datePublished":"2026-01-30T07:12:56+00:00","author":{"@id":"https:\/\/veritasinfo.org\/#\/schema\/person\/bc442336e35414d04494ab8fb45db4c6"},"breadcrumb":{"@id":"https:\/\/veritasinfo.org\/?p=29734#breadcrumb"},"inLanguage":"en-US","potentialAction":[{"@type":"ReadAction","target":["https:\/\/veritasinfo.org\/?p=29734"]}]},{"@type":"ImageObject","inLanguage":"en-US","@id":"https:\/\/veritasinfo.org\/?p=29734#primaryimage","url":"https:\/\/veritasinfo.org\/wp-content\/uploads\/2026\/01\/Izmir-Zeqiri.jpg","contentUrl":"https:\/\/veritasinfo.org\/wp-content\/uploads\/2026\/01\/Izmir-Zeqiri.jpg","width":850,"height":446},{"@type":"BreadcrumbList","@id":"https:\/\/veritasinfo.org\/?p=29734#breadcrumb","itemListElement":[{"@type":"ListItem","position":1,"name":"Home","item":"https:\/\/veritasinfo.org\/"},{"@type":"ListItem","position":2,"name":"Largimi nga puna i shqiptar\u00ebve n\u00eb veri, Zeqiri: Vendimet e List\u00ebs Serbe ndaj shqiptar\u00ebve, kund\u00ebrligjore"}]},{"@type":"WebSite","@id":"https:\/\/veritasinfo.org\/#website","url":"https:\/\/veritasinfo.org\/","name":"","description":"","potentialAction":[{"@type":"SearchAction","target":{"@type":"EntryPoint","urlTemplate":"https:\/\/veritasinfo.org\/?s={search_term_string}"},"query-input":{"@type":"PropertyValueSpecification","valueRequired":true,"valueName":"search_term_string"}}],"inLanguage":"en-US"},{"@type":"Person","@id":"https:\/\/veritasinfo.org\/#\/schema\/person\/bc442336e35414d04494ab8fb45db4c6","name":"US5","image":{"@type":"ImageObject","inLanguage":"en-US","@id":"https:\/\/veritasinfo.org\/#\/schema\/person\/image\/","url":"https:\/\/secure.gravatar.com\/avatar\/16a61e7272a0c5d001121ebb9e60e925d5816e4ac1e443ed3e640d9a6ae55d0c?s=96&d=mm&r=g","contentUrl":"https:\/\/secure.gravatar.com\/avatar\/16a61e7272a0c5d001121ebb9e60e925d5816e4ac1e443ed3e640d9a6ae55d0c?s=96&d=mm&r=g","caption":"US5"},"url":"https:\/\/veritasinfo.org\/?author=6"}]}},"featured_image_urls":{"full":["https:\/\/veritasinfo.org\/wp-content\/uploads\/2026\/01\/Izmir-Zeqiri.jpg",850,446,false],"thumbnail":["https:\/\/veritasinfo.org\/wp-content\/uploads\/2026\/01\/Izmir-Zeqiri-150x150.jpg",150,150,true],"medium":["https:\/\/veritasinfo.org\/wp-content\/uploads\/2026\/01\/Izmir-Zeqiri-300x157.jpg",300,157,true],"medium_large":["https:\/\/veritasinfo.org\/wp-content\/uploads\/2026\/01\/Izmir-Zeqiri-768x403.jpg",640,336,true],"large":["https:\/\/veritasinfo.org\/wp-content\/uploads\/2026\/01\/Izmir-Zeqiri.jpg",640,336,false],"1536x1536":["https:\/\/veritasinfo.org\/wp-content\/uploads\/2026\/01\/Izmir-Zeqiri.jpg",850,446,false],"2048x2048":["https:\/\/veritasinfo.org\/wp-content\/uploads\/2026\/01\/Izmir-Zeqiri.jpg",850,446,false],"kreeti-slider-full":["https:\/\/veritasinfo.org\/wp-content\/uploads\/2026\/01\/Izmir-Zeqiri.jpg",850,446,false],"kreeti-featured":["https:\/\/veritasinfo.org\/wp-content\/uploads\/2026\/01\/Izmir-Zeqiri.jpg",850,446,false],"kreeti-medium":["https:\/\/veritasinfo.org\/wp-content\/uploads\/2026\/01\/Izmir-Zeqiri.jpg",720,378,false],"kreeti-medium-square":["https:\/\/veritasinfo.org\/wp-content\/uploads\/2026\/01\/Izmir-Zeqiri.jpg",350,184,false]},"author_info":{"info":["US5"]},"category_info":"<a href=\"https:\/\/veritasinfo.org\/?cat=58\" rel=\"category\">Politik\u00eb<\/a>","tag_info":"Politik\u00eb","comment_count":"0","_links":{"self":[{"href":"https:\/\/veritasinfo.org\/index.php?rest_route=\/wp\/v2\/posts\/29734","targetHints":{"allow":["GET"]}}],"collection":[{"href":"https:\/\/veritasinfo.org\/index.php?rest_route=\/wp\/v2\/posts"}],"about":[{"href":"https:\/\/veritasinfo.org\/index.php?rest_route=\/wp\/v2\/types\/post"}],"author":[{"embeddable":true,"href":"https:\/\/veritasinfo.org\/index.php?rest_route=\/wp\/v2\/users\/6"}],"replies":[{"embeddable":true,"href":"https:\/\/veritasinfo.org\/index.php?rest_route=%2Fwp%2Fv2%2Fcomments&post=29734"}],"version-history":[{"count":1,"href":"https:\/\/veritasinfo.org\/index.php?rest_route=\/wp\/v2\/posts\/29734\/revisions"}],"predecessor-version":[{"id":29736,"href":"https:\/\/veritasinfo.org\/index.php?rest_route=\/wp\/v2\/posts\/29734\/revisions\/29736"}],"wp:featuredmedia":[{"embeddable":true,"href":"https:\/\/veritasinfo.org\/index.php?rest_route=\/wp\/v2\/media\/29735"}],"wp:attachment":[{"href":"https:\/\/veritasinfo.org\/index.php?rest_route=%2Fwp%2Fv2%2Fmedia&parent=29734"}],"wp:term":[{"taxonomy":"category","embeddable":true,"href":"https:\/\/veritasinfo.org\/index.php?rest_route=%2Fwp%2Fv2%2Fcategories&post=29734"},{"taxonomy":"post_tag","embeddable":true,"href":"https:\/\/veritasinfo.org\/index.php?rest_route=%2Fwp%2Fv2%2Ftags&post=29734"}],"curies":[{"name":"wp","href":"https:\/\/api.w.org\/{rel}","templated":true}]}}