{"id":29712,"date":"2026-01-30T06:57:38","date_gmt":"2026-01-30T05:57:38","guid":{"rendered":"https:\/\/veritasinfo.org\/?p=29712"},"modified":"2026-01-30T06:57:38","modified_gmt":"2026-01-30T05:57:38","slug":"gazetari-kroat-publikoi-dokumentin-e-ri-per-pjesemarrjen-e-vuciqit-ne-vrasjen-e-civileve-ne-sarajeve","status":"publish","type":"post","link":"https:\/\/veritasinfo.org\/?p=29712","title":{"rendered":"Gazetari kroat publikoi dokumentin e ri p\u00ebr pjes\u00ebmarrjen e Vu\u00e7iqit n\u00eb vrasjen e civil\u00ebve n\u00eb Sarajev\u00eb"},"content":{"rendered":"<p>Prishtin\u00eb, 30 janar 2026 06:53<\/p>\n<p>Gazetari kroat publikoi dokumentin e ri p\u00ebr pjes\u00ebmarrjen e Vu\u00e7iqit n\u00eb vrasjen e civil\u00ebve n\u00eb Sarajev\u00eb<\/p>\n<p>Gazetari kroat publikoi dokumentin e ri p\u00ebr pjes\u00ebmarrjen e Vu\u00e7iqit n\u00eb vrasjen e civil\u00ebve n\u00eb Sarajev\u00eb<\/p>\n<p>Gazetari kroat, Domagoj Margetiq ka publikuar nj\u00eb dokument t\u00eb ri q\u00eb d\u00ebshmon pjes\u00ebmarrjen e presidentit serb, Aleksandar Vu\u00e7iq n\u00eb \u201cSarajevo Safari\u201d \u2013 vrasjen e civil\u00ebve t\u00eb pafajsh\u00ebm n\u00eb kryeqytetin e Bosnj\u00eb e Hercegovin\u00ebs.<\/p>\n<p>Publikimi i dokumentit vjen pasi Vu\u00e7iq, disa dit\u00eb m\u00eb par\u00eb, gjat\u00eb nj\u00eb paraqitjeje n\u00eb FTV, n\u00eb lidhje me \u201cSarajevo Safari\u201d, deklaroi se \u201ce dini q\u00eb po g\u00ebnjeni\u201d.<\/p>\n<p>\u201cNuk ka m\u00ebnyr\u00eb m\u00eb t\u00eb mir\u00eb dhe m\u00eb profesionale gazetareske p\u00ebr t\u2019iu p\u00ebrgjigjur fyerjeve t\u00eb Vu\u00e7iqit sesa publikimi i edhe nj\u00eb dokumenti tjet\u00ebr q\u00eb d\u00ebshmon pjes\u00ebmarrjen e tij n\u00eb safari njer\u00ebzore n\u00eb Sarajev\u00ebn e koh\u00ebs s\u00eb luft\u00ebs. Duke qen\u00eb se n\u00eb intervist\u00ebn p\u00ebr Federal TV m\u00eb akuzoi edhe nj\u00eb her\u00eb se po g\u00ebnjej, gj\u00eb q\u00eb u transmetua nga t\u00eb gjitha mediat n\u00eb rajon, asgj\u00eb nuk e d\u00ebshmon m\u00eb mir\u00eb se ky dokument se g\u00ebnjen pik\u00ebrisht Vu\u00e7iqi\u201d, tha Margetiq.<\/p>\n<p>Si\u00e7 thekson ai, dokumenti i \u201cNj\u00ebsis\u00eb \u00e7etnike t\u00eb Novo Sarajev\u00ebs\u201d me num\u00ebr 72-08\/92, i dat\u00ebs 23.08.1992, i n\u00ebnshkruar nga komandanti i nj\u00ebsis\u00eb Slavko Aleksiq, d\u00ebshmon disa fakte t\u00eb r\u00ebnd\u00ebsishme dhe hap disa pyetje jasht\u00ebzakonisht t\u00eb r\u00ebnd\u00ebsishme n\u00eb rastin e safarive njer\u00ebzore n\u00eb Sarajev\u00ebn e koh\u00ebs s\u00eb luft\u00ebs.<\/p>\n<p>\u201cAleksandar Vu\u00e7iq edhe n\u00eb intervist\u00ebn e fundit propagandistike p\u00ebr Federal TV ka pretenduar se kurr\u00eb nuk ka mbajtur pushk\u00eb mbi Sarajev\u00eb dhe se nuk ka q\u00eblluar. Ky dokument d\u00ebshmon se Aleksandar Vu\u00e7iq po g\u00ebnjen. Me urdhrin nr. 72-08\/92, komandanti Slavko Aleksiq i ka urdh\u00ebruar logjistik\u00ebs s\u00eb Nj\u00ebsis\u00eb q\u00eb Vu\u00e7iqit t\u2019i vihet n\u00eb p\u00ebrdorim nj\u00eb pushk\u00eb, konkretisht \u2018Zastava M59\/66\u2019, e njohur gjer\u00ebsisht si \u2018papovka\u2019. Kushdo q\u00eb ka pasur ndonj\u00eb lidhje me ushtrin\u00eb ose ka sh\u00ebrbyer n\u00eb Ushtrin\u00eb Popullore Jugosllave (JNA), \u00ebsht\u00eb plot\u00ebsisht i vet\u00ebdijsh\u00ebm se n\u00eb at\u00eb incizim video mbi Sarajev\u00eb, Vu\u00e7iqi mban pik\u00ebrisht at\u00eb model pushke\u201d, deklaroi ai.<\/p>\n<p>Ai shtoi se n\u00eb at\u00eb model \u201cpapovke\u201d mund t\u00eb montohet optik\u00eb dhe se pushka \u00ebsht\u00eb shum\u00eb precize, ndaj \u00ebsht\u00eb p\u00ebrdorur gjer\u00ebsisht edhe si pushk\u00eb snajperi.<\/p>\n<p>P\u00ebrve\u00e7 k\u00ebsaj, edhe ky dokument, i cili qartazi \u00ebsht\u00eb hartuar pik\u00ebrisht n\u00eb momentin e ardhjes s\u00eb Aleksandar Vu\u00e7iqit n\u00eb pozicionet p\u00ebr gjueti t\u00eb snajperit ndaj civil\u00ebve, p\u00ebrkat\u00ebsisht n\u00eb pozicionet p\u00ebr safari njer\u00ebzore, n\u00eb Varrezat Hebraike n\u00eb Sarajev\u00eb, d\u00ebshmon se pik\u00ebrisht Vu\u00e7iqi ishte i ngarkuar si udh\u00ebrr\u00ebfyes dhe shoq\u00ebrues i mysafir\u00ebve t\u00eb huaj q\u00eb vinin p\u00ebr safari njer\u00ebzore. Krahas gjith\u00eb sa u p\u00ebrmend, ky dokument d\u00ebshmon edhe nj\u00eb gj\u00eb tjet\u00ebr: lidhjen e Aleksandar Vu\u00e7iqit me Sigurimin Shtet\u00ebror t\u00eb Serbis\u00eb, i cili n\u00eb at\u00eb koh\u00eb drejtohej nga Jovica Stanishiq, i d\u00ebnuar p\u00ebr krime lufte. K\u00ebt\u00eb e konfirmojn\u00eb edhe informacione t\u00eb tjera sipas t\u00eb cilave Vu\u00e7iqi, n\u00eb at\u00eb periudh\u00eb, gjat\u00eb l\u00ebvizjes si vullnetar n\u00ebp\u00ebr Bosnj\u00eb e Hercegovin\u00eb dhe gjat\u00eb pjes\u00ebmarrjes aktive n\u00eb rrethimin e Sarajev\u00ebs, p\u00ebrdorte nj\u00eb let\u00ebrnjoftim zyrtar t\u00eb Sigurimit Shtet\u00ebror. Kjo, natyrisht, ngre pyetje t\u00eb m\u00ebtejshme se deri n\u00eb \u00e7far\u00eb mase sigurimi ushtarak i Serbis\u00eb e ka p\u00ebrdorur Sheshelin, partin\u00eb e tij SRS dhe k\u00ebto nj\u00ebsi si nj\u00eb deg\u00eb ilegale t\u00eb DB-s\u00eb p\u00ebr pun\u00eb dhe detyra t\u00eb pista?!\u201d, pyeti Margetiq.<\/p>\n<p>&nbsp;<\/p>\n","protected":false},"excerpt":{"rendered":"<p>Prishtin\u00eb, 30 janar 2026 06:53 Gazetari kroat publikoi dokumentin e ri p\u00ebr pjes\u00ebmarrjen e Vu\u00e7iqit n\u00eb vrasjen e civil\u00ebve n\u00eb Sarajev\u00eb Gazetari kroat publikoi dokumentin<\/p>\n","protected":false},"author":7,"featured_media":29713,"comment_status":"open","ping_status":"open","sticky":false,"template":"","format":"standard","meta":{"footnotes":""},"categories":[58],"tags":[],"class_list":["post-29712","post","type-post","status-publish","format-standard","has-post-thumbnail","hentry","category-politike-sq"],"yoast_head":"<!-- This site is optimized with the Yoast SEO plugin v25.3.1 - https:\/\/yoast.com\/wordpress\/plugins\/seo\/ -->\n<title>Gazetari kroat publikoi dokumentin e ri p\u00ebr pjes\u00ebmarrjen e Vu\u00e7iqit n\u00eb vrasjen e civil\u00ebve n\u00eb Sarajev\u00eb -<\/title>\n<meta name=\"robots\" content=\"index, follow, max-snippet:-1, max-image-preview:large, max-video-preview:-1\" \/>\n<link rel=\"canonical\" href=\"https:\/\/veritasinfo.org\/?p=29712\" \/>\n<meta property=\"og:locale\" content=\"en_US\" \/>\n<meta property=\"og:type\" content=\"article\" \/>\n<meta property=\"og:title\" content=\"Gazetari kroat publikoi dokumentin e ri p\u00ebr pjes\u00ebmarrjen e Vu\u00e7iqit n\u00eb vrasjen e civil\u00ebve n\u00eb Sarajev\u00eb -\" \/>\n<meta property=\"og:description\" content=\"Prishtin\u00eb, 30 janar 2026 06:53 Gazetari kroat publikoi dokumentin e ri p\u00ebr pjes\u00ebmarrjen e Vu\u00e7iqit n\u00eb vrasjen e civil\u00ebve n\u00eb Sarajev\u00eb Gazetari kroat publikoi dokumentin\" \/>\n<meta property=\"og:url\" content=\"https:\/\/veritasinfo.org\/?p=29712\" \/>\n<meta property=\"article:published_time\" content=\"2026-01-30T05:57:38+00:00\" \/>\n<meta property=\"og:image\" content=\"https:\/\/veritasinfo.org\/wp-content\/uploads\/2026\/01\/image-13.webp\" \/>\n\t<meta property=\"og:image:width\" content=\"1245\" \/>\n\t<meta property=\"og:image:height\" content=\"700\" \/>\n\t<meta property=\"og:image:type\" content=\"image\/webp\" \/>\n<meta name=\"author\" content=\"US6\" \/>\n<meta name=\"twitter:card\" content=\"summary_large_image\" \/>\n<meta name=\"twitter:label1\" content=\"Written by\" \/>\n\t<meta name=\"twitter:data1\" content=\"US6\" \/>\n\t<meta name=\"twitter:label2\" content=\"Est. reading time\" \/>\n\t<meta name=\"twitter:data2\" content=\"3 minutes\" \/>\n<script type=\"application\/ld+json\" class=\"yoast-schema-graph\">{\"@context\":\"https:\/\/schema.org\",\"@graph\":[{\"@type\":\"WebPage\",\"@id\":\"https:\/\/veritasinfo.org\/?p=29712\",\"url\":\"https:\/\/veritasinfo.org\/?p=29712\",\"name\":\"Gazetari kroat publikoi dokumentin e ri p\u00ebr pjes\u00ebmarrjen e Vu\u00e7iqit n\u00eb vrasjen e civil\u00ebve n\u00eb Sarajev\u00eb -\",\"isPartOf\":{\"@id\":\"https:\/\/veritasinfo.org\/#website\"},\"primaryImageOfPage\":{\"@id\":\"https:\/\/veritasinfo.org\/?p=29712#primaryimage\"},\"image\":{\"@id\":\"https:\/\/veritasinfo.org\/?p=29712#primaryimage\"},\"thumbnailUrl\":\"https:\/\/veritasinfo.org\/wp-content\/uploads\/2026\/01\/image-13.webp\",\"datePublished\":\"2026-01-30T05:57:38+00:00\",\"author\":{\"@id\":\"https:\/\/veritasinfo.org\/#\/schema\/person\/fe199eede04c3937362892b7444747cc\"},\"breadcrumb\":{\"@id\":\"https:\/\/veritasinfo.org\/?p=29712#breadcrumb\"},\"inLanguage\":\"en-US\",\"potentialAction\":[{\"@type\":\"ReadAction\",\"target\":[\"https:\/\/veritasinfo.org\/?p=29712\"]}]},{\"@type\":\"ImageObject\",\"inLanguage\":\"en-US\",\"@id\":\"https:\/\/veritasinfo.org\/?p=29712#primaryimage\",\"url\":\"https:\/\/veritasinfo.org\/wp-content\/uploads\/2026\/01\/image-13.webp\",\"contentUrl\":\"https:\/\/veritasinfo.org\/wp-content\/uploads\/2026\/01\/image-13.webp\",\"width\":1245,\"height\":700},{\"@type\":\"BreadcrumbList\",\"@id\":\"https:\/\/veritasinfo.org\/?p=29712#breadcrumb\",\"itemListElement\":[{\"@type\":\"ListItem\",\"position\":1,\"name\":\"Home\",\"item\":\"https:\/\/veritasinfo.org\/\"},{\"@type\":\"ListItem\",\"position\":2,\"name\":\"Gazetari kroat publikoi dokumentin e ri p\u00ebr pjes\u00ebmarrjen e Vu\u00e7iqit n\u00eb vrasjen e civil\u00ebve n\u00eb Sarajev\u00eb\"}]},{\"@type\":\"WebSite\",\"@id\":\"https:\/\/veritasinfo.org\/#website\",\"url\":\"https:\/\/veritasinfo.org\/\",\"name\":\"\",\"description\":\"\",\"potentialAction\":[{\"@type\":\"SearchAction\",\"target\":{\"@type\":\"EntryPoint\",\"urlTemplate\":\"https:\/\/veritasinfo.org\/?s={search_term_string}\"},\"query-input\":{\"@type\":\"PropertyValueSpecification\",\"valueRequired\":true,\"valueName\":\"search_term_string\"}}],\"inLanguage\":\"en-US\"},{\"@type\":\"Person\",\"@id\":\"https:\/\/veritasinfo.org\/#\/schema\/person\/fe199eede04c3937362892b7444747cc\",\"name\":\"US6\",\"image\":{\"@type\":\"ImageObject\",\"inLanguage\":\"en-US\",\"@id\":\"https:\/\/veritasinfo.org\/#\/schema\/person\/image\/\",\"url\":\"https:\/\/secure.gravatar.com\/avatar\/cb16c3c31c9d23b9b8c705964598220b3014e42ff51eb540ff23cefa3ae8c15f?s=96&d=mm&r=g\",\"contentUrl\":\"https:\/\/secure.gravatar.com\/avatar\/cb16c3c31c9d23b9b8c705964598220b3014e42ff51eb540ff23cefa3ae8c15f?s=96&d=mm&r=g\",\"caption\":\"US6\"},\"url\":\"https:\/\/veritasinfo.org\/?author=7\"}]}<\/script>\n<!-- \/ Yoast SEO plugin. -->","yoast_head_json":{"title":"Gazetari kroat publikoi dokumentin e ri p\u00ebr pjes\u00ebmarrjen e Vu\u00e7iqit n\u00eb vrasjen e civil\u00ebve n\u00eb Sarajev\u00eb -","robots":{"index":"index","follow":"follow","max-snippet":"max-snippet:-1","max-image-preview":"max-image-preview:large","max-video-preview":"max-video-preview:-1"},"canonical":"https:\/\/veritasinfo.org\/?p=29712","og_locale":"en_US","og_type":"article","og_title":"Gazetari kroat publikoi dokumentin e ri p\u00ebr pjes\u00ebmarrjen e Vu\u00e7iqit n\u00eb vrasjen e civil\u00ebve n\u00eb Sarajev\u00eb -","og_description":"Prishtin\u00eb, 30 janar 2026 06:53 Gazetari kroat publikoi dokumentin e ri p\u00ebr pjes\u00ebmarrjen e Vu\u00e7iqit n\u00eb vrasjen e civil\u00ebve n\u00eb Sarajev\u00eb Gazetari kroat publikoi dokumentin","og_url":"https:\/\/veritasinfo.org\/?p=29712","article_published_time":"2026-01-30T05:57:38+00:00","og_image":[{"width":1245,"height":700,"url":"https:\/\/veritasinfo.org\/wp-content\/uploads\/2026\/01\/image-13.webp","type":"image\/webp"}],"author":"US6","twitter_card":"summary_large_image","twitter_misc":{"Written by":"US6","Est. reading time":"3 minutes"},"schema":{"@context":"https:\/\/schema.org","@graph":[{"@type":"WebPage","@id":"https:\/\/veritasinfo.org\/?p=29712","url":"https:\/\/veritasinfo.org\/?p=29712","name":"Gazetari kroat publikoi dokumentin e ri p\u00ebr pjes\u00ebmarrjen e Vu\u00e7iqit n\u00eb vrasjen e civil\u00ebve n\u00eb Sarajev\u00eb -","isPartOf":{"@id":"https:\/\/veritasinfo.org\/#website"},"primaryImageOfPage":{"@id":"https:\/\/veritasinfo.org\/?p=29712#primaryimage"},"image":{"@id":"https:\/\/veritasinfo.org\/?p=29712#primaryimage"},"thumbnailUrl":"https:\/\/veritasinfo.org\/wp-content\/uploads\/2026\/01\/image-13.webp","datePublished":"2026-01-30T05:57:38+00:00","author":{"@id":"https:\/\/veritasinfo.org\/#\/schema\/person\/fe199eede04c3937362892b7444747cc"},"breadcrumb":{"@id":"https:\/\/veritasinfo.org\/?p=29712#breadcrumb"},"inLanguage":"en-US","potentialAction":[{"@type":"ReadAction","target":["https:\/\/veritasinfo.org\/?p=29712"]}]},{"@type":"ImageObject","inLanguage":"en-US","@id":"https:\/\/veritasinfo.org\/?p=29712#primaryimage","url":"https:\/\/veritasinfo.org\/wp-content\/uploads\/2026\/01\/image-13.webp","contentUrl":"https:\/\/veritasinfo.org\/wp-content\/uploads\/2026\/01\/image-13.webp","width":1245,"height":700},{"@type":"BreadcrumbList","@id":"https:\/\/veritasinfo.org\/?p=29712#breadcrumb","itemListElement":[{"@type":"ListItem","position":1,"name":"Home","item":"https:\/\/veritasinfo.org\/"},{"@type":"ListItem","position":2,"name":"Gazetari kroat publikoi dokumentin e ri p\u00ebr pjes\u00ebmarrjen e Vu\u00e7iqit n\u00eb vrasjen e civil\u00ebve n\u00eb Sarajev\u00eb"}]},{"@type":"WebSite","@id":"https:\/\/veritasinfo.org\/#website","url":"https:\/\/veritasinfo.org\/","name":"","description":"","potentialAction":[{"@type":"SearchAction","target":{"@type":"EntryPoint","urlTemplate":"https:\/\/veritasinfo.org\/?s={search_term_string}"},"query-input":{"@type":"PropertyValueSpecification","valueRequired":true,"valueName":"search_term_string"}}],"inLanguage":"en-US"},{"@type":"Person","@id":"https:\/\/veritasinfo.org\/#\/schema\/person\/fe199eede04c3937362892b7444747cc","name":"US6","image":{"@type":"ImageObject","inLanguage":"en-US","@id":"https:\/\/veritasinfo.org\/#\/schema\/person\/image\/","url":"https:\/\/secure.gravatar.com\/avatar\/cb16c3c31c9d23b9b8c705964598220b3014e42ff51eb540ff23cefa3ae8c15f?s=96&d=mm&r=g","contentUrl":"https:\/\/secure.gravatar.com\/avatar\/cb16c3c31c9d23b9b8c705964598220b3014e42ff51eb540ff23cefa3ae8c15f?s=96&d=mm&r=g","caption":"US6"},"url":"https:\/\/veritasinfo.org\/?author=7"}]}},"featured_image_urls":{"full":["https:\/\/veritasinfo.org\/wp-content\/uploads\/2026\/01\/image-13.webp",1245,700,false],"thumbnail":["https:\/\/veritasinfo.org\/wp-content\/uploads\/2026\/01\/image-13-150x150.webp",150,150,true],"medium":["https:\/\/veritasinfo.org\/wp-content\/uploads\/2026\/01\/image-13-300x169.webp",300,169,true],"medium_large":["https:\/\/veritasinfo.org\/wp-content\/uploads\/2026\/01\/image-13-768x432.webp",640,360,true],"large":["https:\/\/veritasinfo.org\/wp-content\/uploads\/2026\/01\/image-13-1024x576.webp",640,360,true],"1536x1536":["https:\/\/veritasinfo.org\/wp-content\/uploads\/2026\/01\/image-13.webp",1245,700,false],"2048x2048":["https:\/\/veritasinfo.org\/wp-content\/uploads\/2026\/01\/image-13.webp",1245,700,false],"kreeti-slider-full":["https:\/\/veritasinfo.org\/wp-content\/uploads\/2026\/01\/image-13.webp",1245,700,false],"kreeti-featured":["https:\/\/veritasinfo.org\/wp-content\/uploads\/2026\/01\/image-13.webp",1024,576,false],"kreeti-medium":["https:\/\/veritasinfo.org\/wp-content\/uploads\/2026\/01\/image-13.webp",720,405,false],"kreeti-medium-square":["https:\/\/veritasinfo.org\/wp-content\/uploads\/2026\/01\/image-13.webp",350,197,false]},"author_info":{"info":["US6"]},"category_info":"<a href=\"https:\/\/veritasinfo.org\/?cat=58\" rel=\"category\">Politik\u00eb<\/a>","tag_info":"Politik\u00eb","comment_count":"0","_links":{"self":[{"href":"https:\/\/veritasinfo.org\/index.php?rest_route=\/wp\/v2\/posts\/29712","targetHints":{"allow":["GET"]}}],"collection":[{"href":"https:\/\/veritasinfo.org\/index.php?rest_route=\/wp\/v2\/posts"}],"about":[{"href":"https:\/\/veritasinfo.org\/index.php?rest_route=\/wp\/v2\/types\/post"}],"author":[{"embeddable":true,"href":"https:\/\/veritasinfo.org\/index.php?rest_route=\/wp\/v2\/users\/7"}],"replies":[{"embeddable":true,"href":"https:\/\/veritasinfo.org\/index.php?rest_route=%2Fwp%2Fv2%2Fcomments&post=29712"}],"version-history":[{"count":1,"href":"https:\/\/veritasinfo.org\/index.php?rest_route=\/wp\/v2\/posts\/29712\/revisions"}],"predecessor-version":[{"id":29714,"href":"https:\/\/veritasinfo.org\/index.php?rest_route=\/wp\/v2\/posts\/29712\/revisions\/29714"}],"wp:featuredmedia":[{"embeddable":true,"href":"https:\/\/veritasinfo.org\/index.php?rest_route=\/wp\/v2\/media\/29713"}],"wp:attachment":[{"href":"https:\/\/veritasinfo.org\/index.php?rest_route=%2Fwp%2Fv2%2Fmedia&parent=29712"}],"wp:term":[{"taxonomy":"category","embeddable":true,"href":"https:\/\/veritasinfo.org\/index.php?rest_route=%2Fwp%2Fv2%2Fcategories&post=29712"},{"taxonomy":"post_tag","embeddable":true,"href":"https:\/\/veritasinfo.org\/index.php?rest_route=%2Fwp%2Fv2%2Ftags&post=29712"}],"curies":[{"name":"wp","href":"https:\/\/api.w.org\/{rel}","templated":true}]}}