{"id":29656,"date":"2026-01-29T15:09:49","date_gmt":"2026-01-29T14:09:49","guid":{"rendered":"https:\/\/veritasinfo.org\/?p=29656"},"modified":"2026-01-29T15:09:49","modified_gmt":"2026-01-29T14:09:49","slug":"arrestohet-zyrtari-kryesor-i-kqzse-ne-prizren","status":"publish","type":"post","link":"https:\/\/veritasinfo.org\/?p=29656","title":{"rendered":"Arrestohet zyrtari kryesor i KQZ\u2019s\u00eb n\u00eb Prizren"},"content":{"rendered":"<p>Prizren 29 janar 2026 15:09<\/p>\n<p>Naser Bytyqi, kryetari i komisionit komunal zgjedhor n\u00eb Prizren, \u00ebsht\u00eb ndaluar me urdh\u00ebr t\u00eb Prokuroris\u00eb Themelore n\u00eb Prizren.<\/p>\n<p>Bytyqi, i cili \u00ebsht\u00eb zyrtari kryesor i Komisionit Qendror t\u00eb Zgjedhjeve (KQZ) n\u00eb komun\u00ebn e Prizrenit, dyshohet p\u00ebr keqp\u00ebrdorim t\u00eb detyr\u00ebs zyrtare.<\/p>\n<p>Gazeta Insajderi m\u00ebson se i nj\u00ebjti \u00ebsht\u00eb shoq\u00ebruar n\u00eb stacion, e m\u00eb pas ndaluar me urdh\u00ebr t\u00eb Prokuroris\u00eb s\u00eb Prizrenit.<\/p>\n<p>Ky operacion po udh\u00ebhiqet nga kryeprokurori Petrit Kryeziu, ku cak i hetimeve deri m\u00eb tani kan\u00eb qen\u00eb m\u00eb shum\u00eb se 100 komisioner\u00eb.<\/p>\n<p>&nbsp;<\/p>\n","protected":false},"excerpt":{"rendered":"<p>Prizren 29 janar 2026 15:09 Naser Bytyqi, kryetari i komisionit komunal zgjedhor n\u00eb Prizren, \u00ebsht\u00eb ndaluar me urdh\u00ebr t\u00eb Prokuroris\u00eb Themelore n\u00eb Prizren. Bytyqi, i<\/p>\n","protected":false},"author":7,"featured_media":29657,"comment_status":"open","ping_status":"open","sticky":false,"template":"","format":"standard","meta":{"footnotes":""},"categories":[8],"tags":[],"class_list":["post-29656","post","type-post","status-publish","format-standard","has-post-thumbnail","hentry","category-blog-sq"],"yoast_head":"<!-- This site is optimized with the Yoast SEO plugin v25.3.1 - https:\/\/yoast.com\/wordpress\/plugins\/seo\/ -->\n<title>Arrestohet zyrtari kryesor i KQZ\u2019s\u00eb n\u00eb Prizren -<\/title>\n<meta name=\"robots\" content=\"index, follow, max-snippet:-1, max-image-preview:large, max-video-preview:-1\" \/>\n<link rel=\"canonical\" href=\"https:\/\/veritasinfo.org\/?p=29656\" \/>\n<meta property=\"og:locale\" content=\"en_US\" \/>\n<meta property=\"og:type\" content=\"article\" \/>\n<meta property=\"og:title\" content=\"Arrestohet zyrtari kryesor i KQZ\u2019s\u00eb n\u00eb Prizren -\" \/>\n<meta property=\"og:description\" content=\"Prizren 29 janar 2026 15:09 Naser Bytyqi, kryetari i komisionit komunal zgjedhor n\u00eb Prizren, \u00ebsht\u00eb ndaluar me urdh\u00ebr t\u00eb Prokuroris\u00eb Themelore n\u00eb Prizren. Bytyqi, i\" \/>\n<meta property=\"og:url\" content=\"https:\/\/veritasinfo.org\/?p=29656\" \/>\n<meta property=\"article:published_time\" content=\"2026-01-29T14:09:49+00:00\" \/>\n<meta property=\"og:image\" content=\"https:\/\/veritasinfo.org\/wp-content\/uploads\/2026\/01\/Arrestohet-zyrtari-kryesor-i-KQZse-ne-Prizren-Insajderi.org_.png\" \/>\n\t<meta property=\"og:image:width\" content=\"864\" \/>\n\t<meta property=\"og:image:height\" content=\"585\" \/>\n\t<meta property=\"og:image:type\" content=\"image\/png\" \/>\n<meta name=\"author\" content=\"US6\" \/>\n<meta name=\"twitter:card\" content=\"summary_large_image\" \/>\n<meta name=\"twitter:label1\" content=\"Written by\" \/>\n\t<meta name=\"twitter:data1\" content=\"US6\" \/>\n\t<meta name=\"twitter:label2\" content=\"Est. reading time\" \/>\n\t<meta name=\"twitter:data2\" content=\"1 minute\" \/>\n<script type=\"application\/ld+json\" class=\"yoast-schema-graph\">{\"@context\":\"https:\/\/schema.org\",\"@graph\":[{\"@type\":\"WebPage\",\"@id\":\"https:\/\/veritasinfo.org\/?p=29656\",\"url\":\"https:\/\/veritasinfo.org\/?p=29656\",\"name\":\"Arrestohet zyrtari kryesor i KQZ\u2019s\u00eb n\u00eb Prizren -\",\"isPartOf\":{\"@id\":\"https:\/\/veritasinfo.org\/#website\"},\"primaryImageOfPage\":{\"@id\":\"https:\/\/veritasinfo.org\/?p=29656#primaryimage\"},\"image\":{\"@id\":\"https:\/\/veritasinfo.org\/?p=29656#primaryimage\"},\"thumbnailUrl\":\"https:\/\/veritasinfo.org\/wp-content\/uploads\/2026\/01\/Arrestohet-zyrtari-kryesor-i-KQZse-ne-Prizren-Insajderi.org_.png\",\"datePublished\":\"2026-01-29T14:09:49+00:00\",\"author\":{\"@id\":\"https:\/\/veritasinfo.org\/#\/schema\/person\/fe199eede04c3937362892b7444747cc\"},\"breadcrumb\":{\"@id\":\"https:\/\/veritasinfo.org\/?p=29656#breadcrumb\"},\"inLanguage\":\"en-US\",\"potentialAction\":[{\"@type\":\"ReadAction\",\"target\":[\"https:\/\/veritasinfo.org\/?p=29656\"]}]},{\"@type\":\"ImageObject\",\"inLanguage\":\"en-US\",\"@id\":\"https:\/\/veritasinfo.org\/?p=29656#primaryimage\",\"url\":\"https:\/\/veritasinfo.org\/wp-content\/uploads\/2026\/01\/Arrestohet-zyrtari-kryesor-i-KQZse-ne-Prizren-Insajderi.org_.png\",\"contentUrl\":\"https:\/\/veritasinfo.org\/wp-content\/uploads\/2026\/01\/Arrestohet-zyrtari-kryesor-i-KQZse-ne-Prizren-Insajderi.org_.png\",\"width\":864,\"height\":585},{\"@type\":\"BreadcrumbList\",\"@id\":\"https:\/\/veritasinfo.org\/?p=29656#breadcrumb\",\"itemListElement\":[{\"@type\":\"ListItem\",\"position\":1,\"name\":\"Home\",\"item\":\"https:\/\/veritasinfo.org\/\"},{\"@type\":\"ListItem\",\"position\":2,\"name\":\"Arrestohet zyrtari kryesor i KQZ\u2019s\u00eb n\u00eb Prizren\"}]},{\"@type\":\"WebSite\",\"@id\":\"https:\/\/veritasinfo.org\/#website\",\"url\":\"https:\/\/veritasinfo.org\/\",\"name\":\"\",\"description\":\"\",\"potentialAction\":[{\"@type\":\"SearchAction\",\"target\":{\"@type\":\"EntryPoint\",\"urlTemplate\":\"https:\/\/veritasinfo.org\/?s={search_term_string}\"},\"query-input\":{\"@type\":\"PropertyValueSpecification\",\"valueRequired\":true,\"valueName\":\"search_term_string\"}}],\"inLanguage\":\"en-US\"},{\"@type\":\"Person\",\"@id\":\"https:\/\/veritasinfo.org\/#\/schema\/person\/fe199eede04c3937362892b7444747cc\",\"name\":\"US6\",\"image\":{\"@type\":\"ImageObject\",\"inLanguage\":\"en-US\",\"@id\":\"https:\/\/veritasinfo.org\/#\/schema\/person\/image\/\",\"url\":\"https:\/\/secure.gravatar.com\/avatar\/cb16c3c31c9d23b9b8c705964598220b3014e42ff51eb540ff23cefa3ae8c15f?s=96&d=mm&r=g\",\"contentUrl\":\"https:\/\/secure.gravatar.com\/avatar\/cb16c3c31c9d23b9b8c705964598220b3014e42ff51eb540ff23cefa3ae8c15f?s=96&d=mm&r=g\",\"caption\":\"US6\"},\"url\":\"https:\/\/veritasinfo.org\/?author=7\"}]}<\/script>\n<!-- \/ Yoast SEO plugin. -->","yoast_head_json":{"title":"Arrestohet zyrtari kryesor i KQZ\u2019s\u00eb n\u00eb Prizren -","robots":{"index":"index","follow":"follow","max-snippet":"max-snippet:-1","max-image-preview":"max-image-preview:large","max-video-preview":"max-video-preview:-1"},"canonical":"https:\/\/veritasinfo.org\/?p=29656","og_locale":"en_US","og_type":"article","og_title":"Arrestohet zyrtari kryesor i KQZ\u2019s\u00eb n\u00eb Prizren -","og_description":"Prizren 29 janar 2026 15:09 Naser Bytyqi, kryetari i komisionit komunal zgjedhor n\u00eb Prizren, \u00ebsht\u00eb ndaluar me urdh\u00ebr t\u00eb Prokuroris\u00eb Themelore n\u00eb Prizren. Bytyqi, i","og_url":"https:\/\/veritasinfo.org\/?p=29656","article_published_time":"2026-01-29T14:09:49+00:00","og_image":[{"width":864,"height":585,"url":"https:\/\/veritasinfo.org\/wp-content\/uploads\/2026\/01\/Arrestohet-zyrtari-kryesor-i-KQZse-ne-Prizren-Insajderi.org_.png","type":"image\/png"}],"author":"US6","twitter_card":"summary_large_image","twitter_misc":{"Written by":"US6","Est. reading time":"1 minute"},"schema":{"@context":"https:\/\/schema.org","@graph":[{"@type":"WebPage","@id":"https:\/\/veritasinfo.org\/?p=29656","url":"https:\/\/veritasinfo.org\/?p=29656","name":"Arrestohet zyrtari kryesor i KQZ\u2019s\u00eb n\u00eb Prizren -","isPartOf":{"@id":"https:\/\/veritasinfo.org\/#website"},"primaryImageOfPage":{"@id":"https:\/\/veritasinfo.org\/?p=29656#primaryimage"},"image":{"@id":"https:\/\/veritasinfo.org\/?p=29656#primaryimage"},"thumbnailUrl":"https:\/\/veritasinfo.org\/wp-content\/uploads\/2026\/01\/Arrestohet-zyrtari-kryesor-i-KQZse-ne-Prizren-Insajderi.org_.png","datePublished":"2026-01-29T14:09:49+00:00","author":{"@id":"https:\/\/veritasinfo.org\/#\/schema\/person\/fe199eede04c3937362892b7444747cc"},"breadcrumb":{"@id":"https:\/\/veritasinfo.org\/?p=29656#breadcrumb"},"inLanguage":"en-US","potentialAction":[{"@type":"ReadAction","target":["https:\/\/veritasinfo.org\/?p=29656"]}]},{"@type":"ImageObject","inLanguage":"en-US","@id":"https:\/\/veritasinfo.org\/?p=29656#primaryimage","url":"https:\/\/veritasinfo.org\/wp-content\/uploads\/2026\/01\/Arrestohet-zyrtari-kryesor-i-KQZse-ne-Prizren-Insajderi.org_.png","contentUrl":"https:\/\/veritasinfo.org\/wp-content\/uploads\/2026\/01\/Arrestohet-zyrtari-kryesor-i-KQZse-ne-Prizren-Insajderi.org_.png","width":864,"height":585},{"@type":"BreadcrumbList","@id":"https:\/\/veritasinfo.org\/?p=29656#breadcrumb","itemListElement":[{"@type":"ListItem","position":1,"name":"Home","item":"https:\/\/veritasinfo.org\/"},{"@type":"ListItem","position":2,"name":"Arrestohet zyrtari kryesor i KQZ\u2019s\u00eb n\u00eb Prizren"}]},{"@type":"WebSite","@id":"https:\/\/veritasinfo.org\/#website","url":"https:\/\/veritasinfo.org\/","name":"","description":"","potentialAction":[{"@type":"SearchAction","target":{"@type":"EntryPoint","urlTemplate":"https:\/\/veritasinfo.org\/?s={search_term_string}"},"query-input":{"@type":"PropertyValueSpecification","valueRequired":true,"valueName":"search_term_string"}}],"inLanguage":"en-US"},{"@type":"Person","@id":"https:\/\/veritasinfo.org\/#\/schema\/person\/fe199eede04c3937362892b7444747cc","name":"US6","image":{"@type":"ImageObject","inLanguage":"en-US","@id":"https:\/\/veritasinfo.org\/#\/schema\/person\/image\/","url":"https:\/\/secure.gravatar.com\/avatar\/cb16c3c31c9d23b9b8c705964598220b3014e42ff51eb540ff23cefa3ae8c15f?s=96&d=mm&r=g","contentUrl":"https:\/\/secure.gravatar.com\/avatar\/cb16c3c31c9d23b9b8c705964598220b3014e42ff51eb540ff23cefa3ae8c15f?s=96&d=mm&r=g","caption":"US6"},"url":"https:\/\/veritasinfo.org\/?author=7"}]}},"featured_image_urls":{"full":["https:\/\/veritasinfo.org\/wp-content\/uploads\/2026\/01\/Arrestohet-zyrtari-kryesor-i-KQZse-ne-Prizren-Insajderi.org_.png",864,585,false],"thumbnail":["https:\/\/veritasinfo.org\/wp-content\/uploads\/2026\/01\/Arrestohet-zyrtari-kryesor-i-KQZse-ne-Prizren-Insajderi.org_-150x150.png",150,150,true],"medium":["https:\/\/veritasinfo.org\/wp-content\/uploads\/2026\/01\/Arrestohet-zyrtari-kryesor-i-KQZse-ne-Prizren-Insajderi.org_-300x203.png",300,203,true],"medium_large":["https:\/\/veritasinfo.org\/wp-content\/uploads\/2026\/01\/Arrestohet-zyrtari-kryesor-i-KQZse-ne-Prizren-Insajderi.org_-768x520.png",640,433,true],"large":["https:\/\/veritasinfo.org\/wp-content\/uploads\/2026\/01\/Arrestohet-zyrtari-kryesor-i-KQZse-ne-Prizren-Insajderi.org_.png",640,433,false],"1536x1536":["https:\/\/veritasinfo.org\/wp-content\/uploads\/2026\/01\/Arrestohet-zyrtari-kryesor-i-KQZse-ne-Prizren-Insajderi.org_.png",864,585,false],"2048x2048":["https:\/\/veritasinfo.org\/wp-content\/uploads\/2026\/01\/Arrestohet-zyrtari-kryesor-i-KQZse-ne-Prizren-Insajderi.org_.png",864,585,false],"kreeti-slider-full":["https:\/\/veritasinfo.org\/wp-content\/uploads\/2026\/01\/Arrestohet-zyrtari-kryesor-i-KQZse-ne-Prizren-Insajderi.org_.png",864,585,false],"kreeti-featured":["https:\/\/veritasinfo.org\/wp-content\/uploads\/2026\/01\/Arrestohet-zyrtari-kryesor-i-KQZse-ne-Prizren-Insajderi.org_.png",864,585,false],"kreeti-medium":["https:\/\/veritasinfo.org\/wp-content\/uploads\/2026\/01\/Arrestohet-zyrtari-kryesor-i-KQZse-ne-Prizren-Insajderi.org_.png",720,488,false],"kreeti-medium-square":["https:\/\/veritasinfo.org\/wp-content\/uploads\/2026\/01\/Arrestohet-zyrtari-kryesor-i-KQZse-ne-Prizren-Insajderi.org_.png",350,237,false]},"author_info":{"info":["US6"]},"category_info":"<a href=\"https:\/\/veritasinfo.org\/?cat=8\" rel=\"category\">Zgjedhjet parlamentare 2025<\/a>","tag_info":"Zgjedhjet parlamentare 2025","comment_count":"0","_links":{"self":[{"href":"https:\/\/veritasinfo.org\/index.php?rest_route=\/wp\/v2\/posts\/29656","targetHints":{"allow":["GET"]}}],"collection":[{"href":"https:\/\/veritasinfo.org\/index.php?rest_route=\/wp\/v2\/posts"}],"about":[{"href":"https:\/\/veritasinfo.org\/index.php?rest_route=\/wp\/v2\/types\/post"}],"author":[{"embeddable":true,"href":"https:\/\/veritasinfo.org\/index.php?rest_route=\/wp\/v2\/users\/7"}],"replies":[{"embeddable":true,"href":"https:\/\/veritasinfo.org\/index.php?rest_route=%2Fwp%2Fv2%2Fcomments&post=29656"}],"version-history":[{"count":1,"href":"https:\/\/veritasinfo.org\/index.php?rest_route=\/wp\/v2\/posts\/29656\/revisions"}],"predecessor-version":[{"id":29658,"href":"https:\/\/veritasinfo.org\/index.php?rest_route=\/wp\/v2\/posts\/29656\/revisions\/29658"}],"wp:featuredmedia":[{"embeddable":true,"href":"https:\/\/veritasinfo.org\/index.php?rest_route=\/wp\/v2\/media\/29657"}],"wp:attachment":[{"href":"https:\/\/veritasinfo.org\/index.php?rest_route=%2Fwp%2Fv2%2Fmedia&parent=29656"}],"wp:term":[{"taxonomy":"category","embeddable":true,"href":"https:\/\/veritasinfo.org\/index.php?rest_route=%2Fwp%2Fv2%2Fcategories&post=29656"},{"taxonomy":"post_tag","embeddable":true,"href":"https:\/\/veritasinfo.org\/index.php?rest_route=%2Fwp%2Fv2%2Ftags&post=29656"}],"curies":[{"name":"wp","href":"https:\/\/api.w.org\/{rel}","templated":true}]}}