{"id":29649,"date":"2026-01-29T15:03:26","date_gmt":"2026-01-29T14:03:26","guid":{"rendered":"https:\/\/veritasinfo.org\/?p=29649"},"modified":"2026-01-29T15:03:26","modified_gmt":"2026-01-29T14:03:26","slug":"sarajevo-se-pridruzilo-krivicnom-postupku-u-milanu-zbog-ratnih-snajperskih-turista","status":"publish","type":"post","link":"https:\/\/veritasinfo.org\/?p=29649&lang=sr","title":{"rendered":"Sarajevo se pridru\u017eilo krivi\u010dnom postupku u Milanu zbog ratnih \u201esnajperskih turista\u201c"},"content":{"rendered":"<p>Pri\u0161tina 29. januar 2026. 15:01<\/p>\n<p>Gradsko vec\u0301e Sarajeva dalo je 28. januara saglasnost da se Grad Sarajevo zvani\u010dno pridru\u017ei krivi\u010dnom postupku koji se vodi pred pravosudnim organima u Milanu, Italija, protiv osoba osumnji\u010denih da su koristile snajpersku vatru protiv gra\u0111ana Sarajeva tokom rata u Bosni i Hercegovini.<\/p>\n<p>Po\u010detkom novembra pro\u0161le godine, italijanski mediji su objavili da je Tu\u017eila\u0161tvo u Milanu pokrenulo istragu o takozvanim \u201esnajperskim turistima\u201c. Prema krivi\u010dnoj prijavi italijanskog pisca i novinara Ecija Gavacenija, ove osobe su plac\u0301ale velike sume novca da bi odlazile na polo\u017eaje Vojske Republike srpske oko opkoljenog Sarajeva i, uglavnom \u201ezabave radi\u201c, pucale snajperima i ubijale civile.<\/p>\n<p>Radio Slobodna Evropa je nekoliko puta poku\u0161ao da intervjui\u0161e Gavacenija, ali je on, preko posrednika, nazna\u010dio da ne \u017eeli da govori o tom pitanju. U me\u0111uvremenu, odr\u017eao je konferenciju za novinare u Milanu, gde je najavio da c\u0301e u februaru objaviti knjigu posvec\u0301enu fenomenu \u201esnajperskih turista\u201c.<\/p>\n<p>Gavaceni je rekao da je nai\u0161ao na prve navode o dolasku stranaca na front oko Sarajeva jo\u0161 1995. godine, u \u010dlanku objavljenom u novinama Korijere dela Sera. Nakon toga, po\u010deo je da pi\u0161e triler roman na tu temu, ali je ubrzo shvatio da ima premalo informacija i odustao je od projekta. To je, ka\u017ee, trajalo do 2022. godine, kada je video dokumentarac \u201eSarajevski safari\u201c slovena\u010dkog reditelja Mirana \u017dupanic\u0301a, koji je ponovo skrenuo pa\u017enju na ovo pitanje.<\/p>\n<p>O\u010dekuje se da c\u0301e tu\u017eila\u0161tvo u Milanu obavestiti javnost o rezultatima istrage u martu 2026. godine. Ukoliko se podigne optu\u017enica i osumnji\u010deni budu progla\u0161eni krivima, to bi bio prvi put u Evropi da su pojedinci izvedeni pred lice pravde za ubijanje civila snajperistima tokom opsade Sarajeva.<\/p>\n<p>U me\u0111uvremenu, pravosudne vlasti u Bosni i Hercegovini su objavile da proveravaju ove navode, ali do sada nijedan snajperista nije procesuiran za ubistvo civila u Sarajevu, uklju\u010dujuc\u0301i i ubistvo dece.<\/p>\n<p>Tokom skoro celog trajanja rata, od 1992. do kraja 1995. godine, strani novinari i fotoreporteri su povremeno mogli da stoje na polo\u017eajima srpskih snaga oko Sarajeva. Radio Slobodna Evropa je kontaktirao nekoliko njih, ali niko od njih nije mogao da potvrdi da je ikada video strance koji su platili da do\u0111u i pucaju na civile.<\/p>\n<p>Prema podacima udru\u017eenja \u017ertava i presudama me\u0111unarodnih sudova, tokom skoro \u010detvorogodi\u0161nje opsade Sarajeva, svako deseto dete ubijeno u gradu je upucano snajperom, dok je vi\u0161e od 14.000 dece ranjeno.<\/p>\n<p>Me\u0111utim, do danas, nijedan snajperista nije pozvan na odgovornost na osnovu li\u010dne odgovornosti \u2013 ni pred domac\u0301im ni pred me\u0111unarodnim sudovima.<\/p>\n<p>Me\u0111unarodni krivi\u010dni tribunal u Hagu, u presudama protiv visokih zvani\u010dnika Republike Srpske, utvrdio je da je snajperska kampanja tokom opsade Sarajeva imala jasan cilj: \u201eterorisanje civila Sarajeva\u201c.<\/p>\n","protected":false},"excerpt":{"rendered":"<p>Pri\u0161tina 29. januar 2026. 15:01 Gradsko vec\u0301e Sarajeva dalo je 28. januara saglasnost da se Grad Sarajevo zvani\u010dno pridru\u017ei krivi\u010dnom postupku koji se vodi pred<\/p>\n","protected":false},"author":6,"featured_media":29647,"comment_status":"open","ping_status":"open","sticky":false,"template":"","format":"standard","meta":{"footnotes":""},"categories":[74],"tags":[],"class_list":["post-29649","post","type-post","status-publish","format-standard","has-post-thumbnail","hentry","category-svet"],"yoast_head":"<!-- This site is optimized with the Yoast SEO plugin v25.3.1 - https:\/\/yoast.com\/wordpress\/plugins\/seo\/ -->\n<title>Sarajevo se pridru\u017eilo krivi\u010dnom postupku u Milanu zbog ratnih \u201esnajperskih turista\u201c -<\/title>\n<meta name=\"robots\" content=\"index, follow, max-snippet:-1, max-image-preview:large, max-video-preview:-1\" \/>\n<link rel=\"canonical\" href=\"https:\/\/veritasinfo.org\/?p=29649&lang=sr\" \/>\n<meta property=\"og:locale\" content=\"en_US\" \/>\n<meta property=\"og:type\" content=\"article\" \/>\n<meta property=\"og:title\" content=\"Sarajevo se pridru\u017eilo krivi\u010dnom postupku u Milanu zbog ratnih \u201esnajperskih turista\u201c -\" \/>\n<meta property=\"og:description\" content=\"Pri\u0161tina 29. januar 2026. 15:01 Gradsko vec\u0301e Sarajeva dalo je 28. januara saglasnost da se Grad Sarajevo zvani\u010dno pridru\u017ei krivi\u010dnom postupku koji se vodi pred\" \/>\n<meta property=\"og:url\" content=\"https:\/\/veritasinfo.org\/?p=29649&amp;lang=sr\" \/>\n<meta property=\"article:published_time\" content=\"2026-01-29T14:03:26+00:00\" \/>\n<meta property=\"og:image\" content=\"https:\/\/veritasinfo.org\/wp-content\/uploads\/2026\/01\/Screenshot-2025-12-13-162837-696x391-1.jpg\" \/>\n\t<meta property=\"og:image:width\" content=\"696\" \/>\n\t<meta property=\"og:image:height\" content=\"391\" \/>\n\t<meta property=\"og:image:type\" content=\"image\/jpeg\" \/>\n<meta name=\"author\" content=\"US5\" \/>\n<meta name=\"twitter:card\" content=\"summary_large_image\" \/>\n<meta name=\"twitter:label1\" content=\"Written by\" \/>\n\t<meta name=\"twitter:data1\" content=\"US5\" \/>\n<script type=\"application\/ld+json\" class=\"yoast-schema-graph\">{\"@context\":\"https:\/\/schema.org\",\"@graph\":[{\"@type\":\"WebPage\",\"@id\":\"https:\/\/veritasinfo.org\/?p=29649&lang=sr\",\"url\":\"https:\/\/veritasinfo.org\/?p=29649&lang=sr\",\"name\":\"Sarajevo se pridru\u017eilo krivi\u010dnom postupku u Milanu zbog ratnih \u201esnajperskih turista\u201c -\",\"isPartOf\":{\"@id\":\"https:\/\/veritasinfo.org\/#website\"},\"primaryImageOfPage\":{\"@id\":\"https:\/\/veritasinfo.org\/?p=29649&lang=sr#primaryimage\"},\"image\":{\"@id\":\"https:\/\/veritasinfo.org\/?p=29649&lang=sr#primaryimage\"},\"thumbnailUrl\":\"https:\/\/veritasinfo.org\/wp-content\/uploads\/2026\/01\/Screenshot-2025-12-13-162837-696x391-1.jpg\",\"datePublished\":\"2026-01-29T14:03:26+00:00\",\"author\":{\"@id\":\"https:\/\/veritasinfo.org\/#\/schema\/person\/bc442336e35414d04494ab8fb45db4c6\"},\"breadcrumb\":{\"@id\":\"https:\/\/veritasinfo.org\/?p=29649&lang=sr#breadcrumb\"},\"inLanguage\":\"en-US\",\"potentialAction\":[{\"@type\":\"ReadAction\",\"target\":[\"https:\/\/veritasinfo.org\/?p=29649&lang=sr\"]}]},{\"@type\":\"ImageObject\",\"inLanguage\":\"en-US\",\"@id\":\"https:\/\/veritasinfo.org\/?p=29649&lang=sr#primaryimage\",\"url\":\"https:\/\/veritasinfo.org\/wp-content\/uploads\/2026\/01\/Screenshot-2025-12-13-162837-696x391-1.jpg\",\"contentUrl\":\"https:\/\/veritasinfo.org\/wp-content\/uploads\/2026\/01\/Screenshot-2025-12-13-162837-696x391-1.jpg\",\"width\":696,\"height\":391},{\"@type\":\"BreadcrumbList\",\"@id\":\"https:\/\/veritasinfo.org\/?p=29649&lang=sr#breadcrumb\",\"itemListElement\":[{\"@type\":\"ListItem\",\"position\":1,\"name\":\"Home\",\"item\":\"https:\/\/veritasinfo.org\/\"},{\"@type\":\"ListItem\",\"position\":2,\"name\":\"Sarajevo se pridru\u017eilo krivi\u010dnom postupku u Milanu zbog ratnih \u201esnajperskih turista\u201c\"}]},{\"@type\":\"WebSite\",\"@id\":\"https:\/\/veritasinfo.org\/#website\",\"url\":\"https:\/\/veritasinfo.org\/\",\"name\":\"\",\"description\":\"\",\"potentialAction\":[{\"@type\":\"SearchAction\",\"target\":{\"@type\":\"EntryPoint\",\"urlTemplate\":\"https:\/\/veritasinfo.org\/?s={search_term_string}\"},\"query-input\":{\"@type\":\"PropertyValueSpecification\",\"valueRequired\":true,\"valueName\":\"search_term_string\"}}],\"inLanguage\":\"en-US\"},{\"@type\":\"Person\",\"@id\":\"https:\/\/veritasinfo.org\/#\/schema\/person\/bc442336e35414d04494ab8fb45db4c6\",\"name\":\"US5\",\"image\":{\"@type\":\"ImageObject\",\"inLanguage\":\"en-US\",\"@id\":\"https:\/\/veritasinfo.org\/#\/schema\/person\/image\/\",\"url\":\"https:\/\/secure.gravatar.com\/avatar\/16a61e7272a0c5d001121ebb9e60e925d5816e4ac1e443ed3e640d9a6ae55d0c?s=96&d=mm&r=g\",\"contentUrl\":\"https:\/\/secure.gravatar.com\/avatar\/16a61e7272a0c5d001121ebb9e60e925d5816e4ac1e443ed3e640d9a6ae55d0c?s=96&d=mm&r=g\",\"caption\":\"US5\"},\"url\":\"https:\/\/veritasinfo.org\/?author=6\"}]}<\/script>\n<!-- \/ Yoast SEO plugin. -->","yoast_head_json":{"title":"Sarajevo se pridru\u017eilo krivi\u010dnom postupku u Milanu zbog ratnih \u201esnajperskih turista\u201c -","robots":{"index":"index","follow":"follow","max-snippet":"max-snippet:-1","max-image-preview":"max-image-preview:large","max-video-preview":"max-video-preview:-1"},"canonical":"https:\/\/veritasinfo.org\/?p=29649&lang=sr","og_locale":"en_US","og_type":"article","og_title":"Sarajevo se pridru\u017eilo krivi\u010dnom postupku u Milanu zbog ratnih \u201esnajperskih turista\u201c -","og_description":"Pri\u0161tina 29. januar 2026. 15:01 Gradsko vec\u0301e Sarajeva dalo je 28. januara saglasnost da se Grad Sarajevo zvani\u010dno pridru\u017ei krivi\u010dnom postupku koji se vodi pred","og_url":"https:\/\/veritasinfo.org\/?p=29649&lang=sr","article_published_time":"2026-01-29T14:03:26+00:00","og_image":[{"width":696,"height":391,"url":"https:\/\/veritasinfo.org\/wp-content\/uploads\/2026\/01\/Screenshot-2025-12-13-162837-696x391-1.jpg","type":"image\/jpeg"}],"author":"US5","twitter_card":"summary_large_image","twitter_misc":{"Written by":"US5"},"schema":{"@context":"https:\/\/schema.org","@graph":[{"@type":"WebPage","@id":"https:\/\/veritasinfo.org\/?p=29649&lang=sr","url":"https:\/\/veritasinfo.org\/?p=29649&lang=sr","name":"Sarajevo se pridru\u017eilo krivi\u010dnom postupku u Milanu zbog ratnih \u201esnajperskih turista\u201c -","isPartOf":{"@id":"https:\/\/veritasinfo.org\/#website"},"primaryImageOfPage":{"@id":"https:\/\/veritasinfo.org\/?p=29649&lang=sr#primaryimage"},"image":{"@id":"https:\/\/veritasinfo.org\/?p=29649&lang=sr#primaryimage"},"thumbnailUrl":"https:\/\/veritasinfo.org\/wp-content\/uploads\/2026\/01\/Screenshot-2025-12-13-162837-696x391-1.jpg","datePublished":"2026-01-29T14:03:26+00:00","author":{"@id":"https:\/\/veritasinfo.org\/#\/schema\/person\/bc442336e35414d04494ab8fb45db4c6"},"breadcrumb":{"@id":"https:\/\/veritasinfo.org\/?p=29649&lang=sr#breadcrumb"},"inLanguage":"en-US","potentialAction":[{"@type":"ReadAction","target":["https:\/\/veritasinfo.org\/?p=29649&lang=sr"]}]},{"@type":"ImageObject","inLanguage":"en-US","@id":"https:\/\/veritasinfo.org\/?p=29649&lang=sr#primaryimage","url":"https:\/\/veritasinfo.org\/wp-content\/uploads\/2026\/01\/Screenshot-2025-12-13-162837-696x391-1.jpg","contentUrl":"https:\/\/veritasinfo.org\/wp-content\/uploads\/2026\/01\/Screenshot-2025-12-13-162837-696x391-1.jpg","width":696,"height":391},{"@type":"BreadcrumbList","@id":"https:\/\/veritasinfo.org\/?p=29649&lang=sr#breadcrumb","itemListElement":[{"@type":"ListItem","position":1,"name":"Home","item":"https:\/\/veritasinfo.org\/"},{"@type":"ListItem","position":2,"name":"Sarajevo se pridru\u017eilo krivi\u010dnom postupku u Milanu zbog ratnih \u201esnajperskih turista\u201c"}]},{"@type":"WebSite","@id":"https:\/\/veritasinfo.org\/#website","url":"https:\/\/veritasinfo.org\/","name":"","description":"","potentialAction":[{"@type":"SearchAction","target":{"@type":"EntryPoint","urlTemplate":"https:\/\/veritasinfo.org\/?s={search_term_string}"},"query-input":{"@type":"PropertyValueSpecification","valueRequired":true,"valueName":"search_term_string"}}],"inLanguage":"en-US"},{"@type":"Person","@id":"https:\/\/veritasinfo.org\/#\/schema\/person\/bc442336e35414d04494ab8fb45db4c6","name":"US5","image":{"@type":"ImageObject","inLanguage":"en-US","@id":"https:\/\/veritasinfo.org\/#\/schema\/person\/image\/","url":"https:\/\/secure.gravatar.com\/avatar\/16a61e7272a0c5d001121ebb9e60e925d5816e4ac1e443ed3e640d9a6ae55d0c?s=96&d=mm&r=g","contentUrl":"https:\/\/secure.gravatar.com\/avatar\/16a61e7272a0c5d001121ebb9e60e925d5816e4ac1e443ed3e640d9a6ae55d0c?s=96&d=mm&r=g","caption":"US5"},"url":"https:\/\/veritasinfo.org\/?author=6"}]}},"featured_image_urls":{"full":["https:\/\/veritasinfo.org\/wp-content\/uploads\/2026\/01\/Screenshot-2025-12-13-162837-696x391-1.jpg",696,391,false],"thumbnail":["https:\/\/veritasinfo.org\/wp-content\/uploads\/2026\/01\/Screenshot-2025-12-13-162837-696x391-1-150x150.jpg",150,150,true],"medium":["https:\/\/veritasinfo.org\/wp-content\/uploads\/2026\/01\/Screenshot-2025-12-13-162837-696x391-1-300x169.jpg",300,169,true],"medium_large":["https:\/\/veritasinfo.org\/wp-content\/uploads\/2026\/01\/Screenshot-2025-12-13-162837-696x391-1.jpg",640,360,false],"large":["https:\/\/veritasinfo.org\/wp-content\/uploads\/2026\/01\/Screenshot-2025-12-13-162837-696x391-1.jpg",640,360,false],"1536x1536":["https:\/\/veritasinfo.org\/wp-content\/uploads\/2026\/01\/Screenshot-2025-12-13-162837-696x391-1.jpg",696,391,false],"2048x2048":["https:\/\/veritasinfo.org\/wp-content\/uploads\/2026\/01\/Screenshot-2025-12-13-162837-696x391-1.jpg",696,391,false],"kreeti-slider-full":["https:\/\/veritasinfo.org\/wp-content\/uploads\/2026\/01\/Screenshot-2025-12-13-162837-696x391-1.jpg",696,391,false],"kreeti-featured":["https:\/\/veritasinfo.org\/wp-content\/uploads\/2026\/01\/Screenshot-2025-12-13-162837-696x391-1.jpg",696,391,false],"kreeti-medium":["https:\/\/veritasinfo.org\/wp-content\/uploads\/2026\/01\/Screenshot-2025-12-13-162837-696x391-1.jpg",696,391,false],"kreeti-medium-square":["https:\/\/veritasinfo.org\/wp-content\/uploads\/2026\/01\/Screenshot-2025-12-13-162837-696x391-1.jpg",350,197,false]},"author_info":{"info":["US5"]},"category_info":"<a href=\"https:\/\/veritasinfo.org\/?cat=74&#038;lang=sr\" rel=\"category\">Svet<\/a>","tag_info":"Svet","comment_count":"0","_links":{"self":[{"href":"https:\/\/veritasinfo.org\/index.php?rest_route=\/wp\/v2\/posts\/29649","targetHints":{"allow":["GET"]}}],"collection":[{"href":"https:\/\/veritasinfo.org\/index.php?rest_route=\/wp\/v2\/posts"}],"about":[{"href":"https:\/\/veritasinfo.org\/index.php?rest_route=\/wp\/v2\/types\/post"}],"author":[{"embeddable":true,"href":"https:\/\/veritasinfo.org\/index.php?rest_route=\/wp\/v2\/users\/6"}],"replies":[{"embeddable":true,"href":"https:\/\/veritasinfo.org\/index.php?rest_route=%2Fwp%2Fv2%2Fcomments&post=29649"}],"version-history":[{"count":1,"href":"https:\/\/veritasinfo.org\/index.php?rest_route=\/wp\/v2\/posts\/29649\/revisions"}],"predecessor-version":[{"id":29650,"href":"https:\/\/veritasinfo.org\/index.php?rest_route=\/wp\/v2\/posts\/29649\/revisions\/29650"}],"wp:featuredmedia":[{"embeddable":true,"href":"https:\/\/veritasinfo.org\/index.php?rest_route=\/wp\/v2\/media\/29647"}],"wp:attachment":[{"href":"https:\/\/veritasinfo.org\/index.php?rest_route=%2Fwp%2Fv2%2Fmedia&parent=29649"}],"wp:term":[{"taxonomy":"category","embeddable":true,"href":"https:\/\/veritasinfo.org\/index.php?rest_route=%2Fwp%2Fv2%2Fcategories&post=29649"},{"taxonomy":"post_tag","embeddable":true,"href":"https:\/\/veritasinfo.org\/index.php?rest_route=%2Fwp%2Fv2%2Ftags&post=29649"}],"curies":[{"name":"wp","href":"https:\/\/api.w.org\/{rel}","templated":true}]}}