{"id":29607,"date":"2026-01-29T13:58:28","date_gmt":"2026-01-29T12:58:28","guid":{"rendered":"https:\/\/veritasinfo.org\/?p=29607"},"modified":"2026-01-29T13:58:28","modified_gmt":"2026-01-29T12:58:28","slug":"neser-perfundon-rinumerimi-i-votave","status":"publish","type":"post","link":"https:\/\/veritasinfo.org\/?p=29607","title":{"rendered":"Nes\u00ebr p\u00ebrfundon rinum\u00ebrimi i votave"},"content":{"rendered":"<p>Prishtin\u00eb 29 Janar 2026<br \/>\nProcesi i rinum\u00ebrimit t\u00eb votave t\u00eb 28 dhjetorit pritet t\u00eb p\u00ebrfundoj nes\u00ebr. Z\u00ebdh\u00ebn\u00ebsi i KQZ-s\u00eb, Valmir Elezi ka th\u00ebn\u00eb se n\u00eb 34 komuna \u00ebsht\u00eb p\u00ebrmbyllur procesi i rinum\u00ebrimit.<\/p>\n<p>Ai tha se deri t\u00eb enjten n\u00eb ora 10:00 jan\u00eb rinum\u00ebruar rreth 88 p\u00ebr qind e vendvotimeve.<\/p>\n<p>\u201cNga fillimi i k\u00ebtij procesi (e mart\u00eb, 13 janar 2026, ora 18:00) dhe deri m\u00eb tani (e enjte, 29 janar 2026, ora 10:00) jan\u00eb rinum\u00ebruar rreth 88% apo 2,245 nga 2,557 vendvotime. Pra, numri i p\u00ebrgjithsh\u00ebm i komunave q\u00eb deri m\u00eb tani kan\u00eb p\u00ebrmbyllur rinum\u00ebrimin jan\u00eb 34, nd\u00ebrkaq kan\u00eb mbetur p\u00ebr t\u2019u rinum\u00ebruar edhe 312 vendvotime q\u00eb i takojn\u00eb 4 komuave t\u00eb fundit nga ky proces\u201d, tha Elezi.<\/p>\n","protected":false},"excerpt":{"rendered":"<p>Prishtin\u00eb 29 Janar 2026 Procesi i rinum\u00ebrimit t\u00eb votave t\u00eb 28 dhjetorit pritet t\u00eb p\u00ebrfundoj nes\u00ebr. Z\u00ebdh\u00ebn\u00ebsi i KQZ-s\u00eb, Valmir Elezi ka th\u00ebn\u00eb se n\u00eb<\/p>\n","protected":false},"author":6,"featured_media":29608,"comment_status":"open","ping_status":"open","sticky":false,"template":"","format":"standard","meta":{"footnotes":""},"categories":[8],"tags":[],"class_list":["post-29607","post","type-post","status-publish","format-standard","has-post-thumbnail","hentry","category-blog-sq"],"yoast_head":"<!-- This site is optimized with the Yoast SEO plugin v25.3.1 - https:\/\/yoast.com\/wordpress\/plugins\/seo\/ -->\n<title>Nes\u00ebr p\u00ebrfundon rinum\u00ebrimi i votave -<\/title>\n<meta name=\"robots\" content=\"index, follow, max-snippet:-1, max-image-preview:large, max-video-preview:-1\" \/>\n<link rel=\"canonical\" href=\"https:\/\/veritasinfo.org\/?p=29607\" \/>\n<meta property=\"og:locale\" content=\"en_US\" \/>\n<meta property=\"og:type\" content=\"article\" \/>\n<meta property=\"og:title\" content=\"Nes\u00ebr p\u00ebrfundon rinum\u00ebrimi i votave -\" \/>\n<meta property=\"og:description\" content=\"Prishtin\u00eb 29 Janar 2026 Procesi i rinum\u00ebrimit t\u00eb votave t\u00eb 28 dhjetorit pritet t\u00eb p\u00ebrfundoj nes\u00ebr. Z\u00ebdh\u00ebn\u00ebsi i KQZ-s\u00eb, Valmir Elezi ka th\u00ebn\u00eb se n\u00eb\" \/>\n<meta property=\"og:url\" content=\"https:\/\/veritasinfo.org\/?p=29607\" \/>\n<meta property=\"article:published_time\" content=\"2026-01-29T12:58:28+00:00\" \/>\n<meta property=\"og:image\" content=\"https:\/\/veritasinfo.org\/wp-content\/uploads\/2026\/01\/458671786_1019248079993919_7266335291384469331_n-850x441-1-780x439-1-jpg.webp\" \/>\n\t<meta property=\"og:image:width\" content=\"780\" \/>\n\t<meta property=\"og:image:height\" content=\"439\" \/>\n\t<meta property=\"og:image:type\" content=\"image\/webp\" \/>\n<meta name=\"author\" content=\"US5\" \/>\n<meta name=\"twitter:card\" content=\"summary_large_image\" \/>\n<meta name=\"twitter:label1\" content=\"Written by\" \/>\n\t<meta name=\"twitter:data1\" content=\"US5\" \/>\n<script type=\"application\/ld+json\" class=\"yoast-schema-graph\">{\"@context\":\"https:\/\/schema.org\",\"@graph\":[{\"@type\":\"WebPage\",\"@id\":\"https:\/\/veritasinfo.org\/?p=29607\",\"url\":\"https:\/\/veritasinfo.org\/?p=29607\",\"name\":\"Nes\u00ebr p\u00ebrfundon rinum\u00ebrimi i votave -\",\"isPartOf\":{\"@id\":\"https:\/\/veritasinfo.org\/#website\"},\"primaryImageOfPage\":{\"@id\":\"https:\/\/veritasinfo.org\/?p=29607#primaryimage\"},\"image\":{\"@id\":\"https:\/\/veritasinfo.org\/?p=29607#primaryimage\"},\"thumbnailUrl\":\"https:\/\/veritasinfo.org\/wp-content\/uploads\/2026\/01\/458671786_1019248079993919_7266335291384469331_n-850x441-1-780x439-1-jpg.webp\",\"datePublished\":\"2026-01-29T12:58:28+00:00\",\"author\":{\"@id\":\"https:\/\/veritasinfo.org\/#\/schema\/person\/bc442336e35414d04494ab8fb45db4c6\"},\"breadcrumb\":{\"@id\":\"https:\/\/veritasinfo.org\/?p=29607#breadcrumb\"},\"inLanguage\":\"en-US\",\"potentialAction\":[{\"@type\":\"ReadAction\",\"target\":[\"https:\/\/veritasinfo.org\/?p=29607\"]}]},{\"@type\":\"ImageObject\",\"inLanguage\":\"en-US\",\"@id\":\"https:\/\/veritasinfo.org\/?p=29607#primaryimage\",\"url\":\"https:\/\/veritasinfo.org\/wp-content\/uploads\/2026\/01\/458671786_1019248079993919_7266335291384469331_n-850x441-1-780x439-1-jpg.webp\",\"contentUrl\":\"https:\/\/veritasinfo.org\/wp-content\/uploads\/2026\/01\/458671786_1019248079993919_7266335291384469331_n-850x441-1-780x439-1-jpg.webp\",\"width\":780,\"height\":439},{\"@type\":\"BreadcrumbList\",\"@id\":\"https:\/\/veritasinfo.org\/?p=29607#breadcrumb\",\"itemListElement\":[{\"@type\":\"ListItem\",\"position\":1,\"name\":\"Home\",\"item\":\"https:\/\/veritasinfo.org\/\"},{\"@type\":\"ListItem\",\"position\":2,\"name\":\"Nes\u00ebr p\u00ebrfundon rinum\u00ebrimi i votave\"}]},{\"@type\":\"WebSite\",\"@id\":\"https:\/\/veritasinfo.org\/#website\",\"url\":\"https:\/\/veritasinfo.org\/\",\"name\":\"\",\"description\":\"\",\"potentialAction\":[{\"@type\":\"SearchAction\",\"target\":{\"@type\":\"EntryPoint\",\"urlTemplate\":\"https:\/\/veritasinfo.org\/?s={search_term_string}\"},\"query-input\":{\"@type\":\"PropertyValueSpecification\",\"valueRequired\":true,\"valueName\":\"search_term_string\"}}],\"inLanguage\":\"en-US\"},{\"@type\":\"Person\",\"@id\":\"https:\/\/veritasinfo.org\/#\/schema\/person\/bc442336e35414d04494ab8fb45db4c6\",\"name\":\"US5\",\"image\":{\"@type\":\"ImageObject\",\"inLanguage\":\"en-US\",\"@id\":\"https:\/\/veritasinfo.org\/#\/schema\/person\/image\/\",\"url\":\"https:\/\/secure.gravatar.com\/avatar\/16a61e7272a0c5d001121ebb9e60e925d5816e4ac1e443ed3e640d9a6ae55d0c?s=96&d=mm&r=g\",\"contentUrl\":\"https:\/\/secure.gravatar.com\/avatar\/16a61e7272a0c5d001121ebb9e60e925d5816e4ac1e443ed3e640d9a6ae55d0c?s=96&d=mm&r=g\",\"caption\":\"US5\"},\"url\":\"https:\/\/veritasinfo.org\/?author=6\"}]}<\/script>\n<!-- \/ Yoast SEO plugin. -->","yoast_head_json":{"title":"Nes\u00ebr p\u00ebrfundon rinum\u00ebrimi i votave -","robots":{"index":"index","follow":"follow","max-snippet":"max-snippet:-1","max-image-preview":"max-image-preview:large","max-video-preview":"max-video-preview:-1"},"canonical":"https:\/\/veritasinfo.org\/?p=29607","og_locale":"en_US","og_type":"article","og_title":"Nes\u00ebr p\u00ebrfundon rinum\u00ebrimi i votave -","og_description":"Prishtin\u00eb 29 Janar 2026 Procesi i rinum\u00ebrimit t\u00eb votave t\u00eb 28 dhjetorit pritet t\u00eb p\u00ebrfundoj nes\u00ebr. Z\u00ebdh\u00ebn\u00ebsi i KQZ-s\u00eb, Valmir Elezi ka th\u00ebn\u00eb se n\u00eb","og_url":"https:\/\/veritasinfo.org\/?p=29607","article_published_time":"2026-01-29T12:58:28+00:00","og_image":[{"width":780,"height":439,"url":"https:\/\/veritasinfo.org\/wp-content\/uploads\/2026\/01\/458671786_1019248079993919_7266335291384469331_n-850x441-1-780x439-1-jpg.webp","type":"image\/webp"}],"author":"US5","twitter_card":"summary_large_image","twitter_misc":{"Written by":"US5"},"schema":{"@context":"https:\/\/schema.org","@graph":[{"@type":"WebPage","@id":"https:\/\/veritasinfo.org\/?p=29607","url":"https:\/\/veritasinfo.org\/?p=29607","name":"Nes\u00ebr p\u00ebrfundon rinum\u00ebrimi i votave -","isPartOf":{"@id":"https:\/\/veritasinfo.org\/#website"},"primaryImageOfPage":{"@id":"https:\/\/veritasinfo.org\/?p=29607#primaryimage"},"image":{"@id":"https:\/\/veritasinfo.org\/?p=29607#primaryimage"},"thumbnailUrl":"https:\/\/veritasinfo.org\/wp-content\/uploads\/2026\/01\/458671786_1019248079993919_7266335291384469331_n-850x441-1-780x439-1-jpg.webp","datePublished":"2026-01-29T12:58:28+00:00","author":{"@id":"https:\/\/veritasinfo.org\/#\/schema\/person\/bc442336e35414d04494ab8fb45db4c6"},"breadcrumb":{"@id":"https:\/\/veritasinfo.org\/?p=29607#breadcrumb"},"inLanguage":"en-US","potentialAction":[{"@type":"ReadAction","target":["https:\/\/veritasinfo.org\/?p=29607"]}]},{"@type":"ImageObject","inLanguage":"en-US","@id":"https:\/\/veritasinfo.org\/?p=29607#primaryimage","url":"https:\/\/veritasinfo.org\/wp-content\/uploads\/2026\/01\/458671786_1019248079993919_7266335291384469331_n-850x441-1-780x439-1-jpg.webp","contentUrl":"https:\/\/veritasinfo.org\/wp-content\/uploads\/2026\/01\/458671786_1019248079993919_7266335291384469331_n-850x441-1-780x439-1-jpg.webp","width":780,"height":439},{"@type":"BreadcrumbList","@id":"https:\/\/veritasinfo.org\/?p=29607#breadcrumb","itemListElement":[{"@type":"ListItem","position":1,"name":"Home","item":"https:\/\/veritasinfo.org\/"},{"@type":"ListItem","position":2,"name":"Nes\u00ebr p\u00ebrfundon rinum\u00ebrimi i votave"}]},{"@type":"WebSite","@id":"https:\/\/veritasinfo.org\/#website","url":"https:\/\/veritasinfo.org\/","name":"","description":"","potentialAction":[{"@type":"SearchAction","target":{"@type":"EntryPoint","urlTemplate":"https:\/\/veritasinfo.org\/?s={search_term_string}"},"query-input":{"@type":"PropertyValueSpecification","valueRequired":true,"valueName":"search_term_string"}}],"inLanguage":"en-US"},{"@type":"Person","@id":"https:\/\/veritasinfo.org\/#\/schema\/person\/bc442336e35414d04494ab8fb45db4c6","name":"US5","image":{"@type":"ImageObject","inLanguage":"en-US","@id":"https:\/\/veritasinfo.org\/#\/schema\/person\/image\/","url":"https:\/\/secure.gravatar.com\/avatar\/16a61e7272a0c5d001121ebb9e60e925d5816e4ac1e443ed3e640d9a6ae55d0c?s=96&d=mm&r=g","contentUrl":"https:\/\/secure.gravatar.com\/avatar\/16a61e7272a0c5d001121ebb9e60e925d5816e4ac1e443ed3e640d9a6ae55d0c?s=96&d=mm&r=g","caption":"US5"},"url":"https:\/\/veritasinfo.org\/?author=6"}]}},"featured_image_urls":{"full":["https:\/\/veritasinfo.org\/wp-content\/uploads\/2026\/01\/458671786_1019248079993919_7266335291384469331_n-850x441-1-780x439-1-jpg.webp",780,439,false],"thumbnail":["https:\/\/veritasinfo.org\/wp-content\/uploads\/2026\/01\/458671786_1019248079993919_7266335291384469331_n-850x441-1-780x439-1-jpg-150x150.webp",150,150,true],"medium":["https:\/\/veritasinfo.org\/wp-content\/uploads\/2026\/01\/458671786_1019248079993919_7266335291384469331_n-850x441-1-780x439-1-jpg-300x169.webp",300,169,true],"medium_large":["https:\/\/veritasinfo.org\/wp-content\/uploads\/2026\/01\/458671786_1019248079993919_7266335291384469331_n-850x441-1-780x439-1-jpg-768x432.webp",640,360,true],"large":["https:\/\/veritasinfo.org\/wp-content\/uploads\/2026\/01\/458671786_1019248079993919_7266335291384469331_n-850x441-1-780x439-1-jpg.webp",640,360,false],"1536x1536":["https:\/\/veritasinfo.org\/wp-content\/uploads\/2026\/01\/458671786_1019248079993919_7266335291384469331_n-850x441-1-780x439-1-jpg.webp",780,439,false],"2048x2048":["https:\/\/veritasinfo.org\/wp-content\/uploads\/2026\/01\/458671786_1019248079993919_7266335291384469331_n-850x441-1-780x439-1-jpg.webp",780,439,false],"kreeti-slider-full":["https:\/\/veritasinfo.org\/wp-content\/uploads\/2026\/01\/458671786_1019248079993919_7266335291384469331_n-850x441-1-780x439-1-jpg.webp",780,439,false],"kreeti-featured":["https:\/\/veritasinfo.org\/wp-content\/uploads\/2026\/01\/458671786_1019248079993919_7266335291384469331_n-850x441-1-780x439-1-jpg.webp",780,439,false],"kreeti-medium":["https:\/\/veritasinfo.org\/wp-content\/uploads\/2026\/01\/458671786_1019248079993919_7266335291384469331_n-850x441-1-780x439-1-jpg.webp",720,405,false],"kreeti-medium-square":["https:\/\/veritasinfo.org\/wp-content\/uploads\/2026\/01\/458671786_1019248079993919_7266335291384469331_n-850x441-1-780x439-1-jpg.webp",350,197,false]},"author_info":{"info":["US5"]},"category_info":"<a href=\"https:\/\/veritasinfo.org\/?cat=8\" rel=\"category\">Zgjedhjet parlamentare 2025<\/a>","tag_info":"Zgjedhjet parlamentare 2025","comment_count":"0","_links":{"self":[{"href":"https:\/\/veritasinfo.org\/index.php?rest_route=\/wp\/v2\/posts\/29607","targetHints":{"allow":["GET"]}}],"collection":[{"href":"https:\/\/veritasinfo.org\/index.php?rest_route=\/wp\/v2\/posts"}],"about":[{"href":"https:\/\/veritasinfo.org\/index.php?rest_route=\/wp\/v2\/types\/post"}],"author":[{"embeddable":true,"href":"https:\/\/veritasinfo.org\/index.php?rest_route=\/wp\/v2\/users\/6"}],"replies":[{"embeddable":true,"href":"https:\/\/veritasinfo.org\/index.php?rest_route=%2Fwp%2Fv2%2Fcomments&post=29607"}],"version-history":[{"count":1,"href":"https:\/\/veritasinfo.org\/index.php?rest_route=\/wp\/v2\/posts\/29607\/revisions"}],"predecessor-version":[{"id":29609,"href":"https:\/\/veritasinfo.org\/index.php?rest_route=\/wp\/v2\/posts\/29607\/revisions\/29609"}],"wp:featuredmedia":[{"embeddable":true,"href":"https:\/\/veritasinfo.org\/index.php?rest_route=\/wp\/v2\/media\/29608"}],"wp:attachment":[{"href":"https:\/\/veritasinfo.org\/index.php?rest_route=%2Fwp%2Fv2%2Fmedia&parent=29607"}],"wp:term":[{"taxonomy":"category","embeddable":true,"href":"https:\/\/veritasinfo.org\/index.php?rest_route=%2Fwp%2Fv2%2Fcategories&post=29607"},{"taxonomy":"post_tag","embeddable":true,"href":"https:\/\/veritasinfo.org\/index.php?rest_route=%2Fwp%2Fv2%2Ftags&post=29607"}],"curies":[{"name":"wp","href":"https:\/\/api.w.org\/{rel}","templated":true}]}}