{"id":29597,"date":"2026-01-29T12:28:20","date_gmt":"2026-01-29T11:28:20","guid":{"rendered":"https:\/\/veritasinfo.org\/?p=29597"},"modified":"2026-01-29T12:28:20","modified_gmt":"2026-01-29T11:28:20","slug":"procesi-i-dyte-ne-hage-ndaj-thacit-shtyhet-fillimi-i-gjykimit-per-27-shkurt","status":"publish","type":"post","link":"https:\/\/veritasinfo.org\/?p=29597","title":{"rendered":"Procesi i dyt\u00eb n\u00eb Hag\u00eb ndaj Tha\u00e7it, shtyhet fillimi i gjykimit p\u00ebr 27 shkurt"},"content":{"rendered":"<p>Prishtin\u00eb, 29 janar 2026 12:26<\/p>\n<p>Gjykata Speciale ka njoftuar se fillimi i gjykimit n\u00eb \u00e7\u00ebshtjen kund\u00ebr Hashim Tha\u00e7it, Bashkim Smakajt, Isni Kilajt, Fadil Fazliut dhe Hajredin Ku\u00e7it \u00ebsht\u00eb shtyr\u00eb p\u00ebr dat\u00ebn 27 shkurt.<\/p>\n<p>Rasti ishte parapar\u00eb t\u00eb niste m\u00eb 24 shkurt.<\/p>\n<p>\u201cM\u00eb 28 janar 2026, Gjykat\u00ebsi i Vet\u00ebm Kristofer Gosnell miratoi pjes\u00ebrisht k\u00ebrkes\u00ebn e Mbrojtjes s\u00eb Hashim Tha\u00e7it dhe urdh\u00ebroi q\u00eb gjykimi n\u00eb \u00e7\u00ebshtjen kund\u00ebr Hashim Tha\u00e7it, Bashkim Smakajt, Isni Kilajt, Fadil Fazliut dhe Hajredin Ku\u00e7it t\u00eb filloj\u00eb t\u00eb premten, 27 shkurt 2026, n\u00eb vend se m\u00eb 24 shkurt, si\u00e7 ishte caktuar m\u00eb par\u00eb\u201d, thuhet n\u00eb nj\u00eb njoftim.<\/p>\n<p>Ky \u00ebsht\u00eb procesi i dyt\u00eb n\u00eb Hag\u00eb ndaj Tha\u00e7it dhe t\u00eb tjer\u00ebve.<\/p>\n<p>N\u00eb k\u00ebt\u00eb q\u00eb pritet t\u00eb nis\u00eb tash m\u00eb 27 shkurt do t\u00eb paraqiten tre d\u00ebshmitar\u00eb, natyra dhe p\u00ebrmbajtja e t\u00eb cil\u00ebve \u00ebsht\u00eb zbuluar nga Prokuroria.<\/p>\n<p>&nbsp;<\/p>\n<p>&nbsp;<\/p>\n","protected":false},"excerpt":{"rendered":"<p>Prishtin\u00eb, 29 janar 2026 12:26 Gjykata Speciale ka njoftuar se fillimi i gjykimit n\u00eb \u00e7\u00ebshtjen kund\u00ebr Hashim Tha\u00e7it, Bashkim Smakajt, Isni Kilajt, Fadil Fazliut dhe<\/p>\n","protected":false},"author":7,"featured_media":29598,"comment_status":"open","ping_status":"open","sticky":false,"template":"","format":"standard","meta":{"footnotes":""},"categories":[60],"tags":[],"class_list":["post-29597","post","type-post","status-publish","format-standard","has-post-thumbnail","hentry","category-shoqerore-sq"],"yoast_head":"<!-- This site is optimized with the Yoast SEO plugin v25.3.1 - https:\/\/yoast.com\/wordpress\/plugins\/seo\/ -->\n<title>Procesi i dyt\u00eb n\u00eb Hag\u00eb ndaj Tha\u00e7it, shtyhet fillimi i gjykimit p\u00ebr 27 shkurt -<\/title>\n<meta name=\"robots\" content=\"index, follow, max-snippet:-1, max-image-preview:large, max-video-preview:-1\" \/>\n<link rel=\"canonical\" href=\"https:\/\/veritasinfo.org\/?p=29597\" \/>\n<meta property=\"og:locale\" content=\"en_US\" \/>\n<meta property=\"og:type\" content=\"article\" \/>\n<meta property=\"og:title\" content=\"Procesi i dyt\u00eb n\u00eb Hag\u00eb ndaj Tha\u00e7it, shtyhet fillimi i gjykimit p\u00ebr 27 shkurt -\" \/>\n<meta property=\"og:description\" content=\"Prishtin\u00eb, 29 janar 2026 12:26 Gjykata Speciale ka njoftuar se fillimi i gjykimit n\u00eb \u00e7\u00ebshtjen kund\u00ebr Hashim Tha\u00e7it, Bashkim Smakajt, Isni Kilajt, Fadil Fazliut dhe\" \/>\n<meta property=\"og:url\" content=\"https:\/\/veritasinfo.org\/?p=29597\" \/>\n<meta property=\"article:published_time\" content=\"2026-01-29T11:28:20+00:00\" \/>\n<meta property=\"og:image\" content=\"https:\/\/veritasinfo.org\/wp-content\/uploads\/2026\/01\/UCK-696x392-1.jpg\" \/>\n\t<meta property=\"og:image:width\" content=\"696\" \/>\n\t<meta property=\"og:image:height\" content=\"392\" \/>\n\t<meta property=\"og:image:type\" content=\"image\/jpeg\" \/>\n<meta name=\"author\" content=\"US6\" \/>\n<meta name=\"twitter:card\" content=\"summary_large_image\" \/>\n<meta name=\"twitter:label1\" content=\"Written by\" \/>\n\t<meta name=\"twitter:data1\" content=\"US6\" \/>\n\t<meta name=\"twitter:label2\" content=\"Est. reading time\" \/>\n\t<meta name=\"twitter:data2\" content=\"1 minute\" \/>\n<script type=\"application\/ld+json\" class=\"yoast-schema-graph\">{\"@context\":\"https:\/\/schema.org\",\"@graph\":[{\"@type\":\"WebPage\",\"@id\":\"https:\/\/veritasinfo.org\/?p=29597\",\"url\":\"https:\/\/veritasinfo.org\/?p=29597\",\"name\":\"Procesi i dyt\u00eb n\u00eb Hag\u00eb ndaj Tha\u00e7it, shtyhet fillimi i gjykimit p\u00ebr 27 shkurt -\",\"isPartOf\":{\"@id\":\"https:\/\/veritasinfo.org\/#website\"},\"primaryImageOfPage\":{\"@id\":\"https:\/\/veritasinfo.org\/?p=29597#primaryimage\"},\"image\":{\"@id\":\"https:\/\/veritasinfo.org\/?p=29597#primaryimage\"},\"thumbnailUrl\":\"https:\/\/veritasinfo.org\/wp-content\/uploads\/2026\/01\/UCK-696x392-1.jpg\",\"datePublished\":\"2026-01-29T11:28:20+00:00\",\"author\":{\"@id\":\"https:\/\/veritasinfo.org\/#\/schema\/person\/fe199eede04c3937362892b7444747cc\"},\"breadcrumb\":{\"@id\":\"https:\/\/veritasinfo.org\/?p=29597#breadcrumb\"},\"inLanguage\":\"en-US\",\"potentialAction\":[{\"@type\":\"ReadAction\",\"target\":[\"https:\/\/veritasinfo.org\/?p=29597\"]}]},{\"@type\":\"ImageObject\",\"inLanguage\":\"en-US\",\"@id\":\"https:\/\/veritasinfo.org\/?p=29597#primaryimage\",\"url\":\"https:\/\/veritasinfo.org\/wp-content\/uploads\/2026\/01\/UCK-696x392-1.jpg\",\"contentUrl\":\"https:\/\/veritasinfo.org\/wp-content\/uploads\/2026\/01\/UCK-696x392-1.jpg\",\"width\":696,\"height\":392},{\"@type\":\"BreadcrumbList\",\"@id\":\"https:\/\/veritasinfo.org\/?p=29597#breadcrumb\",\"itemListElement\":[{\"@type\":\"ListItem\",\"position\":1,\"name\":\"Home\",\"item\":\"https:\/\/veritasinfo.org\/\"},{\"@type\":\"ListItem\",\"position\":2,\"name\":\"Procesi i dyt\u00eb n\u00eb Hag\u00eb ndaj Tha\u00e7it, shtyhet fillimi i gjykimit p\u00ebr 27 shkurt\"}]},{\"@type\":\"WebSite\",\"@id\":\"https:\/\/veritasinfo.org\/#website\",\"url\":\"https:\/\/veritasinfo.org\/\",\"name\":\"\",\"description\":\"\",\"potentialAction\":[{\"@type\":\"SearchAction\",\"target\":{\"@type\":\"EntryPoint\",\"urlTemplate\":\"https:\/\/veritasinfo.org\/?s={search_term_string}\"},\"query-input\":{\"@type\":\"PropertyValueSpecification\",\"valueRequired\":true,\"valueName\":\"search_term_string\"}}],\"inLanguage\":\"en-US\"},{\"@type\":\"Person\",\"@id\":\"https:\/\/veritasinfo.org\/#\/schema\/person\/fe199eede04c3937362892b7444747cc\",\"name\":\"US6\",\"image\":{\"@type\":\"ImageObject\",\"inLanguage\":\"en-US\",\"@id\":\"https:\/\/veritasinfo.org\/#\/schema\/person\/image\/\",\"url\":\"https:\/\/secure.gravatar.com\/avatar\/cb16c3c31c9d23b9b8c705964598220b3014e42ff51eb540ff23cefa3ae8c15f?s=96&d=mm&r=g\",\"contentUrl\":\"https:\/\/secure.gravatar.com\/avatar\/cb16c3c31c9d23b9b8c705964598220b3014e42ff51eb540ff23cefa3ae8c15f?s=96&d=mm&r=g\",\"caption\":\"US6\"},\"url\":\"https:\/\/veritasinfo.org\/?author=7\"}]}<\/script>\n<!-- \/ Yoast SEO plugin. -->","yoast_head_json":{"title":"Procesi i dyt\u00eb n\u00eb Hag\u00eb ndaj Tha\u00e7it, shtyhet fillimi i gjykimit p\u00ebr 27 shkurt -","robots":{"index":"index","follow":"follow","max-snippet":"max-snippet:-1","max-image-preview":"max-image-preview:large","max-video-preview":"max-video-preview:-1"},"canonical":"https:\/\/veritasinfo.org\/?p=29597","og_locale":"en_US","og_type":"article","og_title":"Procesi i dyt\u00eb n\u00eb Hag\u00eb ndaj Tha\u00e7it, shtyhet fillimi i gjykimit p\u00ebr 27 shkurt -","og_description":"Prishtin\u00eb, 29 janar 2026 12:26 Gjykata Speciale ka njoftuar se fillimi i gjykimit n\u00eb \u00e7\u00ebshtjen kund\u00ebr Hashim Tha\u00e7it, Bashkim Smakajt, Isni Kilajt, Fadil Fazliut dhe","og_url":"https:\/\/veritasinfo.org\/?p=29597","article_published_time":"2026-01-29T11:28:20+00:00","og_image":[{"width":696,"height":392,"url":"https:\/\/veritasinfo.org\/wp-content\/uploads\/2026\/01\/UCK-696x392-1.jpg","type":"image\/jpeg"}],"author":"US6","twitter_card":"summary_large_image","twitter_misc":{"Written by":"US6","Est. reading time":"1 minute"},"schema":{"@context":"https:\/\/schema.org","@graph":[{"@type":"WebPage","@id":"https:\/\/veritasinfo.org\/?p=29597","url":"https:\/\/veritasinfo.org\/?p=29597","name":"Procesi i dyt\u00eb n\u00eb Hag\u00eb ndaj Tha\u00e7it, shtyhet fillimi i gjykimit p\u00ebr 27 shkurt -","isPartOf":{"@id":"https:\/\/veritasinfo.org\/#website"},"primaryImageOfPage":{"@id":"https:\/\/veritasinfo.org\/?p=29597#primaryimage"},"image":{"@id":"https:\/\/veritasinfo.org\/?p=29597#primaryimage"},"thumbnailUrl":"https:\/\/veritasinfo.org\/wp-content\/uploads\/2026\/01\/UCK-696x392-1.jpg","datePublished":"2026-01-29T11:28:20+00:00","author":{"@id":"https:\/\/veritasinfo.org\/#\/schema\/person\/fe199eede04c3937362892b7444747cc"},"breadcrumb":{"@id":"https:\/\/veritasinfo.org\/?p=29597#breadcrumb"},"inLanguage":"en-US","potentialAction":[{"@type":"ReadAction","target":["https:\/\/veritasinfo.org\/?p=29597"]}]},{"@type":"ImageObject","inLanguage":"en-US","@id":"https:\/\/veritasinfo.org\/?p=29597#primaryimage","url":"https:\/\/veritasinfo.org\/wp-content\/uploads\/2026\/01\/UCK-696x392-1.jpg","contentUrl":"https:\/\/veritasinfo.org\/wp-content\/uploads\/2026\/01\/UCK-696x392-1.jpg","width":696,"height":392},{"@type":"BreadcrumbList","@id":"https:\/\/veritasinfo.org\/?p=29597#breadcrumb","itemListElement":[{"@type":"ListItem","position":1,"name":"Home","item":"https:\/\/veritasinfo.org\/"},{"@type":"ListItem","position":2,"name":"Procesi i dyt\u00eb n\u00eb Hag\u00eb ndaj Tha\u00e7it, shtyhet fillimi i gjykimit p\u00ebr 27 shkurt"}]},{"@type":"WebSite","@id":"https:\/\/veritasinfo.org\/#website","url":"https:\/\/veritasinfo.org\/","name":"","description":"","potentialAction":[{"@type":"SearchAction","target":{"@type":"EntryPoint","urlTemplate":"https:\/\/veritasinfo.org\/?s={search_term_string}"},"query-input":{"@type":"PropertyValueSpecification","valueRequired":true,"valueName":"search_term_string"}}],"inLanguage":"en-US"},{"@type":"Person","@id":"https:\/\/veritasinfo.org\/#\/schema\/person\/fe199eede04c3937362892b7444747cc","name":"US6","image":{"@type":"ImageObject","inLanguage":"en-US","@id":"https:\/\/veritasinfo.org\/#\/schema\/person\/image\/","url":"https:\/\/secure.gravatar.com\/avatar\/cb16c3c31c9d23b9b8c705964598220b3014e42ff51eb540ff23cefa3ae8c15f?s=96&d=mm&r=g","contentUrl":"https:\/\/secure.gravatar.com\/avatar\/cb16c3c31c9d23b9b8c705964598220b3014e42ff51eb540ff23cefa3ae8c15f?s=96&d=mm&r=g","caption":"US6"},"url":"https:\/\/veritasinfo.org\/?author=7"}]}},"featured_image_urls":{"full":["https:\/\/veritasinfo.org\/wp-content\/uploads\/2026\/01\/UCK-696x392-1.jpg",696,392,false],"thumbnail":["https:\/\/veritasinfo.org\/wp-content\/uploads\/2026\/01\/UCK-696x392-1-150x150.jpg",150,150,true],"medium":["https:\/\/veritasinfo.org\/wp-content\/uploads\/2026\/01\/UCK-696x392-1-300x169.jpg",300,169,true],"medium_large":["https:\/\/veritasinfo.org\/wp-content\/uploads\/2026\/01\/UCK-696x392-1.jpg",640,360,false],"large":["https:\/\/veritasinfo.org\/wp-content\/uploads\/2026\/01\/UCK-696x392-1.jpg",640,360,false],"1536x1536":["https:\/\/veritasinfo.org\/wp-content\/uploads\/2026\/01\/UCK-696x392-1.jpg",696,392,false],"2048x2048":["https:\/\/veritasinfo.org\/wp-content\/uploads\/2026\/01\/UCK-696x392-1.jpg",696,392,false],"kreeti-slider-full":["https:\/\/veritasinfo.org\/wp-content\/uploads\/2026\/01\/UCK-696x392-1.jpg",696,392,false],"kreeti-featured":["https:\/\/veritasinfo.org\/wp-content\/uploads\/2026\/01\/UCK-696x392-1.jpg",696,392,false],"kreeti-medium":["https:\/\/veritasinfo.org\/wp-content\/uploads\/2026\/01\/UCK-696x392-1.jpg",696,392,false],"kreeti-medium-square":["https:\/\/veritasinfo.org\/wp-content\/uploads\/2026\/01\/UCK-696x392-1.jpg",350,197,false]},"author_info":{"info":["US6"]},"category_info":"<a href=\"https:\/\/veritasinfo.org\/?cat=60\" rel=\"category\">Shoq\u00ebrore<\/a>","tag_info":"Shoq\u00ebrore","comment_count":"0","_links":{"self":[{"href":"https:\/\/veritasinfo.org\/index.php?rest_route=\/wp\/v2\/posts\/29597","targetHints":{"allow":["GET"]}}],"collection":[{"href":"https:\/\/veritasinfo.org\/index.php?rest_route=\/wp\/v2\/posts"}],"about":[{"href":"https:\/\/veritasinfo.org\/index.php?rest_route=\/wp\/v2\/types\/post"}],"author":[{"embeddable":true,"href":"https:\/\/veritasinfo.org\/index.php?rest_route=\/wp\/v2\/users\/7"}],"replies":[{"embeddable":true,"href":"https:\/\/veritasinfo.org\/index.php?rest_route=%2Fwp%2Fv2%2Fcomments&post=29597"}],"version-history":[{"count":1,"href":"https:\/\/veritasinfo.org\/index.php?rest_route=\/wp\/v2\/posts\/29597\/revisions"}],"predecessor-version":[{"id":29599,"href":"https:\/\/veritasinfo.org\/index.php?rest_route=\/wp\/v2\/posts\/29597\/revisions\/29599"}],"wp:featuredmedia":[{"embeddable":true,"href":"https:\/\/veritasinfo.org\/index.php?rest_route=\/wp\/v2\/media\/29598"}],"wp:attachment":[{"href":"https:\/\/veritasinfo.org\/index.php?rest_route=%2Fwp%2Fv2%2Fmedia&parent=29597"}],"wp:term":[{"taxonomy":"category","embeddable":true,"href":"https:\/\/veritasinfo.org\/index.php?rest_route=%2Fwp%2Fv2%2Fcategories&post=29597"},{"taxonomy":"post_tag","embeddable":true,"href":"https:\/\/veritasinfo.org\/index.php?rest_route=%2Fwp%2Fv2%2Ftags&post=29597"}],"curies":[{"name":"wp","href":"https:\/\/api.w.org\/{rel}","templated":true}]}}