{"id":2959,"date":"2025-07-08T13:53:04","date_gmt":"2025-07-08T11:53:04","guid":{"rendered":"https:\/\/veritasinfo.org\/?p=2959"},"modified":"2025-07-08T13:53:04","modified_gmt":"2025-07-08T11:53:04","slug":"jam-thellesisht-i-prekur-nga-vdekja-e-agon-zejnullahut-pres-qe-e-verteta-te-zbardhet-sa-me-shpejt","status":"publish","type":"post","link":"https:\/\/veritasinfo.org\/?p=2959","title":{"rendered":"Jam thell\u00ebsisht i prekur nga vdekja e Agon Zejnullahut \u2013 pres q\u00eb e v\u00ebrteta t\u00eb zbardhet sa m\u00eb shpejt"},"content":{"rendered":"<p data-start=\"50\" data-end=\"153\"><strong data-start=\"50\" data-end=\"153\">Jam thell\u00ebsisht i prekur nga vdekja e Agon Zejnullahut \u2013 pres q\u00eb e v\u00ebrteta t\u00eb zbardhet sa m\u00eb shpejt<\/strong><\/p>\n<p data-start=\"155\" data-end=\"554\">Ministri n\u00eb detyr\u00eb i Pun\u00ebve t\u00eb Brendshme, Xhelal Sve\u00e7la, ka reaguar lidhur me vdekjen e 27-vje\u00e7arit Agon Zejnullahu n\u00eb Lipjan. Ai tha se \u00ebsht\u00eb thell\u00ebsisht i prekur nga kjo ngjarje tragjike dhe se menj\u00ebher\u00eb pas marrjes s\u00eb informacionit p\u00ebr rastin, ka k\u00ebrkuar angazhim urgjent dhe profesional t\u00eb Inspektoratit Policor t\u00eb Kosov\u00ebs (IPK), si dhe bashk\u00ebpunim t\u00eb plot\u00eb nga Policia e Kosov\u00ebs gjat\u00eb hetimeve.<\/p>\n<p data-start=\"556\" data-end=\"869\">&#8220;Jam thell\u00ebsisht i prekur nga lajmi p\u00ebr vdekjen e qytetarit ton\u00eb, q\u00eb ka ndodhur n\u00eb or\u00ebt e hershme t\u00eb m\u00ebngjesit n\u00eb Lipjan. Menj\u00ebher\u00eb kam k\u00ebrkuar reagim urgjent dhe profesional nga IPK, si dhe bashk\u00ebpunim t\u00eb plot\u00eb nga Policia e Kosov\u00ebs. Hetimet tashm\u00eb jan\u00eb duke u zhvilluar me intensitet maksimal&#8221;, deklaroi Sve\u00e7la.<\/p>\n<p data-start=\"871\" data-end=\"1093\">Ai shtoi se n\u00eb k\u00ebt\u00eb rast \u00ebsht\u00eb thelb\u00ebsore bashk\u00ebpunimi nd\u00ebrinstitucional \u2013 p\u00ebrfshir\u00eb Policin\u00eb, Inspektoratin, Institutin e Mjek\u00ebsis\u00eb Ligjore dhe Prokurorin\u00eb \u2013 p\u00ebr t\u00eb ndri\u00e7uar t\u00eb gjitha rrethanat e k\u00ebsaj tragjedie t\u00eb r\u00ebnd\u00eb.<\/p>\n<p data-start=\"1095\" data-end=\"1305\">Ministri u ka shprehur ngush\u00ebllime familjar\u00ebve t\u00eb t\u00eb ndjerit, duke theksuar se \u201caskush nuk \u00ebsht\u00eb mbi ligjin\u201d dhe se \u201ckushdo q\u00eb shpallet fajtor, do t\u00eb p\u00ebrballet me drejt\u00ebsin\u00eb dhe do t\u00eb marr\u00eb d\u00ebnimin e merituar\u201d.<\/p>\n<p data-start=\"1307\" data-end=\"1576\">\u201cBesimi i qytetar\u00ebve n\u00eb Policin\u00eb e Kosov\u00ebs duhet t\u00eb ruhet me \u00e7do kusht. Ky besim nuk \u00ebsht\u00eb vet\u00ebm vler\u00eb \u2013 \u00ebsht\u00eb domosdoshm\u00ebri p\u00ebr pun\u00ebn e suksesshme t\u00eb policis\u00eb. Ne do ta ruajm\u00eb at\u00eb me vendosm\u00ebri, p\u00ebrmes s\u00eb v\u00ebrtet\u00ebs dhe p\u00ebrgjegj\u00ebsis\u00eb p\u00ebr secilin rast,\u201d p\u00ebrfundoi Sve\u00e7la.<\/p>\n","protected":false},"excerpt":{"rendered":"<p>Jam thell\u00ebsisht i prekur nga vdekja e Agon Zejnullahut \u2013 pres q\u00eb e v\u00ebrteta t\u00eb zbardhet sa m\u00eb shpejt Ministri n\u00eb detyr\u00eb i Pun\u00ebve t\u00eb<\/p>\n","protected":false},"author":1,"featured_media":2956,"comment_status":"open","ping_status":"open","sticky":false,"template":"","format":"standard","meta":{"footnotes":""},"categories":[60],"tags":[],"class_list":["post-2959","post","type-post","status-publish","format-standard","has-post-thumbnail","hentry","category-shoqerore-sq"],"yoast_head":"<!-- This site is optimized with the Yoast SEO plugin v25.3.1 - https:\/\/yoast.com\/wordpress\/plugins\/seo\/ -->\n<title>Jam thell\u00ebsisht i prekur nga vdekja e Agon Zejnullahut \u2013 pres q\u00eb e v\u00ebrteta t\u00eb zbardhet sa m\u00eb shpejt -<\/title>\n<meta name=\"robots\" content=\"index, follow, max-snippet:-1, max-image-preview:large, max-video-preview:-1\" \/>\n<link rel=\"canonical\" href=\"https:\/\/veritasinfo.org\/?p=2959\" \/>\n<meta property=\"og:locale\" content=\"en_US\" \/>\n<meta property=\"og:type\" content=\"article\" \/>\n<meta property=\"og:title\" content=\"Jam thell\u00ebsisht i prekur nga vdekja e Agon Zejnullahut \u2013 pres q\u00eb e v\u00ebrteta t\u00eb zbardhet sa m\u00eb shpejt -\" \/>\n<meta property=\"og:description\" content=\"Jam thell\u00ebsisht i prekur nga vdekja e Agon Zejnullahut \u2013 pres q\u00eb e v\u00ebrteta t\u00eb zbardhet sa m\u00eb shpejt Ministri n\u00eb detyr\u00eb i Pun\u00ebve t\u00eb\" \/>\n<meta property=\"og:url\" content=\"https:\/\/veritasinfo.org\/?p=2959\" \/>\n<meta property=\"article:published_time\" content=\"2025-07-08T11:53:04+00:00\" \/>\n<meta property=\"og:image\" content=\"https:\/\/veritasinfo.org\/wp-content\/uploads\/2025\/07\/agon-zejnullahu-kosovska-policija-830x553-1.jpg\" \/>\n\t<meta property=\"og:image:width\" content=\"830\" \/>\n\t<meta property=\"og:image:height\" content=\"553\" \/>\n\t<meta property=\"og:image:type\" content=\"image\/jpeg\" \/>\n<meta name=\"author\" content=\"admin\" \/>\n<meta name=\"twitter:card\" content=\"summary_large_image\" \/>\n<meta name=\"twitter:label1\" content=\"Written by\" \/>\n\t<meta name=\"twitter:data1\" content=\"admin\" \/>\n\t<meta name=\"twitter:label2\" content=\"Est. reading time\" \/>\n\t<meta name=\"twitter:data2\" content=\"2 minutes\" \/>\n<script type=\"application\/ld+json\" class=\"yoast-schema-graph\">{\"@context\":\"https:\/\/schema.org\",\"@graph\":[{\"@type\":\"WebPage\",\"@id\":\"https:\/\/veritasinfo.org\/?p=2959\",\"url\":\"https:\/\/veritasinfo.org\/?p=2959\",\"name\":\"Jam thell\u00ebsisht i prekur nga vdekja e Agon Zejnullahut \u2013 pres q\u00eb e v\u00ebrteta t\u00eb zbardhet sa m\u00eb shpejt -\",\"isPartOf\":{\"@id\":\"https:\/\/veritasinfo.org\/#website\"},\"primaryImageOfPage\":{\"@id\":\"https:\/\/veritasinfo.org\/?p=2959#primaryimage\"},\"image\":{\"@id\":\"https:\/\/veritasinfo.org\/?p=2959#primaryimage\"},\"thumbnailUrl\":\"https:\/\/veritasinfo.org\/wp-content\/uploads\/2025\/07\/agon-zejnullahu-kosovska-policija-830x553-1.jpg\",\"datePublished\":\"2025-07-08T11:53:04+00:00\",\"author\":{\"@id\":\"https:\/\/veritasinfo.org\/#\/schema\/person\/7701f8c088bece422266b100a712374f\"},\"breadcrumb\":{\"@id\":\"https:\/\/veritasinfo.org\/?p=2959#breadcrumb\"},\"inLanguage\":\"en-US\",\"potentialAction\":[{\"@type\":\"ReadAction\",\"target\":[\"https:\/\/veritasinfo.org\/?p=2959\"]}]},{\"@type\":\"ImageObject\",\"inLanguage\":\"en-US\",\"@id\":\"https:\/\/veritasinfo.org\/?p=2959#primaryimage\",\"url\":\"https:\/\/veritasinfo.org\/wp-content\/uploads\/2025\/07\/agon-zejnullahu-kosovska-policija-830x553-1.jpg\",\"contentUrl\":\"https:\/\/veritasinfo.org\/wp-content\/uploads\/2025\/07\/agon-zejnullahu-kosovska-policija-830x553-1.jpg\",\"width\":830,\"height\":553},{\"@type\":\"BreadcrumbList\",\"@id\":\"https:\/\/veritasinfo.org\/?p=2959#breadcrumb\",\"itemListElement\":[{\"@type\":\"ListItem\",\"position\":1,\"name\":\"Home\",\"item\":\"https:\/\/veritasinfo.org\/\"},{\"@type\":\"ListItem\",\"position\":2,\"name\":\"Jam thell\u00ebsisht i prekur nga vdekja e Agon Zejnullahut \u2013 pres q\u00eb e v\u00ebrteta t\u00eb zbardhet sa m\u00eb shpejt\"}]},{\"@type\":\"WebSite\",\"@id\":\"https:\/\/veritasinfo.org\/#website\",\"url\":\"https:\/\/veritasinfo.org\/\",\"name\":\"\",\"description\":\"\",\"potentialAction\":[{\"@type\":\"SearchAction\",\"target\":{\"@type\":\"EntryPoint\",\"urlTemplate\":\"https:\/\/veritasinfo.org\/?s={search_term_string}\"},\"query-input\":{\"@type\":\"PropertyValueSpecification\",\"valueRequired\":true,\"valueName\":\"search_term_string\"}}],\"inLanguage\":\"en-US\"},{\"@type\":\"Person\",\"@id\":\"https:\/\/veritasinfo.org\/#\/schema\/person\/7701f8c088bece422266b100a712374f\",\"name\":\"admin\",\"image\":{\"@type\":\"ImageObject\",\"inLanguage\":\"en-US\",\"@id\":\"https:\/\/veritasinfo.org\/#\/schema\/person\/image\/\",\"url\":\"https:\/\/secure.gravatar.com\/avatar\/ea53aa3bf6c9a12d5fde8ce4deff43fef3885ae33cf60184161a50d6987cfd2f?s=96&d=mm&r=g\",\"contentUrl\":\"https:\/\/secure.gravatar.com\/avatar\/ea53aa3bf6c9a12d5fde8ce4deff43fef3885ae33cf60184161a50d6987cfd2f?s=96&d=mm&r=g\",\"caption\":\"admin\"},\"sameAs\":[\"https:\/\/veritasinfo.org\"],\"url\":\"https:\/\/veritasinfo.org\/?author=1\"}]}<\/script>\n<!-- \/ Yoast SEO plugin. -->","yoast_head_json":{"title":"Jam thell\u00ebsisht i prekur nga vdekja e Agon Zejnullahut \u2013 pres q\u00eb e v\u00ebrteta t\u00eb zbardhet sa m\u00eb shpejt -","robots":{"index":"index","follow":"follow","max-snippet":"max-snippet:-1","max-image-preview":"max-image-preview:large","max-video-preview":"max-video-preview:-1"},"canonical":"https:\/\/veritasinfo.org\/?p=2959","og_locale":"en_US","og_type":"article","og_title":"Jam thell\u00ebsisht i prekur nga vdekja e Agon Zejnullahut \u2013 pres q\u00eb e v\u00ebrteta t\u00eb zbardhet sa m\u00eb shpejt -","og_description":"Jam thell\u00ebsisht i prekur nga vdekja e Agon Zejnullahut \u2013 pres q\u00eb e v\u00ebrteta t\u00eb zbardhet sa m\u00eb shpejt Ministri n\u00eb detyr\u00eb i Pun\u00ebve t\u00eb","og_url":"https:\/\/veritasinfo.org\/?p=2959","article_published_time":"2025-07-08T11:53:04+00:00","og_image":[{"width":830,"height":553,"url":"https:\/\/veritasinfo.org\/wp-content\/uploads\/2025\/07\/agon-zejnullahu-kosovska-policija-830x553-1.jpg","type":"image\/jpeg"}],"author":"admin","twitter_card":"summary_large_image","twitter_misc":{"Written by":"admin","Est. reading time":"2 minutes"},"schema":{"@context":"https:\/\/schema.org","@graph":[{"@type":"WebPage","@id":"https:\/\/veritasinfo.org\/?p=2959","url":"https:\/\/veritasinfo.org\/?p=2959","name":"Jam thell\u00ebsisht i prekur nga vdekja e Agon Zejnullahut \u2013 pres q\u00eb e v\u00ebrteta t\u00eb zbardhet sa m\u00eb shpejt -","isPartOf":{"@id":"https:\/\/veritasinfo.org\/#website"},"primaryImageOfPage":{"@id":"https:\/\/veritasinfo.org\/?p=2959#primaryimage"},"image":{"@id":"https:\/\/veritasinfo.org\/?p=2959#primaryimage"},"thumbnailUrl":"https:\/\/veritasinfo.org\/wp-content\/uploads\/2025\/07\/agon-zejnullahu-kosovska-policija-830x553-1.jpg","datePublished":"2025-07-08T11:53:04+00:00","author":{"@id":"https:\/\/veritasinfo.org\/#\/schema\/person\/7701f8c088bece422266b100a712374f"},"breadcrumb":{"@id":"https:\/\/veritasinfo.org\/?p=2959#breadcrumb"},"inLanguage":"en-US","potentialAction":[{"@type":"ReadAction","target":["https:\/\/veritasinfo.org\/?p=2959"]}]},{"@type":"ImageObject","inLanguage":"en-US","@id":"https:\/\/veritasinfo.org\/?p=2959#primaryimage","url":"https:\/\/veritasinfo.org\/wp-content\/uploads\/2025\/07\/agon-zejnullahu-kosovska-policija-830x553-1.jpg","contentUrl":"https:\/\/veritasinfo.org\/wp-content\/uploads\/2025\/07\/agon-zejnullahu-kosovska-policija-830x553-1.jpg","width":830,"height":553},{"@type":"BreadcrumbList","@id":"https:\/\/veritasinfo.org\/?p=2959#breadcrumb","itemListElement":[{"@type":"ListItem","position":1,"name":"Home","item":"https:\/\/veritasinfo.org\/"},{"@type":"ListItem","position":2,"name":"Jam thell\u00ebsisht i prekur nga vdekja e Agon Zejnullahut \u2013 pres q\u00eb e v\u00ebrteta t\u00eb zbardhet sa m\u00eb shpejt"}]},{"@type":"WebSite","@id":"https:\/\/veritasinfo.org\/#website","url":"https:\/\/veritasinfo.org\/","name":"","description":"","potentialAction":[{"@type":"SearchAction","target":{"@type":"EntryPoint","urlTemplate":"https:\/\/veritasinfo.org\/?s={search_term_string}"},"query-input":{"@type":"PropertyValueSpecification","valueRequired":true,"valueName":"search_term_string"}}],"inLanguage":"en-US"},{"@type":"Person","@id":"https:\/\/veritasinfo.org\/#\/schema\/person\/7701f8c088bece422266b100a712374f","name":"admin","image":{"@type":"ImageObject","inLanguage":"en-US","@id":"https:\/\/veritasinfo.org\/#\/schema\/person\/image\/","url":"https:\/\/secure.gravatar.com\/avatar\/ea53aa3bf6c9a12d5fde8ce4deff43fef3885ae33cf60184161a50d6987cfd2f?s=96&d=mm&r=g","contentUrl":"https:\/\/secure.gravatar.com\/avatar\/ea53aa3bf6c9a12d5fde8ce4deff43fef3885ae33cf60184161a50d6987cfd2f?s=96&d=mm&r=g","caption":"admin"},"sameAs":["https:\/\/veritasinfo.org"],"url":"https:\/\/veritasinfo.org\/?author=1"}]}},"featured_image_urls":{"full":["https:\/\/veritasinfo.org\/wp-content\/uploads\/2025\/07\/agon-zejnullahu-kosovska-policija-830x553-1.jpg",830,553,false],"thumbnail":["https:\/\/veritasinfo.org\/wp-content\/uploads\/2025\/07\/agon-zejnullahu-kosovska-policija-830x553-1-150x150.jpg",150,150,true],"medium":["https:\/\/veritasinfo.org\/wp-content\/uploads\/2025\/07\/agon-zejnullahu-kosovska-policija-830x553-1-300x200.jpg",300,200,true],"medium_large":["https:\/\/veritasinfo.org\/wp-content\/uploads\/2025\/07\/agon-zejnullahu-kosovska-policija-830x553-1-768x512.jpg",640,427,true],"large":["https:\/\/veritasinfo.org\/wp-content\/uploads\/2025\/07\/agon-zejnullahu-kosovska-policija-830x553-1.jpg",640,426,false],"1536x1536":["https:\/\/veritasinfo.org\/wp-content\/uploads\/2025\/07\/agon-zejnullahu-kosovska-policija-830x553-1.jpg",830,553,false],"2048x2048":["https:\/\/veritasinfo.org\/wp-content\/uploads\/2025\/07\/agon-zejnullahu-kosovska-policija-830x553-1.jpg",830,553,false],"kreeti-slider-full":["https:\/\/veritasinfo.org\/wp-content\/uploads\/2025\/07\/agon-zejnullahu-kosovska-policija-830x553-1.jpg",830,553,false],"kreeti-featured":["https:\/\/veritasinfo.org\/wp-content\/uploads\/2025\/07\/agon-zejnullahu-kosovska-policija-830x553-1.jpg",830,553,false],"kreeti-medium":["https:\/\/veritasinfo.org\/wp-content\/uploads\/2025\/07\/agon-zejnullahu-kosovska-policija-830x553-1.jpg",720,480,false],"kreeti-medium-square":["https:\/\/veritasinfo.org\/wp-content\/uploads\/2025\/07\/agon-zejnullahu-kosovska-policija-830x553-1.jpg",350,233,false]},"author_info":{"info":["admin"]},"category_info":"<a href=\"https:\/\/veritasinfo.org\/?cat=60\" rel=\"category\">Shoq\u00ebrore<\/a>","tag_info":"Shoq\u00ebrore","comment_count":"0","_links":{"self":[{"href":"https:\/\/veritasinfo.org\/index.php?rest_route=\/wp\/v2\/posts\/2959","targetHints":{"allow":["GET"]}}],"collection":[{"href":"https:\/\/veritasinfo.org\/index.php?rest_route=\/wp\/v2\/posts"}],"about":[{"href":"https:\/\/veritasinfo.org\/index.php?rest_route=\/wp\/v2\/types\/post"}],"author":[{"embeddable":true,"href":"https:\/\/veritasinfo.org\/index.php?rest_route=\/wp\/v2\/users\/1"}],"replies":[{"embeddable":true,"href":"https:\/\/veritasinfo.org\/index.php?rest_route=%2Fwp%2Fv2%2Fcomments&post=2959"}],"version-history":[{"count":1,"href":"https:\/\/veritasinfo.org\/index.php?rest_route=\/wp\/v2\/posts\/2959\/revisions"}],"predecessor-version":[{"id":2960,"href":"https:\/\/veritasinfo.org\/index.php?rest_route=\/wp\/v2\/posts\/2959\/revisions\/2960"}],"wp:featuredmedia":[{"embeddable":true,"href":"https:\/\/veritasinfo.org\/index.php?rest_route=\/wp\/v2\/media\/2956"}],"wp:attachment":[{"href":"https:\/\/veritasinfo.org\/index.php?rest_route=%2Fwp%2Fv2%2Fmedia&parent=2959"}],"wp:term":[{"taxonomy":"category","embeddable":true,"href":"https:\/\/veritasinfo.org\/index.php?rest_route=%2Fwp%2Fv2%2Fcategories&post=2959"},{"taxonomy":"post_tag","embeddable":true,"href":"https:\/\/veritasinfo.org\/index.php?rest_route=%2Fwp%2Fv2%2Ftags&post=2959"}],"curies":[{"name":"wp","href":"https:\/\/api.w.org\/{rel}","templated":true}]}}