{"id":29556,"date":"2026-01-29T08:27:58","date_gmt":"2026-01-29T07:27:58","guid":{"rendered":"https:\/\/veritasinfo.org\/?p=29556"},"modified":"2026-01-29T08:27:58","modified_gmt":"2026-01-29T07:27:58","slug":"spastrim-politik-ne-veri-hakmarrje-presione-dhe-shkarkime-nen-pushtetin-e-listes-serbe","status":"publish","type":"post","link":"https:\/\/veritasinfo.org\/?p=29556","title":{"rendered":"Spastrim politik n\u00eb veri: Hakmarrje, presione dhe shkarkime n\u00ebn pushtetin e List\u00ebs Serbe"},"content":{"rendered":"<p>Mitrovic\u00eb, 29 janar 2026 08:25<\/p>\n<p>Pushteti i ri n\u00eb kat\u00ebr komunat n\u00eb veri t\u00eb Kosov\u00ebs, i udh\u00ebhequr nga Lista Serbe, po zbaton gjithnj\u00eb e m\u00eb hapur hakmarrje politike ndaj punonj\u00ebsve q\u00eb nuk p\u00ebrshtaten me matric\u00ebn politike \u201ct\u00eb d\u00ebshiruar\u201d. N\u00eb vend t\u00eb institucioneve dhe sundimit t\u00eb ligjit, pun\u00ebtor\u00ebt, si\u00e7 pohojn\u00eb ata, po p\u00ebrballen me revan\u00adshiz\u00ebm t\u00eb past\u00ebr, shkarkime, nd\u00ebrprerje kontratash, presione, posht\u00ebrime dhe keqtrajtim sistematik.<\/p>\n<p>N\u00eb sh\u00ebnjest\u00ebr jan\u00eb ata q\u00eb para tre vitesh nuk dhan\u00eb dor\u00ebheqje, por edhe punonj\u00ebsit e pun\u00ebsuar gjat\u00eb mandatit t\u00eb pushtetit t\u00eb m\u00ebparsh\u00ebm, kur komunat udh\u00ebhiqeshin nga kryetar\u00eb shqiptar\u00eb (m\u00eb sakt\u00eb, q\u00eb nga momenti kur an\u00ebtar\u00ebt e List\u00ebs Serbe dhan\u00eb dor\u00ebheqje). Sipas d\u00ebshmive t\u00eb punonj\u00ebsve, nuk vler\u00ebsohet puna dhe profesionalizmi, por p\u00ebrkat\u00ebsia komb\u00ebtare dhe \u201cbiografia\u201d politike.<\/p>\n<p>Portali \u201cVeritasinfo\u201d ka biseduar dhe \u00ebsht\u00eb bindur drejtp\u00ebrdrejt p\u00ebr k\u00ebto fakte n\u00eb t\u00eb kat\u00ebr komunat n\u00eb veri t\u00eb Kosov\u00ebs. (P\u00ebr t\u00eb mos p\u00ebrkeq\u00ebsuar situat\u00ebn, p\u00ebr arsye objektive nuk do t\u2019i publikojm\u00eb emrat e bashk\u00ebbiseduesve. Identiteti i tyre \u00ebsht\u00eb i njohur p\u00ebr gazetarin e portalit.)<\/p>\n<p>\u201cMa than\u00eb hapur se jam \u2018problem\u2019 sepse nuk dhash\u00eb dor\u00ebheqje kur ata i braktis\u00ebn institucionet. Pas k\u00ebsaj m\u00eb larguan nga vendi i pun\u00ebs, m\u00eb lan\u00eb t\u00eb rri pa b\u00ebr\u00eb asgj\u00eb dhe m\u00eb d\u00ebrguan mesazh t\u00eb qart\u00eb se \u00ebsht\u00eb m\u00eb mir\u00eb t\u00eb largohem vet\u00eb. Si gabimin m\u00eb t\u00eb madh, gjoja ma p\u00ebrmendin faktin se nuk e flas rrjedhsh\u00ebm gjuh\u00ebn serbe. \u00cbsht\u00eb interesante se kjo m\u00eb par\u00eb (p\u00ebr 10 vjet) nuk ka qen\u00eb problem\u201d, thot\u00eb nj\u00eb punonj\u00ebs nga Mitrovica e Veriut, i cili ende nuk ka marr\u00eb vendim p\u00ebr shkarkim, por sipas fjal\u00ebve t\u00eb tij, \u00e7do dit\u00eb shkon n\u00eb pun\u00eb me frik\u00eb, duke pritur se \u00e7far\u00eb do t\u2019i vihet n\u00eb faj apo do t\u2019i imponohet m\u00eb pas p\u00ebr ta larguar nga puna.<\/p>\n<p>N\u00eb Zve\u00e7an, sipas pohimeve t\u00eb nj\u00eb punonj\u00ebseje, presionet ushtrohen p\u00ebrmes shantazheve administrative: \u201cVazhdimi i kontrat\u00ebs sime \u00ebsht\u00eb v\u00ebn\u00eb n\u00eb pik\u00ebpyetje sepse jam pun\u00ebsuar gjat\u00eb pushtetit t\u00eb m\u00ebparsh\u00ebm. M\u00eb than\u00eb se jam \u2018gabim i trash\u00ebguar\u2019 dhe se kjo tani po korrigjohet.\u201d Dy punonj\u00ebs t\u00eb p\u00ebrkat\u00ebsis\u00eb shqiptare tashm\u00eb jan\u00eb larguar nga puna, nd\u00ebrsa t\u00eb gjith\u00ebve t\u00eb cil\u00ebve u skadon kontrata u \u00ebsht\u00eb paralajm\u00ebruar se do t\u00eb p\u00ebsojn\u00eb t\u00eb nj\u00ebjtin fat. Gjoja komuna nuk ka mjete financiare p\u00ebr pozitat q\u00eb ne i mbajm\u00eb. \u201cV\u00ebrtet turp.\u201d<\/p>\n<p>Situat\u00eb e ngjashme \u00ebsht\u00eb edhe n\u00eb Zubin Potok, ku nj\u00eb punonj\u00ebs pohon se \u00ebsht\u00eb i ekspozuar ndaj k\u00ebrc\u00ebnimeve t\u00eb hapura, posht\u00ebrimeve dhe presionit t\u00eb vazhduesh\u00ebm: \u201cM\u00eb than\u00eb se mund t\u00eb zgjedh: ose t\u00eb n\u00ebnshkruaj marr\u00ebveshje p\u00ebr nd\u00ebrprerje me p\u00eblqim, ose do t\u00eb m\u00eb nisin procedur\u00eb disiplinore. \u00c7do dit\u00eb m\u00eb detyrojn\u00eb t\u00eb kryej pun\u00eb q\u00eb nuk jan\u00eb n\u00eb p\u00ebrshkrimin e vendit tim t\u00eb pun\u00ebs. Thjesht m\u00eb posht\u00ebrojn\u00eb. Nuk jam m\u00eb as politikisht aktiv, por k\u00ebtu kjo nuk ka m\u00eb r\u00ebnd\u00ebsi. Nuk do t\u00eb largohem k\u00ebshtu. Do t\u2019i duroj t\u00eb gjitha dhe do t\u00eb p\u00ebrpiqem ta mbaj vendin e pun\u00ebs, sepse nga kjo jetoj. N\u00ebse m\u00eb largojn\u00eb, shpresoj q\u00eb n\u00eb gjykat\u00eb do t\u00eb arrij t\u2019i mbroj t\u00eb drejtat e mia. Po t\u00eb kisha nj\u00eb pun\u00eb tjet\u00ebr, besoni se do t\u00eb largohesha vullnetarisht, sepse kjo \u00ebsht\u00eb e padurueshme. T\u00eb gjith\u00eb punonj\u00ebsit q\u00eb nuk u p\u00eblqejn\u00eb jan\u00eb transferuar n\u00eb bodrumin e nd\u00ebrtes\u00ebs s\u00eb Komun\u00ebs s\u00eb Zubin Potokut, pa ngrohje dhe pa ndri\u00e7im, gjoja p\u00ebr nevojat e bibliotek\u00ebs. Njer\u00ebzit nuk guxojn\u00eb as t\u00eb flasin p\u00ebr k\u00ebt\u00eb tem\u00eb, nd\u00ebrsa t\u00eb gjith\u00eb po kalojn\u00eb situata t\u00eb ngjashme.\u201d<\/p>\n<p>N\u00eb Leposaviq, sipas burimeve, p\u00ebrdoret nj\u00eb metod\u00eb tjet\u00ebr, por po aq brutale \u2013 posht\u00ebrimi dhe izolimi sistematik: \u201cM\u00eb transferuan n\u00eb nj\u00eb zyr\u00eb pa kompjuter, pa detyra, vet\u00ebm p\u00ebr t\u00eb m\u00eb thyer psikologjikisht. Mesazhi \u00ebsht\u00eb i qart\u00eb: nuk je i yni, nuk ke \u00e7far\u00eb t\u00eb k\u00ebrkosh k\u00ebtu. Disa nga koleg\u00ebt e mi q\u00eb nuk kan\u00eb kontrata t\u00eb p\u00ebrhershme, q\u00eb nga ardhja e List\u00ebs Serbe, nuk marrin pag\u00eb. Komuna e Leposaviqit ka bashk\u00ebpunim me Komun\u00ebn e Kamenic\u00ebs lidhur me realizimin e buxhetit. T\u00eb detyruar nga situata e krijuar dhe duke marr\u00eb parasysh se udh\u00ebheqja lokale n\u00eb Leposaviq nuk i informon p\u00ebr arsyet, ata shkuan n\u00eb Kamenic\u00eb p\u00ebr t\u00eb verifikuar pse nuk po marrin pag\u00eb. Aty u \u00ebsht\u00eb th\u00ebn\u00eb qart\u00eb se muajt e fundit nuk jan\u00eb d\u00ebrguar t\u00eb dh\u00ebnat e tyre p\u00ebr p\u00ebrllogaritjen e pagave. Fatkeq\u00ebsisht, as ata nuk kan\u00eb mundur t\u2019i ndihmojn\u00eb, por i kan\u00eb k\u00ebshilluar t\u00eb k\u00ebrkojn\u00eb nga zyrtari financiar i Komun\u00ebs s\u00eb Leposaviqit t\u2019ua d\u00ebrgoj\u00eb t\u00eb dh\u00ebnat me or\u00ebt e pun\u00ebs, n\u00eb m\u00ebnyr\u00eb q\u00eb pagat t\u2019u ekzekutohen. P\u00ebr fat t\u00eb keq, situata \u00ebsht\u00eb edhe m\u00eb e r\u00ebnd\u00eb se sa mendoni, por shumica hesht, q\u00eb t\u00eb mos ekspozohet edhe m\u00eb shum\u00eb ndaj presioneve dhe problemeve.\u201d<\/p>\n<p>Ve\u00e7an\u00ebrisht alarmante \u00ebsht\u00eb se, sipas d\u00ebshmive, n\u00eb sh\u00ebnjest\u00ebr nuk jan\u00eb vet\u00ebm pjes\u00ebtar\u00ebt e nj\u00eb komuniteti: \u201cK\u00ebtu nuk shikohet n\u00ebse je serb apo shqiptar. N\u00ebse nuk je pjes\u00eb e struktur\u00ebs s\u00eb tyre, t\u00eb trajtojn\u00eb si armik. P\u00ebr hakmarrje, duket se nuk ka komb\u00ebsi\u201d, thot\u00eb nj\u00eb nga bashk\u00ebbiseduesit nga Mitrovica e Veriut.<\/p>\n<p>Punonj\u00ebsit paralajm\u00ebrojn\u00eb se n\u00eb t\u00eb kat\u00ebr komunat po zbatohet i nj\u00ebjti model \u2013 pastrim politik n\u00ebn justifikimin e \u201cvendosjes s\u00eb rendit\u201d, pa procedura transparente, n\u00eb shumic\u00ebn e rasteve pa vendime me shkrim dhe pa t\u00eb drejt\u00eb ankese.<\/p>\n<p>\u201cKjo nuk \u00ebsht\u00eb qeverisje, kjo \u00ebsht\u00eb spastrim politik. Njer\u00ebzit nd\u00ebshkohen sepse nuk kan\u00eb qen\u00eb \u2018t\u00eb bindur\u2019 n\u00eb momentin ky\u00e7. Kjo nuk ka t\u00eb b\u00ebj\u00eb as me ligjet, as me interesin e qytetar\u00ebve\u201d, thot\u00eb nj\u00eb punonj\u00ebs n\u00eb Zubin Potok.<\/p>\n<p>Derisa pushteti lokal hesht, mes punonj\u00ebsve po rritet frika, por edhe zem\u00ebrimi. N\u00eb vend t\u00eb stabilitetit, veriu i Kosov\u00ebs po p\u00ebrballet me nj\u00eb atmosfer\u00eb frike, ku ekzistenca lidhet me lojalitetin politik, e jo me pun\u00ebn, dijen dhe ligjin.<\/p>\n","protected":false},"excerpt":{"rendered":"<p>Mitrovic\u00eb, 29 janar 2026 08:25 Pushteti i ri n\u00eb kat\u00ebr komunat n\u00eb veri t\u00eb Kosov\u00ebs, i udh\u00ebhequr nga Lista Serbe, po zbaton gjithnj\u00eb e m\u00eb<\/p>\n","protected":false},"author":7,"featured_media":29557,"comment_status":"open","ping_status":"open","sticky":false,"template":"","format":"standard","meta":{"footnotes":""},"categories":[58],"tags":[],"class_list":["post-29556","post","type-post","status-publish","format-standard","has-post-thumbnail","hentry","category-politike-sq"],"yoast_head":"<!-- This site is optimized with the Yoast SEO plugin v25.3.1 - https:\/\/yoast.com\/wordpress\/plugins\/seo\/ -->\n<title>Spastrim politik n\u00eb veri: Hakmarrje, presione dhe shkarkime n\u00ebn pushtetin e List\u00ebs Serbe -<\/title>\n<meta name=\"robots\" content=\"index, follow, max-snippet:-1, max-image-preview:large, max-video-preview:-1\" \/>\n<link rel=\"canonical\" href=\"https:\/\/veritasinfo.org\/?p=29556\" \/>\n<meta property=\"og:locale\" content=\"en_US\" \/>\n<meta property=\"og:type\" content=\"article\" \/>\n<meta property=\"og:title\" content=\"Spastrim politik n\u00eb veri: Hakmarrje, presione dhe shkarkime n\u00ebn pushtetin e List\u00ebs Serbe -\" \/>\n<meta property=\"og:description\" content=\"Mitrovic\u00eb, 29 janar 2026 08:25 Pushteti i ri n\u00eb kat\u00ebr komunat n\u00eb veri t\u00eb Kosov\u00ebs, i udh\u00ebhequr nga Lista Serbe, po zbaton gjithnj\u00eb e m\u00eb\" \/>\n<meta property=\"og:url\" content=\"https:\/\/veritasinfo.org\/?p=29556\" \/>\n<meta property=\"article:published_time\" content=\"2026-01-29T07:27:58+00:00\" \/>\n<meta property=\"og:image\" content=\"https:\/\/veritasinfo.org\/wp-content\/uploads\/2026\/01\/1000079939.jpg\" \/>\n\t<meta property=\"og:image:width\" content=\"1080\" \/>\n\t<meta property=\"og:image:height\" content=\"1226\" \/>\n\t<meta property=\"og:image:type\" content=\"image\/jpeg\" \/>\n<meta name=\"author\" content=\"US6\" \/>\n<meta name=\"twitter:card\" content=\"summary_large_image\" \/>\n<meta name=\"twitter:label1\" content=\"Written by\" \/>\n\t<meta name=\"twitter:data1\" content=\"US6\" \/>\n\t<meta name=\"twitter:label2\" content=\"Est. reading time\" \/>\n\t<meta name=\"twitter:data2\" content=\"5 minutes\" \/>\n<script type=\"application\/ld+json\" class=\"yoast-schema-graph\">{\"@context\":\"https:\/\/schema.org\",\"@graph\":[{\"@type\":\"WebPage\",\"@id\":\"https:\/\/veritasinfo.org\/?p=29556\",\"url\":\"https:\/\/veritasinfo.org\/?p=29556\",\"name\":\"Spastrim politik n\u00eb veri: Hakmarrje, presione dhe shkarkime n\u00ebn pushtetin e List\u00ebs Serbe -\",\"isPartOf\":{\"@id\":\"https:\/\/veritasinfo.org\/#website\"},\"primaryImageOfPage\":{\"@id\":\"https:\/\/veritasinfo.org\/?p=29556#primaryimage\"},\"image\":{\"@id\":\"https:\/\/veritasinfo.org\/?p=29556#primaryimage\"},\"thumbnailUrl\":\"https:\/\/veritasinfo.org\/wp-content\/uploads\/2026\/01\/1000079939.jpg\",\"datePublished\":\"2026-01-29T07:27:58+00:00\",\"author\":{\"@id\":\"https:\/\/veritasinfo.org\/#\/schema\/person\/fe199eede04c3937362892b7444747cc\"},\"breadcrumb\":{\"@id\":\"https:\/\/veritasinfo.org\/?p=29556#breadcrumb\"},\"inLanguage\":\"en-US\",\"potentialAction\":[{\"@type\":\"ReadAction\",\"target\":[\"https:\/\/veritasinfo.org\/?p=29556\"]}]},{\"@type\":\"ImageObject\",\"inLanguage\":\"en-US\",\"@id\":\"https:\/\/veritasinfo.org\/?p=29556#primaryimage\",\"url\":\"https:\/\/veritasinfo.org\/wp-content\/uploads\/2026\/01\/1000079939.jpg\",\"contentUrl\":\"https:\/\/veritasinfo.org\/wp-content\/uploads\/2026\/01\/1000079939.jpg\",\"width\":1080,\"height\":1226},{\"@type\":\"BreadcrumbList\",\"@id\":\"https:\/\/veritasinfo.org\/?p=29556#breadcrumb\",\"itemListElement\":[{\"@type\":\"ListItem\",\"position\":1,\"name\":\"Home\",\"item\":\"https:\/\/veritasinfo.org\/\"},{\"@type\":\"ListItem\",\"position\":2,\"name\":\"Spastrim politik n\u00eb veri: Hakmarrje, presione dhe shkarkime n\u00ebn pushtetin e List\u00ebs Serbe\"}]},{\"@type\":\"WebSite\",\"@id\":\"https:\/\/veritasinfo.org\/#website\",\"url\":\"https:\/\/veritasinfo.org\/\",\"name\":\"\",\"description\":\"\",\"potentialAction\":[{\"@type\":\"SearchAction\",\"target\":{\"@type\":\"EntryPoint\",\"urlTemplate\":\"https:\/\/veritasinfo.org\/?s={search_term_string}\"},\"query-input\":{\"@type\":\"PropertyValueSpecification\",\"valueRequired\":true,\"valueName\":\"search_term_string\"}}],\"inLanguage\":\"en-US\"},{\"@type\":\"Person\",\"@id\":\"https:\/\/veritasinfo.org\/#\/schema\/person\/fe199eede04c3937362892b7444747cc\",\"name\":\"US6\",\"image\":{\"@type\":\"ImageObject\",\"inLanguage\":\"en-US\",\"@id\":\"https:\/\/veritasinfo.org\/#\/schema\/person\/image\/\",\"url\":\"https:\/\/secure.gravatar.com\/avatar\/cb16c3c31c9d23b9b8c705964598220b3014e42ff51eb540ff23cefa3ae8c15f?s=96&d=mm&r=g\",\"contentUrl\":\"https:\/\/secure.gravatar.com\/avatar\/cb16c3c31c9d23b9b8c705964598220b3014e42ff51eb540ff23cefa3ae8c15f?s=96&d=mm&r=g\",\"caption\":\"US6\"},\"url\":\"https:\/\/veritasinfo.org\/?author=7\"}]}<\/script>\n<!-- \/ Yoast SEO plugin. -->","yoast_head_json":{"title":"Spastrim politik n\u00eb veri: Hakmarrje, presione dhe shkarkime n\u00ebn pushtetin e List\u00ebs Serbe -","robots":{"index":"index","follow":"follow","max-snippet":"max-snippet:-1","max-image-preview":"max-image-preview:large","max-video-preview":"max-video-preview:-1"},"canonical":"https:\/\/veritasinfo.org\/?p=29556","og_locale":"en_US","og_type":"article","og_title":"Spastrim politik n\u00eb veri: Hakmarrje, presione dhe shkarkime n\u00ebn pushtetin e List\u00ebs Serbe -","og_description":"Mitrovic\u00eb, 29 janar 2026 08:25 Pushteti i ri n\u00eb kat\u00ebr komunat n\u00eb veri t\u00eb Kosov\u00ebs, i udh\u00ebhequr nga Lista Serbe, po zbaton gjithnj\u00eb e m\u00eb","og_url":"https:\/\/veritasinfo.org\/?p=29556","article_published_time":"2026-01-29T07:27:58+00:00","og_image":[{"width":1080,"height":1226,"url":"https:\/\/veritasinfo.org\/wp-content\/uploads\/2026\/01\/1000079939.jpg","type":"image\/jpeg"}],"author":"US6","twitter_card":"summary_large_image","twitter_misc":{"Written by":"US6","Est. reading time":"5 minutes"},"schema":{"@context":"https:\/\/schema.org","@graph":[{"@type":"WebPage","@id":"https:\/\/veritasinfo.org\/?p=29556","url":"https:\/\/veritasinfo.org\/?p=29556","name":"Spastrim politik n\u00eb veri: Hakmarrje, presione dhe shkarkime n\u00ebn pushtetin e List\u00ebs Serbe -","isPartOf":{"@id":"https:\/\/veritasinfo.org\/#website"},"primaryImageOfPage":{"@id":"https:\/\/veritasinfo.org\/?p=29556#primaryimage"},"image":{"@id":"https:\/\/veritasinfo.org\/?p=29556#primaryimage"},"thumbnailUrl":"https:\/\/veritasinfo.org\/wp-content\/uploads\/2026\/01\/1000079939.jpg","datePublished":"2026-01-29T07:27:58+00:00","author":{"@id":"https:\/\/veritasinfo.org\/#\/schema\/person\/fe199eede04c3937362892b7444747cc"},"breadcrumb":{"@id":"https:\/\/veritasinfo.org\/?p=29556#breadcrumb"},"inLanguage":"en-US","potentialAction":[{"@type":"ReadAction","target":["https:\/\/veritasinfo.org\/?p=29556"]}]},{"@type":"ImageObject","inLanguage":"en-US","@id":"https:\/\/veritasinfo.org\/?p=29556#primaryimage","url":"https:\/\/veritasinfo.org\/wp-content\/uploads\/2026\/01\/1000079939.jpg","contentUrl":"https:\/\/veritasinfo.org\/wp-content\/uploads\/2026\/01\/1000079939.jpg","width":1080,"height":1226},{"@type":"BreadcrumbList","@id":"https:\/\/veritasinfo.org\/?p=29556#breadcrumb","itemListElement":[{"@type":"ListItem","position":1,"name":"Home","item":"https:\/\/veritasinfo.org\/"},{"@type":"ListItem","position":2,"name":"Spastrim politik n\u00eb veri: Hakmarrje, presione dhe shkarkime n\u00ebn pushtetin e List\u00ebs Serbe"}]},{"@type":"WebSite","@id":"https:\/\/veritasinfo.org\/#website","url":"https:\/\/veritasinfo.org\/","name":"","description":"","potentialAction":[{"@type":"SearchAction","target":{"@type":"EntryPoint","urlTemplate":"https:\/\/veritasinfo.org\/?s={search_term_string}"},"query-input":{"@type":"PropertyValueSpecification","valueRequired":true,"valueName":"search_term_string"}}],"inLanguage":"en-US"},{"@type":"Person","@id":"https:\/\/veritasinfo.org\/#\/schema\/person\/fe199eede04c3937362892b7444747cc","name":"US6","image":{"@type":"ImageObject","inLanguage":"en-US","@id":"https:\/\/veritasinfo.org\/#\/schema\/person\/image\/","url":"https:\/\/secure.gravatar.com\/avatar\/cb16c3c31c9d23b9b8c705964598220b3014e42ff51eb540ff23cefa3ae8c15f?s=96&d=mm&r=g","contentUrl":"https:\/\/secure.gravatar.com\/avatar\/cb16c3c31c9d23b9b8c705964598220b3014e42ff51eb540ff23cefa3ae8c15f?s=96&d=mm&r=g","caption":"US6"},"url":"https:\/\/veritasinfo.org\/?author=7"}]}},"featured_image_urls":{"full":["https:\/\/veritasinfo.org\/wp-content\/uploads\/2026\/01\/1000079939.jpg",1080,1226,false],"thumbnail":["https:\/\/veritasinfo.org\/wp-content\/uploads\/2026\/01\/1000079939-150x150.jpg",150,150,true],"medium":["https:\/\/veritasinfo.org\/wp-content\/uploads\/2026\/01\/1000079939-264x300.jpg",264,300,true],"medium_large":["https:\/\/veritasinfo.org\/wp-content\/uploads\/2026\/01\/1000079939-768x872.jpg",640,727,true],"large":["https:\/\/veritasinfo.org\/wp-content\/uploads\/2026\/01\/1000079939-902x1024.jpg",640,727,true],"1536x1536":["https:\/\/veritasinfo.org\/wp-content\/uploads\/2026\/01\/1000079939.jpg",1080,1226,false],"2048x2048":["https:\/\/veritasinfo.org\/wp-content\/uploads\/2026\/01\/1000079939.jpg",1080,1226,false],"kreeti-slider-full":["https:\/\/veritasinfo.org\/wp-content\/uploads\/2026\/01\/1000079939.jpg",634,720,false],"kreeti-featured":["https:\/\/veritasinfo.org\/wp-content\/uploads\/2026\/01\/1000079939.jpg",1024,1162,false],"kreeti-medium":["https:\/\/veritasinfo.org\/wp-content\/uploads\/2026\/01\/1000079939.jpg",467,530,false],"kreeti-medium-square":["https:\/\/veritasinfo.org\/wp-content\/uploads\/2026\/01\/1000079939.jpg",308,350,false]},"author_info":{"info":["US6"]},"category_info":"<a href=\"https:\/\/veritasinfo.org\/?cat=58\" rel=\"category\">Politik\u00eb<\/a>","tag_info":"Politik\u00eb","comment_count":"0","_links":{"self":[{"href":"https:\/\/veritasinfo.org\/index.php?rest_route=\/wp\/v2\/posts\/29556","targetHints":{"allow":["GET"]}}],"collection":[{"href":"https:\/\/veritasinfo.org\/index.php?rest_route=\/wp\/v2\/posts"}],"about":[{"href":"https:\/\/veritasinfo.org\/index.php?rest_route=\/wp\/v2\/types\/post"}],"author":[{"embeddable":true,"href":"https:\/\/veritasinfo.org\/index.php?rest_route=\/wp\/v2\/users\/7"}],"replies":[{"embeddable":true,"href":"https:\/\/veritasinfo.org\/index.php?rest_route=%2Fwp%2Fv2%2Fcomments&post=29556"}],"version-history":[{"count":1,"href":"https:\/\/veritasinfo.org\/index.php?rest_route=\/wp\/v2\/posts\/29556\/revisions"}],"predecessor-version":[{"id":29558,"href":"https:\/\/veritasinfo.org\/index.php?rest_route=\/wp\/v2\/posts\/29556\/revisions\/29558"}],"wp:featuredmedia":[{"embeddable":true,"href":"https:\/\/veritasinfo.org\/index.php?rest_route=\/wp\/v2\/media\/29557"}],"wp:attachment":[{"href":"https:\/\/veritasinfo.org\/index.php?rest_route=%2Fwp%2Fv2%2Fmedia&parent=29556"}],"wp:term":[{"taxonomy":"category","embeddable":true,"href":"https:\/\/veritasinfo.org\/index.php?rest_route=%2Fwp%2Fv2%2Fcategories&post=29556"},{"taxonomy":"post_tag","embeddable":true,"href":"https:\/\/veritasinfo.org\/index.php?rest_route=%2Fwp%2Fv2%2Ftags&post=29556"}],"curies":[{"name":"wp","href":"https:\/\/api.w.org\/{rel}","templated":true}]}}