{"id":29476,"date":"2026-01-28T22:11:44","date_gmt":"2026-01-28T21:11:44","guid":{"rendered":"https:\/\/veritasinfo.org\/?p=29476"},"modified":"2026-01-28T22:11:44","modified_gmt":"2026-01-28T21:11:44","slug":"kos-serbia-beri-hap-serioz-prapa-ne-rrugen-drejt-be-se","status":"publish","type":"post","link":"https:\/\/veritasinfo.org\/?p=29476","title":{"rendered":"Kos: Serbia b\u00ebri hap serioz prapa n\u00eb rrug\u00ebn drejt BE-s\u00eb"},"content":{"rendered":"<p>Prishtin\u00eb, 28 janar 2026 22:10<\/p>\n<p>Komisionerja evropiane p\u00ebr Zgjerimin Marta Kos, ka th\u00ebn\u00eb se votimi n\u00eb parlamentin e Serbis\u00eb p\u00ebr t\u00eb kufizuar pavar\u00ebsin\u00eb e gjyq\u00ebsorit \u00ebsht\u00eb nj\u00eb hap serioz prapa n\u00eb rrug\u00ebn e Serbis\u00eb drejt BE-s\u00eb.<br \/>\nAjo n\u00eb nj\u00eb postim n\u00eb X ka th\u00ebn\u00eb se Serbia rrezikon t\u00eb marr\u00eb drejtim t\u00eb kund\u00ebrt n\u00eb koh\u00ebn kur Mali i Zi e Shqip\u00ebria po ecin drejt an\u00ebtar\u00ebsimit n\u00eb BE.<\/p>\n<p>\u201cVota e Parlamentit t\u00eb Serbis\u00eb p\u00ebr t\u00eb kufizuar pavar\u00ebsin\u00eb e gjyq\u00ebsorit \u00ebsht\u00eb nj\u00eb hap serioz prapa n\u00eb rrug\u00ebn e Serbis\u00eb drejt BE-s\u00eb. N\u00eb nj\u00eb koh\u00eb progresi t\u00eb madh p\u00ebr zgjerimin, kur Mali i Zi dhe Shqip\u00ebria po ecin me shpejt\u00ebsi, Serbia rrezikon t\u00eb marr\u00eb drejtimin e kund\u00ebrt. Kjo nuk \u00ebsht\u00eb ajo q\u00eb duam\u201d, ka shkruar ajo.<\/p>\n<div class=\"jeg_ad jeg_ad_article jnews_content_inline_ads  \">\n<div class=\"ads-wrapper align-center \">Parlamenti i Serbis\u00eb,\u00a0i kontrolluar nga shumica e presidentit Aleksandar Vu\u00e7iq, ka miratuar sot nj\u00eb paket\u00eb ligjesh q\u00eb kufizojn\u00eb pavar\u00ebsin\u00eb e sistemit t\u00eb drejt\u00ebsis\u00eb.<\/div>\n<\/div>\n","protected":false},"excerpt":{"rendered":"<p>Prishtin\u00eb, 28 janar 2026 22:10 Komisionerja evropiane p\u00ebr Zgjerimin Marta Kos, ka th\u00ebn\u00eb se votimi n\u00eb parlamentin e Serbis\u00eb p\u00ebr t\u00eb kufizuar pavar\u00ebsin\u00eb e gjyq\u00ebsorit<\/p>\n","protected":false},"author":7,"featured_media":29477,"comment_status":"open","ping_status":"open","sticky":false,"template":"","format":"standard","meta":{"footnotes":""},"categories":[58],"tags":[],"class_list":["post-29476","post","type-post","status-publish","format-standard","has-post-thumbnail","hentry","category-politike-sq"],"yoast_head":"<!-- This site is optimized with the Yoast SEO plugin v25.3.1 - https:\/\/yoast.com\/wordpress\/plugins\/seo\/ -->\n<title>Kos: Serbia b\u00ebri hap serioz prapa n\u00eb rrug\u00ebn drejt BE-s\u00eb -<\/title>\n<meta name=\"robots\" content=\"index, follow, max-snippet:-1, max-image-preview:large, max-video-preview:-1\" \/>\n<link rel=\"canonical\" href=\"https:\/\/veritasinfo.org\/?p=29476\" \/>\n<meta property=\"og:locale\" content=\"en_US\" \/>\n<meta property=\"og:type\" content=\"article\" \/>\n<meta property=\"og:title\" content=\"Kos: Serbia b\u00ebri hap serioz prapa n\u00eb rrug\u00ebn drejt BE-s\u00eb -\" \/>\n<meta property=\"og:description\" content=\"Prishtin\u00eb, 28 janar 2026 22:10 Komisionerja evropiane p\u00ebr Zgjerimin Marta Kos, ka th\u00ebn\u00eb se votimi n\u00eb parlamentin e Serbis\u00eb p\u00ebr t\u00eb kufizuar pavar\u00ebsin\u00eb e gjyq\u00ebsorit\" \/>\n<meta property=\"og:url\" content=\"https:\/\/veritasinfo.org\/?p=29476\" \/>\n<meta property=\"article:published_time\" content=\"2026-01-28T21:11:44+00:00\" \/>\n<meta property=\"og:image\" content=\"https:\/\/veritasinfo.org\/wp-content\/uploads\/2026\/01\/1-84.jpg\" \/>\n\t<meta property=\"og:image:width\" content=\"672\" \/>\n\t<meta property=\"og:image:height\" content=\"332\" \/>\n\t<meta property=\"og:image:type\" content=\"image\/jpeg\" \/>\n<meta name=\"author\" content=\"US6\" \/>\n<meta name=\"twitter:card\" content=\"summary_large_image\" \/>\n<meta name=\"twitter:label1\" content=\"Written by\" \/>\n\t<meta name=\"twitter:data1\" content=\"US6\" \/>\n\t<meta name=\"twitter:label2\" content=\"Est. reading time\" \/>\n\t<meta name=\"twitter:data2\" content=\"1 minute\" \/>\n<script type=\"application\/ld+json\" class=\"yoast-schema-graph\">{\"@context\":\"https:\/\/schema.org\",\"@graph\":[{\"@type\":\"WebPage\",\"@id\":\"https:\/\/veritasinfo.org\/?p=29476\",\"url\":\"https:\/\/veritasinfo.org\/?p=29476\",\"name\":\"Kos: Serbia b\u00ebri hap serioz prapa n\u00eb rrug\u00ebn drejt BE-s\u00eb -\",\"isPartOf\":{\"@id\":\"https:\/\/veritasinfo.org\/#website\"},\"primaryImageOfPage\":{\"@id\":\"https:\/\/veritasinfo.org\/?p=29476#primaryimage\"},\"image\":{\"@id\":\"https:\/\/veritasinfo.org\/?p=29476#primaryimage\"},\"thumbnailUrl\":\"https:\/\/veritasinfo.org\/wp-content\/uploads\/2026\/01\/1-84.jpg\",\"datePublished\":\"2026-01-28T21:11:44+00:00\",\"author\":{\"@id\":\"https:\/\/veritasinfo.org\/#\/schema\/person\/fe199eede04c3937362892b7444747cc\"},\"breadcrumb\":{\"@id\":\"https:\/\/veritasinfo.org\/?p=29476#breadcrumb\"},\"inLanguage\":\"en-US\",\"potentialAction\":[{\"@type\":\"ReadAction\",\"target\":[\"https:\/\/veritasinfo.org\/?p=29476\"]}]},{\"@type\":\"ImageObject\",\"inLanguage\":\"en-US\",\"@id\":\"https:\/\/veritasinfo.org\/?p=29476#primaryimage\",\"url\":\"https:\/\/veritasinfo.org\/wp-content\/uploads\/2026\/01\/1-84.jpg\",\"contentUrl\":\"https:\/\/veritasinfo.org\/wp-content\/uploads\/2026\/01\/1-84.jpg\",\"width\":672,\"height\":332},{\"@type\":\"BreadcrumbList\",\"@id\":\"https:\/\/veritasinfo.org\/?p=29476#breadcrumb\",\"itemListElement\":[{\"@type\":\"ListItem\",\"position\":1,\"name\":\"Home\",\"item\":\"https:\/\/veritasinfo.org\/\"},{\"@type\":\"ListItem\",\"position\":2,\"name\":\"Kos: Serbia b\u00ebri hap serioz prapa n\u00eb rrug\u00ebn drejt BE-s\u00eb\"}]},{\"@type\":\"WebSite\",\"@id\":\"https:\/\/veritasinfo.org\/#website\",\"url\":\"https:\/\/veritasinfo.org\/\",\"name\":\"\",\"description\":\"\",\"potentialAction\":[{\"@type\":\"SearchAction\",\"target\":{\"@type\":\"EntryPoint\",\"urlTemplate\":\"https:\/\/veritasinfo.org\/?s={search_term_string}\"},\"query-input\":{\"@type\":\"PropertyValueSpecification\",\"valueRequired\":true,\"valueName\":\"search_term_string\"}}],\"inLanguage\":\"en-US\"},{\"@type\":\"Person\",\"@id\":\"https:\/\/veritasinfo.org\/#\/schema\/person\/fe199eede04c3937362892b7444747cc\",\"name\":\"US6\",\"image\":{\"@type\":\"ImageObject\",\"inLanguage\":\"en-US\",\"@id\":\"https:\/\/veritasinfo.org\/#\/schema\/person\/image\/\",\"url\":\"https:\/\/secure.gravatar.com\/avatar\/cb16c3c31c9d23b9b8c705964598220b3014e42ff51eb540ff23cefa3ae8c15f?s=96&d=mm&r=g\",\"contentUrl\":\"https:\/\/secure.gravatar.com\/avatar\/cb16c3c31c9d23b9b8c705964598220b3014e42ff51eb540ff23cefa3ae8c15f?s=96&d=mm&r=g\",\"caption\":\"US6\"},\"url\":\"https:\/\/veritasinfo.org\/?author=7\"}]}<\/script>\n<!-- \/ Yoast SEO plugin. -->","yoast_head_json":{"title":"Kos: Serbia b\u00ebri hap serioz prapa n\u00eb rrug\u00ebn drejt BE-s\u00eb -","robots":{"index":"index","follow":"follow","max-snippet":"max-snippet:-1","max-image-preview":"max-image-preview:large","max-video-preview":"max-video-preview:-1"},"canonical":"https:\/\/veritasinfo.org\/?p=29476","og_locale":"en_US","og_type":"article","og_title":"Kos: Serbia b\u00ebri hap serioz prapa n\u00eb rrug\u00ebn drejt BE-s\u00eb -","og_description":"Prishtin\u00eb, 28 janar 2026 22:10 Komisionerja evropiane p\u00ebr Zgjerimin Marta Kos, ka th\u00ebn\u00eb se votimi n\u00eb parlamentin e Serbis\u00eb p\u00ebr t\u00eb kufizuar pavar\u00ebsin\u00eb e gjyq\u00ebsorit","og_url":"https:\/\/veritasinfo.org\/?p=29476","article_published_time":"2026-01-28T21:11:44+00:00","og_image":[{"width":672,"height":332,"url":"https:\/\/veritasinfo.org\/wp-content\/uploads\/2026\/01\/1-84.jpg","type":"image\/jpeg"}],"author":"US6","twitter_card":"summary_large_image","twitter_misc":{"Written by":"US6","Est. reading time":"1 minute"},"schema":{"@context":"https:\/\/schema.org","@graph":[{"@type":"WebPage","@id":"https:\/\/veritasinfo.org\/?p=29476","url":"https:\/\/veritasinfo.org\/?p=29476","name":"Kos: Serbia b\u00ebri hap serioz prapa n\u00eb rrug\u00ebn drejt BE-s\u00eb -","isPartOf":{"@id":"https:\/\/veritasinfo.org\/#website"},"primaryImageOfPage":{"@id":"https:\/\/veritasinfo.org\/?p=29476#primaryimage"},"image":{"@id":"https:\/\/veritasinfo.org\/?p=29476#primaryimage"},"thumbnailUrl":"https:\/\/veritasinfo.org\/wp-content\/uploads\/2026\/01\/1-84.jpg","datePublished":"2026-01-28T21:11:44+00:00","author":{"@id":"https:\/\/veritasinfo.org\/#\/schema\/person\/fe199eede04c3937362892b7444747cc"},"breadcrumb":{"@id":"https:\/\/veritasinfo.org\/?p=29476#breadcrumb"},"inLanguage":"en-US","potentialAction":[{"@type":"ReadAction","target":["https:\/\/veritasinfo.org\/?p=29476"]}]},{"@type":"ImageObject","inLanguage":"en-US","@id":"https:\/\/veritasinfo.org\/?p=29476#primaryimage","url":"https:\/\/veritasinfo.org\/wp-content\/uploads\/2026\/01\/1-84.jpg","contentUrl":"https:\/\/veritasinfo.org\/wp-content\/uploads\/2026\/01\/1-84.jpg","width":672,"height":332},{"@type":"BreadcrumbList","@id":"https:\/\/veritasinfo.org\/?p=29476#breadcrumb","itemListElement":[{"@type":"ListItem","position":1,"name":"Home","item":"https:\/\/veritasinfo.org\/"},{"@type":"ListItem","position":2,"name":"Kos: Serbia b\u00ebri hap serioz prapa n\u00eb rrug\u00ebn drejt BE-s\u00eb"}]},{"@type":"WebSite","@id":"https:\/\/veritasinfo.org\/#website","url":"https:\/\/veritasinfo.org\/","name":"","description":"","potentialAction":[{"@type":"SearchAction","target":{"@type":"EntryPoint","urlTemplate":"https:\/\/veritasinfo.org\/?s={search_term_string}"},"query-input":{"@type":"PropertyValueSpecification","valueRequired":true,"valueName":"search_term_string"}}],"inLanguage":"en-US"},{"@type":"Person","@id":"https:\/\/veritasinfo.org\/#\/schema\/person\/fe199eede04c3937362892b7444747cc","name":"US6","image":{"@type":"ImageObject","inLanguage":"en-US","@id":"https:\/\/veritasinfo.org\/#\/schema\/person\/image\/","url":"https:\/\/secure.gravatar.com\/avatar\/cb16c3c31c9d23b9b8c705964598220b3014e42ff51eb540ff23cefa3ae8c15f?s=96&d=mm&r=g","contentUrl":"https:\/\/secure.gravatar.com\/avatar\/cb16c3c31c9d23b9b8c705964598220b3014e42ff51eb540ff23cefa3ae8c15f?s=96&d=mm&r=g","caption":"US6"},"url":"https:\/\/veritasinfo.org\/?author=7"}]}},"featured_image_urls":{"full":["https:\/\/veritasinfo.org\/wp-content\/uploads\/2026\/01\/1-84.jpg",672,332,false],"thumbnail":["https:\/\/veritasinfo.org\/wp-content\/uploads\/2026\/01\/1-84-150x150.jpg",150,150,true],"medium":["https:\/\/veritasinfo.org\/wp-content\/uploads\/2026\/01\/1-84-300x148.jpg",300,148,true],"medium_large":["https:\/\/veritasinfo.org\/wp-content\/uploads\/2026\/01\/1-84.jpg",640,316,false],"large":["https:\/\/veritasinfo.org\/wp-content\/uploads\/2026\/01\/1-84.jpg",640,316,false],"1536x1536":["https:\/\/veritasinfo.org\/wp-content\/uploads\/2026\/01\/1-84.jpg",672,332,false],"2048x2048":["https:\/\/veritasinfo.org\/wp-content\/uploads\/2026\/01\/1-84.jpg",672,332,false],"kreeti-slider-full":["https:\/\/veritasinfo.org\/wp-content\/uploads\/2026\/01\/1-84.jpg",672,332,false],"kreeti-featured":["https:\/\/veritasinfo.org\/wp-content\/uploads\/2026\/01\/1-84.jpg",672,332,false],"kreeti-medium":["https:\/\/veritasinfo.org\/wp-content\/uploads\/2026\/01\/1-84.jpg",672,332,false],"kreeti-medium-square":["https:\/\/veritasinfo.org\/wp-content\/uploads\/2026\/01\/1-84.jpg",350,173,false]},"author_info":{"info":["US6"]},"category_info":"<a href=\"https:\/\/veritasinfo.org\/?cat=58\" rel=\"category\">Politik\u00eb<\/a>","tag_info":"Politik\u00eb","comment_count":"0","_links":{"self":[{"href":"https:\/\/veritasinfo.org\/index.php?rest_route=\/wp\/v2\/posts\/29476","targetHints":{"allow":["GET"]}}],"collection":[{"href":"https:\/\/veritasinfo.org\/index.php?rest_route=\/wp\/v2\/posts"}],"about":[{"href":"https:\/\/veritasinfo.org\/index.php?rest_route=\/wp\/v2\/types\/post"}],"author":[{"embeddable":true,"href":"https:\/\/veritasinfo.org\/index.php?rest_route=\/wp\/v2\/users\/7"}],"replies":[{"embeddable":true,"href":"https:\/\/veritasinfo.org\/index.php?rest_route=%2Fwp%2Fv2%2Fcomments&post=29476"}],"version-history":[{"count":1,"href":"https:\/\/veritasinfo.org\/index.php?rest_route=\/wp\/v2\/posts\/29476\/revisions"}],"predecessor-version":[{"id":29478,"href":"https:\/\/veritasinfo.org\/index.php?rest_route=\/wp\/v2\/posts\/29476\/revisions\/29478"}],"wp:featuredmedia":[{"embeddable":true,"href":"https:\/\/veritasinfo.org\/index.php?rest_route=\/wp\/v2\/media\/29477"}],"wp:attachment":[{"href":"https:\/\/veritasinfo.org\/index.php?rest_route=%2Fwp%2Fv2%2Fmedia&parent=29476"}],"wp:term":[{"taxonomy":"category","embeddable":true,"href":"https:\/\/veritasinfo.org\/index.php?rest_route=%2Fwp%2Fv2%2Fcategories&post=29476"},{"taxonomy":"post_tag","embeddable":true,"href":"https:\/\/veritasinfo.org\/index.php?rest_route=%2Fwp%2Fv2%2Ftags&post=29476"}],"curies":[{"name":"wp","href":"https:\/\/api.w.org\/{rel}","templated":true}]}}