{"id":29456,"date":"2026-01-28T18:53:03","date_gmt":"2026-01-28T17:53:03","guid":{"rendered":"https:\/\/veritasinfo.org\/?p=29456"},"modified":"2026-01-28T18:53:03","modified_gmt":"2026-01-28T17:53:03","slug":"nis-faza-fillestare-per-vendosjen-e-shtatores-se-adem-jasharit-ne-prishtine-qytetaret-e-mirepresin","status":"publish","type":"post","link":"https:\/\/veritasinfo.org\/?p=29456","title":{"rendered":"Nis faza fillestare p\u00ebr vendosjen e shtator\u00ebs s\u00eb Adem Jasharit n\u00eb Prishtin\u00eb, qytetar\u00ebt e mir\u00ebpresin"},"content":{"rendered":"<p>Prishtin\u00eb, 28 janar 2026 18:52<\/p>\n<p>N\u00eb k\u00ebt\u00eb pjes\u00eb t\u00eb qytetit s\u00eb shpejti do t\u00eb filloj\u00eb nj\u00eb projekt i ri.<\/p>\n<p>K\u00ebtu pritet t\u00eb nd\u00ebrtohet n\u00ebnkalimi i cili do t\u00eb lidh\u00eb pjes\u00ebt kryesore t\u00eb kryeqytetit si rrug\u00ebn Agim Ramadani me sheshet e Prishtin\u00ebs.<\/p>\n<div class=\"jeg_ad jeg_ad_article jnews_content_inline_ads  \">\n<div class=\"ads-wrapper align-center \">Me realizimin e k\u00ebtij projekti, pritet q\u00eb aty t\u00eb vendoset edhe busti komandantit legjendar t\u00eb Ushtris\u00eb \u00c7lirimtare t\u00eb Kosov\u00ebs, Adem Jashari.<\/div>\n<\/div>\n<p>Megjithat\u00eb, disa prej qytetar\u00ebve mendojn\u00eb se \u00ebsht\u00eb vendim i vonuar, por q\u00eb \u00ebsht\u00eb mir\u00eb q\u00eb po realizohet.<\/p>\n<p>\u201cSepse p\u00ebrmendorja e Adem Jasharit si kryeheroi i U\u00c7K-s\u00eb i ushtris\u00eb s\u00eb lavdishme t\u00eb Ushtris\u00eb \u00c7lirimtare t\u00eb Kosov\u00ebs tanim\u00eb \u00ebsht\u00eb dasht\u00eb t\u00eb jet\u00eb \u00e7\u00ebshtje e p\u00ebrfunduar dhe njer\u00ebzit, qytetar\u00ebt \u00ebsht\u00eb dasht\u00eb ta shohin dhe t\u00eb fotografohen k\u00ebtu pran\u00eb p\u00ebrmendores s\u00eb heroit t\u00eb Kosov\u00ebs dhe shqiptaris\u00eb\u201d, thot\u00eb Afrim Mustafa \u2013 qytetar<\/p>\n<p>\u201cTek e fundit m\u00eb mir\u00eb von\u00eb sesa asnj\u00ebher\u00eb, vendin ku e ka p\u00ebrcaktuar ajo nuk e di cili \u00ebsht\u00eb sakt\u00ebsisht por aty ku ta vendos\u00eb duhet t\u00eb jet\u00eb nj\u00eb vend ku kan\u00eb qasje shumica nj\u00eb vend i cili gjendet n\u00eb qend\u00ebr t\u00eb Prishtin\u00ebs, nj\u00eb vend i cili \u00ebsht\u00eb i qassh\u00ebm p\u00ebr t\u00eb gjith\u00eb qytetar\u00ebt e Kosov\u00ebs\u201d, shprehet qytetari Gzim Baxhaku<\/p>\n<p>E nga Komuna e Prishtin\u00ebs thon\u00eb se ende jan\u00eb n\u00eb faz\u00ebn fillestare, pasi q\u00eb kan\u00eb shpallur konkursin nd\u00ebrkomb\u00ebtar p\u00ebr pranimin e ideve t\u00eb ndryshme.<\/p>\n<p>\u201cNe presim nj\u00eb num\u00ebr t\u00eb konsideruesh\u00ebm t\u00eb projekteve, mandej juria profesionale do ta p\u00ebrzgjedh\u00eb s\u00eb pari fituesin e planit ideor e pastaj do t\u00eb vijn\u00eb edhe faza tjera t\u00eb prokurimit e deri te realizimi i tij\u2026 Nuk ka arsye t\u00eb zgjat\u00eb m\u00eb shum\u00eb se 18 muaj nga momenti q\u00eb kalojn\u00eb t\u00eb gjitha fazat e prokurimit, derisa sa i p\u00ebrket buxhetit do t\u00eb jet\u00eb nj\u00eb buxhet i konsideruesh\u00ebm t\u00eb cil\u00ebn edhe Komuna e Prishtin\u00ebs e ka parapar\u00eb s\u00eb bashku me Ministrin\u00eb q\u00eb ta b\u00ebjm\u00eb nj\u00eb shesh dinjitoz p\u00ebr sakrific\u00ebn e familjes Jashari\u201d, thot\u00eb G\u00ebzim Kastrati \u2013 drejtor i Transformimit.<\/p>\n<p>I pari i Drejtoris\u00eb s\u00eb Transformimit thot\u00eb se e gjith\u00eb kjo \u00ebsht\u00eb n\u00eb shenj\u00eb nderimi ndaj familjes Jashari p\u00ebr kontributin dhe sakrific\u00ebn.<\/p>\n<p>\u201cQ\u00eb nj\u00eb koh\u00eb prej m\u00eb her\u00ebt \u00ebsht\u00eb fol shum\u00eb p\u00ebr bustin apo sheshin Adem Jashari dhe mendoj q\u00eb \u00ebsht\u00eb k\u00ebtu n\u00eb kryeqytet do ta ket\u00eb vendin e caktuam dhe p\u00ebr at\u00eb arsye mendoj se nuk ka asnj\u00eb arsye tjet\u00ebr t\u00eb mos ndodh\u00eb ajo\u2026 Kan\u00eb edhe prezantuesin apo njeriun i cili jet\u00eb n\u00eb juri profesionale dhe i cili do t\u00eb jap\u00eb komentet e tij t\u00eb cilat jan\u00eb t\u00eb lidhura direkt nga familja Jashari\u201d, thot\u00eb Kastrati.<\/p>\n<p>Po ashtu, nga niveli lokal u shpreh\u00ebn optimist se me realizimin e k\u00ebtij projekti do t\u00eb ulet edhe ngarkesa n\u00eb trafikun e kryeqytetit.<\/p>\n<p>&nbsp;<\/p>\n","protected":false},"excerpt":{"rendered":"<p>Prishtin\u00eb, 28 janar 2026 18:52 N\u00eb k\u00ebt\u00eb pjes\u00eb t\u00eb qytetit s\u00eb shpejti do t\u00eb filloj\u00eb nj\u00eb projekt i ri. K\u00ebtu pritet t\u00eb nd\u00ebrtohet n\u00ebnkalimi i<\/p>\n","protected":false},"author":7,"featured_media":29457,"comment_status":"open","ping_status":"open","sticky":false,"template":"","format":"standard","meta":{"footnotes":""},"categories":[60],"tags":[],"class_list":["post-29456","post","type-post","status-publish","format-standard","has-post-thumbnail","hentry","category-shoqerore-sq"],"yoast_head":"<!-- This site is optimized with the Yoast SEO plugin v25.3.1 - https:\/\/yoast.com\/wordpress\/plugins\/seo\/ -->\n<title>Nis faza fillestare p\u00ebr vendosjen e shtator\u00ebs s\u00eb Adem Jasharit n\u00eb Prishtin\u00eb, qytetar\u00ebt e mir\u00ebpresin -<\/title>\n<meta name=\"robots\" content=\"index, follow, max-snippet:-1, max-image-preview:large, max-video-preview:-1\" \/>\n<link rel=\"canonical\" href=\"https:\/\/veritasinfo.org\/?p=29456\" \/>\n<meta property=\"og:locale\" content=\"en_US\" \/>\n<meta property=\"og:type\" content=\"article\" \/>\n<meta property=\"og:title\" content=\"Nis faza fillestare p\u00ebr vendosjen e shtator\u00ebs s\u00eb Adem Jasharit n\u00eb Prishtin\u00eb, qytetar\u00ebt e mir\u00ebpresin -\" \/>\n<meta property=\"og:description\" content=\"Prishtin\u00eb, 28 janar 2026 18:52 N\u00eb k\u00ebt\u00eb pjes\u00eb t\u00eb qytetit s\u00eb shpejti do t\u00eb filloj\u00eb nj\u00eb projekt i ri. K\u00ebtu pritet t\u00eb nd\u00ebrtohet n\u00ebnkalimi i\" \/>\n<meta property=\"og:url\" content=\"https:\/\/veritasinfo.org\/?p=29456\" \/>\n<meta property=\"article:published_time\" content=\"2026-01-28T17:53:03+00:00\" \/>\n<meta property=\"og:image\" content=\"https:\/\/veritasinfo.org\/wp-content\/uploads\/2026\/01\/1-2.png\" \/>\n\t<meta property=\"og:image:width\" content=\"753\" \/>\n\t<meta property=\"og:image:height\" content=\"527\" \/>\n\t<meta property=\"og:image:type\" content=\"image\/png\" \/>\n<meta name=\"author\" content=\"US6\" \/>\n<meta name=\"twitter:card\" content=\"summary_large_image\" \/>\n<meta name=\"twitter:label1\" content=\"Written by\" \/>\n\t<meta name=\"twitter:data1\" content=\"US6\" \/>\n\t<meta name=\"twitter:label2\" content=\"Est. reading time\" \/>\n\t<meta name=\"twitter:data2\" content=\"3 minutes\" \/>\n<script type=\"application\/ld+json\" class=\"yoast-schema-graph\">{\"@context\":\"https:\/\/schema.org\",\"@graph\":[{\"@type\":\"WebPage\",\"@id\":\"https:\/\/veritasinfo.org\/?p=29456\",\"url\":\"https:\/\/veritasinfo.org\/?p=29456\",\"name\":\"Nis faza fillestare p\u00ebr vendosjen e shtator\u00ebs s\u00eb Adem Jasharit n\u00eb Prishtin\u00eb, qytetar\u00ebt e mir\u00ebpresin -\",\"isPartOf\":{\"@id\":\"https:\/\/veritasinfo.org\/#website\"},\"primaryImageOfPage\":{\"@id\":\"https:\/\/veritasinfo.org\/?p=29456#primaryimage\"},\"image\":{\"@id\":\"https:\/\/veritasinfo.org\/?p=29456#primaryimage\"},\"thumbnailUrl\":\"https:\/\/veritasinfo.org\/wp-content\/uploads\/2026\/01\/1-2.png\",\"datePublished\":\"2026-01-28T17:53:03+00:00\",\"author\":{\"@id\":\"https:\/\/veritasinfo.org\/#\/schema\/person\/fe199eede04c3937362892b7444747cc\"},\"breadcrumb\":{\"@id\":\"https:\/\/veritasinfo.org\/?p=29456#breadcrumb\"},\"inLanguage\":\"en-US\",\"potentialAction\":[{\"@type\":\"ReadAction\",\"target\":[\"https:\/\/veritasinfo.org\/?p=29456\"]}]},{\"@type\":\"ImageObject\",\"inLanguage\":\"en-US\",\"@id\":\"https:\/\/veritasinfo.org\/?p=29456#primaryimage\",\"url\":\"https:\/\/veritasinfo.org\/wp-content\/uploads\/2026\/01\/1-2.png\",\"contentUrl\":\"https:\/\/veritasinfo.org\/wp-content\/uploads\/2026\/01\/1-2.png\",\"width\":753,\"height\":527},{\"@type\":\"BreadcrumbList\",\"@id\":\"https:\/\/veritasinfo.org\/?p=29456#breadcrumb\",\"itemListElement\":[{\"@type\":\"ListItem\",\"position\":1,\"name\":\"Home\",\"item\":\"https:\/\/veritasinfo.org\/\"},{\"@type\":\"ListItem\",\"position\":2,\"name\":\"Nis faza fillestare p\u00ebr vendosjen e shtator\u00ebs s\u00eb Adem Jasharit n\u00eb Prishtin\u00eb, qytetar\u00ebt e mir\u00ebpresin\"}]},{\"@type\":\"WebSite\",\"@id\":\"https:\/\/veritasinfo.org\/#website\",\"url\":\"https:\/\/veritasinfo.org\/\",\"name\":\"\",\"description\":\"\",\"potentialAction\":[{\"@type\":\"SearchAction\",\"target\":{\"@type\":\"EntryPoint\",\"urlTemplate\":\"https:\/\/veritasinfo.org\/?s={search_term_string}\"},\"query-input\":{\"@type\":\"PropertyValueSpecification\",\"valueRequired\":true,\"valueName\":\"search_term_string\"}}],\"inLanguage\":\"en-US\"},{\"@type\":\"Person\",\"@id\":\"https:\/\/veritasinfo.org\/#\/schema\/person\/fe199eede04c3937362892b7444747cc\",\"name\":\"US6\",\"image\":{\"@type\":\"ImageObject\",\"inLanguage\":\"en-US\",\"@id\":\"https:\/\/veritasinfo.org\/#\/schema\/person\/image\/\",\"url\":\"https:\/\/secure.gravatar.com\/avatar\/cb16c3c31c9d23b9b8c705964598220b3014e42ff51eb540ff23cefa3ae8c15f?s=96&d=mm&r=g\",\"contentUrl\":\"https:\/\/secure.gravatar.com\/avatar\/cb16c3c31c9d23b9b8c705964598220b3014e42ff51eb540ff23cefa3ae8c15f?s=96&d=mm&r=g\",\"caption\":\"US6\"},\"url\":\"https:\/\/veritasinfo.org\/?author=7\"}]}<\/script>\n<!-- \/ Yoast SEO plugin. -->","yoast_head_json":{"title":"Nis faza fillestare p\u00ebr vendosjen e shtator\u00ebs s\u00eb Adem Jasharit n\u00eb Prishtin\u00eb, qytetar\u00ebt e mir\u00ebpresin -","robots":{"index":"index","follow":"follow","max-snippet":"max-snippet:-1","max-image-preview":"max-image-preview:large","max-video-preview":"max-video-preview:-1"},"canonical":"https:\/\/veritasinfo.org\/?p=29456","og_locale":"en_US","og_type":"article","og_title":"Nis faza fillestare p\u00ebr vendosjen e shtator\u00ebs s\u00eb Adem Jasharit n\u00eb Prishtin\u00eb, qytetar\u00ebt e mir\u00ebpresin -","og_description":"Prishtin\u00eb, 28 janar 2026 18:52 N\u00eb k\u00ebt\u00eb pjes\u00eb t\u00eb qytetit s\u00eb shpejti do t\u00eb filloj\u00eb nj\u00eb projekt i ri. K\u00ebtu pritet t\u00eb nd\u00ebrtohet n\u00ebnkalimi i","og_url":"https:\/\/veritasinfo.org\/?p=29456","article_published_time":"2026-01-28T17:53:03+00:00","og_image":[{"width":753,"height":527,"url":"https:\/\/veritasinfo.org\/wp-content\/uploads\/2026\/01\/1-2.png","type":"image\/png"}],"author":"US6","twitter_card":"summary_large_image","twitter_misc":{"Written by":"US6","Est. reading time":"3 minutes"},"schema":{"@context":"https:\/\/schema.org","@graph":[{"@type":"WebPage","@id":"https:\/\/veritasinfo.org\/?p=29456","url":"https:\/\/veritasinfo.org\/?p=29456","name":"Nis faza fillestare p\u00ebr vendosjen e shtator\u00ebs s\u00eb Adem Jasharit n\u00eb Prishtin\u00eb, qytetar\u00ebt e mir\u00ebpresin -","isPartOf":{"@id":"https:\/\/veritasinfo.org\/#website"},"primaryImageOfPage":{"@id":"https:\/\/veritasinfo.org\/?p=29456#primaryimage"},"image":{"@id":"https:\/\/veritasinfo.org\/?p=29456#primaryimage"},"thumbnailUrl":"https:\/\/veritasinfo.org\/wp-content\/uploads\/2026\/01\/1-2.png","datePublished":"2026-01-28T17:53:03+00:00","author":{"@id":"https:\/\/veritasinfo.org\/#\/schema\/person\/fe199eede04c3937362892b7444747cc"},"breadcrumb":{"@id":"https:\/\/veritasinfo.org\/?p=29456#breadcrumb"},"inLanguage":"en-US","potentialAction":[{"@type":"ReadAction","target":["https:\/\/veritasinfo.org\/?p=29456"]}]},{"@type":"ImageObject","inLanguage":"en-US","@id":"https:\/\/veritasinfo.org\/?p=29456#primaryimage","url":"https:\/\/veritasinfo.org\/wp-content\/uploads\/2026\/01\/1-2.png","contentUrl":"https:\/\/veritasinfo.org\/wp-content\/uploads\/2026\/01\/1-2.png","width":753,"height":527},{"@type":"BreadcrumbList","@id":"https:\/\/veritasinfo.org\/?p=29456#breadcrumb","itemListElement":[{"@type":"ListItem","position":1,"name":"Home","item":"https:\/\/veritasinfo.org\/"},{"@type":"ListItem","position":2,"name":"Nis faza fillestare p\u00ebr vendosjen e shtator\u00ebs s\u00eb Adem Jasharit n\u00eb Prishtin\u00eb, qytetar\u00ebt e mir\u00ebpresin"}]},{"@type":"WebSite","@id":"https:\/\/veritasinfo.org\/#website","url":"https:\/\/veritasinfo.org\/","name":"","description":"","potentialAction":[{"@type":"SearchAction","target":{"@type":"EntryPoint","urlTemplate":"https:\/\/veritasinfo.org\/?s={search_term_string}"},"query-input":{"@type":"PropertyValueSpecification","valueRequired":true,"valueName":"search_term_string"}}],"inLanguage":"en-US"},{"@type":"Person","@id":"https:\/\/veritasinfo.org\/#\/schema\/person\/fe199eede04c3937362892b7444747cc","name":"US6","image":{"@type":"ImageObject","inLanguage":"en-US","@id":"https:\/\/veritasinfo.org\/#\/schema\/person\/image\/","url":"https:\/\/secure.gravatar.com\/avatar\/cb16c3c31c9d23b9b8c705964598220b3014e42ff51eb540ff23cefa3ae8c15f?s=96&d=mm&r=g","contentUrl":"https:\/\/secure.gravatar.com\/avatar\/cb16c3c31c9d23b9b8c705964598220b3014e42ff51eb540ff23cefa3ae8c15f?s=96&d=mm&r=g","caption":"US6"},"url":"https:\/\/veritasinfo.org\/?author=7"}]}},"featured_image_urls":{"full":["https:\/\/veritasinfo.org\/wp-content\/uploads\/2026\/01\/1-2.png",753,527,false],"thumbnail":["https:\/\/veritasinfo.org\/wp-content\/uploads\/2026\/01\/1-2-150x150.png",150,150,true],"medium":["https:\/\/veritasinfo.org\/wp-content\/uploads\/2026\/01\/1-2-300x210.png",300,210,true],"medium_large":["https:\/\/veritasinfo.org\/wp-content\/uploads\/2026\/01\/1-2.png",640,448,false],"large":["https:\/\/veritasinfo.org\/wp-content\/uploads\/2026\/01\/1-2.png",640,448,false],"1536x1536":["https:\/\/veritasinfo.org\/wp-content\/uploads\/2026\/01\/1-2.png",753,527,false],"2048x2048":["https:\/\/veritasinfo.org\/wp-content\/uploads\/2026\/01\/1-2.png",753,527,false],"kreeti-slider-full":["https:\/\/veritasinfo.org\/wp-content\/uploads\/2026\/01\/1-2.png",753,527,false],"kreeti-featured":["https:\/\/veritasinfo.org\/wp-content\/uploads\/2026\/01\/1-2.png",753,527,false],"kreeti-medium":["https:\/\/veritasinfo.org\/wp-content\/uploads\/2026\/01\/1-2.png",720,504,false],"kreeti-medium-square":["https:\/\/veritasinfo.org\/wp-content\/uploads\/2026\/01\/1-2.png",350,245,false]},"author_info":{"info":["US6"]},"category_info":"<a href=\"https:\/\/veritasinfo.org\/?cat=60\" rel=\"category\">Shoq\u00ebrore<\/a>","tag_info":"Shoq\u00ebrore","comment_count":"0","_links":{"self":[{"href":"https:\/\/veritasinfo.org\/index.php?rest_route=\/wp\/v2\/posts\/29456","targetHints":{"allow":["GET"]}}],"collection":[{"href":"https:\/\/veritasinfo.org\/index.php?rest_route=\/wp\/v2\/posts"}],"about":[{"href":"https:\/\/veritasinfo.org\/index.php?rest_route=\/wp\/v2\/types\/post"}],"author":[{"embeddable":true,"href":"https:\/\/veritasinfo.org\/index.php?rest_route=\/wp\/v2\/users\/7"}],"replies":[{"embeddable":true,"href":"https:\/\/veritasinfo.org\/index.php?rest_route=%2Fwp%2Fv2%2Fcomments&post=29456"}],"version-history":[{"count":1,"href":"https:\/\/veritasinfo.org\/index.php?rest_route=\/wp\/v2\/posts\/29456\/revisions"}],"predecessor-version":[{"id":29458,"href":"https:\/\/veritasinfo.org\/index.php?rest_route=\/wp\/v2\/posts\/29456\/revisions\/29458"}],"wp:featuredmedia":[{"embeddable":true,"href":"https:\/\/veritasinfo.org\/index.php?rest_route=\/wp\/v2\/media\/29457"}],"wp:attachment":[{"href":"https:\/\/veritasinfo.org\/index.php?rest_route=%2Fwp%2Fv2%2Fmedia&parent=29456"}],"wp:term":[{"taxonomy":"category","embeddable":true,"href":"https:\/\/veritasinfo.org\/index.php?rest_route=%2Fwp%2Fv2%2Fcategories&post=29456"},{"taxonomy":"post_tag","embeddable":true,"href":"https:\/\/veritasinfo.org\/index.php?rest_route=%2Fwp%2Fv2%2Ftags&post=29456"}],"curies":[{"name":"wp","href":"https:\/\/api.w.org\/{rel}","templated":true}]}}