{"id":29451,"date":"2026-01-28T17:03:07","date_gmt":"2026-01-28T16:03:07","guid":{"rendered":"https:\/\/veritasinfo.org\/?p=29451"},"modified":"2026-01-28T17:03:07","modified_gmt":"2026-01-28T16:03:07","slug":"prokuroria-kerkon-denimin-maksimal-per-sergjan-lazoviqin-mbrojtja-aktgjykim-lirues","status":"publish","type":"post","link":"https:\/\/veritasinfo.org\/?p=29451","title":{"rendered":"Prokuroria k\u00ebrkon d\u00ebnimin maksimal p\u00ebr S\u00ebrgjan Lazoviqin, mbrojtja aktgjykim lirues"},"content":{"rendered":"<p>Prishtin\u00eb 28 janar 2026 16:47<\/p>\n<p>N\u00eb Gjykat\u00ebn Themelore n\u00eb Prishtin\u00eb n\u00eb fjal\u00ebn p\u00ebrfundimtare t\u00eb m\u00ebrkur\u00ebn, prokurori Armend Zenelaj k\u00ebrkoi d\u00ebnim maksimal p\u00ebr t\u00eb akuzurin p\u00ebr krime lufte n\u00eb Panorc t\u00eb Malishev\u00ebs, S\u00ebrgjan Lazoviq, nd\u00ebrsa mbrojtja e k\u00ebtij t\u00eb fundit k\u00ebrkoi aktgjykim lirues.<\/p>\n<p>Fillimisht, fjal\u00ebn p\u00ebrfundimtare e dor\u00ebzoi me shkrim prokurori special, Armend Zenelaj, nd\u00ebrsa theksoi se gjat\u00eb k\u00ebtij gjykimi \u00ebsht\u00eb v\u00ebrtetuar se i akuzuari Lazoviq ka qen\u00eb pjes\u00eb e struktur\u00ebs policore serbe, raporton \u201cBetim p\u00ebr Drejt\u00ebsi\u201d<\/p>\n<p>\u201cNga provat e administruara gjat\u00eb k\u00ebtij shqyrtimi gjyq\u00ebsor del qart\u00eb dhe bindsh\u00ebm se k\u00ebtu i akuzuari S\u00ebrgjan Lazoviq ka qen\u00eb pjes\u00eb e struktur\u00ebs policore serbe q\u00eb kan\u00eb ushtruar dhun\u00eb sistematike ndaj civil\u00ebve shqiptar\u00eb\u201d, tha prokurori Zenelaj.<\/p>\n<p>Prokurori dekalroi se k\u00ebrkon nga Gjykata d\u00ebnimin maksimal p\u00ebr t\u00eb akuzuarin Lazoviq, duke porpozuar edhe vazhdimin e mas\u00ebs s\u00eb paraburgimit deri n\u00eb plotfuqishm\u00ebrin\u00eb e aktgjykimit.<\/p>\n<p>\u201cDuke pas parasysh rrethanat posa\u00e7\u00ebrisht r\u00ebnduese t\u00eb vepr\u00ebs dhe p\u00ebrfshirj\u00ebs direkte t\u00eb t\u00eb akuzuarit, natyr\u00ebn brutale dhe \u00e7njer\u00ebzore, Prokuroria k\u00ebrkon nga gjykata q\u00eb ndaj t\u00eb akuzuarit S\u00ebrgjan Lazoviq t\u00eb shqiptohet d\u00ebnim maksimal i parapar\u00eb me Ligjin p\u00ebr krime lufte kund\u00ebr popullat\u00ebs civile\u201d, tha Zenelaj.<\/p>\n<p>Fjal\u00ebn p\u00ebrfundimtare e dor\u00ebzoi me shkrim edhe mbrojt\u00ebsja me autorizim e t\u00eb akuzuarit Lazoviq, avokatja Feride Xani, nd\u00ebrsa elaborimin e ka b\u00ebr\u00eb mbrojt\u00ebsi tjet\u00ebr me autorizim i t\u00eb akuzuarit- avokati Predrag Milkoviq, duke propozuar lirimin e t\u00eb mbrojturit t\u00eb tij.<\/p>\n<p>\u201cN\u00eb baz\u00eb t\u00eb t\u00eb gjitha t\u00eb cekurave, e ftoj gjykat\u00ebn q\u00eb t\u00eb sjell\u00eb aktgjykim lirues\u201d, tha avokati Milkoviq.<\/p>\n<p>N\u00eb seanc\u00ebn filestare m\u00eb 4 dhjetor 2024, i akuzuari \u00ebsht\u00eb deklaruar i pafajsh\u00ebm.<\/p>\n<p>Ndryshe, Prokuroria Speciale e Republik\u00ebs s\u00eb Kosov\u00ebs (PSRK), m\u00eb 19 n\u00ebntor 2024 ka ngritur aktakuz\u00eb, kund\u00ebr t\u00eb pandehurit S\u00ebrgjan Lazoviq, p\u00ebr krime lufte gjat\u00eb periudh\u00ebs 1998-1999 n\u00eb fshatin Panorc t\u00eb Komun\u00ebs s\u00eb Malishev\u00ebs.<\/p>\n<p>Sipas aktakuz\u00ebs, S\u00ebrgjan Lazoviq akuzohet se n\u00eb periudh\u00ebn kohore 1998 \u2013 1999, gjat\u00eb koh\u00ebs s\u00eb luft\u00ebs n\u00eb Kosov\u00eb, n\u00eb fshatin Panorc, Komuna Malishev\u00eb, duke vepruar n\u00eb bashk\u00ebkryerje me persona t\u00eb tjer\u00eb ende t\u00eb paidentifikuar, shkelur rregullat e s\u00eb drejt\u00ebs nd\u00ebrkomb\u00ebtare dhe ka kryer arrestime dhe privim t\u00eb kund\u00ebrligjsh\u00ebm nga liria, keqtrajtime fizike dhe psikike.<\/p>\n<p>N\u00eb k\u00ebt\u00eb aktakuz\u00eb jan\u00eb p\u00ebrshkruar m\u00ebnyrat dhe rrethanat e keqtrajtimeve dhe arrestimeve t\u00eb popullsis\u00eb civile shqiptare, t\u00eb cil\u00ebt nuk ishin t\u00eb p\u00ebrfshir\u00eb n\u00eb luft\u00eb.<\/p>\n<p>N\u00eb aktakuz\u00eb thuhet se nga data 3 shtator 1998 deri m\u00eb 5 shtator 1998, n\u00eb fshatin Panorc, Komuna Malishev\u00eb, me dashje, i armatosur, i uniformuar, n\u00eb bashk\u00ebkryerje me pjes\u00ebtar\u00eb t\u00eb tjer\u00eb t\u00eb forcave policore dhe ushtarake serbe, me q\u00ebllim t\u00eb frik\u00ebsimit, d\u00ebbimit masiv dhe spastrimit etnik t\u00eb popullat\u00ebs shqiptare, Lazoviq ka arrestuar, ndaluar, torturuar, maltretuar fizikisht dhe psiqikisht, rreth 500 qytetar\u00eb civil\u00eb, t\u00eb cil\u00ebt nuk ishin t\u00eb p\u00ebrfshir\u00eb n\u00eb konflikt.<\/p>\n<p>Aty thuhet se banor\u00ebt e fshatrave t\u00eb Malishev\u00ebs dhe Klin\u00ebs s\u00eb bashku me familjet e tyre, ishin detyruar q\u00eb t\u00eb largoheshin nga fshatrat dhe sht\u00ebpit\u00eb e tyre, duke shkuar n\u00eb drejtim t\u00eb bjeshk\u00ebve t\u00eb fshatit Panorc dhe m\u00eb t\u00eb arritur n\u00eb fshat popullata civile has n\u00eb nj\u00eb postbllok t\u00eb forcave policore serbe, t\u00eb cil\u00ebt e kishin rrethuar zon\u00ebn ku ndodhej popullata civile, ku thuhet se forcat serbe fillimisht i ndajn\u00eb burrat nga grat\u00eb dhe f\u00ebmij\u00ebt, k\u00ebtyre t\u00eb fundit u japin urdh\u00ebr t\u00eb largohen kurse rreth 500 meshkuj civil\u00eb shqiptar\u00eb i arrestojn\u00eb dhe i d\u00ebrgojn\u00eb n\u00eb drejtim t\u00eb shkoll\u00ebs s\u00eb fshatit, ku gjat\u00eb rrug\u00ebs i maltretojn\u00eb dhe i rrahin, n\u00eb mesin e tyre edhe t\u00eb d\u00ebmtuarin Ahmet Zenuni.<\/p>\n<p>\u201c\u2026me t\u00eb arritur te shkolla q\u00eb t\u00eb gjith\u00eb i vendosin n\u00ebp\u00ebr klasa t\u00eb shkoll\u00ebs dhe i mbajn\u00eb t\u00eb bllokuar p\u00ebr rreth 30 or\u00eb kund\u00ebrligjsh\u00ebm, n\u00eb kushte t\u00eb r\u00ebnda jetese, duke ua mohuar t\u00eb drejtat themelore t\u00eb tyre p\u00ebr ushqim, uj\u00eb, nevoja fiziologjike dhe k\u00ebsisoj forcat serbe, brenda shkoll\u00ebs kishin ndar\u00eb nj\u00eb klas\u00eb t\u00eb ve\u00e7uar nga klas\u00ebt e tjera ku i mbanin t\u00eb ndaluarit, n\u00eb t\u00eb cil\u00ebn kishin qen\u00eb disa polic\u00eb bashk\u00eb m\u00eb t\u00eb pandehurin S\u00ebrgjan Lazoviq, t\u00eb cil\u00ebt fillimisht i selektonin disa nga t\u00eb ndaluarit, m\u00eb pas i merrnin nj\u00eb nga nj\u00eb dhe i d\u00ebrgonin n\u00eb at\u00eb klas\u00eb p\u00ebr t\u2019i marr\u00eb n\u00eb pyetje dhe p\u00ebr t\u2019i rrahur, n\u00eb mesin e tyre edhe t\u00eb d\u00ebmtuarit Z.B., R.G., dhe R.B., t\u00eb cil\u00ebt i torturonin fizikisht me arm\u00eb, mjete t\u00eb forta si shkopinj prej druri, mjete t\u00eb pun\u00ebs dhe kabllo, duke u shkaktuar dhimbje t\u00eb m\u00ebdha fizike dhe psikike, me \u00e7\u2019rast 13 prej tyre i arrestojn\u00eb dhe i d\u00ebrgojn\u00eb n\u00eb Burgun e Dubrav\u00ebs, kurse t\u00eb tjer\u00ebt i lirojn\u00eb\u201d, thuhet n\u00eb aktakuz\u00eb.Tutje, thuhet se gjat\u00eb periudh\u00ebs kohore t\u00eb cekur n\u00eb dispozitivin I, t\u00eb k\u00ebsaj aktakuze, forcat policore dhe ushtarake serbe ku b\u00ebnte pjes\u00eb edhe i pandehuri Lazoviq mor\u00ebn pjes\u00eb n\u00eb d\u00ebbimin e popullsis\u00eb civile nga sht\u00ebpit\u00eb e tyre, ashtu q\u00eb duke p\u00ebrdorur nj\u00eb dhun\u00eb sistematike dhe gjer\u00ebsisht t\u00eb p\u00ebrhapur fillimisht kishin rrethuar fshatin Panorc dhe fshatrat p\u00ebrreth dhe pastaj i kishin bombarduar me artileri t\u00eb r\u00ebnd\u00eb, kurse n\u00eb fund kishin hyr\u00eb me k\u00ebmb\u00ebsori dhe kishin shkuar sht\u00ebpi p\u00ebr sht\u00ebpi dhe n\u00ebn k\u00ebrc\u00ebnimin e arm\u00ebve i kishin detyruar banor\u00ebt q\u00eb t\u00eb largohen nga sht\u00ebpit\u00eb e tyre, duke i obliguar q\u00eb n\u00eb kolon\u00eb t\u00eb largohen n\u00eb drejtim t\u00eb Shqip\u00ebris\u00eb.<\/p>\n<p>M\u00eb tej, thuhet se ata pla\u00e7kit\u00ebn t\u00eb gjitha sht\u00ebpit\u00eb dhe mjetet transportuese t\u00eb civil\u00ebve, kurse n\u00eb fund i dogj\u00ebn t\u00eb gjitha duke u shkaktuar d\u00ebme t\u00eb m\u00ebdha materiale.<\/p>\n<p>Me k\u00ebto, S\u00ebrgjan Lazoviq akuzohet se n\u00eb bashk\u00ebkryerje, e ka kryer vepr\u00ebn penale \u201cKrim i luft\u00ebs kund\u00ebr popullsis\u00eb civile\u201d, e sanksionuar me nenin 142 lidhur me nenin 22 t\u00eb Ligjit Penal t\u00eb Republik\u00ebs Socialiste Federative t\u00eb Jugosllavis\u00eb (tutje \u201cLP-RSFJ\u201d) si ligj n\u00eb fuqi n\u00eb koh\u00ebn e kryerjes s\u00eb vepr\u00ebs penale.<\/p>\n","protected":false},"excerpt":{"rendered":"<p>Prishtin\u00eb 28 janar 2026 16:47 N\u00eb Gjykat\u00ebn Themelore n\u00eb Prishtin\u00eb n\u00eb fjal\u00ebn p\u00ebrfundimtare t\u00eb m\u00ebrkur\u00ebn, prokurori Armend Zenelaj k\u00ebrkoi d\u00ebnim maksimal p\u00ebr t\u00eb akuzurin p\u00ebr<\/p>\n","protected":false},"author":6,"featured_media":29452,"comment_status":"open","ping_status":"open","sticky":false,"template":"","format":"standard","meta":{"footnotes":""},"categories":[60],"tags":[],"class_list":["post-29451","post","type-post","status-publish","format-standard","has-post-thumbnail","hentry","category-shoqerore-sq"],"yoast_head":"<!-- This site is optimized with the Yoast SEO plugin v25.3.1 - https:\/\/yoast.com\/wordpress\/plugins\/seo\/ -->\n<title>Prokuroria k\u00ebrkon d\u00ebnimin maksimal p\u00ebr S\u00ebrgjan Lazoviqin, mbrojtja aktgjykim lirues -<\/title>\n<meta name=\"robots\" content=\"index, follow, max-snippet:-1, max-image-preview:large, max-video-preview:-1\" \/>\n<link rel=\"canonical\" href=\"https:\/\/veritasinfo.org\/?p=29451\" \/>\n<meta property=\"og:locale\" content=\"en_US\" \/>\n<meta property=\"og:type\" content=\"article\" \/>\n<meta property=\"og:title\" content=\"Prokuroria k\u00ebrkon d\u00ebnimin maksimal p\u00ebr S\u00ebrgjan Lazoviqin, mbrojtja aktgjykim lirues -\" \/>\n<meta property=\"og:description\" content=\"Prishtin\u00eb 28 janar 2026 16:47 N\u00eb Gjykat\u00ebn Themelore n\u00eb Prishtin\u00eb n\u00eb fjal\u00ebn p\u00ebrfundimtare t\u00eb m\u00ebrkur\u00ebn, prokurori Armend Zenelaj k\u00ebrkoi d\u00ebnim maksimal p\u00ebr t\u00eb akuzurin p\u00ebr\" \/>\n<meta property=\"og:url\" content=\"https:\/\/veritasinfo.org\/?p=29451\" \/>\n<meta property=\"article:published_time\" content=\"2026-01-28T16:03:07+00:00\" \/>\n<meta property=\"og:image\" content=\"https:\/\/veritasinfo.org\/wp-content\/uploads\/2026\/01\/1-18-600x348-1.jpg\" \/>\n\t<meta property=\"og:image:width\" content=\"600\" \/>\n\t<meta property=\"og:image:height\" content=\"348\" \/>\n\t<meta property=\"og:image:type\" content=\"image\/jpeg\" \/>\n<meta name=\"author\" content=\"US5\" \/>\n<meta name=\"twitter:card\" content=\"summary_large_image\" \/>\n<meta name=\"twitter:label1\" content=\"Written by\" \/>\n\t<meta name=\"twitter:data1\" content=\"US5\" \/>\n\t<meta name=\"twitter:label2\" content=\"Est. reading time\" \/>\n\t<meta name=\"twitter:data2\" content=\"1 minute\" \/>\n<script type=\"application\/ld+json\" class=\"yoast-schema-graph\">{\"@context\":\"https:\/\/schema.org\",\"@graph\":[{\"@type\":\"WebPage\",\"@id\":\"https:\/\/veritasinfo.org\/?p=29451\",\"url\":\"https:\/\/veritasinfo.org\/?p=29451\",\"name\":\"Prokuroria k\u00ebrkon d\u00ebnimin maksimal p\u00ebr S\u00ebrgjan Lazoviqin, mbrojtja aktgjykim lirues -\",\"isPartOf\":{\"@id\":\"https:\/\/veritasinfo.org\/#website\"},\"primaryImageOfPage\":{\"@id\":\"https:\/\/veritasinfo.org\/?p=29451#primaryimage\"},\"image\":{\"@id\":\"https:\/\/veritasinfo.org\/?p=29451#primaryimage\"},\"thumbnailUrl\":\"https:\/\/veritasinfo.org\/wp-content\/uploads\/2026\/01\/1-18-600x348-1.jpg\",\"datePublished\":\"2026-01-28T16:03:07+00:00\",\"author\":{\"@id\":\"https:\/\/veritasinfo.org\/#\/schema\/person\/bc442336e35414d04494ab8fb45db4c6\"},\"breadcrumb\":{\"@id\":\"https:\/\/veritasinfo.org\/?p=29451#breadcrumb\"},\"inLanguage\":\"en-US\",\"potentialAction\":[{\"@type\":\"ReadAction\",\"target\":[\"https:\/\/veritasinfo.org\/?p=29451\"]}]},{\"@type\":\"ImageObject\",\"inLanguage\":\"en-US\",\"@id\":\"https:\/\/veritasinfo.org\/?p=29451#primaryimage\",\"url\":\"https:\/\/veritasinfo.org\/wp-content\/uploads\/2026\/01\/1-18-600x348-1.jpg\",\"contentUrl\":\"https:\/\/veritasinfo.org\/wp-content\/uploads\/2026\/01\/1-18-600x348-1.jpg\",\"width\":600,\"height\":348},{\"@type\":\"BreadcrumbList\",\"@id\":\"https:\/\/veritasinfo.org\/?p=29451#breadcrumb\",\"itemListElement\":[{\"@type\":\"ListItem\",\"position\":1,\"name\":\"Home\",\"item\":\"https:\/\/veritasinfo.org\/\"},{\"@type\":\"ListItem\",\"position\":2,\"name\":\"Prokuroria k\u00ebrkon d\u00ebnimin maksimal p\u00ebr S\u00ebrgjan Lazoviqin, mbrojtja aktgjykim lirues\"}]},{\"@type\":\"WebSite\",\"@id\":\"https:\/\/veritasinfo.org\/#website\",\"url\":\"https:\/\/veritasinfo.org\/\",\"name\":\"\",\"description\":\"\",\"potentialAction\":[{\"@type\":\"SearchAction\",\"target\":{\"@type\":\"EntryPoint\",\"urlTemplate\":\"https:\/\/veritasinfo.org\/?s={search_term_string}\"},\"query-input\":{\"@type\":\"PropertyValueSpecification\",\"valueRequired\":true,\"valueName\":\"search_term_string\"}}],\"inLanguage\":\"en-US\"},{\"@type\":\"Person\",\"@id\":\"https:\/\/veritasinfo.org\/#\/schema\/person\/bc442336e35414d04494ab8fb45db4c6\",\"name\":\"US5\",\"image\":{\"@type\":\"ImageObject\",\"inLanguage\":\"en-US\",\"@id\":\"https:\/\/veritasinfo.org\/#\/schema\/person\/image\/\",\"url\":\"https:\/\/secure.gravatar.com\/avatar\/16a61e7272a0c5d001121ebb9e60e925d5816e4ac1e443ed3e640d9a6ae55d0c?s=96&d=mm&r=g\",\"contentUrl\":\"https:\/\/secure.gravatar.com\/avatar\/16a61e7272a0c5d001121ebb9e60e925d5816e4ac1e443ed3e640d9a6ae55d0c?s=96&d=mm&r=g\",\"caption\":\"US5\"},\"url\":\"https:\/\/veritasinfo.org\/?author=6\"}]}<\/script>\n<!-- \/ Yoast SEO plugin. -->","yoast_head_json":{"title":"Prokuroria k\u00ebrkon d\u00ebnimin maksimal p\u00ebr S\u00ebrgjan Lazoviqin, mbrojtja aktgjykim lirues -","robots":{"index":"index","follow":"follow","max-snippet":"max-snippet:-1","max-image-preview":"max-image-preview:large","max-video-preview":"max-video-preview:-1"},"canonical":"https:\/\/veritasinfo.org\/?p=29451","og_locale":"en_US","og_type":"article","og_title":"Prokuroria k\u00ebrkon d\u00ebnimin maksimal p\u00ebr S\u00ebrgjan Lazoviqin, mbrojtja aktgjykim lirues -","og_description":"Prishtin\u00eb 28 janar 2026 16:47 N\u00eb Gjykat\u00ebn Themelore n\u00eb Prishtin\u00eb n\u00eb fjal\u00ebn p\u00ebrfundimtare t\u00eb m\u00ebrkur\u00ebn, prokurori Armend Zenelaj k\u00ebrkoi d\u00ebnim maksimal p\u00ebr t\u00eb akuzurin p\u00ebr","og_url":"https:\/\/veritasinfo.org\/?p=29451","article_published_time":"2026-01-28T16:03:07+00:00","og_image":[{"width":600,"height":348,"url":"https:\/\/veritasinfo.org\/wp-content\/uploads\/2026\/01\/1-18-600x348-1.jpg","type":"image\/jpeg"}],"author":"US5","twitter_card":"summary_large_image","twitter_misc":{"Written by":"US5","Est. reading time":"1 minute"},"schema":{"@context":"https:\/\/schema.org","@graph":[{"@type":"WebPage","@id":"https:\/\/veritasinfo.org\/?p=29451","url":"https:\/\/veritasinfo.org\/?p=29451","name":"Prokuroria k\u00ebrkon d\u00ebnimin maksimal p\u00ebr S\u00ebrgjan Lazoviqin, mbrojtja aktgjykim lirues -","isPartOf":{"@id":"https:\/\/veritasinfo.org\/#website"},"primaryImageOfPage":{"@id":"https:\/\/veritasinfo.org\/?p=29451#primaryimage"},"image":{"@id":"https:\/\/veritasinfo.org\/?p=29451#primaryimage"},"thumbnailUrl":"https:\/\/veritasinfo.org\/wp-content\/uploads\/2026\/01\/1-18-600x348-1.jpg","datePublished":"2026-01-28T16:03:07+00:00","author":{"@id":"https:\/\/veritasinfo.org\/#\/schema\/person\/bc442336e35414d04494ab8fb45db4c6"},"breadcrumb":{"@id":"https:\/\/veritasinfo.org\/?p=29451#breadcrumb"},"inLanguage":"en-US","potentialAction":[{"@type":"ReadAction","target":["https:\/\/veritasinfo.org\/?p=29451"]}]},{"@type":"ImageObject","inLanguage":"en-US","@id":"https:\/\/veritasinfo.org\/?p=29451#primaryimage","url":"https:\/\/veritasinfo.org\/wp-content\/uploads\/2026\/01\/1-18-600x348-1.jpg","contentUrl":"https:\/\/veritasinfo.org\/wp-content\/uploads\/2026\/01\/1-18-600x348-1.jpg","width":600,"height":348},{"@type":"BreadcrumbList","@id":"https:\/\/veritasinfo.org\/?p=29451#breadcrumb","itemListElement":[{"@type":"ListItem","position":1,"name":"Home","item":"https:\/\/veritasinfo.org\/"},{"@type":"ListItem","position":2,"name":"Prokuroria k\u00ebrkon d\u00ebnimin maksimal p\u00ebr S\u00ebrgjan Lazoviqin, mbrojtja aktgjykim lirues"}]},{"@type":"WebSite","@id":"https:\/\/veritasinfo.org\/#website","url":"https:\/\/veritasinfo.org\/","name":"","description":"","potentialAction":[{"@type":"SearchAction","target":{"@type":"EntryPoint","urlTemplate":"https:\/\/veritasinfo.org\/?s={search_term_string}"},"query-input":{"@type":"PropertyValueSpecification","valueRequired":true,"valueName":"search_term_string"}}],"inLanguage":"en-US"},{"@type":"Person","@id":"https:\/\/veritasinfo.org\/#\/schema\/person\/bc442336e35414d04494ab8fb45db4c6","name":"US5","image":{"@type":"ImageObject","inLanguage":"en-US","@id":"https:\/\/veritasinfo.org\/#\/schema\/person\/image\/","url":"https:\/\/secure.gravatar.com\/avatar\/16a61e7272a0c5d001121ebb9e60e925d5816e4ac1e443ed3e640d9a6ae55d0c?s=96&d=mm&r=g","contentUrl":"https:\/\/secure.gravatar.com\/avatar\/16a61e7272a0c5d001121ebb9e60e925d5816e4ac1e443ed3e640d9a6ae55d0c?s=96&d=mm&r=g","caption":"US5"},"url":"https:\/\/veritasinfo.org\/?author=6"}]}},"featured_image_urls":{"full":["https:\/\/veritasinfo.org\/wp-content\/uploads\/2026\/01\/1-18-600x348-1.jpg",600,348,false],"thumbnail":["https:\/\/veritasinfo.org\/wp-content\/uploads\/2026\/01\/1-18-600x348-1-150x150.jpg",150,150,true],"medium":["https:\/\/veritasinfo.org\/wp-content\/uploads\/2026\/01\/1-18-600x348-1-300x174.jpg",300,174,true],"medium_large":["https:\/\/veritasinfo.org\/wp-content\/uploads\/2026\/01\/1-18-600x348-1.jpg",600,348,false],"large":["https:\/\/veritasinfo.org\/wp-content\/uploads\/2026\/01\/1-18-600x348-1.jpg",600,348,false],"1536x1536":["https:\/\/veritasinfo.org\/wp-content\/uploads\/2026\/01\/1-18-600x348-1.jpg",600,348,false],"2048x2048":["https:\/\/veritasinfo.org\/wp-content\/uploads\/2026\/01\/1-18-600x348-1.jpg",600,348,false],"kreeti-slider-full":["https:\/\/veritasinfo.org\/wp-content\/uploads\/2026\/01\/1-18-600x348-1.jpg",600,348,false],"kreeti-featured":["https:\/\/veritasinfo.org\/wp-content\/uploads\/2026\/01\/1-18-600x348-1.jpg",600,348,false],"kreeti-medium":["https:\/\/veritasinfo.org\/wp-content\/uploads\/2026\/01\/1-18-600x348-1.jpg",600,348,false],"kreeti-medium-square":["https:\/\/veritasinfo.org\/wp-content\/uploads\/2026\/01\/1-18-600x348-1.jpg",350,203,false]},"author_info":{"info":["US5"]},"category_info":"<a href=\"https:\/\/veritasinfo.org\/?cat=60\" rel=\"category\">Shoq\u00ebrore<\/a>","tag_info":"Shoq\u00ebrore","comment_count":"0","_links":{"self":[{"href":"https:\/\/veritasinfo.org\/index.php?rest_route=\/wp\/v2\/posts\/29451","targetHints":{"allow":["GET"]}}],"collection":[{"href":"https:\/\/veritasinfo.org\/index.php?rest_route=\/wp\/v2\/posts"}],"about":[{"href":"https:\/\/veritasinfo.org\/index.php?rest_route=\/wp\/v2\/types\/post"}],"author":[{"embeddable":true,"href":"https:\/\/veritasinfo.org\/index.php?rest_route=\/wp\/v2\/users\/6"}],"replies":[{"embeddable":true,"href":"https:\/\/veritasinfo.org\/index.php?rest_route=%2Fwp%2Fv2%2Fcomments&post=29451"}],"version-history":[{"count":1,"href":"https:\/\/veritasinfo.org\/index.php?rest_route=\/wp\/v2\/posts\/29451\/revisions"}],"predecessor-version":[{"id":29453,"href":"https:\/\/veritasinfo.org\/index.php?rest_route=\/wp\/v2\/posts\/29451\/revisions\/29453"}],"wp:featuredmedia":[{"embeddable":true,"href":"https:\/\/veritasinfo.org\/index.php?rest_route=\/wp\/v2\/media\/29452"}],"wp:attachment":[{"href":"https:\/\/veritasinfo.org\/index.php?rest_route=%2Fwp%2Fv2%2Fmedia&parent=29451"}],"wp:term":[{"taxonomy":"category","embeddable":true,"href":"https:\/\/veritasinfo.org\/index.php?rest_route=%2Fwp%2Fv2%2Fcategories&post=29451"},{"taxonomy":"post_tag","embeddable":true,"href":"https:\/\/veritasinfo.org\/index.php?rest_route=%2Fwp%2Fv2%2Ftags&post=29451"}],"curies":[{"name":"wp","href":"https:\/\/api.w.org\/{rel}","templated":true}]}}