{"id":29445,"date":"2026-01-28T15:42:08","date_gmt":"2026-01-28T14:42:08","guid":{"rendered":"https:\/\/veritasinfo.org\/?p=29445"},"modified":"2026-01-28T15:42:08","modified_gmt":"2026-01-28T14:42:08","slug":"pula-sdo-ta-amnistojme-askend-qe-manipuloi-me-vota","status":"publish","type":"post","link":"https:\/\/veritasinfo.org\/?p=29445","title":{"rendered":"Pula: S\u2019do ta amnistojm\u00eb ask\u00ebnd q\u00eb manipuloi me vota"},"content":{"rendered":"<p>Prishtin\u00eb 28 janar 2026 15;45<br \/>\nKoordinatorja nacionale e zgjedhjeve, Laura Pula, ka paralajm\u00ebruar se nuk do t\u00eb amnistojn\u00eb ask\u00ebnd q\u00eb ka manipuluar me vota pavar\u00ebsisht funksionit q\u00eb ka.<\/p>\n<p>Gjat\u00eb konferenc\u00ebs p\u00ebr shtyp n\u00eb Malishev\u00eb t\u00eb m\u00ebrkur\u00ebn, Pula ka th\u00ebn\u00eb se arrestimet n\u00eb Prizren e sot n\u00eb Malishev\u00eb jan\u00eb kryer t\u00eb mb\u00ebshtetura n\u00eb provat.<\/p>\n<p>\u201cVeprime tona d\u00ebrgojn\u00eb mesazh t\u00eb qart\u00eb, veprat penale kund\u00ebr votimit do t\u00eb zbulohen. Nuk do t\u00eb amnistohet asnj\u00eb person pavar\u00ebsisht funksionit q\u00eb ka\u201d, ka th\u00ebn\u00eb ajo.<\/p>\n<p>Pula e ka pranuar se hetimi \u00ebsht\u00eb mjaft i komplikuar, por duhet durim p\u00ebr t\u00eb ardhur te q\u00ebllimi kryesor.<\/p>\n<p>\u201c\u00cbsht\u00eb hetim i mir\u00ebfillt\u00eb, mjaft i komplikuar kur kemi t\u00eb b\u00ebjm\u00eb me persona t\u00eb tret\u00eb q\u00eb jan\u00eb t\u00eb p\u00ebrfshir\u00eb n\u00eb k\u00ebt\u00eb proces. Prandaj duhet m\u00eb shum\u00eb durim p\u00ebr t\u00eb ardhur te q\u00ebllimi kryesor.  Nuk do t\u00eb amnistohet asnj\u00eb person pavar\u00ebsisht funksionit q\u00eb ka. Vet\u00ebm t\u00eb kemi prova. Mos ta marrim n\u00eb qaf\u00eb dik\u00eb pa faj, ta ndalojm\u00eb e pastaj ta lirojm\u00eb\u201d, ka shtuar Pula.<\/p>\n<p>Gjat\u00eb dit\u00ebs s\u00eb sotme, 15 kryekomisioner\u00eb n\u00eb Malishev\u00eb jan\u00eb ndaluar p\u00ebr 48 or\u00eb mbi dyshimet p\u00ebr dallavere me vota. P\u00ebr 43 komisioner\u00ebt ende po vler\u00ebsohet se \u00e7far\u00eb mase do t\u00eb merret. Nd\u00ebrkoh\u00eb 10 t\u00eb tjera do t\u00eb intervistohen dit\u00ebve n\u00eb vijim.<\/p>\n<p>Jav\u00ebn e kaluar, n\u00eb Prizren u ndaluan 109 persona mbi dyshimet e nj\u00ebjta. 23 prej tyre u d\u00ebrguan n\u00eb paraburgim.<\/p>\n","protected":false},"excerpt":{"rendered":"<p>Prishtin\u00eb 28 janar 2026 15;45 Koordinatorja nacionale e zgjedhjeve, Laura Pula, ka paralajm\u00ebruar se nuk do t\u00eb amnistojn\u00eb ask\u00ebnd q\u00eb ka manipuluar me vota pavar\u00ebsisht<\/p>\n","protected":false},"author":6,"featured_media":29447,"comment_status":"open","ping_status":"open","sticky":false,"template":"","format":"standard","meta":{"footnotes":""},"categories":[8],"tags":[],"class_list":["post-29445","post","type-post","status-publish","format-standard","has-post-thumbnail","hentry","category-blog-sq"],"yoast_head":"<!-- This site is optimized with the Yoast SEO plugin v25.3.1 - https:\/\/yoast.com\/wordpress\/plugins\/seo\/ -->\n<title>Pula: S\u2019do ta amnistojm\u00eb ask\u00ebnd q\u00eb manipuloi me vota -<\/title>\n<meta name=\"robots\" content=\"index, follow, max-snippet:-1, max-image-preview:large, max-video-preview:-1\" \/>\n<link rel=\"canonical\" href=\"https:\/\/veritasinfo.org\/?p=29445\" \/>\n<meta property=\"og:locale\" content=\"en_US\" \/>\n<meta property=\"og:type\" content=\"article\" \/>\n<meta property=\"og:title\" content=\"Pula: S\u2019do ta amnistojm\u00eb ask\u00ebnd q\u00eb manipuloi me vota -\" \/>\n<meta property=\"og:description\" content=\"Prishtin\u00eb 28 janar 2026 15;45 Koordinatorja nacionale e zgjedhjeve, Laura Pula, ka paralajm\u00ebruar se nuk do t\u00eb amnistojn\u00eb ask\u00ebnd q\u00eb ka manipuluar me vota pavar\u00ebsisht\" \/>\n<meta property=\"og:url\" content=\"https:\/\/veritasinfo.org\/?p=29445\" \/>\n<meta property=\"article:published_time\" content=\"2026-01-28T14:42:08+00:00\" \/>\n<meta property=\"og:image\" content=\"https:\/\/veritasinfo.org\/wp-content\/uploads\/2026\/01\/fa71e7aa-9927-4208-bf0b-cca43f7bc4ea.webp\" \/>\n\t<meta property=\"og:image:width\" content=\"757\" \/>\n\t<meta property=\"og:image:height\" content=\"547\" \/>\n\t<meta property=\"og:image:type\" content=\"image\/webp\" \/>\n<meta name=\"author\" content=\"US5\" \/>\n<meta name=\"twitter:card\" content=\"summary_large_image\" \/>\n<meta name=\"twitter:label1\" content=\"Written by\" \/>\n\t<meta name=\"twitter:data1\" content=\"US5\" \/>\n\t<meta name=\"twitter:label2\" content=\"Est. reading time\" \/>\n\t<meta name=\"twitter:data2\" content=\"1 minute\" \/>\n<script type=\"application\/ld+json\" class=\"yoast-schema-graph\">{\"@context\":\"https:\/\/schema.org\",\"@graph\":[{\"@type\":\"WebPage\",\"@id\":\"https:\/\/veritasinfo.org\/?p=29445\",\"url\":\"https:\/\/veritasinfo.org\/?p=29445\",\"name\":\"Pula: S\u2019do ta amnistojm\u00eb ask\u00ebnd q\u00eb manipuloi me vota -\",\"isPartOf\":{\"@id\":\"https:\/\/veritasinfo.org\/#website\"},\"primaryImageOfPage\":{\"@id\":\"https:\/\/veritasinfo.org\/?p=29445#primaryimage\"},\"image\":{\"@id\":\"https:\/\/veritasinfo.org\/?p=29445#primaryimage\"},\"thumbnailUrl\":\"https:\/\/veritasinfo.org\/wp-content\/uploads\/2026\/01\/fa71e7aa-9927-4208-bf0b-cca43f7bc4ea.webp\",\"datePublished\":\"2026-01-28T14:42:08+00:00\",\"author\":{\"@id\":\"https:\/\/veritasinfo.org\/#\/schema\/person\/bc442336e35414d04494ab8fb45db4c6\"},\"breadcrumb\":{\"@id\":\"https:\/\/veritasinfo.org\/?p=29445#breadcrumb\"},\"inLanguage\":\"en-US\",\"potentialAction\":[{\"@type\":\"ReadAction\",\"target\":[\"https:\/\/veritasinfo.org\/?p=29445\"]}]},{\"@type\":\"ImageObject\",\"inLanguage\":\"en-US\",\"@id\":\"https:\/\/veritasinfo.org\/?p=29445#primaryimage\",\"url\":\"https:\/\/veritasinfo.org\/wp-content\/uploads\/2026\/01\/fa71e7aa-9927-4208-bf0b-cca43f7bc4ea.webp\",\"contentUrl\":\"https:\/\/veritasinfo.org\/wp-content\/uploads\/2026\/01\/fa71e7aa-9927-4208-bf0b-cca43f7bc4ea.webp\",\"width\":757,\"height\":547},{\"@type\":\"BreadcrumbList\",\"@id\":\"https:\/\/veritasinfo.org\/?p=29445#breadcrumb\",\"itemListElement\":[{\"@type\":\"ListItem\",\"position\":1,\"name\":\"Home\",\"item\":\"https:\/\/veritasinfo.org\/\"},{\"@type\":\"ListItem\",\"position\":2,\"name\":\"Pula: S\u2019do ta amnistojm\u00eb ask\u00ebnd q\u00eb manipuloi me vota\"}]},{\"@type\":\"WebSite\",\"@id\":\"https:\/\/veritasinfo.org\/#website\",\"url\":\"https:\/\/veritasinfo.org\/\",\"name\":\"\",\"description\":\"\",\"potentialAction\":[{\"@type\":\"SearchAction\",\"target\":{\"@type\":\"EntryPoint\",\"urlTemplate\":\"https:\/\/veritasinfo.org\/?s={search_term_string}\"},\"query-input\":{\"@type\":\"PropertyValueSpecification\",\"valueRequired\":true,\"valueName\":\"search_term_string\"}}],\"inLanguage\":\"en-US\"},{\"@type\":\"Person\",\"@id\":\"https:\/\/veritasinfo.org\/#\/schema\/person\/bc442336e35414d04494ab8fb45db4c6\",\"name\":\"US5\",\"image\":{\"@type\":\"ImageObject\",\"inLanguage\":\"en-US\",\"@id\":\"https:\/\/veritasinfo.org\/#\/schema\/person\/image\/\",\"url\":\"https:\/\/secure.gravatar.com\/avatar\/16a61e7272a0c5d001121ebb9e60e925d5816e4ac1e443ed3e640d9a6ae55d0c?s=96&d=mm&r=g\",\"contentUrl\":\"https:\/\/secure.gravatar.com\/avatar\/16a61e7272a0c5d001121ebb9e60e925d5816e4ac1e443ed3e640d9a6ae55d0c?s=96&d=mm&r=g\",\"caption\":\"US5\"},\"url\":\"https:\/\/veritasinfo.org\/?author=6\"}]}<\/script>\n<!-- \/ Yoast SEO plugin. -->","yoast_head_json":{"title":"Pula: S\u2019do ta amnistojm\u00eb ask\u00ebnd q\u00eb manipuloi me vota -","robots":{"index":"index","follow":"follow","max-snippet":"max-snippet:-1","max-image-preview":"max-image-preview:large","max-video-preview":"max-video-preview:-1"},"canonical":"https:\/\/veritasinfo.org\/?p=29445","og_locale":"en_US","og_type":"article","og_title":"Pula: S\u2019do ta amnistojm\u00eb ask\u00ebnd q\u00eb manipuloi me vota -","og_description":"Prishtin\u00eb 28 janar 2026 15;45 Koordinatorja nacionale e zgjedhjeve, Laura Pula, ka paralajm\u00ebruar se nuk do t\u00eb amnistojn\u00eb ask\u00ebnd q\u00eb ka manipuluar me vota pavar\u00ebsisht","og_url":"https:\/\/veritasinfo.org\/?p=29445","article_published_time":"2026-01-28T14:42:08+00:00","og_image":[{"width":757,"height":547,"url":"https:\/\/veritasinfo.org\/wp-content\/uploads\/2026\/01\/fa71e7aa-9927-4208-bf0b-cca43f7bc4ea.webp","type":"image\/webp"}],"author":"US5","twitter_card":"summary_large_image","twitter_misc":{"Written by":"US5","Est. reading time":"1 minute"},"schema":{"@context":"https:\/\/schema.org","@graph":[{"@type":"WebPage","@id":"https:\/\/veritasinfo.org\/?p=29445","url":"https:\/\/veritasinfo.org\/?p=29445","name":"Pula: S\u2019do ta amnistojm\u00eb ask\u00ebnd q\u00eb manipuloi me vota -","isPartOf":{"@id":"https:\/\/veritasinfo.org\/#website"},"primaryImageOfPage":{"@id":"https:\/\/veritasinfo.org\/?p=29445#primaryimage"},"image":{"@id":"https:\/\/veritasinfo.org\/?p=29445#primaryimage"},"thumbnailUrl":"https:\/\/veritasinfo.org\/wp-content\/uploads\/2026\/01\/fa71e7aa-9927-4208-bf0b-cca43f7bc4ea.webp","datePublished":"2026-01-28T14:42:08+00:00","author":{"@id":"https:\/\/veritasinfo.org\/#\/schema\/person\/bc442336e35414d04494ab8fb45db4c6"},"breadcrumb":{"@id":"https:\/\/veritasinfo.org\/?p=29445#breadcrumb"},"inLanguage":"en-US","potentialAction":[{"@type":"ReadAction","target":["https:\/\/veritasinfo.org\/?p=29445"]}]},{"@type":"ImageObject","inLanguage":"en-US","@id":"https:\/\/veritasinfo.org\/?p=29445#primaryimage","url":"https:\/\/veritasinfo.org\/wp-content\/uploads\/2026\/01\/fa71e7aa-9927-4208-bf0b-cca43f7bc4ea.webp","contentUrl":"https:\/\/veritasinfo.org\/wp-content\/uploads\/2026\/01\/fa71e7aa-9927-4208-bf0b-cca43f7bc4ea.webp","width":757,"height":547},{"@type":"BreadcrumbList","@id":"https:\/\/veritasinfo.org\/?p=29445#breadcrumb","itemListElement":[{"@type":"ListItem","position":1,"name":"Home","item":"https:\/\/veritasinfo.org\/"},{"@type":"ListItem","position":2,"name":"Pula: S\u2019do ta amnistojm\u00eb ask\u00ebnd q\u00eb manipuloi me vota"}]},{"@type":"WebSite","@id":"https:\/\/veritasinfo.org\/#website","url":"https:\/\/veritasinfo.org\/","name":"","description":"","potentialAction":[{"@type":"SearchAction","target":{"@type":"EntryPoint","urlTemplate":"https:\/\/veritasinfo.org\/?s={search_term_string}"},"query-input":{"@type":"PropertyValueSpecification","valueRequired":true,"valueName":"search_term_string"}}],"inLanguage":"en-US"},{"@type":"Person","@id":"https:\/\/veritasinfo.org\/#\/schema\/person\/bc442336e35414d04494ab8fb45db4c6","name":"US5","image":{"@type":"ImageObject","inLanguage":"en-US","@id":"https:\/\/veritasinfo.org\/#\/schema\/person\/image\/","url":"https:\/\/secure.gravatar.com\/avatar\/16a61e7272a0c5d001121ebb9e60e925d5816e4ac1e443ed3e640d9a6ae55d0c?s=96&d=mm&r=g","contentUrl":"https:\/\/secure.gravatar.com\/avatar\/16a61e7272a0c5d001121ebb9e60e925d5816e4ac1e443ed3e640d9a6ae55d0c?s=96&d=mm&r=g","caption":"US5"},"url":"https:\/\/veritasinfo.org\/?author=6"}]}},"featured_image_urls":{"full":["https:\/\/veritasinfo.org\/wp-content\/uploads\/2026\/01\/fa71e7aa-9927-4208-bf0b-cca43f7bc4ea.webp",757,547,false],"thumbnail":["https:\/\/veritasinfo.org\/wp-content\/uploads\/2026\/01\/fa71e7aa-9927-4208-bf0b-cca43f7bc4ea-150x150.webp",150,150,true],"medium":["https:\/\/veritasinfo.org\/wp-content\/uploads\/2026\/01\/fa71e7aa-9927-4208-bf0b-cca43f7bc4ea-300x217.webp",300,217,true],"medium_large":["https:\/\/veritasinfo.org\/wp-content\/uploads\/2026\/01\/fa71e7aa-9927-4208-bf0b-cca43f7bc4ea.webp",640,462,false],"large":["https:\/\/veritasinfo.org\/wp-content\/uploads\/2026\/01\/fa71e7aa-9927-4208-bf0b-cca43f7bc4ea.webp",640,462,false],"1536x1536":["https:\/\/veritasinfo.org\/wp-content\/uploads\/2026\/01\/fa71e7aa-9927-4208-bf0b-cca43f7bc4ea.webp",757,547,false],"2048x2048":["https:\/\/veritasinfo.org\/wp-content\/uploads\/2026\/01\/fa71e7aa-9927-4208-bf0b-cca43f7bc4ea.webp",757,547,false],"kreeti-slider-full":["https:\/\/veritasinfo.org\/wp-content\/uploads\/2026\/01\/fa71e7aa-9927-4208-bf0b-cca43f7bc4ea.webp",757,547,false],"kreeti-featured":["https:\/\/veritasinfo.org\/wp-content\/uploads\/2026\/01\/fa71e7aa-9927-4208-bf0b-cca43f7bc4ea.webp",757,547,false],"kreeti-medium":["https:\/\/veritasinfo.org\/wp-content\/uploads\/2026\/01\/fa71e7aa-9927-4208-bf0b-cca43f7bc4ea.webp",720,520,false],"kreeti-medium-square":["https:\/\/veritasinfo.org\/wp-content\/uploads\/2026\/01\/fa71e7aa-9927-4208-bf0b-cca43f7bc4ea.webp",350,253,false]},"author_info":{"info":["US5"]},"category_info":"<a href=\"https:\/\/veritasinfo.org\/?cat=8\" rel=\"category\">Zgjedhjet parlamentare 2025<\/a>","tag_info":"Zgjedhjet parlamentare 2025","comment_count":"0","_links":{"self":[{"href":"https:\/\/veritasinfo.org\/index.php?rest_route=\/wp\/v2\/posts\/29445","targetHints":{"allow":["GET"]}}],"collection":[{"href":"https:\/\/veritasinfo.org\/index.php?rest_route=\/wp\/v2\/posts"}],"about":[{"href":"https:\/\/veritasinfo.org\/index.php?rest_route=\/wp\/v2\/types\/post"}],"author":[{"embeddable":true,"href":"https:\/\/veritasinfo.org\/index.php?rest_route=\/wp\/v2\/users\/6"}],"replies":[{"embeddable":true,"href":"https:\/\/veritasinfo.org\/index.php?rest_route=%2Fwp%2Fv2%2Fcomments&post=29445"}],"version-history":[{"count":1,"href":"https:\/\/veritasinfo.org\/index.php?rest_route=\/wp\/v2\/posts\/29445\/revisions"}],"predecessor-version":[{"id":29448,"href":"https:\/\/veritasinfo.org\/index.php?rest_route=\/wp\/v2\/posts\/29445\/revisions\/29448"}],"wp:featuredmedia":[{"embeddable":true,"href":"https:\/\/veritasinfo.org\/index.php?rest_route=\/wp\/v2\/media\/29447"}],"wp:attachment":[{"href":"https:\/\/veritasinfo.org\/index.php?rest_route=%2Fwp%2Fv2%2Fmedia&parent=29445"}],"wp:term":[{"taxonomy":"category","embeddable":true,"href":"https:\/\/veritasinfo.org\/index.php?rest_route=%2Fwp%2Fv2%2Fcategories&post=29445"},{"taxonomy":"post_tag","embeddable":true,"href":"https:\/\/veritasinfo.org\/index.php?rest_route=%2Fwp%2Fv2%2Ftags&post=29445"}],"curies":[{"name":"wp","href":"https:\/\/api.w.org\/{rel}","templated":true}]}}