{"id":29402,"date":"2026-01-28T12:11:01","date_gmt":"2026-01-28T11:11:01","guid":{"rendered":"https:\/\/veritasinfo.org\/?p=29402"},"modified":"2026-01-28T12:11:01","modified_gmt":"2026-01-28T11:11:01","slug":"komuna-e-prishtines-hap-konkurs-per-projektimin-e-memorialit-perkujtimor-adem-jashari","status":"publish","type":"post","link":"https:\/\/veritasinfo.org\/?p=29402","title":{"rendered":"Komuna e Prishtin\u00ebs hap konkurs p\u00ebr projektimin e memorialit p\u00ebrkujtimor \u201cAdem Jashari\u201d"},"content":{"rendered":"<p>Prishtin\u00eb 28 janar 2026 12:10<\/p>\n<p>Komuna e Prishtin\u00ebs ka hapur konkurs publik p\u00ebr projektimin e Memorialit P\u00ebrkujtimor kushtuar komandantit legjendar Adem Jashari dhe sakrific\u00ebs s\u00eb familjes s\u00eb tij, p\u00ebr t\u00eb cilin ka ndar\u00eb nj\u00eb buxhet prej 150 mij\u00eb eurosh.Sipas dosjes s\u00eb konkursit, ky memorial synon t\u00eb p\u00ebrjet\u00ebsoj\u00eb sakrific\u00ebn unike t\u00eb familjes Jashari nga Prekazi i Skenderajt, e cila p\u00ebrfaq\u00ebson nj\u00eb nga rastet m\u00eb kulminante t\u00eb gatishm\u00ebris\u00eb p\u00ebr sakrific\u00eb mbinjer\u00ebzore p\u00ebr liri. R\u00ebnia e komandantit t\u00eb Ushtris\u00eb \u00c7lirimtare t\u00eb Kosov\u00ebs, Adem Jashari, s\u00eb bashku me 58 an\u00ebtar\u00eb t\u00eb familjes s\u00eb tij, p\u00ebrfshir\u00eb f\u00ebmij\u00eb, gra dhe pleq, konsiderohet si nj\u00eb ngjarje e ve\u00e7ant\u00eb n\u00eb historin\u00eb e njer\u00ebzimit n\u00eb em\u00ebr t\u00eb idealit universal t\u00eb liris\u00eb.<\/p>\n<p>Sipas vizionit t\u00eb projektit, memoriali do t\u00eb vendoset n\u00eb nj\u00eb nga hap\u00ebsirat publike me potencial n\u00eb kryeqytet, me q\u00ebllim q\u00eb kjo sakrific\u00eb sublime t\u00eb b\u00ebhet pjes\u00eb e pandashme e jet\u00ebs s\u00eb p\u00ebrditshme urbane dhe e manifestimit t\u00eb liris\u00eb n\u00eb hap\u00ebsir\u00eb publike, p\u00ebrmes nd\u00ebrveprimit t\u00eb vazhduesh\u00ebm me qytetar\u00ebt.<\/p>\n<p>Projekti \u00ebsht\u00eb n\u00eb p\u00ebrputhje edhe me vizionin e kryetarit t\u00eb Prishtin\u00ebs, P\u00ebrparim Rama, p\u00ebr nj\u00eb kryeqytet bashk\u00ebkohor, gjith\u00ebp\u00ebrfshir\u00ebs dhe nj\u00eb fener t\u00eb trash\u00ebgimis\u00eb kulturore. Memoriali p\u00ebrkujtimor i familjes Jashari pritet t\u00eb kontribuoj\u00eb n\u00eb forcimin e identitetit kulturor dhe historik t\u00eb qytetit.<\/p>\n<p>Sa i p\u00ebrket lokacionit, memoriali parashihet t\u00eb nd\u00ebrtohet n\u00eb qend\u00ebr t\u00eb Prishtin\u00ebs, mes nd\u00ebrtes\u00ebs s\u00eb Kuvendit t\u00eb Republik\u00ebs s\u00eb Kosov\u00ebs dhe Xhamis\u00eb s\u00eb Gurit. Ai do t\u00eb jet\u00eb pjes\u00eb e projektit p\u00ebr nd\u00ebrlidhjen e sh\u00ebtitores ekzistuese q\u00eb p\u00ebrfundon me sheshin \u201cIbrahim Rugova\u201d dhe vazhdimin e saj drejt pjes\u00ebs s\u00eb vjet\u00ebr t\u00eb qytetit, p\u00ebrmes n\u00ebnkalimit n\u00eb rrug\u00ebn \u201cAgim Ramadani\u201d.<\/p>\n<p>Sipas k\u00ebtij projekti urban, rruga \u201cAgim Ramadani\u201d do t\u00eb b\u00ebhet n\u00ebntok\u00ebsore, nd\u00ebrsa pjesa sip\u00ebr saj do t\u00eb shnd\u00ebrrohet n\u00eb pllato p\u00ebr k\u00ebmb\u00ebsor\u00eb, duke mund\u00ebsuar lidhjen funksionale mes bulevardit ekzistues dhe qytetit t\u00eb vjet\u00ebr. Pik\u00ebrisht mbi k\u00ebt\u00eb pllato \u00ebsht\u00eb parapar\u00eb dizajnimi i memorialit dhe hap\u00ebsir\u00ebs p\u00ebrreth tij, q\u00eb \u00ebsht\u00eb edhe subjekt i konkursit.<\/p>\n","protected":false},"excerpt":{"rendered":"<p>Prishtin\u00eb 28 janar 2026 12:10 Komuna e Prishtin\u00ebs ka hapur konkurs publik p\u00ebr projektimin e Memorialit P\u00ebrkujtimor kushtuar komandantit legjendar Adem Jashari dhe sakrific\u00ebs s\u00eb<\/p>\n","protected":false},"author":6,"featured_media":29403,"comment_status":"open","ping_status":"open","sticky":false,"template":"","format":"standard","meta":{"footnotes":""},"categories":[60],"tags":[],"class_list":["post-29402","post","type-post","status-publish","format-standard","has-post-thumbnail","hentry","category-shoqerore-sq"],"yoast_head":"<!-- This site is optimized with the Yoast SEO plugin v25.3.1 - https:\/\/yoast.com\/wordpress\/plugins\/seo\/ -->\n<title>Komuna e Prishtin\u00ebs hap konkurs p\u00ebr projektimin e memorialit p\u00ebrkujtimor \u201cAdem Jashari\u201d -<\/title>\n<meta name=\"robots\" content=\"index, follow, max-snippet:-1, max-image-preview:large, max-video-preview:-1\" \/>\n<link rel=\"canonical\" href=\"https:\/\/veritasinfo.org\/?p=29402\" \/>\n<meta property=\"og:locale\" content=\"en_US\" \/>\n<meta property=\"og:type\" content=\"article\" \/>\n<meta property=\"og:title\" content=\"Komuna e Prishtin\u00ebs hap konkurs p\u00ebr projektimin e memorialit p\u00ebrkujtimor \u201cAdem Jashari\u201d -\" \/>\n<meta property=\"og:description\" content=\"Prishtin\u00eb 28 janar 2026 12:10 Komuna e Prishtin\u00ebs ka hapur konkurs publik p\u00ebr projektimin e Memorialit P\u00ebrkujtimor kushtuar komandantit legjendar Adem Jashari dhe sakrific\u00ebs s\u00eb\" \/>\n<meta property=\"og:url\" content=\"https:\/\/veritasinfo.org\/?p=29402\" \/>\n<meta property=\"article:published_time\" content=\"2026-01-28T11:11:01+00:00\" \/>\n<meta property=\"og:image\" content=\"https:\/\/veritasinfo.org\/wp-content\/uploads\/2026\/01\/622213491_1435568794853935_6544779215563494665_n.jpg\" \/>\n\t<meta property=\"og:image:width\" content=\"1280\" \/>\n\t<meta property=\"og:image:height\" content=\"854\" \/>\n\t<meta property=\"og:image:type\" content=\"image\/jpeg\" \/>\n<meta name=\"author\" content=\"US5\" \/>\n<meta name=\"twitter:card\" content=\"summary_large_image\" \/>\n<meta name=\"twitter:label1\" content=\"Written by\" \/>\n\t<meta name=\"twitter:data1\" content=\"US5\" \/>\n<script type=\"application\/ld+json\" class=\"yoast-schema-graph\">{\"@context\":\"https:\/\/schema.org\",\"@graph\":[{\"@type\":\"WebPage\",\"@id\":\"https:\/\/veritasinfo.org\/?p=29402\",\"url\":\"https:\/\/veritasinfo.org\/?p=29402\",\"name\":\"Komuna e Prishtin\u00ebs hap konkurs p\u00ebr projektimin e memorialit p\u00ebrkujtimor \u201cAdem Jashari\u201d -\",\"isPartOf\":{\"@id\":\"https:\/\/veritasinfo.org\/#website\"},\"primaryImageOfPage\":{\"@id\":\"https:\/\/veritasinfo.org\/?p=29402#primaryimage\"},\"image\":{\"@id\":\"https:\/\/veritasinfo.org\/?p=29402#primaryimage\"},\"thumbnailUrl\":\"https:\/\/veritasinfo.org\/wp-content\/uploads\/2026\/01\/622213491_1435568794853935_6544779215563494665_n.jpg\",\"datePublished\":\"2026-01-28T11:11:01+00:00\",\"author\":{\"@id\":\"https:\/\/veritasinfo.org\/#\/schema\/person\/bc442336e35414d04494ab8fb45db4c6\"},\"breadcrumb\":{\"@id\":\"https:\/\/veritasinfo.org\/?p=29402#breadcrumb\"},\"inLanguage\":\"en-US\",\"potentialAction\":[{\"@type\":\"ReadAction\",\"target\":[\"https:\/\/veritasinfo.org\/?p=29402\"]}]},{\"@type\":\"ImageObject\",\"inLanguage\":\"en-US\",\"@id\":\"https:\/\/veritasinfo.org\/?p=29402#primaryimage\",\"url\":\"https:\/\/veritasinfo.org\/wp-content\/uploads\/2026\/01\/622213491_1435568794853935_6544779215563494665_n.jpg\",\"contentUrl\":\"https:\/\/veritasinfo.org\/wp-content\/uploads\/2026\/01\/622213491_1435568794853935_6544779215563494665_n.jpg\",\"width\":1280,\"height\":854},{\"@type\":\"BreadcrumbList\",\"@id\":\"https:\/\/veritasinfo.org\/?p=29402#breadcrumb\",\"itemListElement\":[{\"@type\":\"ListItem\",\"position\":1,\"name\":\"Home\",\"item\":\"https:\/\/veritasinfo.org\/\"},{\"@type\":\"ListItem\",\"position\":2,\"name\":\"Komuna e Prishtin\u00ebs hap konkurs p\u00ebr projektimin e memorialit p\u00ebrkujtimor \u201cAdem Jashari\u201d\"}]},{\"@type\":\"WebSite\",\"@id\":\"https:\/\/veritasinfo.org\/#website\",\"url\":\"https:\/\/veritasinfo.org\/\",\"name\":\"\",\"description\":\"\",\"potentialAction\":[{\"@type\":\"SearchAction\",\"target\":{\"@type\":\"EntryPoint\",\"urlTemplate\":\"https:\/\/veritasinfo.org\/?s={search_term_string}\"},\"query-input\":{\"@type\":\"PropertyValueSpecification\",\"valueRequired\":true,\"valueName\":\"search_term_string\"}}],\"inLanguage\":\"en-US\"},{\"@type\":\"Person\",\"@id\":\"https:\/\/veritasinfo.org\/#\/schema\/person\/bc442336e35414d04494ab8fb45db4c6\",\"name\":\"US5\",\"image\":{\"@type\":\"ImageObject\",\"inLanguage\":\"en-US\",\"@id\":\"https:\/\/veritasinfo.org\/#\/schema\/person\/image\/\",\"url\":\"https:\/\/secure.gravatar.com\/avatar\/16a61e7272a0c5d001121ebb9e60e925d5816e4ac1e443ed3e640d9a6ae55d0c?s=96&d=mm&r=g\",\"contentUrl\":\"https:\/\/secure.gravatar.com\/avatar\/16a61e7272a0c5d001121ebb9e60e925d5816e4ac1e443ed3e640d9a6ae55d0c?s=96&d=mm&r=g\",\"caption\":\"US5\"},\"url\":\"https:\/\/veritasinfo.org\/?author=6\"}]}<\/script>\n<!-- \/ Yoast SEO plugin. -->","yoast_head_json":{"title":"Komuna e Prishtin\u00ebs hap konkurs p\u00ebr projektimin e memorialit p\u00ebrkujtimor \u201cAdem Jashari\u201d -","robots":{"index":"index","follow":"follow","max-snippet":"max-snippet:-1","max-image-preview":"max-image-preview:large","max-video-preview":"max-video-preview:-1"},"canonical":"https:\/\/veritasinfo.org\/?p=29402","og_locale":"en_US","og_type":"article","og_title":"Komuna e Prishtin\u00ebs hap konkurs p\u00ebr projektimin e memorialit p\u00ebrkujtimor \u201cAdem Jashari\u201d -","og_description":"Prishtin\u00eb 28 janar 2026 12:10 Komuna e Prishtin\u00ebs ka hapur konkurs publik p\u00ebr projektimin e Memorialit P\u00ebrkujtimor kushtuar komandantit legjendar Adem Jashari dhe sakrific\u00ebs s\u00eb","og_url":"https:\/\/veritasinfo.org\/?p=29402","article_published_time":"2026-01-28T11:11:01+00:00","og_image":[{"width":1280,"height":854,"url":"https:\/\/veritasinfo.org\/wp-content\/uploads\/2026\/01\/622213491_1435568794853935_6544779215563494665_n.jpg","type":"image\/jpeg"}],"author":"US5","twitter_card":"summary_large_image","twitter_misc":{"Written by":"US5"},"schema":{"@context":"https:\/\/schema.org","@graph":[{"@type":"WebPage","@id":"https:\/\/veritasinfo.org\/?p=29402","url":"https:\/\/veritasinfo.org\/?p=29402","name":"Komuna e Prishtin\u00ebs hap konkurs p\u00ebr projektimin e memorialit p\u00ebrkujtimor \u201cAdem Jashari\u201d -","isPartOf":{"@id":"https:\/\/veritasinfo.org\/#website"},"primaryImageOfPage":{"@id":"https:\/\/veritasinfo.org\/?p=29402#primaryimage"},"image":{"@id":"https:\/\/veritasinfo.org\/?p=29402#primaryimage"},"thumbnailUrl":"https:\/\/veritasinfo.org\/wp-content\/uploads\/2026\/01\/622213491_1435568794853935_6544779215563494665_n.jpg","datePublished":"2026-01-28T11:11:01+00:00","author":{"@id":"https:\/\/veritasinfo.org\/#\/schema\/person\/bc442336e35414d04494ab8fb45db4c6"},"breadcrumb":{"@id":"https:\/\/veritasinfo.org\/?p=29402#breadcrumb"},"inLanguage":"en-US","potentialAction":[{"@type":"ReadAction","target":["https:\/\/veritasinfo.org\/?p=29402"]}]},{"@type":"ImageObject","inLanguage":"en-US","@id":"https:\/\/veritasinfo.org\/?p=29402#primaryimage","url":"https:\/\/veritasinfo.org\/wp-content\/uploads\/2026\/01\/622213491_1435568794853935_6544779215563494665_n.jpg","contentUrl":"https:\/\/veritasinfo.org\/wp-content\/uploads\/2026\/01\/622213491_1435568794853935_6544779215563494665_n.jpg","width":1280,"height":854},{"@type":"BreadcrumbList","@id":"https:\/\/veritasinfo.org\/?p=29402#breadcrumb","itemListElement":[{"@type":"ListItem","position":1,"name":"Home","item":"https:\/\/veritasinfo.org\/"},{"@type":"ListItem","position":2,"name":"Komuna e Prishtin\u00ebs hap konkurs p\u00ebr projektimin e memorialit p\u00ebrkujtimor \u201cAdem Jashari\u201d"}]},{"@type":"WebSite","@id":"https:\/\/veritasinfo.org\/#website","url":"https:\/\/veritasinfo.org\/","name":"","description":"","potentialAction":[{"@type":"SearchAction","target":{"@type":"EntryPoint","urlTemplate":"https:\/\/veritasinfo.org\/?s={search_term_string}"},"query-input":{"@type":"PropertyValueSpecification","valueRequired":true,"valueName":"search_term_string"}}],"inLanguage":"en-US"},{"@type":"Person","@id":"https:\/\/veritasinfo.org\/#\/schema\/person\/bc442336e35414d04494ab8fb45db4c6","name":"US5","image":{"@type":"ImageObject","inLanguage":"en-US","@id":"https:\/\/veritasinfo.org\/#\/schema\/person\/image\/","url":"https:\/\/secure.gravatar.com\/avatar\/16a61e7272a0c5d001121ebb9e60e925d5816e4ac1e443ed3e640d9a6ae55d0c?s=96&d=mm&r=g","contentUrl":"https:\/\/secure.gravatar.com\/avatar\/16a61e7272a0c5d001121ebb9e60e925d5816e4ac1e443ed3e640d9a6ae55d0c?s=96&d=mm&r=g","caption":"US5"},"url":"https:\/\/veritasinfo.org\/?author=6"}]}},"featured_image_urls":{"full":["https:\/\/veritasinfo.org\/wp-content\/uploads\/2026\/01\/622213491_1435568794853935_6544779215563494665_n.jpg",1280,854,false],"thumbnail":["https:\/\/veritasinfo.org\/wp-content\/uploads\/2026\/01\/622213491_1435568794853935_6544779215563494665_n-150x150.jpg",150,150,true],"medium":["https:\/\/veritasinfo.org\/wp-content\/uploads\/2026\/01\/622213491_1435568794853935_6544779215563494665_n-300x200.jpg",300,200,true],"medium_large":["https:\/\/veritasinfo.org\/wp-content\/uploads\/2026\/01\/622213491_1435568794853935_6544779215563494665_n-768x512.jpg",640,427,true],"large":["https:\/\/veritasinfo.org\/wp-content\/uploads\/2026\/01\/622213491_1435568794853935_6544779215563494665_n-1024x683.jpg",640,427,true],"1536x1536":["https:\/\/veritasinfo.org\/wp-content\/uploads\/2026\/01\/622213491_1435568794853935_6544779215563494665_n.jpg",1280,854,false],"2048x2048":["https:\/\/veritasinfo.org\/wp-content\/uploads\/2026\/01\/622213491_1435568794853935_6544779215563494665_n.jpg",1280,854,false],"kreeti-slider-full":["https:\/\/veritasinfo.org\/wp-content\/uploads\/2026\/01\/622213491_1435568794853935_6544779215563494665_n.jpg",1079,720,false],"kreeti-featured":["https:\/\/veritasinfo.org\/wp-content\/uploads\/2026\/01\/622213491_1435568794853935_6544779215563494665_n.jpg",1024,683,false],"kreeti-medium":["https:\/\/veritasinfo.org\/wp-content\/uploads\/2026\/01\/622213491_1435568794853935_6544779215563494665_n.jpg",720,480,false],"kreeti-medium-square":["https:\/\/veritasinfo.org\/wp-content\/uploads\/2026\/01\/622213491_1435568794853935_6544779215563494665_n.jpg",350,234,false]},"author_info":{"info":["US5"]},"category_info":"<a href=\"https:\/\/veritasinfo.org\/?cat=60\" rel=\"category\">Shoq\u00ebrore<\/a>","tag_info":"Shoq\u00ebrore","comment_count":"0","_links":{"self":[{"href":"https:\/\/veritasinfo.org\/index.php?rest_route=\/wp\/v2\/posts\/29402","targetHints":{"allow":["GET"]}}],"collection":[{"href":"https:\/\/veritasinfo.org\/index.php?rest_route=\/wp\/v2\/posts"}],"about":[{"href":"https:\/\/veritasinfo.org\/index.php?rest_route=\/wp\/v2\/types\/post"}],"author":[{"embeddable":true,"href":"https:\/\/veritasinfo.org\/index.php?rest_route=\/wp\/v2\/users\/6"}],"replies":[{"embeddable":true,"href":"https:\/\/veritasinfo.org\/index.php?rest_route=%2Fwp%2Fv2%2Fcomments&post=29402"}],"version-history":[{"count":1,"href":"https:\/\/veritasinfo.org\/index.php?rest_route=\/wp\/v2\/posts\/29402\/revisions"}],"predecessor-version":[{"id":29404,"href":"https:\/\/veritasinfo.org\/index.php?rest_route=\/wp\/v2\/posts\/29402\/revisions\/29404"}],"wp:featuredmedia":[{"embeddable":true,"href":"https:\/\/veritasinfo.org\/index.php?rest_route=\/wp\/v2\/media\/29403"}],"wp:attachment":[{"href":"https:\/\/veritasinfo.org\/index.php?rest_route=%2Fwp%2Fv2%2Fmedia&parent=29402"}],"wp:term":[{"taxonomy":"category","embeddable":true,"href":"https:\/\/veritasinfo.org\/index.php?rest_route=%2Fwp%2Fv2%2Fcategories&post=29402"},{"taxonomy":"post_tag","embeddable":true,"href":"https:\/\/veritasinfo.org\/index.php?rest_route=%2Fwp%2Fv2%2Ftags&post=29402"}],"curies":[{"name":"wp","href":"https:\/\/api.w.org\/{rel}","templated":true}]}}