{"id":29381,"date":"2026-01-28T08:51:32","date_gmt":"2026-01-28T07:51:32","guid":{"rendered":"https:\/\/veritasinfo.org\/?p=29381"},"modified":"2026-01-28T08:51:32","modified_gmt":"2026-01-28T07:51:32","slug":"fotografia-qe-e-sjell-vucicin-ne-kontakt-te-drejtperdrejte-me-milan-radojicicin","status":"publish","type":"post","link":"https:\/\/veritasinfo.org\/?p=29381","title":{"rendered":"Fotografia q\u00eb e sjell Vu\u00e7i\u00e7in n\u00eb kontakt t\u00eb drejtp\u00ebrdrejt\u00eb me Milan Radoji\u00e7i\u00e7in"},"content":{"rendered":"<p><strong>Beograd, 28 janar 2026 08:51<\/strong><\/p>\n<p>Gjat\u00eb seanc\u00ebs s\u00eb djeshme t\u00eb Asambles\u00eb Komb\u00ebtare t\u00eb Serbis\u00eb, deputeti dhe kryetari i nj\u00ebr\u00ebs prej partive opozitare, Miki Aleksi\u00e7, shkaktoi reagime t\u00eb stuhishme pasi tregoi nj\u00eb foto t\u00eb Presidentit t\u00eb Serbis\u00eb dhe Milan Radoji\u00e7i\u00e7it s\u00eb bashku nga foltorja (n\u00eb ambientet e Qeveris\u00eb s\u00eb Serbis\u00eb).<\/p>\n<p>Me at\u00eb rast, Aleksi\u00e7 i drejtoi nj\u00eb pyetje t\u00eb drejtp\u00ebrdrejt\u00eb autoriteteve dhe presidentit t\u00eb vendit: si \u00ebsht\u00eb e mundur q\u00eb presidenti i Serbis\u00eb t\u00eb ulet dhe t\u00eb bashk\u00ebpunoj\u00eb me nj\u00eb njeri q\u00eb pranoi publikisht se organizoi sulm t\u00eb armatosur n\u00eb Banjsk\u00eb, ngjarje kjo, q\u00eb bashk\u00ebsia nd\u00ebrkomb\u00ebtare e karakterizoi si nj\u00eb incident t\u00eb r\u00ebnd\u00eb sigurie, dhe q\u00eb ende trajtohet si sulm terrorist.<\/p>\n<p>Deputeti i opozit\u00ebs kujtoi gjithashtu se emri i Milan Radoji\u00e7i\u00e7it \u00ebsht\u00eb i lidhur me disa krime t\u00eb r\u00ebnda, p\u00ebrfshir\u00eb vrasjen e Oliver Ivanovi\u00e7it, nj\u00eb rast q\u00eb nuk ka marr\u00eb nj\u00eb p\u00ebrfundim p\u00ebrfundimtar gjyq\u00ebsor edhe pas shum\u00eb vitesh. &#8220;N\u00ebse Serbia mb\u00ebshtet sundimin e ligjit, si \u00ebsht\u00eb e mundur q\u00eb zyrtar\u00ebt m\u00eb t\u00eb lart\u00eb shtet\u00ebror\u00eb t\u00eb shoq\u00ebrohen publikisht me persona q\u00eb jan\u00eb n\u00ebn akuza t\u00eb r\u00ebnda p\u00ebr terroriz\u00ebm dhe vrasje politike?&#8221; pyeti Aleksi\u0107 nga foltorja parlamentare.<\/p>\n<p>Kjo ngjarje fiton pesh\u00eb shtes\u00eb sepse ndodh vet\u00ebm dy dit\u00eb pasi Sekretari i P\u00ebrgjithsh\u00ebm i NATO-s, Mark Rutte, u b\u00ebri thirrje publikisht autoriteteve n\u00eb Serbi t\u00eb ndjekin penalisht ata q\u00eb jan\u00eb p\u00ebrgjegj\u00ebs p\u00ebr dhun\u00ebn n\u00eb Banjska dhe t\u00eb hedhin drit\u00eb mbi rastin.<\/p>\n<p>Opozita vler\u00ebson se foto t\u00eb tilla dhe mungesa e nj\u00eb reagimi t\u00eb qart\u00eb institucional e kompromentojn\u00eb m\u00eb tej Serbin\u00eb n\u00eb syt\u00eb e bashk\u00ebsis\u00eb nd\u00ebrkomb\u00ebtare dhe d\u00ebrgojn\u00eb mesazhin se t\u00eb nj\u00ebjtat rregulla nuk vlejn\u00eb p\u00ebr individ\u00ebt af\u00ebr autoriteteve si p\u00ebr qytetar\u00ebt e tjer\u00eb. Deri m\u00eb tani, nuk ka pasur asnj\u00eb koment zyrtar nga Kabineti i Presidentit t\u00eb Serbis\u00eb n\u00eb lidhje me deklaratat e b\u00ebra n\u00eb Parlament.<\/p>\n","protected":false},"excerpt":{"rendered":"<p>Beograd, 28 janar 2026 08:51 Gjat\u00eb seanc\u00ebs s\u00eb djeshme t\u00eb Asambles\u00eb Komb\u00ebtare t\u00eb Serbis\u00eb, deputeti dhe kryetari i nj\u00ebr\u00ebs prej partive opozitare, Miki Aleksi\u00e7, shkaktoi<\/p>\n","protected":false},"author":2,"featured_media":29382,"comment_status":"open","ping_status":"open","sticky":false,"template":"","format":"standard","meta":{"footnotes":""},"categories":[58],"tags":[],"class_list":["post-29381","post","type-post","status-publish","format-standard","has-post-thumbnail","hentry","category-politike-sq"],"yoast_head":"<!-- This site is optimized with the Yoast SEO plugin v25.3.1 - https:\/\/yoast.com\/wordpress\/plugins\/seo\/ -->\n<title>Fotografia q\u00eb e sjell Vu\u00e7i\u00e7in n\u00eb kontakt t\u00eb drejtp\u00ebrdrejt\u00eb me Milan Radoji\u00e7i\u00e7in -<\/title>\n<meta name=\"robots\" content=\"index, follow, max-snippet:-1, max-image-preview:large, max-video-preview:-1\" \/>\n<link rel=\"canonical\" href=\"https:\/\/veritasinfo.org\/?p=29381\" \/>\n<meta property=\"og:locale\" content=\"en_US\" \/>\n<meta property=\"og:type\" content=\"article\" \/>\n<meta property=\"og:title\" content=\"Fotografia q\u00eb e sjell Vu\u00e7i\u00e7in n\u00eb kontakt t\u00eb drejtp\u00ebrdrejt\u00eb me Milan Radoji\u00e7i\u00e7in -\" \/>\n<meta property=\"og:description\" content=\"Beograd, 28 janar 2026 08:51 Gjat\u00eb seanc\u00ebs s\u00eb djeshme t\u00eb Asambles\u00eb Komb\u00ebtare t\u00eb Serbis\u00eb, deputeti dhe kryetari i nj\u00ebr\u00ebs prej partive opozitare, Miki Aleksi\u00e7, shkaktoi\" \/>\n<meta property=\"og:url\" content=\"https:\/\/veritasinfo.org\/?p=29381\" \/>\n<meta property=\"article:published_time\" content=\"2026-01-28T07:51:32+00:00\" \/>\n<meta property=\"og:image\" content=\"https:\/\/veritasinfo.org\/wp-content\/uploads\/2026\/01\/Vuqiq-Radojqiq.jpeg\" \/>\n\t<meta property=\"og:image:width\" content=\"240\" \/>\n\t<meta property=\"og:image:height\" content=\"153\" \/>\n\t<meta property=\"og:image:type\" content=\"image\/jpeg\" \/>\n<meta name=\"author\" content=\"US1\" \/>\n<meta name=\"twitter:card\" content=\"summary_large_image\" \/>\n<meta name=\"twitter:label1\" content=\"Written by\" \/>\n\t<meta name=\"twitter:data1\" content=\"US1\" \/>\n\t<meta name=\"twitter:label2\" content=\"Est. reading time\" \/>\n\t<meta name=\"twitter:data2\" content=\"2 minutes\" \/>\n<script type=\"application\/ld+json\" class=\"yoast-schema-graph\">{\"@context\":\"https:\/\/schema.org\",\"@graph\":[{\"@type\":\"WebPage\",\"@id\":\"https:\/\/veritasinfo.org\/?p=29381\",\"url\":\"https:\/\/veritasinfo.org\/?p=29381\",\"name\":\"Fotografia q\u00eb e sjell Vu\u00e7i\u00e7in n\u00eb kontakt t\u00eb drejtp\u00ebrdrejt\u00eb me Milan Radoji\u00e7i\u00e7in -\",\"isPartOf\":{\"@id\":\"https:\/\/veritasinfo.org\/#website\"},\"primaryImageOfPage\":{\"@id\":\"https:\/\/veritasinfo.org\/?p=29381#primaryimage\"},\"image\":{\"@id\":\"https:\/\/veritasinfo.org\/?p=29381#primaryimage\"},\"thumbnailUrl\":\"https:\/\/veritasinfo.org\/wp-content\/uploads\/2026\/01\/Vuqiq-Radojqiq.jpeg\",\"datePublished\":\"2026-01-28T07:51:32+00:00\",\"author\":{\"@id\":\"https:\/\/veritasinfo.org\/#\/schema\/person\/c2b8be262ea994d0995addca692c5e98\"},\"breadcrumb\":{\"@id\":\"https:\/\/veritasinfo.org\/?p=29381#breadcrumb\"},\"inLanguage\":\"en-US\",\"potentialAction\":[{\"@type\":\"ReadAction\",\"target\":[\"https:\/\/veritasinfo.org\/?p=29381\"]}]},{\"@type\":\"ImageObject\",\"inLanguage\":\"en-US\",\"@id\":\"https:\/\/veritasinfo.org\/?p=29381#primaryimage\",\"url\":\"https:\/\/veritasinfo.org\/wp-content\/uploads\/2026\/01\/Vuqiq-Radojqiq.jpeg\",\"contentUrl\":\"https:\/\/veritasinfo.org\/wp-content\/uploads\/2026\/01\/Vuqiq-Radojqiq.jpeg\",\"width\":240,\"height\":153},{\"@type\":\"BreadcrumbList\",\"@id\":\"https:\/\/veritasinfo.org\/?p=29381#breadcrumb\",\"itemListElement\":[{\"@type\":\"ListItem\",\"position\":1,\"name\":\"Home\",\"item\":\"https:\/\/veritasinfo.org\/\"},{\"@type\":\"ListItem\",\"position\":2,\"name\":\"Fotografia q\u00eb e sjell Vu\u00e7i\u00e7in n\u00eb kontakt t\u00eb drejtp\u00ebrdrejt\u00eb me Milan Radoji\u00e7i\u00e7in\"}]},{\"@type\":\"WebSite\",\"@id\":\"https:\/\/veritasinfo.org\/#website\",\"url\":\"https:\/\/veritasinfo.org\/\",\"name\":\"\",\"description\":\"\",\"potentialAction\":[{\"@type\":\"SearchAction\",\"target\":{\"@type\":\"EntryPoint\",\"urlTemplate\":\"https:\/\/veritasinfo.org\/?s={search_term_string}\"},\"query-input\":{\"@type\":\"PropertyValueSpecification\",\"valueRequired\":true,\"valueName\":\"search_term_string\"}}],\"inLanguage\":\"en-US\"},{\"@type\":\"Person\",\"@id\":\"https:\/\/veritasinfo.org\/#\/schema\/person\/c2b8be262ea994d0995addca692c5e98\",\"name\":\"US1\",\"image\":{\"@type\":\"ImageObject\",\"inLanguage\":\"en-US\",\"@id\":\"https:\/\/veritasinfo.org\/#\/schema\/person\/image\/\",\"url\":\"https:\/\/secure.gravatar.com\/avatar\/4e96a59bd256abf9956eb9963ac891a47461ffb364d47b0e9aab113328fdb75b?s=96&d=mm&r=g\",\"contentUrl\":\"https:\/\/secure.gravatar.com\/avatar\/4e96a59bd256abf9956eb9963ac891a47461ffb364d47b0e9aab113328fdb75b?s=96&d=mm&r=g\",\"caption\":\"US1\"},\"url\":\"https:\/\/veritasinfo.org\/?author=2\"}]}<\/script>\n<!-- \/ Yoast SEO plugin. -->","yoast_head_json":{"title":"Fotografia q\u00eb e sjell Vu\u00e7i\u00e7in n\u00eb kontakt t\u00eb drejtp\u00ebrdrejt\u00eb me Milan Radoji\u00e7i\u00e7in -","robots":{"index":"index","follow":"follow","max-snippet":"max-snippet:-1","max-image-preview":"max-image-preview:large","max-video-preview":"max-video-preview:-1"},"canonical":"https:\/\/veritasinfo.org\/?p=29381","og_locale":"en_US","og_type":"article","og_title":"Fotografia q\u00eb e sjell Vu\u00e7i\u00e7in n\u00eb kontakt t\u00eb drejtp\u00ebrdrejt\u00eb me Milan Radoji\u00e7i\u00e7in -","og_description":"Beograd, 28 janar 2026 08:51 Gjat\u00eb seanc\u00ebs s\u00eb djeshme t\u00eb Asambles\u00eb Komb\u00ebtare t\u00eb Serbis\u00eb, deputeti dhe kryetari i nj\u00ebr\u00ebs prej partive opozitare, Miki Aleksi\u00e7, shkaktoi","og_url":"https:\/\/veritasinfo.org\/?p=29381","article_published_time":"2026-01-28T07:51:32+00:00","og_image":[{"width":240,"height":153,"url":"https:\/\/veritasinfo.org\/wp-content\/uploads\/2026\/01\/Vuqiq-Radojqiq.jpeg","type":"image\/jpeg"}],"author":"US1","twitter_card":"summary_large_image","twitter_misc":{"Written by":"US1","Est. reading time":"2 minutes"},"schema":{"@context":"https:\/\/schema.org","@graph":[{"@type":"WebPage","@id":"https:\/\/veritasinfo.org\/?p=29381","url":"https:\/\/veritasinfo.org\/?p=29381","name":"Fotografia q\u00eb e sjell Vu\u00e7i\u00e7in n\u00eb kontakt t\u00eb drejtp\u00ebrdrejt\u00eb me Milan Radoji\u00e7i\u00e7in -","isPartOf":{"@id":"https:\/\/veritasinfo.org\/#website"},"primaryImageOfPage":{"@id":"https:\/\/veritasinfo.org\/?p=29381#primaryimage"},"image":{"@id":"https:\/\/veritasinfo.org\/?p=29381#primaryimage"},"thumbnailUrl":"https:\/\/veritasinfo.org\/wp-content\/uploads\/2026\/01\/Vuqiq-Radojqiq.jpeg","datePublished":"2026-01-28T07:51:32+00:00","author":{"@id":"https:\/\/veritasinfo.org\/#\/schema\/person\/c2b8be262ea994d0995addca692c5e98"},"breadcrumb":{"@id":"https:\/\/veritasinfo.org\/?p=29381#breadcrumb"},"inLanguage":"en-US","potentialAction":[{"@type":"ReadAction","target":["https:\/\/veritasinfo.org\/?p=29381"]}]},{"@type":"ImageObject","inLanguage":"en-US","@id":"https:\/\/veritasinfo.org\/?p=29381#primaryimage","url":"https:\/\/veritasinfo.org\/wp-content\/uploads\/2026\/01\/Vuqiq-Radojqiq.jpeg","contentUrl":"https:\/\/veritasinfo.org\/wp-content\/uploads\/2026\/01\/Vuqiq-Radojqiq.jpeg","width":240,"height":153},{"@type":"BreadcrumbList","@id":"https:\/\/veritasinfo.org\/?p=29381#breadcrumb","itemListElement":[{"@type":"ListItem","position":1,"name":"Home","item":"https:\/\/veritasinfo.org\/"},{"@type":"ListItem","position":2,"name":"Fotografia q\u00eb e sjell Vu\u00e7i\u00e7in n\u00eb kontakt t\u00eb drejtp\u00ebrdrejt\u00eb me Milan Radoji\u00e7i\u00e7in"}]},{"@type":"WebSite","@id":"https:\/\/veritasinfo.org\/#website","url":"https:\/\/veritasinfo.org\/","name":"","description":"","potentialAction":[{"@type":"SearchAction","target":{"@type":"EntryPoint","urlTemplate":"https:\/\/veritasinfo.org\/?s={search_term_string}"},"query-input":{"@type":"PropertyValueSpecification","valueRequired":true,"valueName":"search_term_string"}}],"inLanguage":"en-US"},{"@type":"Person","@id":"https:\/\/veritasinfo.org\/#\/schema\/person\/c2b8be262ea994d0995addca692c5e98","name":"US1","image":{"@type":"ImageObject","inLanguage":"en-US","@id":"https:\/\/veritasinfo.org\/#\/schema\/person\/image\/","url":"https:\/\/secure.gravatar.com\/avatar\/4e96a59bd256abf9956eb9963ac891a47461ffb364d47b0e9aab113328fdb75b?s=96&d=mm&r=g","contentUrl":"https:\/\/secure.gravatar.com\/avatar\/4e96a59bd256abf9956eb9963ac891a47461ffb364d47b0e9aab113328fdb75b?s=96&d=mm&r=g","caption":"US1"},"url":"https:\/\/veritasinfo.org\/?author=2"}]}},"featured_image_urls":{"full":["https:\/\/veritasinfo.org\/wp-content\/uploads\/2026\/01\/Vuqiq-Radojqiq.jpeg",240,153,false],"thumbnail":["https:\/\/veritasinfo.org\/wp-content\/uploads\/2026\/01\/Vuqiq-Radojqiq-150x150.jpeg",150,150,true],"medium":["https:\/\/veritasinfo.org\/wp-content\/uploads\/2026\/01\/Vuqiq-Radojqiq.jpeg",240,153,false],"medium_large":["https:\/\/veritasinfo.org\/wp-content\/uploads\/2026\/01\/Vuqiq-Radojqiq.jpeg",240,153,false],"large":["https:\/\/veritasinfo.org\/wp-content\/uploads\/2026\/01\/Vuqiq-Radojqiq.jpeg",240,153,false],"1536x1536":["https:\/\/veritasinfo.org\/wp-content\/uploads\/2026\/01\/Vuqiq-Radojqiq.jpeg",240,153,false],"2048x2048":["https:\/\/veritasinfo.org\/wp-content\/uploads\/2026\/01\/Vuqiq-Radojqiq.jpeg",240,153,false],"kreeti-slider-full":["https:\/\/veritasinfo.org\/wp-content\/uploads\/2026\/01\/Vuqiq-Radojqiq.jpeg",240,153,false],"kreeti-featured":["https:\/\/veritasinfo.org\/wp-content\/uploads\/2026\/01\/Vuqiq-Radojqiq.jpeg",240,153,false],"kreeti-medium":["https:\/\/veritasinfo.org\/wp-content\/uploads\/2026\/01\/Vuqiq-Radojqiq.jpeg",240,153,false],"kreeti-medium-square":["https:\/\/veritasinfo.org\/wp-content\/uploads\/2026\/01\/Vuqiq-Radojqiq.jpeg",240,153,false]},"author_info":{"info":["US1"]},"category_info":"<a href=\"https:\/\/veritasinfo.org\/?cat=58\" rel=\"category\">Politik\u00eb<\/a>","tag_info":"Politik\u00eb","comment_count":"0","_links":{"self":[{"href":"https:\/\/veritasinfo.org\/index.php?rest_route=\/wp\/v2\/posts\/29381","targetHints":{"allow":["GET"]}}],"collection":[{"href":"https:\/\/veritasinfo.org\/index.php?rest_route=\/wp\/v2\/posts"}],"about":[{"href":"https:\/\/veritasinfo.org\/index.php?rest_route=\/wp\/v2\/types\/post"}],"author":[{"embeddable":true,"href":"https:\/\/veritasinfo.org\/index.php?rest_route=\/wp\/v2\/users\/2"}],"replies":[{"embeddable":true,"href":"https:\/\/veritasinfo.org\/index.php?rest_route=%2Fwp%2Fv2%2Fcomments&post=29381"}],"version-history":[{"count":1,"href":"https:\/\/veritasinfo.org\/index.php?rest_route=\/wp\/v2\/posts\/29381\/revisions"}],"predecessor-version":[{"id":29383,"href":"https:\/\/veritasinfo.org\/index.php?rest_route=\/wp\/v2\/posts\/29381\/revisions\/29383"}],"wp:featuredmedia":[{"embeddable":true,"href":"https:\/\/veritasinfo.org\/index.php?rest_route=\/wp\/v2\/media\/29382"}],"wp:attachment":[{"href":"https:\/\/veritasinfo.org\/index.php?rest_route=%2Fwp%2Fv2%2Fmedia&parent=29381"}],"wp:term":[{"taxonomy":"category","embeddable":true,"href":"https:\/\/veritasinfo.org\/index.php?rest_route=%2Fwp%2Fv2%2Fcategories&post=29381"},{"taxonomy":"post_tag","embeddable":true,"href":"https:\/\/veritasinfo.org\/index.php?rest_route=%2Fwp%2Fv2%2Ftags&post=29381"}],"curies":[{"name":"wp","href":"https:\/\/api.w.org\/{rel}","templated":true}]}}