{"id":29340,"date":"2026-01-27T19:23:41","date_gmt":"2026-01-27T18:23:41","guid":{"rendered":"https:\/\/veritasinfo.org\/?p=29340"},"modified":"2026-01-27T19:23:41","modified_gmt":"2026-01-27T18:23:41","slug":"edicioni-i-peste-i-liges-se-kombeve-data-e-shortit-perballja-e-ndaluar-dhe-rivalet-e-forte-te-kosove","status":"publish","type":"post","link":"https:\/\/veritasinfo.org\/?p=29340","title":{"rendered":"Edicioni i pest\u00eb i Lig\u00ebs s\u00eb Kombeve: Data e shortit, p\u00ebrballja e ndaluar dhe rival\u00ebt e fort\u00eb t\u00eb Kosov\u00eb"},"content":{"rendered":"<p>Prishtin\u00eb, 27 janar 2026 19:21<\/p>\n<p>Edicioni i pest\u00eb i Lig\u00ebs s\u00eb Kombeve t\u00eb UEFA-s do t\u00eb nis\u00eb m\u00eb 24 shtator 2026, duke sh\u00ebnuar vazhdimin e nj\u00eb gare q\u00eb ka z\u00ebvend\u00ebsuar ndeshjet miq\u00ebsore dhe q\u00eb nj\u00ebkoh\u00ebsisht sjell p\u00ebrfitime financiare p\u00ebr federatat nacionale dhe vet\u00eb UEFA-n.<\/p>\n<p>Liga e Kombeve p\u00ebrb\u00ebhet nga kat\u00ebr nivele, nd\u00ebrsa Kosova p\u00ebr her\u00eb t\u00eb par\u00eb n\u00eb histori do t\u00eb garoj\u00eb n\u00eb Lig\u00ebn B, nivelin e dyt\u00eb t\u00eb k\u00ebsaj gare.<\/p>\n<p>Kjo u arrit vitin e shkuar, kur Kosova mposhti Island\u00ebn n\u00eb play-off, duke siguruar vendin n\u00eb Lig\u00ebn B.<\/p>\n<p>Nga Liga D n\u00eb Lig\u00ebn B \u2013 rrug\u00ebtimi i Kosov\u00ebs<\/p>\n<p>N\u00eb edicionin e par\u00eb (2018\/19), Kosova ishte pjes\u00eb e Lig\u00ebs D, niveli i kat\u00ebrt dhe i fundit. M\u00eb pas, p\u00ebr tri edicione radhazi, \u201cDardan\u00ebt\u201d garuan n\u00eb Lig\u00ebn C.<\/p>\n<p>Promovimi n\u00eb Lig\u00ebn B p\u00ebr edicionin 2026\/27 erdhi fal\u00eb dy fitoreve n\u00eb play-off ndaj Island\u00ebs, n\u00eb mars t\u00eb vitit t\u00eb kaluar, nj\u00eb sukses historik p\u00ebr p\u00ebrfaq\u00ebsuesen kosovare.<\/p>\n<p>Shorti dhe vazot: Kosova n\u00eb vazon e kat\u00ebrt<\/p>\n<p>Shorti p\u00ebr edicionin e ri t\u00eb Lig\u00ebs s\u00eb Kombeve do t\u00eb hidhet m\u00eb 12 shkurt n\u00eb Bruksel. Kosova do t\u00eb jet\u00eb n\u00eb vazon e kat\u00ebrt, s\u00eb bashku me Suedin\u00eb, Maqedonin\u00eb e Veriut dhe Irland\u00ebn e Veriut.<\/p>\n<p>Vazoja 1: Skocia, Hungaria, Polonia, Izraeli<\/p>\n<p>Vazoja 2: Zvicra, Bosnj\u00eb-Hercegovina, Austria, Ukraina<\/p>\n<p>Vazoja 3: Sllovenia, Gjeorgjia, Irlanda, Rumania<\/p>\n<p>P\u00ebrballja e vetme e ndaluar, ndaj Bosnje-Hercegovin\u00ebs<\/p>\n<p>Kosova do t\u00eb ket\u00eb n\u00eb grup nga nj\u00eb p\u00ebrfaq\u00ebsuese nga secila prej tri vazove t\u00eb para. P\u00ebrballja e vetme e ndaluar: Kosova \u2013 Bosnj\u00eb-Hercegovin\u00eb.<\/p>\n<p>Sipas vendimeve t\u00eb Komitetit Ekzekutiv t\u00eb UEFA-s, Kosova nuk mund t\u00eb p\u00ebrballet me Bosnj\u00eb-Hercegovin\u00ebn, ndon\u00ebse kjo e fundit ndodhet n\u00eb vazon e dyt\u00eb.<\/p>\n<p>\u201cBazuar n\u00eb vendimet e Komitetit Ekzekutiv t\u00eb UEFA-s, ekipet q\u00eb nuk mund t\u00eb jen\u00eb n\u00eb nj\u00eb grup jan\u00eb: Bosnj\u00eb-Hercegovina (Liga B, vazo 2) \u2013 Kosova (Liga B, vazo 4)\u201d, thuhet n\u00eb njoftimin zyrtar t\u00eb UEFA-s.<\/p>\n<p>Q\u00eb nga viti 2016, UEFA ka ndaluar p\u00ebrballjet e Kosov\u00ebs me Serbin\u00eb dhe Bosnj\u00eb-Hercegovin\u00ebn p\u00ebr arsye sigurie, nd\u00ebrsa n\u00eb vitin 2019 u ndaluan edhe ndeshjet Kosov\u00eb \u2013 Rusi.<\/p>\n<p>Rumania dhe Ukraina, sfida potenciale me histori tensioni<\/p>\n<p>Nd\u00ebr p\u00ebrballjet potencialisht m\u00eb t\u00eb nd\u00ebrlikuara p\u00ebr Kosov\u00ebn jan\u00eb ato me Rumanin\u00eb. T\u00eb gjitha ndeshjet e m\u00ebparshme mes dy p\u00ebrfaq\u00ebsueseve jan\u00eb shoq\u00ebruar me tensione politike dhe sjellje fyese nga tifoz\u00ebt rumun\u00eb, p\u00ebrfshir\u00eb thirrje provokuese edhe n\u00eb Prishtin\u00eb.<\/p>\n<p>Edhe ndeshjet e kaluara me Ukrain\u00ebn kan\u00eb pasur elemente ndjeshm\u00ebrie politike, \u00e7ka e b\u00ebn grupin e Kosov\u00ebs potencialisht shum\u00eb interesant dhe delikat.<\/p>\n<p>Datat e ndeshjeve dhe fokusi aktual i Kosov\u00ebs<\/p>\n<p>Ndeshjet e faz\u00ebs s\u00eb lig\u00ebs do t\u00eb zhvillohen nga 24 shtatori deri m\u00eb 17 n\u00ebntor, me nga dy ndeshje n\u00eb shtator, tetor dhe n\u00ebntor.<\/p>\n<p>Megjithat\u00eb, aktualisht i gjith\u00eb fokusi i Kosov\u00ebs \u00ebsht\u00eb te play-offi p\u00ebr kualifikim n\u00eb Kup\u00ebn e Bot\u00ebs 2026. M\u00eb 26 mars, \u201cDardan\u00ebt\u201d luajn\u00eb ndaj Sllovakis\u00eb n\u00eb Bratislav\u00eb n\u00eb gjysm\u00ebfinale, nd\u00ebrsa n\u00eb rast fitoreje, m\u00eb 31 mars do t\u00eb p\u00ebrballen me Turqin\u00eb ose Rumanin\u00eb n\u00eb finale.<\/p>\n<p>Fituesi i finales siguron bilet\u00ebn p\u00ebr Bot\u00ebrorin 2026, q\u00eb do t\u00eb mbahet n\u00eb SHBA, Kanada dhe Meksik\u00eb.<\/p>\n<p>Lig\u00eb m\u00eb lart se Sllovakia, konkurrenc\u00eb m\u00eb e fort\u00eb<\/p>\n<p>Derisa Kosova do t\u00eb garoj\u00eb n\u00eb Lig\u00ebn B, Sllovakia mbetet n\u00eb Lig\u00ebn C, \u00e7ka do t\u00eb thot\u00eb se nuk mund t\u00eb ket\u00eb p\u00ebrballje mes dy p\u00ebrfaq\u00ebsueseve n\u00eb Lig\u00ebn e Kombeve.<\/p>\n<p>N\u00eb Lig\u00ebn B, ku do t\u00eb garoj\u00eb Kosova, ndodhen p\u00ebrfaq\u00ebsuese shum\u00eb m\u00eb t\u00eb forta, duke e b\u00ebr\u00eb k\u00ebt\u00eb edicion nj\u00eb sfid\u00eb t\u00eb madhe, por edhe nj\u00eb test real p\u00ebr nivelin e \u201cDardan\u00ebve\u201d.<\/p>\n","protected":false},"excerpt":{"rendered":"<p>Prishtin\u00eb, 27 janar 2026 19:21 Edicioni i pest\u00eb i Lig\u00ebs s\u00eb Kombeve t\u00eb UEFA-s do t\u00eb nis\u00eb m\u00eb 24 shtator 2026, duke sh\u00ebnuar vazhdimin e<\/p>\n","protected":false},"author":7,"featured_media":29341,"comment_status":"open","ping_status":"open","sticky":false,"template":"","format":"standard","meta":{"footnotes":""},"categories":[5],"tags":[],"class_list":["post-29340","post","type-post","status-publish","format-standard","has-post-thumbnail","hentry","category-sport-sq"],"yoast_head":"<!-- This site is optimized with the Yoast SEO plugin v25.3.1 - https:\/\/yoast.com\/wordpress\/plugins\/seo\/ -->\n<title>Edicioni i pest\u00eb i Lig\u00ebs s\u00eb Kombeve: Data e shortit, p\u00ebrballja e ndaluar dhe rival\u00ebt e fort\u00eb t\u00eb Kosov\u00eb -<\/title>\n<meta name=\"robots\" content=\"index, follow, max-snippet:-1, max-image-preview:large, max-video-preview:-1\" \/>\n<link rel=\"canonical\" href=\"https:\/\/veritasinfo.org\/?p=29340\" \/>\n<meta property=\"og:locale\" content=\"en_US\" \/>\n<meta property=\"og:type\" content=\"article\" \/>\n<meta property=\"og:title\" content=\"Edicioni i pest\u00eb i Lig\u00ebs s\u00eb Kombeve: Data e shortit, p\u00ebrballja e ndaluar dhe rival\u00ebt e fort\u00eb t\u00eb Kosov\u00eb -\" \/>\n<meta property=\"og:description\" content=\"Prishtin\u00eb, 27 janar 2026 19:21 Edicioni i pest\u00eb i Lig\u00ebs s\u00eb Kombeve t\u00eb UEFA-s do t\u00eb nis\u00eb m\u00eb 24 shtator 2026, duke sh\u00ebnuar vazhdimin e\" \/>\n<meta property=\"og:url\" content=\"https:\/\/veritasinfo.org\/?p=29340\" \/>\n<meta property=\"article:published_time\" content=\"2026-01-27T18:23:41+00:00\" \/>\n<meta property=\"og:image\" content=\"https:\/\/veritasinfo.org\/wp-content\/uploads\/2026\/01\/1-80.jpg\" \/>\n\t<meta property=\"og:image:width\" content=\"589\" \/>\n\t<meta property=\"og:image:height\" content=\"391\" \/>\n\t<meta property=\"og:image:type\" content=\"image\/jpeg\" \/>\n<meta name=\"author\" content=\"US6\" \/>\n<meta name=\"twitter:card\" content=\"summary_large_image\" \/>\n<meta name=\"twitter:label1\" content=\"Written by\" \/>\n\t<meta name=\"twitter:data1\" content=\"US6\" \/>\n\t<meta name=\"twitter:label2\" content=\"Est. reading time\" \/>\n\t<meta name=\"twitter:data2\" content=\"3 minutes\" \/>\n<script type=\"application\/ld+json\" class=\"yoast-schema-graph\">{\"@context\":\"https:\/\/schema.org\",\"@graph\":[{\"@type\":\"WebPage\",\"@id\":\"https:\/\/veritasinfo.org\/?p=29340\",\"url\":\"https:\/\/veritasinfo.org\/?p=29340\",\"name\":\"Edicioni i pest\u00eb i Lig\u00ebs s\u00eb Kombeve: Data e shortit, p\u00ebrballja e ndaluar dhe rival\u00ebt e fort\u00eb t\u00eb Kosov\u00eb -\",\"isPartOf\":{\"@id\":\"https:\/\/veritasinfo.org\/#website\"},\"primaryImageOfPage\":{\"@id\":\"https:\/\/veritasinfo.org\/?p=29340#primaryimage\"},\"image\":{\"@id\":\"https:\/\/veritasinfo.org\/?p=29340#primaryimage\"},\"thumbnailUrl\":\"https:\/\/veritasinfo.org\/wp-content\/uploads\/2026\/01\/1-80.jpg\",\"datePublished\":\"2026-01-27T18:23:41+00:00\",\"author\":{\"@id\":\"https:\/\/veritasinfo.org\/#\/schema\/person\/fe199eede04c3937362892b7444747cc\"},\"breadcrumb\":{\"@id\":\"https:\/\/veritasinfo.org\/?p=29340#breadcrumb\"},\"inLanguage\":\"en-US\",\"potentialAction\":[{\"@type\":\"ReadAction\",\"target\":[\"https:\/\/veritasinfo.org\/?p=29340\"]}]},{\"@type\":\"ImageObject\",\"inLanguage\":\"en-US\",\"@id\":\"https:\/\/veritasinfo.org\/?p=29340#primaryimage\",\"url\":\"https:\/\/veritasinfo.org\/wp-content\/uploads\/2026\/01\/1-80.jpg\",\"contentUrl\":\"https:\/\/veritasinfo.org\/wp-content\/uploads\/2026\/01\/1-80.jpg\",\"width\":589,\"height\":391},{\"@type\":\"BreadcrumbList\",\"@id\":\"https:\/\/veritasinfo.org\/?p=29340#breadcrumb\",\"itemListElement\":[{\"@type\":\"ListItem\",\"position\":1,\"name\":\"Home\",\"item\":\"https:\/\/veritasinfo.org\/\"},{\"@type\":\"ListItem\",\"position\":2,\"name\":\"Edicioni i pest\u00eb i Lig\u00ebs s\u00eb Kombeve: Data e shortit, p\u00ebrballja e ndaluar dhe rival\u00ebt e fort\u00eb t\u00eb Kosov\u00eb\"}]},{\"@type\":\"WebSite\",\"@id\":\"https:\/\/veritasinfo.org\/#website\",\"url\":\"https:\/\/veritasinfo.org\/\",\"name\":\"\",\"description\":\"\",\"potentialAction\":[{\"@type\":\"SearchAction\",\"target\":{\"@type\":\"EntryPoint\",\"urlTemplate\":\"https:\/\/veritasinfo.org\/?s={search_term_string}\"},\"query-input\":{\"@type\":\"PropertyValueSpecification\",\"valueRequired\":true,\"valueName\":\"search_term_string\"}}],\"inLanguage\":\"en-US\"},{\"@type\":\"Person\",\"@id\":\"https:\/\/veritasinfo.org\/#\/schema\/person\/fe199eede04c3937362892b7444747cc\",\"name\":\"US6\",\"image\":{\"@type\":\"ImageObject\",\"inLanguage\":\"en-US\",\"@id\":\"https:\/\/veritasinfo.org\/#\/schema\/person\/image\/\",\"url\":\"https:\/\/secure.gravatar.com\/avatar\/cb16c3c31c9d23b9b8c705964598220b3014e42ff51eb540ff23cefa3ae8c15f?s=96&d=mm&r=g\",\"contentUrl\":\"https:\/\/secure.gravatar.com\/avatar\/cb16c3c31c9d23b9b8c705964598220b3014e42ff51eb540ff23cefa3ae8c15f?s=96&d=mm&r=g\",\"caption\":\"US6\"},\"url\":\"https:\/\/veritasinfo.org\/?author=7\"}]}<\/script>\n<!-- \/ Yoast SEO plugin. -->","yoast_head_json":{"title":"Edicioni i pest\u00eb i Lig\u00ebs s\u00eb Kombeve: Data e shortit, p\u00ebrballja e ndaluar dhe rival\u00ebt e fort\u00eb t\u00eb Kosov\u00eb -","robots":{"index":"index","follow":"follow","max-snippet":"max-snippet:-1","max-image-preview":"max-image-preview:large","max-video-preview":"max-video-preview:-1"},"canonical":"https:\/\/veritasinfo.org\/?p=29340","og_locale":"en_US","og_type":"article","og_title":"Edicioni i pest\u00eb i Lig\u00ebs s\u00eb Kombeve: Data e shortit, p\u00ebrballja e ndaluar dhe rival\u00ebt e fort\u00eb t\u00eb Kosov\u00eb -","og_description":"Prishtin\u00eb, 27 janar 2026 19:21 Edicioni i pest\u00eb i Lig\u00ebs s\u00eb Kombeve t\u00eb UEFA-s do t\u00eb nis\u00eb m\u00eb 24 shtator 2026, duke sh\u00ebnuar vazhdimin e","og_url":"https:\/\/veritasinfo.org\/?p=29340","article_published_time":"2026-01-27T18:23:41+00:00","og_image":[{"width":589,"height":391,"url":"https:\/\/veritasinfo.org\/wp-content\/uploads\/2026\/01\/1-80.jpg","type":"image\/jpeg"}],"author":"US6","twitter_card":"summary_large_image","twitter_misc":{"Written by":"US6","Est. reading time":"3 minutes"},"schema":{"@context":"https:\/\/schema.org","@graph":[{"@type":"WebPage","@id":"https:\/\/veritasinfo.org\/?p=29340","url":"https:\/\/veritasinfo.org\/?p=29340","name":"Edicioni i pest\u00eb i Lig\u00ebs s\u00eb Kombeve: Data e shortit, p\u00ebrballja e ndaluar dhe rival\u00ebt e fort\u00eb t\u00eb Kosov\u00eb -","isPartOf":{"@id":"https:\/\/veritasinfo.org\/#website"},"primaryImageOfPage":{"@id":"https:\/\/veritasinfo.org\/?p=29340#primaryimage"},"image":{"@id":"https:\/\/veritasinfo.org\/?p=29340#primaryimage"},"thumbnailUrl":"https:\/\/veritasinfo.org\/wp-content\/uploads\/2026\/01\/1-80.jpg","datePublished":"2026-01-27T18:23:41+00:00","author":{"@id":"https:\/\/veritasinfo.org\/#\/schema\/person\/fe199eede04c3937362892b7444747cc"},"breadcrumb":{"@id":"https:\/\/veritasinfo.org\/?p=29340#breadcrumb"},"inLanguage":"en-US","potentialAction":[{"@type":"ReadAction","target":["https:\/\/veritasinfo.org\/?p=29340"]}]},{"@type":"ImageObject","inLanguage":"en-US","@id":"https:\/\/veritasinfo.org\/?p=29340#primaryimage","url":"https:\/\/veritasinfo.org\/wp-content\/uploads\/2026\/01\/1-80.jpg","contentUrl":"https:\/\/veritasinfo.org\/wp-content\/uploads\/2026\/01\/1-80.jpg","width":589,"height":391},{"@type":"BreadcrumbList","@id":"https:\/\/veritasinfo.org\/?p=29340#breadcrumb","itemListElement":[{"@type":"ListItem","position":1,"name":"Home","item":"https:\/\/veritasinfo.org\/"},{"@type":"ListItem","position":2,"name":"Edicioni i pest\u00eb i Lig\u00ebs s\u00eb Kombeve: Data e shortit, p\u00ebrballja e ndaluar dhe rival\u00ebt e fort\u00eb t\u00eb Kosov\u00eb"}]},{"@type":"WebSite","@id":"https:\/\/veritasinfo.org\/#website","url":"https:\/\/veritasinfo.org\/","name":"","description":"","potentialAction":[{"@type":"SearchAction","target":{"@type":"EntryPoint","urlTemplate":"https:\/\/veritasinfo.org\/?s={search_term_string}"},"query-input":{"@type":"PropertyValueSpecification","valueRequired":true,"valueName":"search_term_string"}}],"inLanguage":"en-US"},{"@type":"Person","@id":"https:\/\/veritasinfo.org\/#\/schema\/person\/fe199eede04c3937362892b7444747cc","name":"US6","image":{"@type":"ImageObject","inLanguage":"en-US","@id":"https:\/\/veritasinfo.org\/#\/schema\/person\/image\/","url":"https:\/\/secure.gravatar.com\/avatar\/cb16c3c31c9d23b9b8c705964598220b3014e42ff51eb540ff23cefa3ae8c15f?s=96&d=mm&r=g","contentUrl":"https:\/\/secure.gravatar.com\/avatar\/cb16c3c31c9d23b9b8c705964598220b3014e42ff51eb540ff23cefa3ae8c15f?s=96&d=mm&r=g","caption":"US6"},"url":"https:\/\/veritasinfo.org\/?author=7"}]}},"featured_image_urls":{"full":["https:\/\/veritasinfo.org\/wp-content\/uploads\/2026\/01\/1-80.jpg",589,391,false],"thumbnail":["https:\/\/veritasinfo.org\/wp-content\/uploads\/2026\/01\/1-80-150x150.jpg",150,150,true],"medium":["https:\/\/veritasinfo.org\/wp-content\/uploads\/2026\/01\/1-80-300x199.jpg",300,199,true],"medium_large":["https:\/\/veritasinfo.org\/wp-content\/uploads\/2026\/01\/1-80.jpg",589,391,false],"large":["https:\/\/veritasinfo.org\/wp-content\/uploads\/2026\/01\/1-80.jpg",589,391,false],"1536x1536":["https:\/\/veritasinfo.org\/wp-content\/uploads\/2026\/01\/1-80.jpg",589,391,false],"2048x2048":["https:\/\/veritasinfo.org\/wp-content\/uploads\/2026\/01\/1-80.jpg",589,391,false],"kreeti-slider-full":["https:\/\/veritasinfo.org\/wp-content\/uploads\/2026\/01\/1-80.jpg",589,391,false],"kreeti-featured":["https:\/\/veritasinfo.org\/wp-content\/uploads\/2026\/01\/1-80.jpg",589,391,false],"kreeti-medium":["https:\/\/veritasinfo.org\/wp-content\/uploads\/2026\/01\/1-80.jpg",589,391,false],"kreeti-medium-square":["https:\/\/veritasinfo.org\/wp-content\/uploads\/2026\/01\/1-80.jpg",350,232,false]},"author_info":{"info":["US6"]},"category_info":"<a href=\"https:\/\/veritasinfo.org\/?cat=5\" rel=\"category\">Sport<\/a>","tag_info":"Sport","comment_count":"0","_links":{"self":[{"href":"https:\/\/veritasinfo.org\/index.php?rest_route=\/wp\/v2\/posts\/29340","targetHints":{"allow":["GET"]}}],"collection":[{"href":"https:\/\/veritasinfo.org\/index.php?rest_route=\/wp\/v2\/posts"}],"about":[{"href":"https:\/\/veritasinfo.org\/index.php?rest_route=\/wp\/v2\/types\/post"}],"author":[{"embeddable":true,"href":"https:\/\/veritasinfo.org\/index.php?rest_route=\/wp\/v2\/users\/7"}],"replies":[{"embeddable":true,"href":"https:\/\/veritasinfo.org\/index.php?rest_route=%2Fwp%2Fv2%2Fcomments&post=29340"}],"version-history":[{"count":1,"href":"https:\/\/veritasinfo.org\/index.php?rest_route=\/wp\/v2\/posts\/29340\/revisions"}],"predecessor-version":[{"id":29342,"href":"https:\/\/veritasinfo.org\/index.php?rest_route=\/wp\/v2\/posts\/29340\/revisions\/29342"}],"wp:featuredmedia":[{"embeddable":true,"href":"https:\/\/veritasinfo.org\/index.php?rest_route=\/wp\/v2\/media\/29341"}],"wp:attachment":[{"href":"https:\/\/veritasinfo.org\/index.php?rest_route=%2Fwp%2Fv2%2Fmedia&parent=29340"}],"wp:term":[{"taxonomy":"category","embeddable":true,"href":"https:\/\/veritasinfo.org\/index.php?rest_route=%2Fwp%2Fv2%2Fcategories&post=29340"},{"taxonomy":"post_tag","embeddable":true,"href":"https:\/\/veritasinfo.org\/index.php?rest_route=%2Fwp%2Fv2%2Ftags&post=29340"}],"curies":[{"name":"wp","href":"https:\/\/api.w.org\/{rel}","templated":true}]}}