{"id":2933,"date":"2025-07-08T12:23:18","date_gmt":"2025-07-08T10:23:18","guid":{"rendered":"https:\/\/veritasinfo.org\/?p=2933"},"modified":"2025-07-08T12:23:18","modified_gmt":"2025-07-08T10:23:18","slug":"maqedonci-se-sastao-sa-svajcarskim-ministrom-odbrane-razgovarali-o-saradnji-u-oblasti-obuke-i-edukacije-vojnika","status":"publish","type":"post","link":"https:\/\/veritasinfo.org\/?p=2933&lang=sr","title":{"rendered":"Maqedonci se sastao sa \u0161vajcarskim ministrom odbrane, razgovarali o saradnji u oblasti obuke i edukacije vojnika"},"content":{"rendered":"<p>Pristina, 08. jul 2025<\/p>\n<p>Ministar odbrane u tehni\u010dkom mandatu, Ejup Maqedonci, primio je danas na sastanku \u0161vajcarskog Saveznog kancelara, ministra odbrane, civilne za\u0161tite i sporta \u0160vajcarske, Martina Pfistera.<\/p>\n<p>Ministar Maqedonci je istakao da izme\u0111u Kosova i \u0160vajcarske postoji prirodna povezanost zahvaljuju\u0107i dijaspori.<\/p>\n<p>\u201cPostoje prirodne veze izme\u0111u Kosova i \u0160vajcarske zahvaljuju\u0107i na\u0161oj dijaspori, koja ima zna\u010dajan uticaj na ja\u010danje na\u0161ih odnosa i razvoj zemlje, te je bilateralna saradnja izme\u0111u na\u0161ih dr\u017eava neizbe\u017ena\u201d, rekao je Maqedonci.<\/p>\n<p>U saop\u0161tenju se navodi da su Maqedonci i ministar Pfister razgovarali o saradnji u oblasti obuka i edukacije vojnika.<\/p>\n<p>\u201cVeoma va\u017ean korak za ja\u010danje na\u0161ih odbrambenih kapaciteta, a upoznao sam ga i sa zna\u010dajnim dostignu\u0107ima Kosovskih bezbednosnih snaga tokom godina. Tako\u0111e sam naglasio neophodnost \u010dlanstva Kosova u EU i NATO-u, kako bismo garantovali stabilnost na\u0161e zemlje i celog Zapadnog Balkana,\u201d istakao je Maqedonci.<\/p>\n<p>Tako\u0111e se navodi da su se obojica saglasili da prodube saradnju u zajedni\u010dkim interesnim oblastima.<\/p>\n<p>\u201cZahvaljujem \u0160vajcarskoj na podr\u0161ci i poverenju, zajedno idemo ka sigurnijoj budu\u0107nosti,\u201d zaklju\u010dio je Maqedonci.<\/p>\n","protected":false},"excerpt":{"rendered":"<p>Pristina, 08. jul 2025 Ministar odbrane u tehni\u010dkom mandatu, Ejup Maqedonci, primio je danas na sastanku \u0161vajcarskog Saveznog kancelara, ministra odbrane, civilne za\u0161tite i sporta<\/p>\n","protected":false},"author":1,"featured_media":2930,"comment_status":"open","ping_status":"open","sticky":false,"template":"","format":"standard","meta":{"footnotes":""},"categories":[28],"tags":[],"class_list":["post-2933","post","type-post","status-publish","format-standard","has-post-thumbnail","hentry","category-politika"],"yoast_head":"<!-- This site is optimized with the Yoast SEO plugin v25.3.1 - https:\/\/yoast.com\/wordpress\/plugins\/seo\/ -->\n<title>Maqedonci se sastao sa \u0161vajcarskim ministrom odbrane, razgovarali o saradnji u oblasti obuke i edukacije vojnika -<\/title>\n<meta name=\"robots\" content=\"index, follow, max-snippet:-1, max-image-preview:large, max-video-preview:-1\" \/>\n<link rel=\"canonical\" href=\"https:\/\/veritasinfo.org\/?p=2933&lang=sr\" \/>\n<meta property=\"og:locale\" content=\"en_US\" \/>\n<meta property=\"og:type\" content=\"article\" \/>\n<meta property=\"og:title\" content=\"Maqedonci se sastao sa \u0161vajcarskim ministrom odbrane, razgovarali o saradnji u oblasti obuke i edukacije vojnika -\" \/>\n<meta property=\"og:description\" content=\"Pristina, 08. jul 2025 Ministar odbrane u tehni\u010dkom mandatu, Ejup Maqedonci, primio je danas na sastanku \u0161vajcarskog Saveznog kancelara, ministra odbrane, civilne za\u0161tite i sporta\" \/>\n<meta property=\"og:url\" content=\"https:\/\/veritasinfo.org\/?p=2933&amp;lang=sr\" \/>\n<meta property=\"article:published_time\" content=\"2025-07-08T10:23:18+00:00\" \/>\n<meta property=\"og:image\" content=\"https:\/\/veritasinfo.org\/wp-content\/uploads\/2025\/07\/IMG_1772.jpeg\" \/>\n\t<meta property=\"og:image:width\" content=\"1536\" \/>\n\t<meta property=\"og:image:height\" content=\"1025\" \/>\n\t<meta property=\"og:image:type\" content=\"image\/jpeg\" \/>\n<meta name=\"author\" content=\"admin\" \/>\n<meta name=\"twitter:card\" content=\"summary_large_image\" \/>\n<meta name=\"twitter:label1\" content=\"Written by\" \/>\n\t<meta name=\"twitter:data1\" content=\"admin\" \/>\n\t<meta name=\"twitter:label2\" content=\"Est. reading time\" \/>\n\t<meta name=\"twitter:data2\" content=\"1 minute\" \/>\n<script type=\"application\/ld+json\" class=\"yoast-schema-graph\">{\"@context\":\"https:\/\/schema.org\",\"@graph\":[{\"@type\":\"WebPage\",\"@id\":\"https:\/\/veritasinfo.org\/?p=2933&lang=sr\",\"url\":\"https:\/\/veritasinfo.org\/?p=2933&lang=sr\",\"name\":\"Maqedonci se sastao sa \u0161vajcarskim ministrom odbrane, razgovarali o saradnji u oblasti obuke i edukacije vojnika -\",\"isPartOf\":{\"@id\":\"https:\/\/veritasinfo.org\/#website\"},\"primaryImageOfPage\":{\"@id\":\"https:\/\/veritasinfo.org\/?p=2933&lang=sr#primaryimage\"},\"image\":{\"@id\":\"https:\/\/veritasinfo.org\/?p=2933&lang=sr#primaryimage\"},\"thumbnailUrl\":\"https:\/\/veritasinfo.org\/wp-content\/uploads\/2025\/07\/IMG_1772.jpeg\",\"datePublished\":\"2025-07-08T10:23:18+00:00\",\"author\":{\"@id\":\"https:\/\/veritasinfo.org\/#\/schema\/person\/7701f8c088bece422266b100a712374f\"},\"breadcrumb\":{\"@id\":\"https:\/\/veritasinfo.org\/?p=2933&lang=sr#breadcrumb\"},\"inLanguage\":\"en-US\",\"potentialAction\":[{\"@type\":\"ReadAction\",\"target\":[\"https:\/\/veritasinfo.org\/?p=2933&lang=sr\"]}]},{\"@type\":\"ImageObject\",\"inLanguage\":\"en-US\",\"@id\":\"https:\/\/veritasinfo.org\/?p=2933&lang=sr#primaryimage\",\"url\":\"https:\/\/veritasinfo.org\/wp-content\/uploads\/2025\/07\/IMG_1772.jpeg\",\"contentUrl\":\"https:\/\/veritasinfo.org\/wp-content\/uploads\/2025\/07\/IMG_1772.jpeg\",\"width\":1536,\"height\":1025},{\"@type\":\"BreadcrumbList\",\"@id\":\"https:\/\/veritasinfo.org\/?p=2933&lang=sr#breadcrumb\",\"itemListElement\":[{\"@type\":\"ListItem\",\"position\":1,\"name\":\"Home\",\"item\":\"https:\/\/veritasinfo.org\/\"},{\"@type\":\"ListItem\",\"position\":2,\"name\":\"Maqedonci se sastao sa \u0161vajcarskim ministrom odbrane, razgovarali o saradnji u oblasti obuke i edukacije vojnika\"}]},{\"@type\":\"WebSite\",\"@id\":\"https:\/\/veritasinfo.org\/#website\",\"url\":\"https:\/\/veritasinfo.org\/\",\"name\":\"\",\"description\":\"\",\"potentialAction\":[{\"@type\":\"SearchAction\",\"target\":{\"@type\":\"EntryPoint\",\"urlTemplate\":\"https:\/\/veritasinfo.org\/?s={search_term_string}\"},\"query-input\":{\"@type\":\"PropertyValueSpecification\",\"valueRequired\":true,\"valueName\":\"search_term_string\"}}],\"inLanguage\":\"en-US\"},{\"@type\":\"Person\",\"@id\":\"https:\/\/veritasinfo.org\/#\/schema\/person\/7701f8c088bece422266b100a712374f\",\"name\":\"admin\",\"image\":{\"@type\":\"ImageObject\",\"inLanguage\":\"en-US\",\"@id\":\"https:\/\/veritasinfo.org\/#\/schema\/person\/image\/\",\"url\":\"https:\/\/secure.gravatar.com\/avatar\/ea53aa3bf6c9a12d5fde8ce4deff43fef3885ae33cf60184161a50d6987cfd2f?s=96&d=mm&r=g\",\"contentUrl\":\"https:\/\/secure.gravatar.com\/avatar\/ea53aa3bf6c9a12d5fde8ce4deff43fef3885ae33cf60184161a50d6987cfd2f?s=96&d=mm&r=g\",\"caption\":\"admin\"},\"sameAs\":[\"https:\/\/veritasinfo.org\"],\"url\":\"https:\/\/veritasinfo.org\/?author=1\"}]}<\/script>\n<!-- \/ Yoast SEO plugin. -->","yoast_head_json":{"title":"Maqedonci se sastao sa \u0161vajcarskim ministrom odbrane, razgovarali o saradnji u oblasti obuke i edukacije vojnika -","robots":{"index":"index","follow":"follow","max-snippet":"max-snippet:-1","max-image-preview":"max-image-preview:large","max-video-preview":"max-video-preview:-1"},"canonical":"https:\/\/veritasinfo.org\/?p=2933&lang=sr","og_locale":"en_US","og_type":"article","og_title":"Maqedonci se sastao sa \u0161vajcarskim ministrom odbrane, razgovarali o saradnji u oblasti obuke i edukacije vojnika -","og_description":"Pristina, 08. jul 2025 Ministar odbrane u tehni\u010dkom mandatu, Ejup Maqedonci, primio je danas na sastanku \u0161vajcarskog Saveznog kancelara, ministra odbrane, civilne za\u0161tite i sporta","og_url":"https:\/\/veritasinfo.org\/?p=2933&lang=sr","article_published_time":"2025-07-08T10:23:18+00:00","og_image":[{"width":1536,"height":1025,"url":"https:\/\/veritasinfo.org\/wp-content\/uploads\/2025\/07\/IMG_1772.jpeg","type":"image\/jpeg"}],"author":"admin","twitter_card":"summary_large_image","twitter_misc":{"Written by":"admin","Est. reading time":"1 minute"},"schema":{"@context":"https:\/\/schema.org","@graph":[{"@type":"WebPage","@id":"https:\/\/veritasinfo.org\/?p=2933&lang=sr","url":"https:\/\/veritasinfo.org\/?p=2933&lang=sr","name":"Maqedonci se sastao sa \u0161vajcarskim ministrom odbrane, razgovarali o saradnji u oblasti obuke i edukacije vojnika -","isPartOf":{"@id":"https:\/\/veritasinfo.org\/#website"},"primaryImageOfPage":{"@id":"https:\/\/veritasinfo.org\/?p=2933&lang=sr#primaryimage"},"image":{"@id":"https:\/\/veritasinfo.org\/?p=2933&lang=sr#primaryimage"},"thumbnailUrl":"https:\/\/veritasinfo.org\/wp-content\/uploads\/2025\/07\/IMG_1772.jpeg","datePublished":"2025-07-08T10:23:18+00:00","author":{"@id":"https:\/\/veritasinfo.org\/#\/schema\/person\/7701f8c088bece422266b100a712374f"},"breadcrumb":{"@id":"https:\/\/veritasinfo.org\/?p=2933&lang=sr#breadcrumb"},"inLanguage":"en-US","potentialAction":[{"@type":"ReadAction","target":["https:\/\/veritasinfo.org\/?p=2933&lang=sr"]}]},{"@type":"ImageObject","inLanguage":"en-US","@id":"https:\/\/veritasinfo.org\/?p=2933&lang=sr#primaryimage","url":"https:\/\/veritasinfo.org\/wp-content\/uploads\/2025\/07\/IMG_1772.jpeg","contentUrl":"https:\/\/veritasinfo.org\/wp-content\/uploads\/2025\/07\/IMG_1772.jpeg","width":1536,"height":1025},{"@type":"BreadcrumbList","@id":"https:\/\/veritasinfo.org\/?p=2933&lang=sr#breadcrumb","itemListElement":[{"@type":"ListItem","position":1,"name":"Home","item":"https:\/\/veritasinfo.org\/"},{"@type":"ListItem","position":2,"name":"Maqedonci se sastao sa \u0161vajcarskim ministrom odbrane, razgovarali o saradnji u oblasti obuke i edukacije vojnika"}]},{"@type":"WebSite","@id":"https:\/\/veritasinfo.org\/#website","url":"https:\/\/veritasinfo.org\/","name":"","description":"","potentialAction":[{"@type":"SearchAction","target":{"@type":"EntryPoint","urlTemplate":"https:\/\/veritasinfo.org\/?s={search_term_string}"},"query-input":{"@type":"PropertyValueSpecification","valueRequired":true,"valueName":"search_term_string"}}],"inLanguage":"en-US"},{"@type":"Person","@id":"https:\/\/veritasinfo.org\/#\/schema\/person\/7701f8c088bece422266b100a712374f","name":"admin","image":{"@type":"ImageObject","inLanguage":"en-US","@id":"https:\/\/veritasinfo.org\/#\/schema\/person\/image\/","url":"https:\/\/secure.gravatar.com\/avatar\/ea53aa3bf6c9a12d5fde8ce4deff43fef3885ae33cf60184161a50d6987cfd2f?s=96&d=mm&r=g","contentUrl":"https:\/\/secure.gravatar.com\/avatar\/ea53aa3bf6c9a12d5fde8ce4deff43fef3885ae33cf60184161a50d6987cfd2f?s=96&d=mm&r=g","caption":"admin"},"sameAs":["https:\/\/veritasinfo.org"],"url":"https:\/\/veritasinfo.org\/?author=1"}]}},"featured_image_urls":{"full":["https:\/\/veritasinfo.org\/wp-content\/uploads\/2025\/07\/IMG_1772.jpeg",1536,1025,false],"thumbnail":["https:\/\/veritasinfo.org\/wp-content\/uploads\/2025\/07\/IMG_1772-150x150.jpeg",150,150,true],"medium":["https:\/\/veritasinfo.org\/wp-content\/uploads\/2025\/07\/IMG_1772-300x200.jpeg",300,200,true],"medium_large":["https:\/\/veritasinfo.org\/wp-content\/uploads\/2025\/07\/IMG_1772-768x513.jpeg",640,428,true],"large":["https:\/\/veritasinfo.org\/wp-content\/uploads\/2025\/07\/IMG_1772-1024x683.jpeg",640,427,true],"1536x1536":["https:\/\/veritasinfo.org\/wp-content\/uploads\/2025\/07\/IMG_1772.jpeg",1536,1025,false],"2048x2048":["https:\/\/veritasinfo.org\/wp-content\/uploads\/2025\/07\/IMG_1772.jpeg",1536,1025,false],"kreeti-slider-full":["https:\/\/veritasinfo.org\/wp-content\/uploads\/2025\/07\/IMG_1772.jpeg",1079,720,false],"kreeti-featured":["https:\/\/veritasinfo.org\/wp-content\/uploads\/2025\/07\/IMG_1772.jpeg",1024,683,false],"kreeti-medium":["https:\/\/veritasinfo.org\/wp-content\/uploads\/2025\/07\/IMG_1772.jpeg",720,480,false],"kreeti-medium-square":["https:\/\/veritasinfo.org\/wp-content\/uploads\/2025\/07\/IMG_1772.jpeg",350,234,false]},"author_info":{"info":["admin"]},"category_info":"<a href=\"https:\/\/veritasinfo.org\/?cat=28&#038;lang=sr\" rel=\"category\">Politika<\/a>","tag_info":"Politika","comment_count":"0","_links":{"self":[{"href":"https:\/\/veritasinfo.org\/index.php?rest_route=\/wp\/v2\/posts\/2933","targetHints":{"allow":["GET"]}}],"collection":[{"href":"https:\/\/veritasinfo.org\/index.php?rest_route=\/wp\/v2\/posts"}],"about":[{"href":"https:\/\/veritasinfo.org\/index.php?rest_route=\/wp\/v2\/types\/post"}],"author":[{"embeddable":true,"href":"https:\/\/veritasinfo.org\/index.php?rest_route=\/wp\/v2\/users\/1"}],"replies":[{"embeddable":true,"href":"https:\/\/veritasinfo.org\/index.php?rest_route=%2Fwp%2Fv2%2Fcomments&post=2933"}],"version-history":[{"count":1,"href":"https:\/\/veritasinfo.org\/index.php?rest_route=\/wp\/v2\/posts\/2933\/revisions"}],"predecessor-version":[{"id":2934,"href":"https:\/\/veritasinfo.org\/index.php?rest_route=\/wp\/v2\/posts\/2933\/revisions\/2934"}],"wp:featuredmedia":[{"embeddable":true,"href":"https:\/\/veritasinfo.org\/index.php?rest_route=\/wp\/v2\/media\/2930"}],"wp:attachment":[{"href":"https:\/\/veritasinfo.org\/index.php?rest_route=%2Fwp%2Fv2%2Fmedia&parent=2933"}],"wp:term":[{"taxonomy":"category","embeddable":true,"href":"https:\/\/veritasinfo.org\/index.php?rest_route=%2Fwp%2Fv2%2Fcategories&post=2933"},{"taxonomy":"post_tag","embeddable":true,"href":"https:\/\/veritasinfo.org\/index.php?rest_route=%2Fwp%2Fv2%2Ftags&post=2933"}],"curies":[{"name":"wp","href":"https:\/\/api.w.org\/{rel}","templated":true}]}}