{"id":29320,"date":"2026-01-27T17:15:19","date_gmt":"2026-01-27T16:15:19","guid":{"rendered":"https:\/\/veritasinfo.org\/?p=29320"},"modified":"2026-01-27T17:15:19","modified_gmt":"2026-01-27T16:15:19","slug":"situata-eshte-vertet-serioze-eurodeputeti-stir-pasi-vizitoi-serbine","status":"publish","type":"post","link":"https:\/\/veritasinfo.org\/?p=29320","title":{"rendered":"Situata \u00ebsht\u00eb v\u00ebrtet serioze\u201d, eurodeputeti Stir pasi vizitoi Serbin\u00eb"},"content":{"rendered":"<p>Prishtin\u00eb 27 janar 2026 17:15<\/p>\n<p>An\u00ebtari i misionit t\u00eb Parlamentit Evropian q\u00eb vizitoi s\u00eb fundmi Serbin\u00eb, Davor Ivo \u0160tir nga Partia Popullore Evropiane (PPE), ka deklaruar se situata n\u00eb vend \u00ebsht\u00eb \u201cv\u00ebrtet serioze\u201d, duke theksuar se, pavar\u00ebsisht deklarimeve zyrtare p\u00ebr integrim n\u00eb Bashkimin Evropian, jan\u00eb v\u00ebrejtur mang\u00ebsi t\u00eb theksuara n\u00eb p\u00ebrmbushjen e standardeve evropiane.<\/p>\n<p>\u201cNe ishim n\u00eb nj\u00eb vend q\u00eb deklaron se d\u00ebshiron t\u00eb shkoj\u00eb drejt Bashkimit Evropian dhe t\u00eb pranoj\u00eb vlerat evropiane, por ku vum\u00eb re nj\u00eb num\u00ebr t\u00eb madh mang\u00ebsish. Kjo \u00ebsht\u00eb nj\u00eb situat\u00eb v\u00ebrtet serioze\u201d, tha \u0160tir n\u00eb emisionin \u201cN1 Direktno\u201d, duke folur p\u00ebr p\u00ebrshtypjet nga vizita e delegacionit t\u00eb PE-s\u00eb n\u00eb Serbi.<\/p>\n<p>Sipas tij, delegacioni zhvilloi takime me nj\u00eb spekt\u00ebr t\u00eb gjer\u00eb aktor\u00ebsh shoq\u00ebror\u00eb dhe politik\u00eb, p\u00ebrfshir\u00eb p\u00ebrfaq\u00ebsues t\u00eb koalicionit qeveris\u00ebs, opozit\u00ebs, organizatave joqeveritare, mediave, akademis\u00eb dhe student\u00ebve. Ai hodhi posht\u00eb akuzat se misioni kishte q\u00ebndrime t\u00eb paracaktuara apo nj\u00eb qasje armiq\u00ebsore ndaj Serbis\u00eb.<\/p>\n<p>\u201cQ\u00ebllimi yn\u00eb ishte t\u00eb njiheshim me situat\u00ebn reale dhe t\u00eb d\u00ebgjonim nga af\u00ebr bashk\u00ebbiseduesit tan\u00eb, si dhe t\u00eb mb\u00ebshtesnim perspektiv\u00ebn evropiane t\u00eb Serbis\u00eb, e cila \u00ebsht\u00eb n\u00eb interes si t\u00eb vet\u00eb Serbis\u00eb ashtu edhe t\u00eb BE-s\u00eb\u201d, theksoi \u0160tir.<\/p>\n<p>Duke komentuar p\u00ebrmbajtjen e bisedave, eurodeputeti vler\u00ebsoi se n\u00eb k\u00ebt\u00eb moment \u00e7\u00ebshtja e integrimit evropian nuk duket t\u00eb jet\u00eb prioritet kryesor p\u00ebr aktor\u00ebt politik\u00eb n\u00eb Serbi. Ai tha se p\u00ebrfaq\u00ebsuesit e qeveris\u00eb kan\u00eb pohuar se po punohet n\u00eb p\u00ebrmbushjen e kritereve t\u00eb BE-s\u00eb, por sipas tij mungon vullneti p\u00ebr t\u2019u distancuar nga nj\u00eb politik\u00eb e jashtme \u201cshum\u00ebvektoriale\u201d.<\/p>\n<p>Sa i p\u00ebrket opozit\u00ebs dhe l\u00ebvizjes studentore, \u0160tir tha se shqet\u00ebsimet kryesore nuk lidhen drejtp\u00ebrdrejt me an\u00ebtar\u00ebsimin n\u00eb BE, por me \u00e7\u00ebshtjet e sundimit t\u00eb ligjit, t\u00eb cilat ai i cil\u00ebsoi si themelore p\u00ebr rrug\u00ebn evropiane t\u00eb Serbis\u00eb.<\/p>\n<p>Ai theksoi gjithashtu se an\u00ebtar\u00ebsimi n\u00eb Bashkimin Evropian k\u00ebrkon nj\u00eb konsensus m\u00eb t\u00eb gjer\u00eb shoq\u00ebror dhe politik, si nga pushteti ashtu edhe nga opozita, p\u00ebr nj\u00eb orientim t\u00eb qart\u00eb pro-evropian.<\/p>\n<p>Duke iu referuar refuzimit t\u00eb Presidentit Aleksandar Vu\u00e7i\u00e7 dhe Kryetares s\u00eb Kuvendit Ana Brnabi\u00e7 p\u00ebr t\u2019u takuar me delegacionin e PE-s\u00eb, \u0160tir tha se ky veprim e ngushton hap\u00ebsir\u00ebn p\u00ebr dialog, nd\u00ebrkoh\u00eb q\u00eb nga vendet kandidate pritet pik\u00ebrisht zgjerimi i saj.<\/p>\n<p>\u201cN\u00ebse nj\u00eb vend vendos t\u00eb ndjek\u00eb rrug\u00ebn evropiane, at\u00ebher\u00eb pritet respekt p\u00ebr institucionet evropiane, p\u00ebrfshir\u00eb Parlamentin Evropian dhe delegacionet e tij\u201d, deklaroi ai.<\/p>\n<p>\u0160tir e cil\u00ebsoi si paradoks faktin q\u00eb mb\u00ebshtetja p\u00ebr an\u00ebtar\u00ebsimin e Serbis\u00eb n\u00eb BE \u00ebsht\u00eb m\u00eb e madhe n\u00eb mesin e qytetar\u00ebve t\u00eb Kroacis\u00eb sesa n\u00eb vet\u00eb Serbin\u00eb, duke paralajm\u00ebruar se komunikimi i dob\u00ebt publik mund ta minoj\u00eb m\u00eb tej k\u00ebt\u00eb proces.<\/p>\n<p>N\u00eb fund, ai foli edhe p\u00ebr shqyrtimin e statusit t\u00eb Partis\u00eb Progresive Serbe (SNS) brenda PPE-s\u00eb, duke konfirmuar se procesi ka nisur dhe se jan\u00eb zhvilluar disa raunde bisedimesh me p\u00ebrfaq\u00ebsues t\u00eb SNS-s\u00eb dhe aktor\u00eb t\u00eb tjer\u00eb politik\u00eb e shoq\u00ebror\u00eb n\u00eb Serbi.<\/p>\n<p>\u201cKy \u00ebsht\u00eb nj\u00eb proces i p\u00ebrcaktimit t\u00eb fakteve q\u00eb do t\u00eb rezultoj\u00eb n\u00eb nj\u00eb raport konkret, mbi baz\u00ebn e t\u00eb cilit Presidenca e PPE-s\u00eb do t\u00eb marr\u00eb nj\u00eb vendim\u201d, tha \u0160tir, duke shtuar se mb\u00ebshtetja e vazhdueshme e presidentit Vu\u00e7i\u00e7 p\u00ebr Fidesz-in hungarez \u00ebsht\u00eb nj\u00eb element i ri q\u00eb \u00ebsht\u00eb v\u00ebn\u00eb re n\u00eb k\u00ebt\u00eb proces.<\/p>\n","protected":false},"excerpt":{"rendered":"<p>Prishtin\u00eb 27 janar 2026 17:15 An\u00ebtari i misionit t\u00eb Parlamentit Evropian q\u00eb vizitoi s\u00eb fundmi Serbin\u00eb, Davor Ivo \u0160tir nga Partia Popullore Evropiane (PPE), ka<\/p>\n","protected":false},"author":6,"featured_media":29321,"comment_status":"open","ping_status":"open","sticky":false,"template":"","format":"standard","meta":{"footnotes":""},"categories":[93],"tags":[],"class_list":["post-29320","post","type-post","status-publish","format-standard","has-post-thumbnail","hentry","category-politika-sq"],"yoast_head":"<!-- This site is optimized with the Yoast SEO plugin v25.3.1 - https:\/\/yoast.com\/wordpress\/plugins\/seo\/ -->\n<title>Situata \u00ebsht\u00eb v\u00ebrtet serioze\u201d, eurodeputeti Stir pasi vizitoi Serbin\u00eb -<\/title>\n<meta name=\"robots\" content=\"index, follow, max-snippet:-1, max-image-preview:large, max-video-preview:-1\" \/>\n<link rel=\"canonical\" href=\"https:\/\/veritasinfo.org\/?p=29320\" \/>\n<meta property=\"og:locale\" content=\"en_US\" \/>\n<meta property=\"og:type\" content=\"article\" \/>\n<meta property=\"og:title\" content=\"Situata \u00ebsht\u00eb v\u00ebrtet serioze\u201d, eurodeputeti Stir pasi vizitoi Serbin\u00eb -\" \/>\n<meta property=\"og:description\" content=\"Prishtin\u00eb 27 janar 2026 17:15 An\u00ebtari i misionit t\u00eb Parlamentit Evropian q\u00eb vizitoi s\u00eb fundmi Serbin\u00eb, Davor Ivo \u0160tir nga Partia Popullore Evropiane (PPE), ka\" \/>\n<meta property=\"og:url\" content=\"https:\/\/veritasinfo.org\/?p=29320\" \/>\n<meta property=\"article:published_time\" content=\"2026-01-27T16:15:19+00:00\" \/>\n<meta property=\"og:image\" content=\"https:\/\/veritasinfo.org\/wp-content\/uploads\/2026\/01\/Zastupnik-Stier-1.jpg\" \/>\n\t<meta property=\"og:image:width\" content=\"838\" \/>\n\t<meta property=\"og:image:height\" content=\"558\" \/>\n\t<meta property=\"og:image:type\" content=\"image\/jpeg\" \/>\n<meta name=\"author\" content=\"US5\" \/>\n<meta name=\"twitter:card\" content=\"summary_large_image\" \/>\n<meta name=\"twitter:label1\" content=\"Written by\" \/>\n\t<meta name=\"twitter:data1\" content=\"US5\" \/>\n<script type=\"application\/ld+json\" class=\"yoast-schema-graph\">{\"@context\":\"https:\/\/schema.org\",\"@graph\":[{\"@type\":\"WebPage\",\"@id\":\"https:\/\/veritasinfo.org\/?p=29320\",\"url\":\"https:\/\/veritasinfo.org\/?p=29320\",\"name\":\"Situata \u00ebsht\u00eb v\u00ebrtet serioze\u201d, eurodeputeti Stir pasi vizitoi Serbin\u00eb -\",\"isPartOf\":{\"@id\":\"https:\/\/veritasinfo.org\/#website\"},\"primaryImageOfPage\":{\"@id\":\"https:\/\/veritasinfo.org\/?p=29320#primaryimage\"},\"image\":{\"@id\":\"https:\/\/veritasinfo.org\/?p=29320#primaryimage\"},\"thumbnailUrl\":\"https:\/\/veritasinfo.org\/wp-content\/uploads\/2026\/01\/Zastupnik-Stier-1.jpg\",\"datePublished\":\"2026-01-27T16:15:19+00:00\",\"author\":{\"@id\":\"https:\/\/veritasinfo.org\/#\/schema\/person\/bc442336e35414d04494ab8fb45db4c6\"},\"breadcrumb\":{\"@id\":\"https:\/\/veritasinfo.org\/?p=29320#breadcrumb\"},\"inLanguage\":\"en-US\",\"potentialAction\":[{\"@type\":\"ReadAction\",\"target\":[\"https:\/\/veritasinfo.org\/?p=29320\"]}]},{\"@type\":\"ImageObject\",\"inLanguage\":\"en-US\",\"@id\":\"https:\/\/veritasinfo.org\/?p=29320#primaryimage\",\"url\":\"https:\/\/veritasinfo.org\/wp-content\/uploads\/2026\/01\/Zastupnik-Stier-1.jpg\",\"contentUrl\":\"https:\/\/veritasinfo.org\/wp-content\/uploads\/2026\/01\/Zastupnik-Stier-1.jpg\",\"width\":838,\"height\":558},{\"@type\":\"BreadcrumbList\",\"@id\":\"https:\/\/veritasinfo.org\/?p=29320#breadcrumb\",\"itemListElement\":[{\"@type\":\"ListItem\",\"position\":1,\"name\":\"Home\",\"item\":\"https:\/\/veritasinfo.org\/\"},{\"@type\":\"ListItem\",\"position\":2,\"name\":\"Situata \u00ebsht\u00eb v\u00ebrtet serioze\u201d, eurodeputeti Stir pasi vizitoi Serbin\u00eb\"}]},{\"@type\":\"WebSite\",\"@id\":\"https:\/\/veritasinfo.org\/#website\",\"url\":\"https:\/\/veritasinfo.org\/\",\"name\":\"\",\"description\":\"\",\"potentialAction\":[{\"@type\":\"SearchAction\",\"target\":{\"@type\":\"EntryPoint\",\"urlTemplate\":\"https:\/\/veritasinfo.org\/?s={search_term_string}\"},\"query-input\":{\"@type\":\"PropertyValueSpecification\",\"valueRequired\":true,\"valueName\":\"search_term_string\"}}],\"inLanguage\":\"en-US\"},{\"@type\":\"Person\",\"@id\":\"https:\/\/veritasinfo.org\/#\/schema\/person\/bc442336e35414d04494ab8fb45db4c6\",\"name\":\"US5\",\"image\":{\"@type\":\"ImageObject\",\"inLanguage\":\"en-US\",\"@id\":\"https:\/\/veritasinfo.org\/#\/schema\/person\/image\/\",\"url\":\"https:\/\/secure.gravatar.com\/avatar\/16a61e7272a0c5d001121ebb9e60e925d5816e4ac1e443ed3e640d9a6ae55d0c?s=96&d=mm&r=g\",\"contentUrl\":\"https:\/\/secure.gravatar.com\/avatar\/16a61e7272a0c5d001121ebb9e60e925d5816e4ac1e443ed3e640d9a6ae55d0c?s=96&d=mm&r=g\",\"caption\":\"US5\"},\"url\":\"https:\/\/veritasinfo.org\/?author=6\"}]}<\/script>\n<!-- \/ Yoast SEO plugin. -->","yoast_head_json":{"title":"Situata \u00ebsht\u00eb v\u00ebrtet serioze\u201d, eurodeputeti Stir pasi vizitoi Serbin\u00eb -","robots":{"index":"index","follow":"follow","max-snippet":"max-snippet:-1","max-image-preview":"max-image-preview:large","max-video-preview":"max-video-preview:-1"},"canonical":"https:\/\/veritasinfo.org\/?p=29320","og_locale":"en_US","og_type":"article","og_title":"Situata \u00ebsht\u00eb v\u00ebrtet serioze\u201d, eurodeputeti Stir pasi vizitoi Serbin\u00eb -","og_description":"Prishtin\u00eb 27 janar 2026 17:15 An\u00ebtari i misionit t\u00eb Parlamentit Evropian q\u00eb vizitoi s\u00eb fundmi Serbin\u00eb, Davor Ivo \u0160tir nga Partia Popullore Evropiane (PPE), ka","og_url":"https:\/\/veritasinfo.org\/?p=29320","article_published_time":"2026-01-27T16:15:19+00:00","og_image":[{"width":838,"height":558,"url":"https:\/\/veritasinfo.org\/wp-content\/uploads\/2026\/01\/Zastupnik-Stier-1.jpg","type":"image\/jpeg"}],"author":"US5","twitter_card":"summary_large_image","twitter_misc":{"Written by":"US5"},"schema":{"@context":"https:\/\/schema.org","@graph":[{"@type":"WebPage","@id":"https:\/\/veritasinfo.org\/?p=29320","url":"https:\/\/veritasinfo.org\/?p=29320","name":"Situata \u00ebsht\u00eb v\u00ebrtet serioze\u201d, eurodeputeti Stir pasi vizitoi Serbin\u00eb -","isPartOf":{"@id":"https:\/\/veritasinfo.org\/#website"},"primaryImageOfPage":{"@id":"https:\/\/veritasinfo.org\/?p=29320#primaryimage"},"image":{"@id":"https:\/\/veritasinfo.org\/?p=29320#primaryimage"},"thumbnailUrl":"https:\/\/veritasinfo.org\/wp-content\/uploads\/2026\/01\/Zastupnik-Stier-1.jpg","datePublished":"2026-01-27T16:15:19+00:00","author":{"@id":"https:\/\/veritasinfo.org\/#\/schema\/person\/bc442336e35414d04494ab8fb45db4c6"},"breadcrumb":{"@id":"https:\/\/veritasinfo.org\/?p=29320#breadcrumb"},"inLanguage":"en-US","potentialAction":[{"@type":"ReadAction","target":["https:\/\/veritasinfo.org\/?p=29320"]}]},{"@type":"ImageObject","inLanguage":"en-US","@id":"https:\/\/veritasinfo.org\/?p=29320#primaryimage","url":"https:\/\/veritasinfo.org\/wp-content\/uploads\/2026\/01\/Zastupnik-Stier-1.jpg","contentUrl":"https:\/\/veritasinfo.org\/wp-content\/uploads\/2026\/01\/Zastupnik-Stier-1.jpg","width":838,"height":558},{"@type":"BreadcrumbList","@id":"https:\/\/veritasinfo.org\/?p=29320#breadcrumb","itemListElement":[{"@type":"ListItem","position":1,"name":"Home","item":"https:\/\/veritasinfo.org\/"},{"@type":"ListItem","position":2,"name":"Situata \u00ebsht\u00eb v\u00ebrtet serioze\u201d, eurodeputeti Stir pasi vizitoi Serbin\u00eb"}]},{"@type":"WebSite","@id":"https:\/\/veritasinfo.org\/#website","url":"https:\/\/veritasinfo.org\/","name":"","description":"","potentialAction":[{"@type":"SearchAction","target":{"@type":"EntryPoint","urlTemplate":"https:\/\/veritasinfo.org\/?s={search_term_string}"},"query-input":{"@type":"PropertyValueSpecification","valueRequired":true,"valueName":"search_term_string"}}],"inLanguage":"en-US"},{"@type":"Person","@id":"https:\/\/veritasinfo.org\/#\/schema\/person\/bc442336e35414d04494ab8fb45db4c6","name":"US5","image":{"@type":"ImageObject","inLanguage":"en-US","@id":"https:\/\/veritasinfo.org\/#\/schema\/person\/image\/","url":"https:\/\/secure.gravatar.com\/avatar\/16a61e7272a0c5d001121ebb9e60e925d5816e4ac1e443ed3e640d9a6ae55d0c?s=96&d=mm&r=g","contentUrl":"https:\/\/secure.gravatar.com\/avatar\/16a61e7272a0c5d001121ebb9e60e925d5816e4ac1e443ed3e640d9a6ae55d0c?s=96&d=mm&r=g","caption":"US5"},"url":"https:\/\/veritasinfo.org\/?author=6"}]}},"featured_image_urls":{"full":["https:\/\/veritasinfo.org\/wp-content\/uploads\/2026\/01\/Zastupnik-Stier-1.jpg",838,558,false],"thumbnail":["https:\/\/veritasinfo.org\/wp-content\/uploads\/2026\/01\/Zastupnik-Stier-1-150x150.jpg",150,150,true],"medium":["https:\/\/veritasinfo.org\/wp-content\/uploads\/2026\/01\/Zastupnik-Stier-1-300x200.jpg",300,200,true],"medium_large":["https:\/\/veritasinfo.org\/wp-content\/uploads\/2026\/01\/Zastupnik-Stier-1-768x511.jpg",640,426,true],"large":["https:\/\/veritasinfo.org\/wp-content\/uploads\/2026\/01\/Zastupnik-Stier-1.jpg",640,426,false],"1536x1536":["https:\/\/veritasinfo.org\/wp-content\/uploads\/2026\/01\/Zastupnik-Stier-1.jpg",838,558,false],"2048x2048":["https:\/\/veritasinfo.org\/wp-content\/uploads\/2026\/01\/Zastupnik-Stier-1.jpg",838,558,false],"kreeti-slider-full":["https:\/\/veritasinfo.org\/wp-content\/uploads\/2026\/01\/Zastupnik-Stier-1.jpg",838,558,false],"kreeti-featured":["https:\/\/veritasinfo.org\/wp-content\/uploads\/2026\/01\/Zastupnik-Stier-1.jpg",838,558,false],"kreeti-medium":["https:\/\/veritasinfo.org\/wp-content\/uploads\/2026\/01\/Zastupnik-Stier-1.jpg",720,479,false],"kreeti-medium-square":["https:\/\/veritasinfo.org\/wp-content\/uploads\/2026\/01\/Zastupnik-Stier-1.jpg",350,233,false]},"author_info":{"info":["US5"]},"category_info":"<a href=\"https:\/\/veritasinfo.org\/?cat=93\" rel=\"category\">Politika<\/a>","tag_info":"Politika","comment_count":"0","_links":{"self":[{"href":"https:\/\/veritasinfo.org\/index.php?rest_route=\/wp\/v2\/posts\/29320","targetHints":{"allow":["GET"]}}],"collection":[{"href":"https:\/\/veritasinfo.org\/index.php?rest_route=\/wp\/v2\/posts"}],"about":[{"href":"https:\/\/veritasinfo.org\/index.php?rest_route=\/wp\/v2\/types\/post"}],"author":[{"embeddable":true,"href":"https:\/\/veritasinfo.org\/index.php?rest_route=\/wp\/v2\/users\/6"}],"replies":[{"embeddable":true,"href":"https:\/\/veritasinfo.org\/index.php?rest_route=%2Fwp%2Fv2%2Fcomments&post=29320"}],"version-history":[{"count":1,"href":"https:\/\/veritasinfo.org\/index.php?rest_route=\/wp\/v2\/posts\/29320\/revisions"}],"predecessor-version":[{"id":29322,"href":"https:\/\/veritasinfo.org\/index.php?rest_route=\/wp\/v2\/posts\/29320\/revisions\/29322"}],"wp:featuredmedia":[{"embeddable":true,"href":"https:\/\/veritasinfo.org\/index.php?rest_route=\/wp\/v2\/media\/29321"}],"wp:attachment":[{"href":"https:\/\/veritasinfo.org\/index.php?rest_route=%2Fwp%2Fv2%2Fmedia&parent=29320"}],"wp:term":[{"taxonomy":"category","embeddable":true,"href":"https:\/\/veritasinfo.org\/index.php?rest_route=%2Fwp%2Fv2%2Fcategories&post=29320"},{"taxonomy":"post_tag","embeddable":true,"href":"https:\/\/veritasinfo.org\/index.php?rest_route=%2Fwp%2Fv2%2Ftags&post=29320"}],"curies":[{"name":"wp","href":"https:\/\/api.w.org\/{rel}","templated":true}]}}